{"id":9704,"date":"2020-05-28T10:48:42","date_gmt":"2020-05-28T09:48:42","guid":{"rendered":"http:\/\/soyecoturismo.hl1223.dinaserver.com\/?p=9704"},"modified":"2020-05-28T10:48:42","modified_gmt":"2020-05-28T09:48:42","slug":"plan-formacion-covid19","status":"publish","type":"post","link":"https:\/\/www.soyecoturista.com\/asociacion\/plan-formacion-covid19\/","title":{"rendered":"PLAN DE FORMACI\u00d3N COVID 19"},"content":{"rendered":"<h2><strong>Plan de formaci\u00f3n sobre buenas pr\u00e1cticas <\/strong><strong>para la adaptaci\u00f3n a las medidas higi\u00e9nico-sanitarias <\/strong><strong>elaboradas por el ICTE <\/strong><strong>frente a la COVID19\u00a0<\/strong><\/h2>\n<p>La <strong>Asociaci\u00f3n de Ecoturismo en Espa\u00f1a<\/strong> (AEE) ofrece una formaci\u00f3n espec\u00edfica sobre buenas pr\u00e1cticas para la adaptaci\u00f3n de las medidas, recomendaciones y directrices elaboradas por el ICTE frente a la COVID19.<\/p>\n<p>La pronta reactivaci\u00f3n de la actividad tur\u00edstica pone de manifiesto la necesidad de <strong>dar formaci\u00f3n a las empresas que componen el producto ecoturismo para que puedan ofrecer sus servicios con garant\u00edas.<\/strong> La seguridad, tanto para viajeros como para trabajadores, cobra m\u00e1s sentido que nunca y se sit\u00faa en el centro de cualquier actividad y\/o servicio. En este sentido, la AEE ofrece a sus empresas de ecoturismo vinculadas la posibilidad de participar en una serie de sesiones formativas adaptadas a los diferentes tipos de empresas que forman el producto de ecoturismo.<\/p>\n<p>Adem\u00e1s, en el marco del Plan de formaci\u00f3n COVID19, Hicon Higiene y Servicios elaborar\u00e1 una serie de <strong>protocolos de buenas pr\u00e1cticas<\/strong> dirigidos alojamientos, restauraci\u00f3n, actividades y gu\u00edas de ecoturismo y comercios y asimilables. Los protocolos se facilitar\u00e1n a los inscritos antes de la sesi\u00f3n formativa mediante correo electr\u00f3nico.<\/p>\n<p>Con el fin de dar mayor seguridad a los clientes, los participantes deber\u00e1n pasar un breve cuestionario de evaluaci\u00f3n y, posteriormente, <strong>recibir\u00e1n un certificado de formaci\u00f3n<\/strong> de la Asociaci\u00f3n de Ecoturismo en Espa\u00f1a y Hicon Higiene y Servicios.<\/p>\n<p>Para obtener el certificado es imprescindible haber pasado con \u00e9xito el <strong>cuestionario de evaluaci\u00f3n<\/strong>.<\/p>\n<h3>Objetivos:<\/h3>\n<ul>\n<li><b>Dar formaci\u00f3n <\/b>a las empresas que componen el producto ecoturismo para que puedan ofrecer sus servicios con garant\u00edas y seguridad, ante la pr\u00f3xima reanudaci\u00f3n de la actividad.<\/li>\n<li><b>Facilitar protocolos <\/b>adaptados a cada uno de los subsectores para que las empresas de la AEE sean capaces de realizar sus propios procedimientos.<\/li>\n<li><b>Proporcionar soluciones <\/b>pr\u00e1cticas, seguras, econ\u00f3micas y sostenibles.<\/li>\n<li><b>Reconocer la formaci\u00f3n <\/b>mediante la obtenci\u00f3n de certificados acreditativos.<\/li>\n<\/ul>\n<h3><strong>Destinatarios<\/strong>:<\/h3>\n<ul>\n<li>Trabajadores de empresas que componen el producto ecoturismo vinculadas a la Asociaci\u00f3n de Ecoturismo en Espa\u00f1a (AEE).<\/li>\n<li>Empresas vinculadas a la Asociaci\u00f3n Nacional de Empresa de Turismo Activo (ANETA).<\/li>\n<\/ul>\n<p>Podr\u00e1 participar un m\u00e1ximo de 5 trabajadores por empresa.<\/p>\n<h3><strong>Caracter\u00edsticas de la formaci\u00f3n<\/strong>:<\/h3>\n<ul>\n<li>E<strong>nfoque muy pr\u00e1ctico<\/strong> para dar respuesta a todas las dudas a la hora de implementar las recomendaciones establecidas por el ICTE y normativa aplicable higi\u00e9nico-sanitaria.<\/li>\n<li>La <strong>sostenibilidad<\/strong> ser\u00e1 un aspecto fundamental en la formaci\u00f3n, caracter\u00edstica fundamental del ecoturismo.<\/li>\n<li>Se desarrollar\u00e1n <strong>webinars<\/strong> espec\u00edficos para <strong>4 tipos de empresa<\/strong>: actividades, alojamientos, restauraci\u00f3n y comercios (o asimilables).<\/li>\n<li>Se facilitar\u00e1n <strong>modelos de protocolos <\/strong>adaptadas a 4 tipos de empresas.<\/li>\n<li>Se facilitar\u00e1n materiales en formato <strong>v\u00eddeo<\/strong> sobre tem\u00e1ticas de inter\u00e9s general aplicable.<\/li>\n<li>Los participantes recibir\u00e1n un\u00a0<strong>certificado de formaci\u00f3n,<\/strong>\u00a0una vez superado un<strong>\u00a0cuestionario de evaluaci\u00f3n.<\/strong><\/li>\n<\/ul>\n<h3>Programa de los webinars:<\/h3>\n<h3><span style=\"color: #339966;\"><strong>Buenas pr\u00e1cticas para la adaptaci\u00f3n de las medidas higi\u00e9nico-sanitarias frente la COVID19<\/strong><\/span><\/h3>\n<p><strong>A cargo de: Francisco Castillo, <\/strong>t\u00e9cnico especializado en el dise\u00f1o e implementaci\u00f3n de protocolos y buenas pr\u00e1cticas en materia higi\u00e9nico-sanitaria y gerente de Hicon Higiene y Servicios.<\/p>\n<p><strong>Duraci\u00f3n estimada<\/strong>: 1 hora y media.<\/p>\n<p><strong>Fechas:<\/strong><\/p>\n<ul>\n<li><strong>Alojamientos:<\/strong>\n<ul>\n<li>Turno 1: Martes 9 de junio<\/li>\n<li>Turno 2: Mi\u00e9rcoles 10 de junio<\/li>\n<\/ul>\n<\/li>\n<li><strong>Restauraci\u00f3n<\/strong> <strong>(restaurantes y alojamientos con servicios de restauraci\u00f3n): Jueves 11 de junio<\/strong><\/li>\n<li><strong>Actividades y gu\u00edas de ecoturismo:<\/strong>\n<ul>\n<li>Turno 1: Martes 16 de junio<\/li>\n<li>Turno 2: Mi\u00e9rcoles 17 de junio<\/li>\n<\/ul>\n<\/li>\n<li><strong>Comercios y asimilables<\/strong> <strong>(oficinas de informaci\u00f3n tur\u00edstica, talleres de artesan\u00eda, etc.): Jueves 18 de junio<\/strong><\/li>\n<\/ul>\n<p>*Todos los webinars comienzan a las 17h (16h en Canarias)<\/p>\n<p>**Todas las sesiones formativas se realizar\u00e1n por videoconferencia y contar\u00e1n con un tiempo dedicado a la resoluci\u00f3n de dudas de los participantes.<\/p>\n<h3>Inscripciones<\/h3>\n<p>Fecha l\u00edmite para la inscripci\u00f3n: 4 de junio<\/p>\n<h3>&#x1f449; <span style=\"color: #339966;\">Si est\u00e1s interesado puedes inscribirte <a style=\"color: #339966;\" href=\"https:\/\/es.surveymonkey.com\/r\/AEE_FormacionCOVID19\" target=\"_blank\" rel=\"noopener noreferrer\">AQU\u00cd<\/a><\/span><\/h3>\n<h3><strong>M\u00e1s informaci\u00f3n y consultas:<\/strong><\/h3>\n<p>Emma Pons, t\u00e9cnico de la Asociaci\u00f3n de Ecoturismo en Espa\u00f1a<\/p>\n<p>info@soyecoturista.com; 696 32 75 03 (de 9h a 14h y de 15h a 18h)<\/p>\n<hr \/>\n<p>[vc_column width=&#8221;1\/2&#8243;]<\/p>\n<h2><strong>PRESENTACI\u00d3N DE LA FORMACI\u00d3N<\/strong><\/h2>\n<p>Presentaci\u00f3n online del Plan de Formaci\u00f3n COVID19 por parte de la Asociaci\u00f3n de Ecoturismo en Espa\u00f1a y el t\u00e9cnico de la empresa Hicon que impartir\u00e1 la formaci\u00f3n. Durante la misma se explicar\u00e1n los objetivos y caracter\u00edsticas de la formaci\u00f3n, y se podr\u00e1n resolver las dudas de los interesados.<\/p>\n<p><strong><u>Participantes<\/u>:<\/strong><\/p>\n<ul>\n<li><strong>Jes\u00fas Pozuelo,\u00a0<\/strong>Presidente de la Asociaci\u00f3n de Ecoturismo en Espa\u00f1a y Vicepresidente de la Asociaci\u00f3n Castellano Manchega de Empresas de Turismo Activo y Ecoturismo.<\/li>\n<li><strong>Joaqu\u00edn Fern\u00e1ndez de Liencres,\u00a0<\/strong>Miembro de la Escuela de Ecoturismo en Espa\u00f1a de la Asociaci\u00f3n de Ecoturismo en Espa\u00f1a.<\/li>\n<li><strong>Francisco Castillo,\u00a0<\/strong>Gerente de Hicon Higiene y Servicios. T\u00e9cnico especializado en el dise\u00f1o e implementaci\u00f3n de protocolos y buenas pr\u00e1cticas en materia higi\u00e9nico-sanitaria.<\/li>\n<\/ul>\n<p>[vc_column width=&#8221;1\/2&#8243;][vc_video link=&#8221;https:\/\/youtu.be\/zO2KDEL6Hvs&#8221;]<\/p>\n<hr \/>\n<p>La <strong>Asociaci\u00f3n de Ecoturismo en Espa\u00f1a<\/strong> desarrolla actividades para impulsar el ecoturismo en Espa\u00f1a. Realiza labores de fomento del trabajo en red, intercambio de experiencias, informaci\u00f3n, formaci\u00f3n, representaci\u00f3n ante las administraciones (principalmente estatales). Alguna de las iniciativas que son el Club Ecoturismo en Espa\u00f1a, el Observatorio de Ecoturismo y el Congreso Nacional de Ecoturismo, apoyados por la Secretar\u00eda de Estado de Turismo.<\/p>\n<p>Desempe\u00f1a la funci\u00f3n de ente gestor del Club Ecoturismo en Espa\u00f1a realizando todas las labores necesarias para consolidar el producto, desde la creaci\u00f3n de imagen de marca, hasta la promoci\u00f3n, formaci\u00f3n y acompa\u00f1amiento de las empresas de turismo y la ayuda a todos los socios.<\/p>\n","protected":false},"excerpt":{"rendered":"<p>Plan de formaci\u00f3n sobre buenas pr\u00e1cticas para la adaptaci\u00f3n a las medidas higi\u00e9nico-sanitarias elaboradas por el ICTE frente a la COVID19\u00a0 La Asociaci\u00f3n de Ecoturismo en Espa\u00f1a (AEE) ofrece una [&hellip;]<\/p>\n","protected":false},"author":2,"featured_media":35511,"comment_status":"open","ping_status":"open","sticky":false,"template":"","format":"standard","meta":{"_acf_changed":false,"footnotes":""},"categories":[3],"tags":[11,16],"class_list":["post-9704","post","type-post","status-publish","format-standard","has-post-thumbnail","hentry","category-blog","tag-ecoturismo","tag-naturaleza"],"acf":[],"_links":{"self":[{"href":"https:\/\/www.soyecoturista.com\/asociacion\/wp-json\/wp\/v2\/posts\/9704","targetHints":{"allow":["GET"]}}],"collection":[{"href":"https:\/\/www.soyecoturista.com\/asociacion\/wp-json\/wp\/v2\/posts"}],"about":[{"href":"https:\/\/www.soyecoturista.com\/asociacion\/wp-json\/wp\/v2\/types\/post"}],"author":[{"embeddable":true,"href":"https:\/\/www.soyecoturista.com\/asociacion\/wp-json\/wp\/v2\/users\/2"}],"replies":[{"embeddable":true,"href":"https:\/\/www.soyecoturista.com\/asociacion\/wp-json\/wp\/v2\/comments?post=9704"}],"version-history":[{"count":0,"href":"https:\/\/www.soyecoturista.com\/asociacion\/wp-json\/wp\/v2\/posts\/9704\/revisions"}],"wp:featuredmedia":[{"embeddable":true,"href":"https:\/\/www.soyecoturista.com\/asociacion\/wp-json\/wp\/v2\/media\/35511"}],"wp:attachment":[{"href":"https:\/\/www.soyecoturista.com\/asociacion\/wp-json\/wp\/v2\/media?parent=9704"}],"wp:term":[{"taxonomy":"category","embeddable":true,"href":"https:\/\/www.soyecoturista.com\/asociacion\/wp-json\/wp\/v2\/categories?post=9704"},{"taxonomy":"post_tag","embeddable":true,"href":"https:\/\/www.soyecoturista.com\/asociacion\/wp-json\/wp\/v2\/tags?post=9704"}],"curies":[{"name":"wp","href":"https:\/\/api.w.org\/{rel}","templated":true}]}}