{"id":7983,"date":"2019-11-21T20:45:56","date_gmt":"2019-11-21T19:45:56","guid":{"rendered":"http:\/\/soyecoturismo.hl1223.dinaserver.com\/?p=7983"},"modified":"2019-11-21T20:45:56","modified_gmt":"2019-11-21T19:45:56","slug":"celebrado-con-gran-exito-el-iv-congreso-nacional-de-ecoturismo-en-guadix","status":"publish","type":"post","link":"https:\/\/www.soyecoturista.com\/asociacion\/celebrado-con-gran-exito-el-iv-congreso-nacional-de-ecoturismo-en-guadix\/","title":{"rendered":"CELEBRADO CON GRAN \u00c9XITO EL  IV CONGRESO NACIONAL DE ECOTURISMO EN GUADIX"},"content":{"rendered":"<h3><strong><em>230 congresistas se han reunido desde 13 al 15 de noviembre en Guadix para seguir avanzando en el turismo de naturaleza en Espa\u00f1a, que se ha constatado como un producto tur\u00edstico de gran importancia en la lucha contra la despoblaci\u00f3n rural.<\/em><\/strong><\/h3>\n<h3><strong><em>Acompa\u00f1ada de diferentes autoridades y personalidades, la inauguraci\u00f3n del congreso corri\u00f3 a cargo de <\/em><\/strong><strong><em>D\u00aa. Isabel Mar\u00eda Oliver Sagreras, Secretaria de Estado de Turismo, Ministerio de Industria, Comercio y Turismo.<\/em><\/strong><\/h3>\n<p>Un total de 230 congresistas han participado en el IV Congreso Nacional de Ecoturismo celebrado la pasada semana en Guadix (Granada). El congreso comenz\u00f3 el d\u00eda 12 con una mesa de contrataci\u00f3n que reun\u00eda a 13 touroperadores extranjeros procedentes de 6 pa\u00edses con 25 congresistas que representaban a destinos, asociaciones, etc. La mesa de contrataci\u00f3n marcaba el final del viaje de familiarizaci\u00f3n organizado en los d\u00edas previos al congreso (8 al 12) y el punto de partida de las dos jornadas centrales de este gran evento ecotur\u00edstico que cuenta con la Asociaci\u00f3n Ecoturismo en Espa\u00f1a como principal impulsor.<\/p>\n<p>Fue durante los d\u00edas 13 y 14 cuando los congresistas trabajaron en pos del ecoturismo en l\u00edneas como la promoci\u00f3n nacional e internacional, la formaci\u00f3n y titulaci\u00f3n, la gesti\u00f3n de destinos, etc. La inauguraci\u00f3n de esta edici\u00f3n corri\u00f3 a cargo de D. Jes\u00fas Lorente Fern\u00e1ndez, Alcalde del Excmo. Ayuntamiento de Guadix; D. Jes\u00fas Mar\u00eda Pozuelo Rodr\u00edguez, Presidente de la Asociaci\u00f3n de Ecoturismo en Espa\u00f1a; D\u00f1a. Montserrat Fern\u00e1ndez San Miguel, Directora Adjunta del Organismo Aut\u00f3nomo Parques Nacionales; D. \u00c1ngel Andr\u00e9s S\u00e1nchez Garc\u00eda, Director General de Medio Natural, Biodiversidad y Espacios Protegidos, \u00a0de la Junta de Andaluc\u00eda; D. Manuel Mu\u00f1oz Guti\u00e9rrez, Secretario General para el Turismo, de la Junta de Andaluc\u00eda; D. Jos\u00e9 Entrena \u00c1vila, Presidente de la Diputaci\u00f3n de Granada; y D\u00aa. Isabel Mar\u00eda Oliver Sagreras, Secretaria de Estado de Turismo.<\/p>\n<p>Cabe destacar el compromiso con la continuidad del apoyo al Observatorio de Ecoturismo por parte de la Secretar\u00eda de Estado de Turismo y la participaci\u00f3n del Club Ecoturismo en el Plan Anual de Acciones de promoci\u00f3n exterior de Turespa\u00f1a, tal y como manifest\u00f3 D\u00aa Isabel Mar\u00eda Oliver Sagreras en su intervenci\u00f3n Anuncios ambos de suma importancia para el panorama ecotur\u00edstico nacional.<\/p>\n<p>Este IV Congreso Nacional de Ecoturismo se ha desarrollado bajo el lema \u201cEcoturismo, una oportunidad para la Espa\u00f1a rural\u201d y con ese tel\u00f3n de fondo se celebr\u00f3 la ponencia marco \u2013a cargo de D. Ignacio Molina, Director de la Oficina de Reto Demogr\u00e1fico- y se han expuesto diferentes casos de \u00e9xito y experiencias ecotur\u00edsticas.<\/p>\n<p>Un peso importante en el congreso tuvieron las actividades para los asistentes en la tarde de los d\u00edas 13 y 14 para conocer Guadix, y durante el d\u00eda 15 para recorrer diferentes enclaves del Parque Nacional y Parque Natural de Sierra Nevada y del Geoparque de Granada. En los d\u00edas siguientes las actividades continuaron gracias al Festival de Ecoturismo de Sierra Nevada. En el apartado de actividades cabe destacar la celebraci\u00f3n especial de la Fiesta de Inter\u00e9s Tur\u00edstico Internacional \u201cCascamorras\u201d.<\/p>\n<h3><strong>Ecoturismo, una oportunidad para la Espa\u00f1a rural <\/strong><\/h3>\n<p>Entre las principales conclusiones del IV Congreso Nacional de Ecoturismo ha quedado patente que el ecoturismo en Espa\u00f1a contribuye al emprendimiento y al empleo en el mediorural, aunque es preciso mejorar el conocimiento sobre sus repercusiones (por ejemplo a trav\u00e9s del citado Observatorio de Ecoturismo en Espa\u00f1a) y apoyarlo de forma espec\u00edfica y coordinada porlas administraciones ambientales, tur\u00edsticas y de desarrollo rural.<\/p>\n<p>Otras conclusiones son que a pesar de la importancia y beneficios del turismo de naturaleza para la Espa\u00f1a despoblada, se trata de unsector disperso y desestructurado, con numerosas necesidades todav\u00eda como son una fiscalidad m\u00e1s favorable de las actividades guiadas en la naturaleza (equiparable al resto del sector tur\u00edstico); la necesidad de coordinaci\u00f3n entre administraciones y con el sector empresarial, y que se facilite la tramitaci\u00f3n administrativa de permisos, de forma que se pueda asegurar conservaci\u00f3n y rentabilidad del sector; la necesidad de profesionalizar la figura del gu\u00eda de Ecoturismo; y la necesidad de designar una parte suficiente del presupuesto de las entidades p\u00fablicas de promoci\u00f3n para impulsar el ecoturismo, de forma responsable y contando con los profesionales del sector para ello.<\/p>\n<p>A la lectura de conclusiones por parte de D\u00aa. Amanda Guzm\u00e1n, Gerente de la Asociaci\u00f3n Ecoturismo en Espa\u00f1a, sigui\u00f3 el anuncio de la nueva sede del congreso, que en su quinta edici\u00f3n se celebrar\u00e1 en la Reserva de la Biosfera de Menorca, y concluy\u00f3 con el acto de clausura a cargo de D. Francisco Jos\u00e9 Pleguezuelos Sierra, Presidente del Grupo de Desarrollo Rural de Guadix; D\u00f1a. Maria Teresa Madrona, Presidenta de la Asociaci\u00f3n Foro de la CETS de Sierra Nevada; D. Francisco de As\u00eds Mu\u00f1oz Collado, Director del Parque Nacional y Parque Natural de Sierra Nevada, D. Jos\u00e9 Enrique Medina Ram\u00edrez, Diputado Provincial de Turismo de Granada; D. Gustavo Adolfo Rodr\u00edguez Fern\u00e1ndez, Delegado Territorial de Turismo, Regeneraci\u00f3n, Justicia y Administraci\u00f3n Local en Granada.<\/p>\n<h3><strong>Compromiso de sostenibilidad del Congreso<\/strong><\/h3>\n<p>Fieles al concepto de ecoturismo, el congreso contribuye por un lado a la conservaci\u00f3n de la biodiversidad y al desarrollo local apoyando con una parte de la cuota de inscripci\u00f3n a la Raza Pajuna de Sierra Nevada y por otra parte calcular\u00e1 y compensar\u00e1 la huella de carbono generada mediante acuerdo con el grupo internacional Allcot para certificar la compensaci\u00f3n de huella y obtener el aval de Naciones Unidas que cerciora la celebraci\u00f3n de un congreso Carbono Neutral.\u00a0 A esto cabe a\u00f1adir que se trat\u00f3 de minimizar el uso de pl\u00e1sticos, y maximizar el uso de materiales reciclados y productos locales, asimismo, fue la Asociaci\u00f3n en Favor de las Personas con Discapacidad Intelectual \u201cSan Jos\u00e9\u201d la que se encarg\u00f3 de elaborar todos los materiales de decoraci\u00f3n y papeler\u00eda del Congreso y de ofrecer el caf\u00e9 de las pausas y el picnic de las excursiones, pues el ecoturismo tambi\u00e9n ha de apoyar la inclusi\u00f3n social.<\/p>\n<h3><strong>Organizadores y colaboradores<\/strong><\/h3>\n<p>El Congreso Nacional es una iniciativa impulsada por la Asociaci\u00f3n Ecoturismo en Espa\u00f1a, que gestiona el Club Ecoturismo en Espa\u00f1a, y que trata de promover iniciativas de referencia para todos los actores implicados en fomentar el ecoturismo. El Congreso es apoyado por la Secretar\u00eda de Estado de Turismo (SETUR) desde su inicio en 2016 con la Declaraci\u00f3n de Daimiel sobre ecoturismo. El Comit\u00e9 Organizador del IV Congreso est\u00e1 integrado por laSETUR, Organismo Aut\u00f3nomo de Parques Nacionales, Junta de Andaluc\u00eda, Turismo Andaluz, Espacio Natural de Sierra Nevada, Patronato de Turismo de la Diputaci\u00f3n de Granada, Ayuntamiento de Guadix, ADR Comarca de Guadix y las asociaciones empresariales Foro CETS de Sierra Nevada y la Asociaci\u00f3n de Ecoturismo en Espa\u00f1a. Esta cuarta edici\u00f3n contar\u00e1 adem\u00e1s con la colaboraci\u00f3n del Geoparque de Granada, el Grupo Allcot, la revista multimedia Elecoturista.com, la Fundaci\u00f3n Caja Rural Granada, la Catedral de Guadix, la Fiesta de Inter\u00e9s Tur\u00edstico Internacional \u201cCascamorras\u201d, el Hospital Real de la Caridad de Guadix, la Asociaci\u00f3n a favor de las personas con Discapacidad intelectual \u201cSan Jos\u00e9\u201d y Sabor Granada.<\/p>\n<p><strong>M\u00e1s informaci\u00f3n: <\/strong><a href=\"http:\/\/www.congresonacionaldeecoturismo.es\" target=\"_blank\" rel=\"noopener\">www.congresonacionaldeecoturismo.es<\/a>\u00a0 #CongresoEcoturismo19<\/p>\n<p>&nbsp;<\/p>\n<h3>Algunas im\u00e1genes del Congreso:<\/h3>\n","protected":false},"excerpt":{"rendered":"<p>230 congresistas se han reunido desde 13 al 15 de noviembre en Guadix para seguir avanzando en el turismo de naturaleza en Espa\u00f1a, que se ha constatado como un producto [&hellip;]<\/p>\n","protected":false},"author":2,"featured_media":34744,"comment_status":"open","ping_status":"open","sticky":false,"template":"","format":"standard","meta":{"_acf_changed":false,"footnotes":""},"categories":[3],"tags":[80,11,88,26,27,50],"class_list":["post-7983","post","type-post","status-publish","format-standard","has-post-thumbnail","hentry","category-blog","tag-congreso","tag-ecoturismo","tag-guadix","tag-parques-nacionales","tag-secretaria-de-estado-de-turismo","tag-sierra-nevada"],"acf":[],"_links":{"self":[{"href":"https:\/\/www.soyecoturista.com\/asociacion\/wp-json\/wp\/v2\/posts\/7983","targetHints":{"allow":["GET"]}}],"collection":[{"href":"https:\/\/www.soyecoturista.com\/asociacion\/wp-json\/wp\/v2\/posts"}],"about":[{"href":"https:\/\/www.soyecoturista.com\/asociacion\/wp-json\/wp\/v2\/types\/post"}],"author":[{"embeddable":true,"href":"https:\/\/www.soyecoturista.com\/asociacion\/wp-json\/wp\/v2\/users\/2"}],"replies":[{"embeddable":true,"href":"https:\/\/www.soyecoturista.com\/asociacion\/wp-json\/wp\/v2\/comments?post=7983"}],"version-history":[{"count":0,"href":"https:\/\/www.soyecoturista.com\/asociacion\/wp-json\/wp\/v2\/posts\/7983\/revisions"}],"wp:featuredmedia":[{"embeddable":true,"href":"https:\/\/www.soyecoturista.com\/asociacion\/wp-json\/wp\/v2\/media\/34744"}],"wp:attachment":[{"href":"https:\/\/www.soyecoturista.com\/asociacion\/wp-json\/wp\/v2\/media?parent=7983"}],"wp:term":[{"taxonomy":"category","embeddable":true,"href":"https:\/\/www.soyecoturista.com\/asociacion\/wp-json\/wp\/v2\/categories?post=7983"},{"taxonomy":"post_tag","embeddable":true,"href":"https:\/\/www.soyecoturista.com\/asociacion\/wp-json\/wp\/v2\/tags?post=7983"}],"curies":[{"name":"wp","href":"https:\/\/api.w.org\/{rel}","templated":true}]}}