{"id":7976,"date":"2019-10-30T20:42:49","date_gmt":"2019-10-30T19:42:49","guid":{"rendered":"http:\/\/soyecoturismo.hl1223.dinaserver.com\/?p=7976"},"modified":"2019-10-30T20:42:49","modified_gmt":"2019-10-30T19:42:49","slug":"las-empresas-turisticas-de-la-sierra-de-aracena-y-picos-de-aroche-celebran-un-fam-tryp-europeo-de-ecoturismo","status":"publish","type":"post","link":"https:\/\/www.soyecoturista.com\/asociacion\/las-empresas-turisticas-de-la-sierra-de-aracena-y-picos-de-aroche-celebran-un-fam-tryp-europeo-de-ecoturismo\/","title":{"rendered":"Fam Tryp de Ecoturismo en la Sierra de Aracena"},"content":{"rendered":"<h2>LAS EMPRESAS TUR\u00cdSTICAS DE LA SIERRA DE ARACENA Y PICOS DE AROCHE CELEBRAN UN FAM TRYP EUROPEO DE ECOTURISMO<\/h2>\n<p>Huelva, 22 octubre 2019.- El Parque Natural Sierra de Aracena y Picos de Aroche est\u00e1 acogiendo estos d\u00edas la visita de agencias de viaje especializadas en Ecoturismo, y procedentes de diversos pa\u00edses europeos (Holanda, Noruega e Italia). Se trata de un viaje de familiarizaci\u00f3n (fam tryp) organizado por\u00a0 la Asociaci\u00f3n de Empresas Tur\u00edsticas Sierra de Aracena y Picos de Aroche, miembro de la FOE, de manos del Instituto de Turismo de Espa\u00f1a (Turespa\u00f1a), a trav\u00e9s del Club de Ecoturismo de Espa\u00f1a, contando con la colaboraci\u00f3n del Patronato Provincial de Turismo de Huelva.<\/p>\n<p>Los visitantes profesionales conocer\u00e1n los recursos tur\u00edsticos situados en diferentes municipios de la comarca serrana (Aracena, Higuera de la Sierra, Cortegana, Aroche y Almonaster), en los que podr\u00e1n apreciar la riqueza natural, paisaj\u00edstica, gastron\u00f3mica e hist\u00f3rica que tiene el territorio, como tambi\u00e9n la profesionalidad de sus empresas vinculadas tanto al ecoturismo como al turismo experiencial. Los ayuntamientos de estos municipios han colaborado en la organizaci\u00f3n de este programa, como tambi\u00e9n lo ha hecho la Asociaci\u00f3n Amigos del Castillo de Cortegana.<\/p>\n<p>Para su desarrollo, un nutrido n\u00famero de empresas han prestado su generosa colaboraci\u00f3n, de manera que los protagonistas de esta experiencia se alojar\u00e1n en los hoteles &#8216;Convento Aracena&#8217; y &#8216;Essentia&#8217;, en Aracena; Sierra Luz y\u00a0 Posada de Cortegana, en Cortegana; y podr\u00e1n degustar la gastronom\u00eda serrana en los establecimientos Montecruz, Essentia y Vita Vinum, en Aracena, Jacarand\u00e1 en Higuera de la Sierra, Mes\u00f3n Montesierra en Jabugo y Sierra Luz y La Posada de Cortegana, en Cortegana.<\/p>\n<p>De las posibilidades que ofrece la naturaleza y las profundas tradiciones que tiene este Parque Natural, podr\u00e1n disfrutar gracias a los servicios de Babel Nature y M\u00e9todo Ambiental, de Aracena, \u00a0eBikes Aracena, (Aracena), Enclave Deportivo (Aracena), Ib\u00e9ricos V\u00e1zquez (Aracena), Centro Ecuestre El Chaparral (Aracena) Destiler\u00edas Martes Santo (Higuera de la Sierra) y Vestigia (Cortegana),. Todo contando con la asistencia t\u00e9cnica de las agencias receptivas Somos Destino Rural y Vestigia.<\/p>\n<p>Fuente: <a href=\"https:\/\/www.diariodehuelva.es\/2019\/10\/23\/turismo-sierra-aracena\/\" target=\"_blank\" rel=\"noopener\">diariodehuelva.es<\/a><\/p>\n<p>&nbsp;<\/p>\n<p>&nbsp;<\/p>\n<p>&nbsp;<\/p>\n","protected":false},"excerpt":{"rendered":"<p>LAS EMPRESAS TUR\u00cdSTICAS DE LA SIERRA DE ARACENA Y PICOS DE AROCHE CELEBRAN UN FAM TRYP EUROPEO DE ECOTURISMO Huelva, 22 octubre 2019.- El Parque Natural Sierra de Aracena y [&hellip;]<\/p>\n","protected":false},"author":2,"featured_media":34743,"comment_status":"open","ping_status":"open","sticky":false,"template":"","format":"standard","meta":{"_acf_changed":false,"footnotes":""},"categories":[3],"tags":[],"class_list":["post-7976","post","type-post","status-publish","format-standard","has-post-thumbnail","hentry","category-blog"],"acf":[],"_links":{"self":[{"href":"https:\/\/www.soyecoturista.com\/asociacion\/wp-json\/wp\/v2\/posts\/7976","targetHints":{"allow":["GET"]}}],"collection":[{"href":"https:\/\/www.soyecoturista.com\/asociacion\/wp-json\/wp\/v2\/posts"}],"about":[{"href":"https:\/\/www.soyecoturista.com\/asociacion\/wp-json\/wp\/v2\/types\/post"}],"author":[{"embeddable":true,"href":"https:\/\/www.soyecoturista.com\/asociacion\/wp-json\/wp\/v2\/users\/2"}],"replies":[{"embeddable":true,"href":"https:\/\/www.soyecoturista.com\/asociacion\/wp-json\/wp\/v2\/comments?post=7976"}],"version-history":[{"count":0,"href":"https:\/\/www.soyecoturista.com\/asociacion\/wp-json\/wp\/v2\/posts\/7976\/revisions"}],"wp:featuredmedia":[{"embeddable":true,"href":"https:\/\/www.soyecoturista.com\/asociacion\/wp-json\/wp\/v2\/media\/34743"}],"wp:attachment":[{"href":"https:\/\/www.soyecoturista.com\/asociacion\/wp-json\/wp\/v2\/media?parent=7976"}],"wp:term":[{"taxonomy":"category","embeddable":true,"href":"https:\/\/www.soyecoturista.com\/asociacion\/wp-json\/wp\/v2\/categories?post=7976"},{"taxonomy":"post_tag","embeddable":true,"href":"https:\/\/www.soyecoturista.com\/asociacion\/wp-json\/wp\/v2\/tags?post=7976"}],"curies":[{"name":"wp","href":"https:\/\/api.w.org\/{rel}","templated":true}]}}