{"id":7893,"date":"2019-09-24T06:13:30","date_gmt":"2019-09-24T05:13:30","guid":{"rendered":"http:\/\/soyecoturismo.hl1223.dinaserver.com\/?p=7893"},"modified":"2019-09-24T06:13:30","modified_gmt":"2019-09-24T05:13:30","slug":"iv-congreso-ecoturismo-abiertas-inscripciones","status":"publish","type":"post","link":"https:\/\/www.soyecoturista.com\/asociacion\/iv-congreso-ecoturismo-abiertas-inscripciones\/","title":{"rendered":"ECOTURISMO EN ESPA\u00d1A, UNA OPORTUNIDAD PARA EL MEDIO RURAL"},"content":{"rendered":"<h2>ABIERTAS LAS INSRIPCIONES PARA EL IV CONGRESO NACIONAL DE ECOTURISMO<\/h2>\n<p><strong><em>El IV Congreso Nacional de Ecoturismo se celebrar\u00e1 en Guadix (Granada) del 13 al 15 de noviembre de 2019, en el Parque Nacional y Natural de Sierra Nevada. El congreso nacional es una iniciativa impulsada por la Asociaci\u00f3n Ecoturismo en Espa\u00f1a que se ha constituido en referencia para todos los actores implicados en fomentar el ecoturismo.<\/em><\/strong><\/p>\n<p><strong><em>\u00a0<\/em><\/strong><strong><em>Hoy se abre la inscripci\u00f3n en la web congresonacionaldeecoturismo.es, cuya cuarta edici\u00f3n se centra en c\u00f3mo el ecoturismo puede contribuir a frenar la despoblaci\u00f3n rural. Cuenta con el apoyo de la Secretar\u00eda de Estado de Turismo, la Junta de Andaluc\u00eda, el Organismo Aut\u00f3nomo Parques Nacionales, la Diputaci\u00f3n de Granada\u00a0 y el resto de instituciones que forman parte del Comit\u00e9 organizador.<\/em><\/strong><\/p>\n<p>&nbsp;<\/p>\n<p>El <strong>Espacio Natural Sierra Nevada<\/strong> como destino del Club de Ecoturismo en Espa\u00f1a acoger\u00e1 la cuarta edici\u00f3n del <strong>Congreso Nacional de Ecoturismo<\/strong>, una iniciativa impulsada por el sector empresarial y apoyada por las instituciones para reunir a todos los actores implicados en la creaci\u00f3n, impulso, promoci\u00f3n y comercializaci\u00f3n del ecoturismo, que se ha constituido en el encuentro anual de referencia. Como en anteriores ocasiones contar\u00e1 como valor a\u00f1adido con un viaje de familiarizaci\u00f3n y una bolsa de contrataci\u00f3n para mostrar las experiencias y destinos de ecoturismo en Espa\u00f1a.<\/p>\n<p>El <strong>Ecoturismo en Espa\u00f1a es uno de los productos a impulsar en la estrategia tur\u00edstica nacional<\/strong>, y est\u00e1 alineado con las metas reflejadas en otras iniciativas de \u00e1mbito estatal como la Estrategia contra la Despoblaci\u00f3n, la Estrategia Estatal de Infraestructuras Verdes, o el Plan Sectorial de Turismo de Naturaleza y Biodiversidad (RD 416\/2014).<\/p>\n<p>Esta cuarta edici\u00f3n, que se celebrar\u00e1 en la localidad granadina de <strong>Guadix del 13-15 de noviembre<\/strong>, contar\u00e1 con una eje central que ser\u00e1: <strong>Ecoturismo, una oportunidad para la Espa\u00f1a rural<\/strong>, lema elegido por el <strong>Comit\u00e9 Organizador del IV Congreso Nacional de Ecoturismo<\/strong> integrado por: Secretar\u00eda de Estado de Turismo, Organismo Aut\u00f3nomo de Parques Nacionales, Junta de Andaluc\u00eda, Turismo Andaluz, Parque Nacional y Parque Natural de Sierra Nevada, Patronato de Turismo de la Diputaci\u00f3n de Granada, Ayuntamiento de Guadix, ADR Comarca de Guadix, y las asociaciones empresariales Foro CETS de Sierra Nevada y la Asociaci\u00f3n de Ecoturismo en Espa\u00f1a.<\/p>\n<p><strong>Andaluc\u00eda <\/strong>es la Comunidad Aut\u00f3noma que m\u00e1s superficie protegida posee en el contexto nacional con 243 espacios, entre los que cabe destacar las siguientes figuras de protecci\u00f3n y\/o reconcomiendo internacional: 2 Parques Nacionales, 24 Parques Naturales, 9 Reservas de la Biosfera, 3 Geoparques y 2,67 millones de hect\u00e1reas (2,59 terrestres y 0,07 marinas) incluidas en la Red Natura 2000. Esta regi\u00f3n destaca tambi\u00e9n por su apuesta por el turismo sostenible en sus espacios protegidos desarrollando los\u00a0 Planes de Desarrollo Sostenible, la Marca Parque Natural de Andaluc\u00eda y contando con el mayor n\u00famero de espacios protegidos que apostaron por un desarrollo tur\u00edstico sostenible con la Carta Europea de Turismo Sostenible (CETS).<\/p>\n<p>El congreso ser\u00e1 una oportunidad para mostrar el <strong>Parque Nacional y Natural de Sierra Nevada<\/strong>, uno de los pocos espacios incluidos en la \u201cGreen List\u201d de la UICN (Uni\u00f3n Mundial para la Naturaleza), acreditado con la CETS desde 2004 y con 29 empresas tambi\u00e9n adheridas, un ejemplo de destino de ecoturismo con un buen nivel de cooperaci\u00f3n entre la administraci\u00f3n ambiental, la tur\u00edstica, la de desarrollo rural, las entidades locales y el sector privado. Sierra Nevada celebra adem\u00e1s este a\u00f1o el 20 aniversario de su declaraci\u00f3n como parque nacional\u00a0 y los\u00a0 30 a\u00f1os de la creaci\u00f3n del parque natural.<\/p>\n<p>Durante el evento se pretende conocer y debatir sobre los instrumentos para impulsar y mejorar la gesti\u00f3n del ecoturismo en Espa\u00f1a al tiempo que se pone de manifiesto con datos y resultados c\u00f3mo el Ecoturismo puede contribuir al desarrollo de la Espa\u00f1a rural. Se dar\u00e1 tambi\u00e9n participaci\u00f3n a los actores implicados para que presenten iniciativas y experiencias de ecoturismo enriqueciendo el debate.<\/p>\n<p>Para ello el IV Congreso Nacional de Ecoturismo estar\u00e1 vertebrado en diferentes <strong>bloques tem\u00e1ticos<\/strong>: gesti\u00f3n de los destinos de ecoturismo, la promoci\u00f3n nacional e internacional, formaci\u00f3n y titulaciones de ecoturismo, el an\u00e1lisis de casos de \u00e9xito (senderismo y ecoturismo cultural, observaci\u00f3n y fotograf\u00eda de naturaleza, ecoturismo marino-costero, astroturismo y geoturismo) y los espacios desinados al Intercambio de las Experiencias de Ecoturismo de los propios congresistas. En torno a estas tem\u00e1ticas girar\u00e1n las ponencias y las mesas de debate , ofreciendo adem\u00e1s evidencias de las repercusiones socioecon\u00f3micas positivas del ecoturismo en la Espa\u00f1a vaciada.<\/p>\n<p>Este congreso va dirigido a los responsables del ecoturismo de las administraciones p\u00fablicas, gestores de espacios naturales, t\u00e9cnicos de administraciones ambientales auton\u00f3micas, gestores del recurso biodiversidad, asociaciones de turismo ubicadas en espacios protegidos, grupos de desarrollo rural, empresas tur\u00edsticas y operadores nacionales e internacionales especializados en ecoturismo, y universidades relacionadas con el producto.<\/p>\n<p>&nbsp;<\/p>\n<p><strong>Inscripciones abiertas<\/strong><\/p>\n<p><strong>\u00a0<\/strong>Desde hoy lunes 16 de septiembre es posible inscribirse como asistente al congreso que se celebrar\u00e1 en Guadix (Granada) solicitando plaza a trav\u00e9s de la web <a href=\"http:\/\/www.congresonacionaldeecoturismo.es\" target=\"_blank\" rel=\"noopener noreferrer\">www.congresonacionaldeecoturismo.es<\/a><\/p>\n<p>Los asistentes que lo deseen, como en anteriores ediciones, podr\u00e1n convertirse en ponentes congresistas para dar a conocer sus Experiencias profesionales, que este a\u00f1o tendr\u00e1n como eje central el <strong>Ecoturismo, una oportunidad para la Espa\u00f1a rural, <\/strong>mostrando as\u00ed diferentes perspectivas profesionales para convertir al ecoturismo en una eficaz herramienta para combatir el despoblamiento rural.<\/p>\n<p>Las empresas tur\u00edsticas o los gestores de los destinos de ecoturismo podr\u00e1n acceder, previa selecci\u00f3n por la organizaci\u00f3n, a la <strong>Mesa de Contrataci\u00f3n<\/strong> con agencias de viajes internacionales que tendr\u00e1 lugar el d\u00eda 12 de septiembre. Para todos los asistentes se ha elaborado un\u00a0 programa de <strong>visitadas guiadas<\/strong> durante las tardes del congreso y el d\u00eda 15, para descubrir Guadix, el Espacio Natural de Sierra Nevada y el Geoparque de Granada, as\u00ed como en el amplio programa de actividades del <strong>Festival de Ecoturismo<\/strong> de Sierra Nevada para los d\u00edas 16 y 17.<\/p>\n<p>Con la inscripci\u00f3n, los asistentes contribuir\u00e1n adem\u00e1s a la conservaci\u00f3n de la raza Pajuna de Sierra Nevada (raza aut\u00f3ctona 100%), un paso m\u00e1s en la l\u00ednea del lema central de esta cuarta edici\u00f3n: Ecoturismo, una oportunidad para la Espa\u00f1a rural.<\/p>\n<p>El IV Congreso Nacional de Ecoturismo cuenta como Organizadores con la Secretar\u00eda de Estado de Turismo, el Organismo Aut\u00f3nomo de Parques Nacionales, la Junta de Andaluc\u00eda, Turismo Andaluz, el Parque Nacional y Parque Natural de Sierra Nevada, el Patronato de Turismo de la Diputaci\u00f3n de Granada, el Ayuntamiento de Guadix, el ADR Comarca de Guadix, y las asociaciones empresariales Foro CETS de Sierra Nevada y la Asociaci\u00f3n de Ecoturismo en Espa\u00f1a. Como colaboradores contar\u00e1 con Elecoturista.com (media partner) y el Grupo Allcot (que certificar\u00e1 el evento como congreso Carbono Neutral).<\/p>\n<p>&nbsp;<\/p>\n<p>M\u00e1s info e Inscripciones: <a href=\"http:\/\/www.congresonacionaldeecoturismo.es\" target=\"_blank\" rel=\"noopener\">www.congresonacionaldeecoturismo.es<\/a><\/p>\n","protected":false},"excerpt":{"rendered":"<p>ABIERTAS LAS INSRIPCIONES PARA EL IV CONGRESO NACIONAL DE ECOTURISMO El IV Congreso Nacional de Ecoturismo se celebrar\u00e1 en Guadix (Granada) del 13 al 15 de noviembre de 2019, en [&hellip;]<\/p>\n","protected":false},"author":2,"featured_media":34704,"comment_status":"open","ping_status":"open","sticky":false,"template":"","format":"standard","meta":{"_acf_changed":false,"footnotes":""},"categories":[3],"tags":[71,80,11,12,48,50],"class_list":["post-7893","post","type-post","status-publish","format-standard","has-post-thumbnail","hentry","category-blog","tag-andalucia","tag-congreso","tag-ecoturismo","tag-espana","tag-parque-nacional","tag-sierra-nevada"],"acf":[],"_links":{"self":[{"href":"https:\/\/www.soyecoturista.com\/asociacion\/wp-json\/wp\/v2\/posts\/7893","targetHints":{"allow":["GET"]}}],"collection":[{"href":"https:\/\/www.soyecoturista.com\/asociacion\/wp-json\/wp\/v2\/posts"}],"about":[{"href":"https:\/\/www.soyecoturista.com\/asociacion\/wp-json\/wp\/v2\/types\/post"}],"author":[{"embeddable":true,"href":"https:\/\/www.soyecoturista.com\/asociacion\/wp-json\/wp\/v2\/users\/2"}],"replies":[{"embeddable":true,"href":"https:\/\/www.soyecoturista.com\/asociacion\/wp-json\/wp\/v2\/comments?post=7893"}],"version-history":[{"count":0,"href":"https:\/\/www.soyecoturista.com\/asociacion\/wp-json\/wp\/v2\/posts\/7893\/revisions"}],"wp:featuredmedia":[{"embeddable":true,"href":"https:\/\/www.soyecoturista.com\/asociacion\/wp-json\/wp\/v2\/media\/34704"}],"wp:attachment":[{"href":"https:\/\/www.soyecoturista.com\/asociacion\/wp-json\/wp\/v2\/media?parent=7893"}],"wp:term":[{"taxonomy":"category","embeddable":true,"href":"https:\/\/www.soyecoturista.com\/asociacion\/wp-json\/wp\/v2\/categories?post=7893"},{"taxonomy":"post_tag","embeddable":true,"href":"https:\/\/www.soyecoturista.com\/asociacion\/wp-json\/wp\/v2\/tags?post=7893"}],"curies":[{"name":"wp","href":"https:\/\/api.w.org\/{rel}","templated":true}]}}