{"id":6187,"date":"2018-07-13T09:35:42","date_gmt":"2018-07-13T08:35:42","guid":{"rendered":"http:\/\/v2.soyecoturista.com\/?p=6187"},"modified":"2023-12-04T15:49:04","modified_gmt":"2023-12-04T14:49:04","slug":"la-garrotxa-se-proyecta-internacionalmente-como-destino-sostenible-y-de-calidad","status":"publish","type":"post","link":"https:\/\/www.soyecoturista.com\/asociacion\/la-garrotxa-se-proyecta-internacionalmente-como-destino-sostenible-y-de-calidad\/","title":{"rendered":"LA GARROTXA SE PROYECTA INTERNACIONALMENTE COMO DESTINO SOSTENIBLE Y DE CALIDAD"},"content":{"rendered":"<ul>\n<li><strong>Se publica el primer cat\u00e1logo con paquetes tur\u00edsticos 100% sostenibles, siguiendo los criterios de la Carta Europea de Turismo Sostenible.<\/strong><\/li>\n<li><strong>La comercializaci\u00f3n se realiza a trav\u00e9s de las dos primeras agencias de viajes receptivas acreditadas con la Carta Europea de Turismo Sostenible en el Estado Espa\u00f1ol. <\/strong><\/li>\n<\/ul>\n<p>Turisme Garrotxa ha reeditado el cat\u00e1logo \u201cExperiencias Garrotxa <em>incoming<\/em>\u201d, publicaci\u00f3n destinada al p\u00fablico profesional para la comercializaci\u00f3n de la Garrotxa como destino sostenible y de calidad. Destino adherido al Club Ecoturismo en Espa\u00f1a.<\/p>\n<p><strong style=\"text-align: right;\"><img loading=\"lazy\" decoding=\"async\" class=\"size-medium wp-image-6188 alignleft\" src=\"https:\/\/www.soyecoturista.com\/wp-content\/uploads\/2018\/07\/portada_catalogo-213x300.png\" alt=\"\" width=\"213\" height=\"300\" \/><\/strong><\/p>\n<p>El nuevo cat\u00e1logo incluye paquetes tur\u00edsticos de duraci\u00f3n y tem\u00e1ticas diferentes: centrados en cultura, senderismo, cicloturismo, gastronom\u00eda, rural, etc. Como novedad, se ha incluido un paquete relacionado con la salud y el bienestar, uno de trail running, uno de turismo inclusivo y otro sobre el d\u00eda a d\u00eda en una casa de pay\u00e9s. Con estos, son 10 los paquetes que actualmente se est\u00e1n ofreciendo a los operadores tur\u00edsticos, principalmente internacionales.<\/p>\n<p><strong>Los paquetes est\u00e1n compuestos por empresas de actividades, alojamientos y restaurantes acreditados con la Carta Europea de Turismo Sostenible al igual que las dos agencias de viajes receptivas que los comercializan,<\/strong> <strong>Nit i Vol<\/strong> y <strong>Tresc\u00e0lia<\/strong> que, adem\u00e1s de actuar como <em>incoming<\/em>, es decir agencias expertas y conocedoras del territorio que pueden personalizar los paquetes en funci\u00f3n de la necesidad del operador internacional, son las dos primeras agencias del Estado Espa\u00f1ol en obtener esta acreditaci\u00f3n.<\/p>\n<p>El catalogo se edita en cuatro idiomas, catal\u00e1n, espa\u00f1ol, ingl\u00e9s y franc\u00e9s y se puede descargar desde el portal web que Turisme Garrotxa tiene destinado a los profesionales del turismo: <span style=\"color: #0000ff;\"><a style=\"color: #0000ff;\" href=\"https:\/\/trade.turismegarrotxa.com\/es\/\" target=\"_blank\" rel=\"noopener\">https:\/\/trade.turismegarrotxa.com\/es\/<\/a><\/span><\/p>\n<p>Descarga aqu\u00ed el cat\u00e1logo en espa\u00f1ol:<span style=\"color: #0000ff;\"> <a style=\"color: #0000ff;\" href=\"https:\/\/www.soyecoturista.com\/wp-content\/uploads\/2018\/07\/Experiencias-_Garrotxa_ESP.pdf\" target=\"_blank\" rel=\"noopener\">Cat\u00e1logo experiencias Garrotxa 2018<\/a><\/span><\/p>\n<p>Aqu\u00ed puedes acceder a las experiencias de aut\u00e9ntico ecoturismo de La Garrotxa:<span style=\"color: #0000ff;\">\u00a0<a style=\"color: #0000ff;\" href=\"https:\/\/www.soyecoturista.com\/asociacion\/c\/la-garrotxa+experiencias\/\" target=\"_blank\" rel=\"noopener\">https:\/\/www.soyecoturista.com\/asociacion\/c\/la-garrotxa+experiencias\/\u00a0<\/a><\/span><\/p>\n<p style=\"text-align: right;\"><strong>M\u00e1s informaci\u00f3n:<br \/>\n<\/strong>Turisme Garrotxa<\/p>\n<p style=\"text-align: right;\">Telefono: 972 27 16 00<br \/>\ninfo@turismegarrotxa.com<\/p>\n","protected":false},"excerpt":{"rendered":"<p>Se publica el primer cat\u00e1logo con paquetes tur\u00edsticos 100% sostenibles, siguiendo los criterios de la Carta Europea de Turismo Sostenible. La comercializaci\u00f3n se realiza a trav\u00e9s de las dos primeras [&hellip;]<\/p>\n","protected":false},"author":2,"featured_media":34176,"comment_status":"open","ping_status":"open","sticky":false,"template":"","format":"standard","meta":{"_acf_changed":false,"footnotes":""},"categories":[3],"tags":[58,59,11,60],"class_list":["post-6187","post","type-post","status-publish","format-standard","has-post-thumbnail","hentry","category-blog","tag-carta-europea-de-turismo-sostenible","tag-catalogo","tag-ecoturismo","tag-garrotxa"],"acf":[],"_links":{"self":[{"href":"https:\/\/www.soyecoturista.com\/asociacion\/wp-json\/wp\/v2\/posts\/6187","targetHints":{"allow":["GET"]}}],"collection":[{"href":"https:\/\/www.soyecoturista.com\/asociacion\/wp-json\/wp\/v2\/posts"}],"about":[{"href":"https:\/\/www.soyecoturista.com\/asociacion\/wp-json\/wp\/v2\/types\/post"}],"author":[{"embeddable":true,"href":"https:\/\/www.soyecoturista.com\/asociacion\/wp-json\/wp\/v2\/users\/2"}],"replies":[{"embeddable":true,"href":"https:\/\/www.soyecoturista.com\/asociacion\/wp-json\/wp\/v2\/comments?post=6187"}],"version-history":[{"count":1,"href":"https:\/\/www.soyecoturista.com\/asociacion\/wp-json\/wp\/v2\/posts\/6187\/revisions"}],"predecessor-version":[{"id":42415,"href":"https:\/\/www.soyecoturista.com\/asociacion\/wp-json\/wp\/v2\/posts\/6187\/revisions\/42415"}],"wp:featuredmedia":[{"embeddable":true,"href":"https:\/\/www.soyecoturista.com\/asociacion\/wp-json\/wp\/v2\/media\/34176"}],"wp:attachment":[{"href":"https:\/\/www.soyecoturista.com\/asociacion\/wp-json\/wp\/v2\/media?parent=6187"}],"wp:term":[{"taxonomy":"category","embeddable":true,"href":"https:\/\/www.soyecoturista.com\/asociacion\/wp-json\/wp\/v2\/categories?post=6187"},{"taxonomy":"post_tag","embeddable":true,"href":"https:\/\/www.soyecoturista.com\/asociacion\/wp-json\/wp\/v2\/tags?post=6187"}],"curies":[{"name":"wp","href":"https:\/\/api.w.org\/{rel}","templated":true}]}}