{"id":49283,"date":"2026-01-12T16:10:31","date_gmt":"2026-01-12T15:10:31","guid":{"rendered":"https:\/\/www.soyecoturista.com\/asociacion\/?p=49283"},"modified":"2026-01-12T16:10:38","modified_gmt":"2026-01-12T15:10:38","slug":"2026-para-viajar-espana","status":"publish","type":"post","link":"https:\/\/www.soyecoturista.com\/asociacion\/2026-para-viajar-espana\/","title":{"rendered":"2026: un a\u00f1o para viajar con sentido y celebrar el ecoturismo en Espa\u00f1a"},"content":{"rendered":"\n<p>El ecoturismo no es solo una forma de viajar, es una manera de mirar, escuchar y relacionarnos con la naturaleza, sabiendo que cada paso cuenta. Y 2026 se perfila como un a\u00f1o especialmente atractivo para quienes buscan experiencias aut\u00e9nticas en espacios naturales, conectadas con la biodiversidad, la ciencia y las comunidades locales.<\/p>\n\n\n\n<p>A lo largo de este a\u00f1o que reci\u00e9n estrenamos, distintas citas y eventos marcar\u00e1n el calendario del ecoturismo en Espa\u00f1a.&nbsp; De hecho, el que podr\u00edamos considerar como el \u201cgran acontecimiento del a\u00f1o\u201d ser\u00e1 el eclipse solar del 12 de agosto, cuya franja de totalidad cruzar\u00e1 Espa\u00f1a de oeste a este, siendo visible desde Galicia hasta Baleares pasando por Asturias, norte de Castilla y Le\u00f3n, Euskadi, Arag\u00f3n y Valencia. Momentos ideales para planificar escapadas, descubrir destinos con valores y recordar por qu\u00e9 viajar tambi\u00e9n puede ser una forma de conservar y proteger nuestro entorno.<\/p>\n\n\n\n<figure class=\"wp-block-gallery has-nested-images columns-default is-cropped wp-block-gallery-1 is-layout-flex wp-block-gallery-is-layout-flex\">\n<figure class=\"wp-block-image size-large\"><img loading=\"lazy\" decoding=\"async\" width=\"1024\" height=\"646\" data-id=\"49289\" src=\"https:\/\/www.soyecoturista.com\/asociacion\/wp-content\/uploads\/2026\/01\/26_DURTOT-OSC-1-1-1-1-1-1024x646.jpg\" alt=\"\" class=\"wp-image-49289\" srcset=\"https:\/\/www.soyecoturista.com\/asociacion\/wp-content\/uploads\/2026\/01\/26_DURTOT-OSC-1-1-1-1-1-1024x646.jpg 1024w, https:\/\/www.soyecoturista.com\/asociacion\/wp-content\/uploads\/2026\/01\/26_DURTOT-OSC-1-1-1-1-1-300x189.jpg 300w, https:\/\/www.soyecoturista.com\/asociacion\/wp-content\/uploads\/2026\/01\/26_DURTOT-OSC-1-1-1-1-1-768x484.jpg 768w, https:\/\/www.soyecoturista.com\/asociacion\/wp-content\/uploads\/2026\/01\/26_DURTOT-OSC-1-1-1-1-1-1536x968.jpg 1536w, https:\/\/www.soyecoturista.com\/asociacion\/wp-content\/uploads\/2026\/01\/26_DURTOT-OSC-1-1-1-1-1-2048x1291.jpg 2048w\" sizes=\"auto, (max-width: 1024px) 100vw, 1024px\" \/><\/figure>\n<\/figure>\n\n\n\n<p class=\"has-text-align-left\">Este acontecimiento astron\u00f3mico \u00fanico convertir\u00e1 a muchos destinos rurales y espacios naturales en escenarios privilegiados para su observaci\u00f3n, y ser\u00e1 uno de los grandes hitos naturales del a\u00f1o y una oportunidad excepcional para acercarse al cielo desde lugares con baja contaminaci\u00f3n lum\u00ednica.<\/p>\n\n\n\n<p>El eclipse ser\u00e1 visible en Espa\u00f1a cuando el sol est\u00e9 ya muy bajo en el horizonte, casi despidi\u00e9ndose del d\u00eda. Un momento perfecto para, tras la observaci\u00f3n, dejarse envolver por la llegada de la noche y prolongar la experiencia bajo uno de los grandes tesoros del ecoturismo: los cielos oscuros.<\/p>\n\n\n\n<p>Desde Soy Ecoturista te animamos a aprovechar esta ocasi\u00f3n para disfrutar del astroturismo con empresas acreditadas, redescubriendo la noche, el silencio y la inmensidad del firmamento desde espacios naturales comprometidos con la conservaci\u00f3n. Reservas Starlight, parques naturales y zonas rurales alejadas de grandes n\u00facleos urbanos ofrecen el contexto ideal para vivir esta experiencia de forma pausada, consciente y respetuosa con el entorno.<\/p>\n\n\n\n<p>M\u00e1s all\u00e1 de este acontecimiento excepcional, 2026 estar\u00e1 marcado por otras citas que, a\u00f1o tras a\u00f1o, ayudan a consolidar el ecoturismo en Espa\u00f1a, generando espacios de encuentro, aprendizaje e inspiraci\u00f3n tanto para viajeros como para profesionales del sector.<\/p>\n\n\n\n<p><strong>Feria Internacional de Turismo Ornitol\u00f3gico: viajar al ritmo de las aves<\/strong><\/p>\n\n\n\n<p>Del 27 de febrero al 1 de marzo, la <a href=\"https:\/\/fioextremadura.es\/category\/fio-2026\/\" target=\"_blank\" rel=\"noopener\">Feria Internacional de Turismo Ornitol\u00f3gico (FIO)<\/a>, en el entorno del Parque Nacional de Monfrag\u00fce, es una cita imprescindible para los amantes de la observaci\u00f3n de aves y la biodiversidad.<\/p>\n\n\n<div class=\"wp-block-image\">\n<figure class=\"aligncenter size-full\"><img loading=\"lazy\" decoding=\"async\" width=\"1024\" height=\"566\" src=\"https:\/\/www.soyecoturista.com\/asociacion\/wp-content\/uploads\/2026\/01\/FIO-2025-1024x566-1.jpg\" alt=\"\" class=\"wp-image-49284\" srcset=\"https:\/\/www.soyecoturista.com\/asociacion\/wp-content\/uploads\/2026\/01\/FIO-2025-1024x566-1.jpg 1024w, https:\/\/www.soyecoturista.com\/asociacion\/wp-content\/uploads\/2026\/01\/FIO-2025-1024x566-1-300x166.jpg 300w, https:\/\/www.soyecoturista.com\/asociacion\/wp-content\/uploads\/2026\/01\/FIO-2025-1024x566-1-768x425.jpg 768w\" sizes=\"auto, (max-width: 1024px) 100vw, 1024px\" \/><\/figure>\n<\/div>\n\n\n<p>La FIO pone adem\u00e1s sobre la mesa la importancia de un turismo ornitol\u00f3gico bien gestionado, que genera beneficios locales y contribuye a la conservaci\u00f3n de los h\u00e1bitats. Un ejemplo claro de ecoturismo en el que conservar y proteger es parte de la experiencia.<\/p>\n\n\n\n<p><strong>Naturcyl: punto de encuentro del ecoturismo<\/strong><\/p>\n\n\n\n<p><a href=\"https:\/\/www.naturcyl.es\/\" target=\"_blank\" rel=\"noopener\">Naturcyl<\/a>, que se celebra cada a\u00f1o en septiembre, se ha consolidado como una de las grandes ferias del ecoturismo en Espa\u00f1a. Un espacio donde destinos, empresas y viajeros se encuentran para compartir experiencias ligadas a la naturaleza, la educaci\u00f3n ambiental y la conservaci\u00f3n.<\/p>\n\n\n\n<figure class=\"wp-block-image size-large\"><img loading=\"lazy\" decoding=\"async\" width=\"1024\" height=\"681\" src=\"https:\/\/www.soyecoturista.com\/asociacion\/wp-content\/uploads\/2026\/01\/feria__DSC2336-1-1623x1080-2-1024x681.jpg\" alt=\"\" class=\"wp-image-49286\" srcset=\"https:\/\/www.soyecoturista.com\/asociacion\/wp-content\/uploads\/2026\/01\/feria__DSC2336-1-1623x1080-2-1024x681.jpg 1024w, https:\/\/www.soyecoturista.com\/asociacion\/wp-content\/uploads\/2026\/01\/feria__DSC2336-1-1623x1080-2-300x200.jpg 300w, https:\/\/www.soyecoturista.com\/asociacion\/wp-content\/uploads\/2026\/01\/feria__DSC2336-1-1623x1080-2-768x511.jpg 768w, https:\/\/www.soyecoturista.com\/asociacion\/wp-content\/uploads\/2026\/01\/feria__DSC2336-1-1623x1080-2-1536x1022.jpg 1536w, https:\/\/www.soyecoturista.com\/asociacion\/wp-content\/uploads\/2026\/01\/feria__DSC2336-1-1623x1080-2.jpg 1623w\" sizes=\"auto, (max-width: 1024px) 100vw, 1024px\" \/><\/figure>\n\n\n\n<p>Es tambi\u00e9n una cita clave para descubrir nuevas propuestas de ecoturismo y recordar que la calidad y la sostenibilidad van de la mano cuando se trabaja con proyectos comprometidos con el territorio.<\/p>\n\n\n\n<p><strong>Delta Birding Festival: biodiversidad en estado puro<\/strong><\/p>\n\n\n\n<p>Tambi\u00e9n en septiembre, y en el Delta del Ebro, uno de los humedales m\u00e1s importantes del Mediterr\u00e1neo, el <a href=\"https:\/\/deltabirdingfestival.com\/es\/\" target=\"_blank\" rel=\"noopener\">Delta Birding Festival<\/a> re\u00fane cada a\u00f1o a expertos, aficionados y viajeros interesados en la riqueza natural del Delta del Ebro.<\/p>\n\n\n<div class=\"wp-block-image\">\n<figure class=\"aligncenter size-full\"><img loading=\"lazy\" decoding=\"async\" width=\"640\" height=\"410\" src=\"https:\/\/www.soyecoturista.com\/asociacion\/wp-content\/uploads\/2026\/01\/activitats-640x410.jpg.webp\" alt=\"\" class=\"wp-image-49287\" srcset=\"https:\/\/www.soyecoturista.com\/asociacion\/wp-content\/uploads\/2026\/01\/activitats-640x410.jpg.webp 640w, https:\/\/www.soyecoturista.com\/asociacion\/wp-content\/uploads\/2026\/01\/activitats-640x410.jpg-300x192.webp 300w\" sizes=\"auto, (max-width: 640px) 100vw, 640px\" \/><\/figure>\n<\/div>\n\n\n<p>Este festival es una invitaci\u00f3n a descubrir c\u00f3mo el ecoturismo puede ser una herramienta poderosa para proteger ecosistemas fr\u00e1giles, siempre que se realice con gu\u00edas locales y empresas comprometidas con la conservaci\u00f3n.<\/p>\n\n\n\n<p><strong>BioCultura: coherencia entre c\u00f3mo viajamos y c\u00f3mo vivimos<\/strong><\/p>\n\n\n\n<p>Aunque no es un evento tur\u00edstico en s\u00ed, <a href=\"https:\/\/www.biocultura.org\/\" target=\"_blank\" rel=\"noopener\">BioCultura<\/a> conecta de lleno con los valores del ecoturismo: consumo responsable, respeto por el entorno y estilos de vida m\u00e1s sostenibles.<\/p>\n\n\n<div class=\"wp-block-image\">\n<figure class=\"aligncenter size-full\"><img loading=\"lazy\" decoding=\"async\" width=\"668\" height=\"289\" src=\"https:\/\/www.soyecoturista.com\/asociacion\/wp-content\/uploads\/2026\/01\/NOTA_PRENSA_SECTOR_PREVISIONES_WEB_BIOCULTURA_668X.jpg\" alt=\"\" class=\"wp-image-49288\" srcset=\"https:\/\/www.soyecoturista.com\/asociacion\/wp-content\/uploads\/2026\/01\/NOTA_PRENSA_SECTOR_PREVISIONES_WEB_BIOCULTURA_668X.jpg 668w, https:\/\/www.soyecoturista.com\/asociacion\/wp-content\/uploads\/2026\/01\/NOTA_PRENSA_SECTOR_PREVISIONES_WEB_BIOCULTURA_668X-300x130.jpg 300w\" sizes=\"auto, (max-width: 668px) 100vw, 668px\" \/><\/figure>\n<\/div>\n\n\n<p>Incluir esta cita en la agenda de 2026 nos permite recordar que el ecoturismo no empieza solo cuando llegamos al destino, sino en las decisiones que tomamos antes, durante y despu\u00e9s del viaje. Apunta las fechas y sedes: A Coru\u00f1a, del 6 al 8 de marzo; Barcelona, del 7 al 10 de mayo; y Madrid del 26 al 29 de noviembre.<\/p>\n\n\n\n<p><strong>Viajar en 2026 conservando y protegiendo nuestro patrimonio natural<\/strong><\/p>\n\n\n\n<p>Todos estos eventos comparten un mensaje com\u00fan. Y es que el ecoturismo tiene sentido cuando se practica con conocimiento, respeto y compromiso. Elegir empresas acreditadas, gu\u00edas especializados y destinos que trabajan por la conservaci\u00f3n es la mejor forma de asegurarnos de que nuestras experiencias dejan una huella positiva.<\/p>\n\n\n\n<p>Porque viajar tambi\u00e9n puede ser un acto de cuidado. Porque \u201cconservo y protejo\u201d no es solo un lema, es una forma de estar en el mundo.<\/p>\n","protected":false},"excerpt":{"rendered":"<p>El ecoturismo no es solo una forma de viajar, es una manera de mirar, escuchar y relacionarnos con la naturaleza, sabiendo que cada paso cuenta. Y 2026 se perfila como [&hellip;]<\/p>\n","protected":false},"author":5,"featured_media":49290,"comment_status":"open","ping_status":"closed","sticky":false,"template":"","format":"standard","meta":{"_acf_changed":false,"footnotes":""},"categories":[3],"tags":[39,9,1503,11,14,33,1499,82,16,30,105,106],"class_list":["post-49283","post","type-post","status-publish","format-standard","has-post-thumbnail","hentry","category-blog","tag-soyecoturista","tag-club-ecoturismo","tag-eclipse","tag-ecoturismo","tag-ecoturismo-en-espana","tag-espacios-protegidos","tag-eventos","tag-experiencias","tag-naturaleza","tag-observatorio-de-ecoturismo","tag-reserva-biosfera","tag-turismo-sostenible"],"acf":[],"_links":{"self":[{"href":"https:\/\/www.soyecoturista.com\/asociacion\/wp-json\/wp\/v2\/posts\/49283","targetHints":{"allow":["GET"]}}],"collection":[{"href":"https:\/\/www.soyecoturista.com\/asociacion\/wp-json\/wp\/v2\/posts"}],"about":[{"href":"https:\/\/www.soyecoturista.com\/asociacion\/wp-json\/wp\/v2\/types\/post"}],"author":[{"embeddable":true,"href":"https:\/\/www.soyecoturista.com\/asociacion\/wp-json\/wp\/v2\/users\/5"}],"replies":[{"embeddable":true,"href":"https:\/\/www.soyecoturista.com\/asociacion\/wp-json\/wp\/v2\/comments?post=49283"}],"version-history":[{"count":1,"href":"https:\/\/www.soyecoturista.com\/asociacion\/wp-json\/wp\/v2\/posts\/49283\/revisions"}],"predecessor-version":[{"id":49291,"href":"https:\/\/www.soyecoturista.com\/asociacion\/wp-json\/wp\/v2\/posts\/49283\/revisions\/49291"}],"wp:featuredmedia":[{"embeddable":true,"href":"https:\/\/www.soyecoturista.com\/asociacion\/wp-json\/wp\/v2\/media\/49290"}],"wp:attachment":[{"href":"https:\/\/www.soyecoturista.com\/asociacion\/wp-json\/wp\/v2\/media?parent=49283"}],"wp:term":[{"taxonomy":"category","embeddable":true,"href":"https:\/\/www.soyecoturista.com\/asociacion\/wp-json\/wp\/v2\/categories?post=49283"},{"taxonomy":"post_tag","embeddable":true,"href":"https:\/\/www.soyecoturista.com\/asociacion\/wp-json\/wp\/v2\/tags?post=49283"}],"curies":[{"name":"wp","href":"https:\/\/api.w.org\/{rel}","templated":true}]}}