{"id":48621,"date":"2025-10-08T16:58:32","date_gmt":"2025-10-08T14:58:32","guid":{"rendered":"https:\/\/www.soyecoturista.com\/asociacion\/?p=48621"},"modified":"2025-10-16T10:21:34","modified_gmt":"2025-10-16T08:21:34","slug":"arranca-hablemos-de-ecoturismo","status":"publish","type":"post","link":"https:\/\/www.soyecoturista.com\/asociacion\/arranca-hablemos-de-ecoturismo\/","title":{"rendered":"Arranca la serie de videopodcasts &#8216;Hablemos de Ecoturismo&#8217; en el YouTube de Soy Ecoturista"},"content":{"rendered":"\n<figure class=\"wp-block-image size-large\"><img loading=\"lazy\" decoding=\"async\" width=\"1024\" height=\"576\" src=\"https:\/\/www.soyecoturista.com\/asociacion\/wp-content\/uploads\/2025\/10\/HABLEMOS-DE-ECOTURISMO-1024x576.png\" alt=\"\" class=\"wp-image-48628\" srcset=\"https:\/\/www.soyecoturista.com\/asociacion\/wp-content\/uploads\/2025\/10\/HABLEMOS-DE-ECOTURISMO-1024x576.png 1024w, https:\/\/www.soyecoturista.com\/asociacion\/wp-content\/uploads\/2025\/10\/HABLEMOS-DE-ECOTURISMO-300x169.png 300w, https:\/\/www.soyecoturista.com\/asociacion\/wp-content\/uploads\/2025\/10\/HABLEMOS-DE-ECOTURISMO-768x432.png 768w, https:\/\/www.soyecoturista.com\/asociacion\/wp-content\/uploads\/2025\/10\/HABLEMOS-DE-ECOTURISMO.png 1280w\" sizes=\"auto, (max-width: 1024px) 100vw, 1024px\" \/><\/figure>\n\n\n\n<h2 class=\"wp-block-heading\">La nueva serie de Soy Ecoturista se llama <strong>&#8216;Hablemos de Ecoturismo&#8217;<\/strong> y se estrena el 16 de octubre  <a href=\"https:\/\/www.youtube.com\/@SoyEcoturista\" data-type=\"link\" data-id=\"https:\/\/www.youtube.com\/@SoyEcoturista\" target=\"_blank\" rel=\"noreferrer noopener\">YouTube<\/a><\/h2>\n\n\n\n<p>La <strong>Asociaci\u00f3n de Ecoturismo en Espa\u00f1a (AEE)<\/strong> lanza una nueva serie de videopodcasts bajo el t\u00edtulo <strong>&#8216;Hablemos de Ecoturismo&#8217;<\/strong>, una iniciativa dise\u00f1ada para profundizar en el mundo del ecoturismo, sus beneficios para la conservaci\u00f3n de la naturaleza, c\u00f3mo aplican sus principios las entidades y empresas de destinos certificados y las experiencias \u00fanicas que ofrecen en los espacios protegidos de nuestro pa\u00eds. <\/p>\n\n\n\n<p>Esta serie, que ser\u00e1 una aut\u00e9ntica <strong>escuela de ecoturismo<\/strong> en abierto, se estrenar\u00e1 <strong><em> en el canal de <a href=\"https:\/\/www.youtube.com\/@SoyEcoturista\" data-type=\"link\" data-id=\"https:\/\/www.youtube.com\/@SoyEcoturista\" target=\"_blank\" rel=\"noreferrer noopener\">YouTube de Soy Ecoturista<\/a><\/em><\/strong><a href=\"https:\/\/www.youtube.com\/@SoyEcoturista\" data-type=\"link\" data-id=\"https:\/\/www.youtube.com\/@SoyEcoturista\" target=\"_blank\" rel=\"noreferrer noopener\"> <\/a>a partir del pr\u00f3ximo <em><strong>16 de octubre de 2025<\/strong><\/em>, con 26 episodios que se emitir\u00e1n como <strong>estrenos en directo<\/strong> <em>todos <strong>los jueves a las 16h<\/strong><\/em> <strong>(15h en Canarias<\/strong>). Esto permitir\u00e1 a los espectadores interactuar en tiempo real a trav\u00e9s del chat entre ellos y con profesionales de la AEE, compartiendo preguntas, comentarios e iniciativas sobre ecoturismo, fomentando una comunidad activa y participativa para promover un turismo respetuoso en nuestros espacios protegidos.<\/p>\n\n\n\n<p>El proyecto busca acercar al p\u00fablico general y a los profesionales las claves del Ecoturismo en Espa\u00f1a, destacando c\u00f3mo impulsar esta forma de viajar que contribuye al desarrollo local, a la conservaci\u00f3n de la biodiversidad y a una econom\u00eda sostenible en los espacios protegidos. En definitiva, los principios que se aplican en el club de producto Ecoturismo en Espa\u00f1a con su marca <strong>Soy Ecoturista<\/strong><\/p>\n\n\n\n<p>Todos los episodios se subir\u00e1n posteriormente al canal de <a href=\"https:\/\/youtube.com\/playlist?list=PLJk2wQX5ThckdQmio0CEwlREJwxh3U8DK&amp;si=z6mE24h8x4dFB9DL\" data-type=\"link\" data-id=\"https:\/\/www.youtube.com\/@SoyEcoturista\" target=\"_blank\" rel=\"noreferrer noopener\">YouTube de Soy Ecoturista<\/a>, donde se agrupar\u00e1n en la <strong>playlist &#8216;Hablemos de Ecoturismo&#8217;<\/strong>, pero seguir las emisiones en directo permiten el chat en vivo y generar un sentido de comunidad, donde los espectadores pueden conectar con expertos, gestores, empresarios y otros ecoturistas en tiempo real, enriqueciendo la experiencia educativa y motivadora.<\/p>\n\n\n\n<p>Esta serie ha sido posible gracias al <a href=\"https:\/\/www.soyecoturista.com\/asociacion\/proyecto-experiencias-club\/\" target=\"_blank\" rel=\"noreferrer noopener\">proyecto &#8220;Sostenibilidad y Digitalizaci\u00f3n de la red de experiencias Ecoturismo en Espa\u00f1a&#8221;<\/a> financiado con Fondos Next Generation a trav\u00e9s del programa programa \u201cExperiencias Turismo Espa\u00f1a\u201d del Ministerio de Industria y Turismo.<\/p>\n\n\n\n<h2 class=\"wp-block-heading\">Estructura y contenidos de la serie &#8220;Hablemos de Ecoturismo&#8221;<\/h2>\n\n\n\n<p>La serie cuenta con un total de <strong><em>26 episodios<\/em><\/strong> con una duraci\u00f3n en torno a los <strong><em>20-25 minutos cada uno<\/em><\/strong> y <strong>comienza con contenidos gen\u00e9ricos <\/strong>sobre el concepto de ecoturismo, su relaci\u00f3n con los espacios protegidos, su impacto en la conservaci\u00f3n, las oportunidades que ofrece para conectar con la naturaleza y c\u00f3mo diferenciar destinos de aut\u00e9ntico ecoturismo en Espa\u00f1a, siempre de la mano de profesionales de referencia en estos \u00e1mbitos. <\/p>\n\n\n\n<p>A continuaci\u00f3n, la serie se adentra en <strong>6 destinos emblem\u00e1ticos adheridos a Soy Ecoturista<\/strong>: <em>Mari\u00f1as Coru\u00f1esas, Urdaibai, Geoparque Sobrarbe-Pirineos, La Garrotxa, Sierra Espu\u00f1a y <\/em>La Gomera. En estos episodios, sus anfitriones y protagonistas nos cuentan iniciativas concretas y buenas pr\u00e1cticas que demuestran como el ecoturismo puede ser una herramienta de conservaci\u00f3n y desarrollo local, as\u00ed como las historias, tradiciones y paisajes \u00fanicos de cada lugar. <\/p>\n\n\n\n<p>Ya sea en reservas de la biosfera, geoparques, parques nacionales o parques naturales, los episodios ofrecen una mezcla de experiencias pr\u00e1cticas y reflexiones sobre sostenibilidad, con la participaci\u00f3n de <strong>expertos y locales<\/strong> que comparten su conocimiento y pasi\u00f3n por estos entornos. Esta diversidad de contenidos busca inspirar a los espectadores para trasladar estas iniciativas a sus destinos o incluso planificar sus propios viajes ecotur\u00edsticos para descubrir la belleza de los espacios protegidos en Espa\u00f1a desde una perspectiva responsable.<\/p>\n\n\n\n<p>Esta serie es una oportunidad \u00fanica para descubrir c\u00f3mo el ecoturismo enriquece nuestras vidas y protege el patrimonio natural de Espa\u00f1a.<\/p>\n\n\n\n<h2 class=\"wp-block-heading\">Primer episodio: \u00bfQu\u00e9 es el ecoturismo y qu\u00e9 beneficios genera? <\/h2>\n\n\n\n<figure class=\"wp-block-image size-large\"><img loading=\"lazy\" decoding=\"async\" width=\"1024\" height=\"576\" src=\"https:\/\/www.soyecoturista.com\/asociacion\/wp-content\/uploads\/2025\/10\/Episodio1_videopodcast_SoyEcoturista-1024x576.png\" alt=\"\" class=\"wp-image-48682\" srcset=\"https:\/\/www.soyecoturista.com\/asociacion\/wp-content\/uploads\/2025\/10\/Episodio1_videopodcast_SoyEcoturista-1024x576.png 1024w, https:\/\/www.soyecoturista.com\/asociacion\/wp-content\/uploads\/2025\/10\/Episodio1_videopodcast_SoyEcoturista-300x169.png 300w, https:\/\/www.soyecoturista.com\/asociacion\/wp-content\/uploads\/2025\/10\/Episodio1_videopodcast_SoyEcoturista-768x432.png 768w, https:\/\/www.soyecoturista.com\/asociacion\/wp-content\/uploads\/2025\/10\/Episodio1_videopodcast_SoyEcoturista.png 1280w\" sizes=\"auto, (max-width: 1024px) 100vw, 1024px\" \/><\/figure>\n\n\n\n<p>C\u00f3mo no pod\u00eda ser de otra manera, la serie empieza por la base, profundizando en el <strong>concepto del ecoturismo<\/strong>, su conexi\u00f3n con los espacios protegidos, c\u00f3mo puede ser el ecoturismo una herramienta de conservaci\u00f3n de la naturaleza y de protecci\u00f3n de las gentes que habitan en ellas, y c\u00f3mo a trav\u00e9s del ecoturismo se puede contribuir a conservar al tiempo que se disfruta de experiencias atractivas y enriquecedoras.  Todo ello de la mano de dos invitados de referencia: Marta M\u00fagica, Directora de la Oficina de EUROPARC-Espa\u00f1a y Ricardo Blanco, Jefe de \u00e1rea de Turismo Sostenible de la Secretar\u00eda de Estado de Turismo.<\/p>\n\n\n\n<p>Podr\u00e1s ver este primer episodio el <em><strong>16 de octubre a las 16h (15h en Canarias) <a href=\"https:\/\/youtube.com\/playlist?list=PLJk2wQX5ThckdQmio0CEwlREJwxh3U8DK&amp;si=z6mE24h8x4dFB9DL\" target=\"_blank\" rel=\"noreferrer noopener\">AQU\u00cd<\/a>. <\/strong><\/em><\/p>\n\n\n\n<h2 class=\"wp-block-heading\">Aseg\u00farate de no perderte ning\u00fan episodio<\/h2>\n\n\n\n<p>Para no perderte ning\u00fan episodio, <em><strong>suscr\u00edbete al canal de<a href=\"https:\/\/www.youtube.com\/@SoyEcoturista\" data-type=\"link\" data-id=\"https:\/\/www.youtube.com\/@SoyEcoturista\" target=\"_blank\" rel=\"noreferrer noopener\"> YouTube de Soy Ecoturista<\/a><\/strong><\/em>, as\u00ed recibir\u00e1s notificaciones de los estrenos y podr\u00e1s unirte al chat en directo para interactuar con la comunidad ecoturista.<\/p>\n\n\n\n<p>Los lunes anunciaremos cada cap\u00edtulo en nuestros perfiles de @SoyEcoturista en <a href=\"https:\/\/www.instagram.com\/soyecoturista\/\" target=\"_blank\" rel=\"noreferrer noopener\">Instagram<\/a>, <a href=\"https:\/\/www.facebook.com\/soyecoturista\/\" target=\"_blank\" rel=\"noreferrer noopener\">Facebook <\/a>y <a href=\"https:\/\/x.com\/SoyEcoturista\" target=\"_blank\" rel=\"noreferrer noopener\">X<\/a>, s\u00edguenos para estar al d\u00eda.<\/p>\n\n\n\n<p>Podr\u00e1s ver de antemano la tem\u00e1tica y participantes de cada jueves en nuestra <a href=\"https:\/\/www.soyecoturista.com\/asociacion\/agenda\/\" target=\"_blank\" rel=\"noreferrer noopener\">agenda de ecoturismo<\/a>.<\/p>\n\n\n\n<p>M\u00e1s informaci\u00f3n en la p\u00e1gina web del <a href=\"https:\/\/www.soyecoturista.com\/asociacion\/podcast-soy-ecoturista\/\" target=\"_blank\" rel=\"noreferrer noopener\">podcast de Soy Ecoturista<\/a> y en el <a href=\"https:\/\/www.youtube.com\/@SoyEcoturista\" data-type=\"link\" data-id=\"https:\/\/www.youtube.com\/@SoyEcoturista\" target=\"_blank\" rel=\"noreferrer noopener\">Canal de YouTube Soy Ecoturista<\/a>. <\/p>\n\n\n\n<figure class=\"wp-block-gallery has-nested-images columns-default is-cropped wp-block-gallery-1 is-layout-flex wp-block-gallery-is-layout-flex\">\n<figure class=\"wp-block-image size-large\"><img loading=\"lazy\" decoding=\"async\" width=\"1024\" height=\"576\" data-id=\"48622\" src=\"https:\/\/www.soyecoturista.com\/asociacion\/wp-content\/uploads\/2025\/10\/Portada_Garrotxa_20_Anos_Modelo_Ecoturista-1024x576.png\" alt=\"\" class=\"wp-image-48622\" srcset=\"https:\/\/www.soyecoturista.com\/asociacion\/wp-content\/uploads\/2025\/10\/Portada_Garrotxa_20_Anos_Modelo_Ecoturista-1024x576.png 1024w, https:\/\/www.soyecoturista.com\/asociacion\/wp-content\/uploads\/2025\/10\/Portada_Garrotxa_20_Anos_Modelo_Ecoturista-300x169.png 300w, https:\/\/www.soyecoturista.com\/asociacion\/wp-content\/uploads\/2025\/10\/Portada_Garrotxa_20_Anos_Modelo_Ecoturista-768x432.png 768w, https:\/\/www.soyecoturista.com\/asociacion\/wp-content\/uploads\/2025\/10\/Portada_Garrotxa_20_Anos_Modelo_Ecoturista-1536x864.png 1536w, https:\/\/www.soyecoturista.com\/asociacion\/wp-content\/uploads\/2025\/10\/Portada_Garrotxa_20_Anos_Modelo_Ecoturista.png 1920w\" sizes=\"auto, (max-width: 1024px) 100vw, 1024px\" \/><\/figure>\n\n\n\n<figure class=\"wp-block-image size-large\"><img loading=\"lazy\" decoding=\"async\" width=\"1024\" height=\"576\" data-id=\"48623\" src=\"https:\/\/www.soyecoturista.com\/asociacion\/wp-content\/uploads\/2025\/10\/Portada_Marinas_Corunesas_La_Tierra_Que_Nos_Da_De_Comer-1024x576.png\" alt=\"\" class=\"wp-image-48623\" srcset=\"https:\/\/www.soyecoturista.com\/asociacion\/wp-content\/uploads\/2025\/10\/Portada_Marinas_Corunesas_La_Tierra_Que_Nos_Da_De_Comer-1024x576.png 1024w, https:\/\/www.soyecoturista.com\/asociacion\/wp-content\/uploads\/2025\/10\/Portada_Marinas_Corunesas_La_Tierra_Que_Nos_Da_De_Comer-300x169.png 300w, https:\/\/www.soyecoturista.com\/asociacion\/wp-content\/uploads\/2025\/10\/Portada_Marinas_Corunesas_La_Tierra_Que_Nos_Da_De_Comer-768x432.png 768w, https:\/\/www.soyecoturista.com\/asociacion\/wp-content\/uploads\/2025\/10\/Portada_Marinas_Corunesas_La_Tierra_Que_Nos_Da_De_Comer-1536x864.png 1536w, https:\/\/www.soyecoturista.com\/asociacion\/wp-content\/uploads\/2025\/10\/Portada_Marinas_Corunesas_La_Tierra_Que_Nos_Da_De_Comer.png 1920w\" sizes=\"auto, (max-width: 1024px) 100vw, 1024px\" \/><\/figure>\n\n\n\n<figure class=\"wp-block-image size-large\"><img loading=\"lazy\" decoding=\"async\" width=\"1024\" height=\"576\" data-id=\"48624\" src=\"https:\/\/www.soyecoturista.com\/asociacion\/wp-content\/uploads\/2025\/10\/Portada_Sierra_Espuna_Ecoturismo_Modelo_Desarrollo-1024x576.png\" alt=\"\" class=\"wp-image-48624\" srcset=\"https:\/\/www.soyecoturista.com\/asociacion\/wp-content\/uploads\/2025\/10\/Portada_Sierra_Espuna_Ecoturismo_Modelo_Desarrollo-1024x576.png 1024w, https:\/\/www.soyecoturista.com\/asociacion\/wp-content\/uploads\/2025\/10\/Portada_Sierra_Espuna_Ecoturismo_Modelo_Desarrollo-300x169.png 300w, https:\/\/www.soyecoturista.com\/asociacion\/wp-content\/uploads\/2025\/10\/Portada_Sierra_Espuna_Ecoturismo_Modelo_Desarrollo-768x432.png 768w, https:\/\/www.soyecoturista.com\/asociacion\/wp-content\/uploads\/2025\/10\/Portada_Sierra_Espuna_Ecoturismo_Modelo_Desarrollo-1536x864.png 1536w, https:\/\/www.soyecoturista.com\/asociacion\/wp-content\/uploads\/2025\/10\/Portada_Sierra_Espuna_Ecoturismo_Modelo_Desarrollo.png 1920w\" sizes=\"auto, (max-width: 1024px) 100vw, 1024px\" \/><\/figure>\n\n\n\n<figure class=\"wp-block-image size-large\"><img loading=\"lazy\" decoding=\"async\" width=\"1024\" height=\"576\" data-id=\"48625\" src=\"https:\/\/www.soyecoturista.com\/asociacion\/wp-content\/uploads\/2025\/10\/Portada_Sobrarbe_Destino_4_Coronas_UNESCO-1024x576.png\" alt=\"\" class=\"wp-image-48625\" srcset=\"https:\/\/www.soyecoturista.com\/asociacion\/wp-content\/uploads\/2025\/10\/Portada_Sobrarbe_Destino_4_Coronas_UNESCO-1024x576.png 1024w, https:\/\/www.soyecoturista.com\/asociacion\/wp-content\/uploads\/2025\/10\/Portada_Sobrarbe_Destino_4_Coronas_UNESCO-300x169.png 300w, https:\/\/www.soyecoturista.com\/asociacion\/wp-content\/uploads\/2025\/10\/Portada_Sobrarbe_Destino_4_Coronas_UNESCO-768x432.png 768w, https:\/\/www.soyecoturista.com\/asociacion\/wp-content\/uploads\/2025\/10\/Portada_Sobrarbe_Destino_4_Coronas_UNESCO-1536x864.png 1536w, https:\/\/www.soyecoturista.com\/asociacion\/wp-content\/uploads\/2025\/10\/Portada_Sobrarbe_Destino_4_Coronas_UNESCO.png 1920w\" sizes=\"auto, (max-width: 1024px) 100vw, 1024px\" \/><\/figure>\n\n\n\n<figure class=\"wp-block-image size-large\"><img loading=\"lazy\" decoding=\"async\" width=\"1024\" height=\"576\" data-id=\"48626\" src=\"https:\/\/www.soyecoturista.com\/asociacion\/wp-content\/uploads\/2025\/10\/Portada_Soy_Ecoturista_Generico_Red_Experiencias_Ecoturismo_Espana-1024x576.png\" alt=\"\" class=\"wp-image-48626\" srcset=\"https:\/\/www.soyecoturista.com\/asociacion\/wp-content\/uploads\/2025\/10\/Portada_Soy_Ecoturista_Generico_Red_Experiencias_Ecoturismo_Espana-1024x576.png 1024w, https:\/\/www.soyecoturista.com\/asociacion\/wp-content\/uploads\/2025\/10\/Portada_Soy_Ecoturista_Generico_Red_Experiencias_Ecoturismo_Espana-300x169.png 300w, https:\/\/www.soyecoturista.com\/asociacion\/wp-content\/uploads\/2025\/10\/Portada_Soy_Ecoturista_Generico_Red_Experiencias_Ecoturismo_Espana-768x432.png 768w, https:\/\/www.soyecoturista.com\/asociacion\/wp-content\/uploads\/2025\/10\/Portada_Soy_Ecoturista_Generico_Red_Experiencias_Ecoturismo_Espana-1536x864.png 1536w, https:\/\/www.soyecoturista.com\/asociacion\/wp-content\/uploads\/2025\/10\/Portada_Soy_Ecoturista_Generico_Red_Experiencias_Ecoturismo_Espana.png 1920w\" sizes=\"auto, (max-width: 1024px) 100vw, 1024px\" \/><\/figure>\n\n\n\n<figure class=\"wp-block-image size-large\"><img loading=\"lazy\" decoding=\"async\" width=\"1024\" height=\"576\" data-id=\"48627\" src=\"https:\/\/www.soyecoturista.com\/asociacion\/wp-content\/uploads\/2025\/10\/Portada_Urdaibai_Historia_Turismo-1024x576.png\" alt=\"\" class=\"wp-image-48627\" srcset=\"https:\/\/www.soyecoturista.com\/asociacion\/wp-content\/uploads\/2025\/10\/Portada_Urdaibai_Historia_Turismo-1024x576.png 1024w, https:\/\/www.soyecoturista.com\/asociacion\/wp-content\/uploads\/2025\/10\/Portada_Urdaibai_Historia_Turismo-300x169.png 300w, https:\/\/www.soyecoturista.com\/asociacion\/wp-content\/uploads\/2025\/10\/Portada_Urdaibai_Historia_Turismo-768x432.png 768w, https:\/\/www.soyecoturista.com\/asociacion\/wp-content\/uploads\/2025\/10\/Portada_Urdaibai_Historia_Turismo-1536x864.png 1536w, https:\/\/www.soyecoturista.com\/asociacion\/wp-content\/uploads\/2025\/10\/Portada_Urdaibai_Historia_Turismo.png 1920w\" sizes=\"auto, (max-width: 1024px) 100vw, 1024px\" \/><\/figure>\n<\/figure>\n\n\n\n<figure class=\"wp-block-image size-full\"><img loading=\"lazy\" decoding=\"async\" width=\"869\" height=\"126\" src=\"https:\/\/www.soyecoturista.com\/asociacion\/wp-content\/uploads\/2025\/10\/Logos_Pie_Documento_PEEE.png\" alt=\"\" class=\"wp-image-48633\" srcset=\"https:\/\/www.soyecoturista.com\/asociacion\/wp-content\/uploads\/2025\/10\/Logos_Pie_Documento_PEEE.png 869w, https:\/\/www.soyecoturista.com\/asociacion\/wp-content\/uploads\/2025\/10\/Logos_Pie_Documento_PEEE-300x43.png 300w, https:\/\/www.soyecoturista.com\/asociacion\/wp-content\/uploads\/2025\/10\/Logos_Pie_Documento_PEEE-768x111.png 768w\" sizes=\"auto, (max-width: 869px) 100vw, 869px\" \/><\/figure>\n\n\n\n<hr class=\"wp-block-separator has-alpha-channel-opacity\"\/>\n\n\n\n<h3 class=\"wp-block-heading\"><strong>Sobre la Asociaci\u00f3n de Ecoturismo en Espa\u00f1a<\/strong><\/h3>\n\n\n\n<p>La&nbsp;<a href=\"https:\/\/www.soyecoturista.com\/asociacion\/\" target=\"_blank\" rel=\"noreferrer noopener\">Asociaci\u00f3n de Ecoturismo en Espa\u00f1a<\/a>&nbsp;(AEE) es una asociaci\u00f3n sin \u00e1nimo de lucro y de car\u00e1cter p\u00fablico-privado creada en 2010 para fomentar el ecoturismo en los espacios protegidos y compuesta principalmente por asociaciones de empresarios de turismo ubicadas en espacios naturales, entidades gestoras de espacios protegidos, administraciones p\u00fablicas implicadas en la gesti\u00f3n tur\u00edstica de \u00e9stos, grupos de desarrollo rural, entidades de conservaci\u00f3n de la naturaleza, universidades y empresas especializadas en turismo.<\/p>\n\n\n\n<p>La AEE es la entidad que gestiona el club de producto Ecoturismo en Espa\u00f1a, con apoyo de la Secretar\u00eda de Estado de Turismo. Es una iniciativa pionera que ofrece experiencias de ecoturismo en espacios naturales protegidos, garantizando al viajero su contribuci\u00f3n al desarrollo local y a la conservaci\u00f3n de la biodiversidad. Actualmente agrupa 53 destinos y m\u00e1s de 800 empresas que, bajo la marca&nbsp;<a href=\"http:\/\/www.soyecoturista.com\/\" target=\"_blank\" rel=\"noreferrer noopener\">Soy Ecoturista<\/a>, asumen su compromiso con el desarrollo sostenible.<br><br><\/p>\n","protected":false},"excerpt":{"rendered":"<p>La nueva serie de Soy Ecoturista se llama &#8216;Hablemos de Ecoturismo&#8217; y se estrena el 16 de octubre YouTube La Asociaci\u00f3n de Ecoturismo en Espa\u00f1a (AEE) lanza una nueva serie [&hellip;]<\/p>\n","protected":false},"author":99,"featured_media":48628,"comment_status":"open","ping_status":"open","sticky":false,"template":"","format":"standard","meta":{"_acf_changed":false,"footnotes":""},"categories":[4],"tags":[11,14,33,106,1399],"class_list":["post-48621","post","type-post","status-publish","format-standard","has-post-thumbnail","hentry","category-noticias","tag-ecoturismo","tag-ecoturismo-en-espana","tag-espacios-protegidos","tag-turismo-sostenible","tag-videopodcast"],"acf":[],"_links":{"self":[{"href":"https:\/\/www.soyecoturista.com\/asociacion\/wp-json\/wp\/v2\/posts\/48621","targetHints":{"allow":["GET"]}}],"collection":[{"href":"https:\/\/www.soyecoturista.com\/asociacion\/wp-json\/wp\/v2\/posts"}],"about":[{"href":"https:\/\/www.soyecoturista.com\/asociacion\/wp-json\/wp\/v2\/types\/post"}],"author":[{"embeddable":true,"href":"https:\/\/www.soyecoturista.com\/asociacion\/wp-json\/wp\/v2\/users\/99"}],"replies":[{"embeddable":true,"href":"https:\/\/www.soyecoturista.com\/asociacion\/wp-json\/wp\/v2\/comments?post=48621"}],"version-history":[{"count":10,"href":"https:\/\/www.soyecoturista.com\/asociacion\/wp-json\/wp\/v2\/posts\/48621\/revisions"}],"predecessor-version":[{"id":48780,"href":"https:\/\/www.soyecoturista.com\/asociacion\/wp-json\/wp\/v2\/posts\/48621\/revisions\/48780"}],"wp:featuredmedia":[{"embeddable":true,"href":"https:\/\/www.soyecoturista.com\/asociacion\/wp-json\/wp\/v2\/media\/48628"}],"wp:attachment":[{"href":"https:\/\/www.soyecoturista.com\/asociacion\/wp-json\/wp\/v2\/media?parent=48621"}],"wp:term":[{"taxonomy":"category","embeddable":true,"href":"https:\/\/www.soyecoturista.com\/asociacion\/wp-json\/wp\/v2\/categories?post=48621"},{"taxonomy":"post_tag","embeddable":true,"href":"https:\/\/www.soyecoturista.com\/asociacion\/wp-json\/wp\/v2\/tags?post=48621"}],"curies":[{"name":"wp","href":"https:\/\/api.w.org\/{rel}","templated":true}]}}