{"id":48527,"date":"2025-10-06T10:11:54","date_gmt":"2025-10-06T08:11:54","guid":{"rendered":"https:\/\/www.soyecoturista.com\/asociacion\/?p=48527"},"modified":"2025-10-06T10:11:58","modified_gmt":"2025-10-06T08:11:58","slug":"escapadas-otono-naturaleza","status":"publish","type":"post","link":"https:\/\/www.soyecoturista.com\/asociacion\/escapadas-otono-naturaleza\/","title":{"rendered":"Escapadas de oto\u00f1o: planes de aut\u00e9ntico ecoturismo para conectar con la naturaleza"},"content":{"rendered":"\n<p>\u00bfBuscas escapadas de oto\u00f1o que combinen naturaleza, cultura local y sostenibilidad real? En Soy Ecoturista te proponemos experiencias dise\u00f1adas por empresas adheridas y certificadas que trabajan con el territorio y contribuyen a su conservaci\u00f3n. Porque viajar tambi\u00e9n es conservar y proteger y cuando reservas con nuestras empresas, apoyas la gesti\u00f3n responsable de los espacios naturales y el desarrollo local.<\/p>\n\n\n\n<p>Te mostramos a continuaci\u00f3n algunas de las muchas escapadas que puedes descubrir en nuestra plataforma Soy Ecoturista.<\/p>\n\n\n\n<p><strong>Capturando la esencia oto\u00f1al en el Geoparque Sobrarbe\u2013Pirineos (Huesca)<\/strong><\/p>\n\n\n<div class=\"wp-block-image\">\n<figure class=\"aligncenter size-large\"><img loading=\"lazy\" decoding=\"async\" width=\"1024\" height=\"544\" src=\"https:\/\/www.soyecoturista.com\/asociacion\/wp-content\/uploads\/2025\/10\/experiencias_20984_experienciaeii2_20984_05_66d18fe33257c-1024x544.jpg\" alt=\"\" class=\"wp-image-48529\" srcset=\"https:\/\/www.soyecoturista.com\/asociacion\/wp-content\/uploads\/2025\/10\/experiencias_20984_experienciaeii2_20984_05_66d18fe33257c-1024x544.jpg 1024w, https:\/\/www.soyecoturista.com\/asociacion\/wp-content\/uploads\/2025\/10\/experiencias_20984_experienciaeii2_20984_05_66d18fe33257c-300x159.jpg 300w, https:\/\/www.soyecoturista.com\/asociacion\/wp-content\/uploads\/2025\/10\/experiencias_20984_experienciaeii2_20984_05_66d18fe33257c-768x408.jpg 768w, https:\/\/www.soyecoturista.com\/asociacion\/wp-content\/uploads\/2025\/10\/experiencias_20984_experienciaeii2_20984_05_66d18fe33257c.jpg 1280w\" sizes=\"auto, (max-width: 1024px) 100vw, 1024px\" \/><\/figure>\n<\/div>\n\n\n<p>Un mosaico de monta\u00f1as, ca\u00f1ones y bosques atl\u00e1nticos te esperan en pleno Pirineo aragon\u00e9s. En el <a href=\"https:\/\/soyecoturista.com\/es\/ecoturismo-sobrarbe\">Geoparque Sobrarbe-Pirineos<\/a>, el Parque Nacional de Ordesa y Monte Perdido regala paisajes ic\u00f3nicos como el Valle de Ordesa, el Ca\u00f1\u00f3n de A\u00f1isclo o el Valle de Bujaruelo, con bosques de hayas que en oto\u00f1o estallan en amarillos y rojos, cascadas, y miradores a 2.200 m con vistas de infarto. Es un lugar ideal para senderismo interpretativo, observaci\u00f3n de fauna y fotograf\u00eda de paisaje.<\/p>\n\n\n\n<p>Desde Soy Ecoturista te proponemos la escapada \u201c<a href=\"https:\/\/soyecoturista.com\/es\/actividad\/capturando-la-esencia-otonal\/escapadas-ecoturismo\">Capturando la esencia oto\u00f1al<\/a>\u201d, un taller fotogr\u00e1fico inmersivo de 4 d\u00edas por Ordesa, A\u00f1isclo y Bujaruelo que se realizar\u00e1 del 24 al 27 de octubre, en el pico de color oto\u00f1al. Incluye 3 noches en pensi\u00f3n completa, profesor\/a de fotograf\u00eda de paisaje y nocturna, salidas guiadas diurnas (y opci\u00f3n de atardecer en miradores en 4\u00d74), an\u00e1lisis de portfolios y seguro b\u00e1sico de viaje. Est\u00e1 planteado para grupos reducidos (8\u201314 personas) y cuenta con gu\u00edas en espa\u00f1ol, ingl\u00e9s, holand\u00e9s y alem\u00e1n.&nbsp;<\/p>\n\n\n\n<p>Si te animas, no olvides llevar tu c\u00e1mara r\u00e9flex, tr\u00edpode, ropa y calzado de monta\u00f1a, e impermeable.<\/p>\n\n\n\n<p><strong>Descubriendo los casta\u00f1os \u2018milenarios\u2019 de Apell\u00e1niz, en el Parque Natural de Izki (\u00c1lava)<\/strong><\/p>\n\n\n<div class=\"wp-block-image\">\n<figure class=\"aligncenter size-large\"><img loading=\"lazy\" decoding=\"async\" width=\"1024\" height=\"473\" src=\"https:\/\/www.soyecoturista.com\/asociacion\/wp-content\/uploads\/2025\/10\/experiencias_22390_experienciaeii2_22390_03_67bd8f7a9bf40-1024x473.jpg\" alt=\"\" class=\"wp-image-48531\" srcset=\"https:\/\/www.soyecoturista.com\/asociacion\/wp-content\/uploads\/2025\/10\/experiencias_22390_experienciaeii2_22390_03_67bd8f7a9bf40-1024x473.jpg 1024w, https:\/\/www.soyecoturista.com\/asociacion\/wp-content\/uploads\/2025\/10\/experiencias_22390_experienciaeii2_22390_03_67bd8f7a9bf40-300x138.jpg 300w, https:\/\/www.soyecoturista.com\/asociacion\/wp-content\/uploads\/2025\/10\/experiencias_22390_experienciaeii2_22390_03_67bd8f7a9bf40-768x354.jpg 768w, https:\/\/www.soyecoturista.com\/asociacion\/wp-content\/uploads\/2025\/10\/experiencias_22390_experienciaeii2_22390_03_67bd8f7a9bf40-1536x709.jpg 1536w, https:\/\/www.soyecoturista.com\/asociacion\/wp-content\/uploads\/2025\/10\/experiencias_22390_experienciaeii2_22390_03_67bd8f7a9bf40.jpg 1920w\" sizes=\"auto, (max-width: 1024px) 100vw, 1024px\" \/><\/figure>\n<\/div>\n\n\n<p>En el <a href=\"https:\/\/soyecoturista.com\/es\/actividad\/parque-natural-de-izki\">Parque natural de Izki<\/a>, en la Monta\u00f1a Alavesa, el oto\u00f1o ti\u00f1e de color el bosque atl\u00e1ntico de robledales, hayedos y brezales, que est\u00e1 salpicado de pueblos con identidad y tradiciones vivas. Concretamente en Apell\u00e1niz, encontramos el casta\u00f1ar mejor conservado de Euskadi que acoge casta\u00f1os centenarios y \u201cmilenarios\u201d, un patrimonio natural y cultural que se mima en comunidad. Como ves, es un destino perfecto para senderismo suave, turismo familiar y educaci\u00f3n ambiental.<\/p>\n\n\n\n<p>Para descubrirlo, te proponemos la escapada <a href=\"https:\/\/soyecoturista.com\/es\/actividad\/los-castanos-ldquomilenariosrdquo-de-apellaniz-izki\/escapadas-ecoturismo\">Los casta\u00f1os \u2018milenarios\u2019 de Apell\u00e1niz<\/a> con Agroturismo Izarrate. Se trata de una propuesta activa y educativa para entender el manejo tradicional del casta\u00f1ar: plantaci\u00f3n, injertos, poda y recolecci\u00f3n, y aprender t\u00e9cnicas que favorecen la conservaci\u00f3n del ecosistema. La escapada incluye 2 noches de alojamiento en agroturismo y 1 actividad guiada en el casta\u00f1ar. La actividad es accesible, y tambi\u00e9n es ideal para familias, pudiendo acoger a grupos de hasta 24 personas.<\/p>\n\n\n\n<p><strong>\u00bfPor qu\u00e9 reservar tus escapadas de oto\u00f1o con Soy Ecoturista?<\/strong><\/p>\n\n\n\n<p>En Soy Ecoturista cada escapada es mucho m\u00e1s que un viaje: es una forma de descubrir un territorio desde dentro, de la mano de empresas locales adheridas que conocen, respetan y protegen su entorno. Al elegir estas experiencias no solo disfrutas de una vivencia aut\u00e9ntica, dise\u00f1ada en grupos reducidos y con gu\u00edas profesionales que garantizan calidad y seguridad, sino que tambi\u00e9n contribuyes de manera directa a la conservaci\u00f3n de los espacios naturales y al desarrollo de las comunidades anfitrionas. Adem\u00e1s, todas nuestras propuestas se pueden reservar de manera sencilla y directa en la plataforma Soy Ecoturista, lo que te asegura cercan\u00eda, confianza y la tranquilidad de saber que tu viaje tiene un impacto positivo real.<\/p>\n\n\n\n<p><strong>Cierra el port\u00e1til y abre los sentidos&nbsp;<\/strong><\/p>\n\n\n\n<p>Este oto\u00f1o, reg\u00e1late tiempo para respirar bosques vivos, aprender de quienes cuidan la naturaleza y volver a casa sabiendo que tu viaje suma. Descubre estas y muchas m\u00e1s escapadas en Soy Ecoturista, y recuerda: viajamos para disfrutar\u2026 y tambi\u00e9n para conservar y proteger.<\/p>\n","protected":false},"excerpt":{"rendered":"<p>\u00bfBuscas escapadas de oto\u00f1o que combinen naturaleza, cultura local y sostenibilidad real? En Soy Ecoturista te proponemos experiencias dise\u00f1adas por empresas adheridas y certificadas que trabajan con el territorio y [&hellip;]<\/p>\n","protected":false},"author":5,"featured_media":48528,"comment_status":"open","ping_status":"closed","sticky":false,"template":"","format":"standard","meta":{"_acf_changed":false,"footnotes":""},"categories":[3],"tags":[39,1397,11,14,1053,33,82,55,1008,1395,16,30,1393,106],"class_list":["post-48527","post","type-post","status-publish","format-standard","has-post-thumbnail","hentry","category-blog","tag-soyecoturista","tag-alava","tag-ecoturismo","tag-ecoturismo-en-espana","tag-escapadas","tag-espacios-protegidos","tag-experiencias","tag-geoparque","tag-geoparque-sobrarbe-pirineos","tag-izki","tag-naturaleza","tag-observatorio-de-ecoturismo","tag-taller-fotografico","tag-turismo-sostenible"],"acf":[],"_links":{"self":[{"href":"https:\/\/www.soyecoturista.com\/asociacion\/wp-json\/wp\/v2\/posts\/48527","targetHints":{"allow":["GET"]}}],"collection":[{"href":"https:\/\/www.soyecoturista.com\/asociacion\/wp-json\/wp\/v2\/posts"}],"about":[{"href":"https:\/\/www.soyecoturista.com\/asociacion\/wp-json\/wp\/v2\/types\/post"}],"author":[{"embeddable":true,"href":"https:\/\/www.soyecoturista.com\/asociacion\/wp-json\/wp\/v2\/users\/5"}],"replies":[{"embeddable":true,"href":"https:\/\/www.soyecoturista.com\/asociacion\/wp-json\/wp\/v2\/comments?post=48527"}],"version-history":[{"count":1,"href":"https:\/\/www.soyecoturista.com\/asociacion\/wp-json\/wp\/v2\/posts\/48527\/revisions"}],"predecessor-version":[{"id":48532,"href":"https:\/\/www.soyecoturista.com\/asociacion\/wp-json\/wp\/v2\/posts\/48527\/revisions\/48532"}],"wp:featuredmedia":[{"embeddable":true,"href":"https:\/\/www.soyecoturista.com\/asociacion\/wp-json\/wp\/v2\/media\/48528"}],"wp:attachment":[{"href":"https:\/\/www.soyecoturista.com\/asociacion\/wp-json\/wp\/v2\/media?parent=48527"}],"wp:term":[{"taxonomy":"category","embeddable":true,"href":"https:\/\/www.soyecoturista.com\/asociacion\/wp-json\/wp\/v2\/categories?post=48527"},{"taxonomy":"post_tag","embeddable":true,"href":"https:\/\/www.soyecoturista.com\/asociacion\/wp-json\/wp\/v2\/tags?post=48527"}],"curies":[{"name":"wp","href":"https:\/\/api.w.org\/{rel}","templated":true}]}}