{"id":48146,"date":"2025-09-19T11:14:14","date_gmt":"2025-09-19T09:14:14","guid":{"rendered":"https:\/\/www.soyecoturista.com\/asociacion\/?p=48146"},"modified":"2025-09-19T11:14:16","modified_gmt":"2025-09-19T09:14:16","slug":"foro-cets-urdaibai-turismo-responsable","status":"publish","type":"post","link":"https:\/\/www.soyecoturista.com\/asociacion\/foro-cets-urdaibai-turismo-responsable\/","title":{"rendered":"Foro Permanente de la CETS en Urdaibai: tejiendo alianzas para un turismo responsable"},"content":{"rendered":"\n<h2 class=\"wp-block-heading\">Datos del destino: <strong>Urdaibai<\/strong><\/h2>\n\n\n\n<ul class=\"wp-block-list\">\n<li><strong>Destino:<\/strong> Reserva de la Biosfera de Urdaibai<\/li>\n\n\n\n<li><strong>Entidad:<\/strong> Servicio de la Reserva de la Biosfera de Urdaibai y ADR Urremendi <\/li>\n\n\n\n<li><strong>Comunidad aut\u00f3noma:<\/strong> Euskadi \/ Pa\u00eds Vasco <\/li>\n\n\n\n<li><strong>Web:<\/strong> <a href=\"https:\/\/www.urdaibai.eus\/es\/busturialdea-urdaibai-celebra-el-iv-foro-permanente-de-turismo-sostenible-con-la-adhesion-de-9-nuevas-empresas-a-la-carta-europea-de-turismo-sostenible\/\" target=\"_blank\" rel=\"noreferrer noopener\">www.urdaibai.eus<\/a><\/li>\n<\/ul>\n\n\n\n<h1 class=\"wp-block-heading\">Foro Permanente de la CETS en Urdaibai: tejiendo alianzas para un turismo responsable<\/h1>\n\n\n\n<div style=\"height:35px\" aria-hidden=\"true\" class=\"wp-block-spacer\"><\/div>\n\n\n\n<div class=\"wp-block-columns is-layout-flex wp-container-core-columns-is-layout-9d6595d7 wp-block-columns-is-layout-flex\">\n<div class=\"wp-block-column is-vertically-aligned-center is-layout-flow wp-block-column-is-layout-flow\"><div class=\"wp-block-image\">\n<figure data-wp-context=\"{&quot;imageId&quot;:&quot;69ef3a391870c&quot;}\" data-wp-interactive=\"core\/image\" data-wp-key=\"69ef3a391870c\" class=\"aligncenter size-full wp-lightbox-container\"><img loading=\"lazy\" decoding=\"async\" width=\"2048\" height=\"1536\" data-wp-class--hide=\"state.isContentHidden\" data-wp-class--show=\"state.isContentVisible\" data-wp-init=\"callbacks.setButtonStyles\" data-wp-on--click=\"actions.showLightbox\" data-wp-on--load=\"callbacks.setButtonStyles\" data-wp-on-window--resize=\"callbacks.setButtonStyles\" src=\"https:\/\/www.soyecoturista.com\/asociacion\/wp-content\/uploads\/2025\/09\/WhatsApp-Image-2025-01-29-at-10.25.26-AM-2.jpg\" alt=\"\" class=\"wp-image-48155\" style=\"aspect-ratio:3\/2;object-fit:cover\" srcset=\"https:\/\/www.soyecoturista.com\/asociacion\/wp-content\/uploads\/2025\/09\/WhatsApp-Image-2025-01-29-at-10.25.26-AM-2.jpg 2048w, https:\/\/www.soyecoturista.com\/asociacion\/wp-content\/uploads\/2025\/09\/WhatsApp-Image-2025-01-29-at-10.25.26-AM-2-300x225.jpg 300w, https:\/\/www.soyecoturista.com\/asociacion\/wp-content\/uploads\/2025\/09\/WhatsApp-Image-2025-01-29-at-10.25.26-AM-2-1024x768.jpg 1024w, https:\/\/www.soyecoturista.com\/asociacion\/wp-content\/uploads\/2025\/09\/WhatsApp-Image-2025-01-29-at-10.25.26-AM-2-768x576.jpg 768w, https:\/\/www.soyecoturista.com\/asociacion\/wp-content\/uploads\/2025\/09\/WhatsApp-Image-2025-01-29-at-10.25.26-AM-2-1536x1152.jpg 1536w\" sizes=\"auto, (max-width: 2048px) 100vw, 2048px\" \/><button\n\t\t\tclass=\"lightbox-trigger\"\n\t\t\ttype=\"button\"\n\t\t\taria-haspopup=\"dialog\"\n\t\t\taria-label=\"Agrandar\"\n\t\t\tdata-wp-init=\"callbacks.initTriggerButton\"\n\t\t\tdata-wp-on--click=\"actions.showLightbox\"\n\t\t\tdata-wp-style--right=\"state.imageButtonRight\"\n\t\t\tdata-wp-style--top=\"state.imageButtonTop\"\n\t\t>\n\t\t\t<svg xmlns=\"http:\/\/www.w3.org\/2000\/svg\" width=\"12\" height=\"12\" fill=\"none\" viewBox=\"0 0 12 12\">\n\t\t\t\t<path fill=\"#fff\" d=\"M2 0a2 2 0 0 0-2 2v2h1.5V2a.5.5 0 0 1 .5-.5h2V0H2Zm2 10.5H2a.5.5 0 0 1-.5-.5V8H0v2a2 2 0 0 0 2 2h2v-1.5ZM8 12v-1.5h2a.5.5 0 0 0 .5-.5V8H12v2a2 2 0 0 1-2 2H8Zm2-12a2 2 0 0 1 2 2v2h-1.5V2a.5.5 0 0 0-.5-.5H8V0h2Z\" \/>\n\t\t\t<\/svg>\n\t\t<\/button><\/figure>\n<\/div><\/div>\n\n\n\n<div class=\"wp-block-column is-vertically-aligned-center is-layout-flow wp-block-column-is-layout-flow\"><div class=\"wp-block-image\">\n<figure data-wp-context=\"{&quot;imageId&quot;:&quot;69ef3a3919463&quot;}\" data-wp-interactive=\"core\/image\" data-wp-key=\"69ef3a3919463\" class=\"aligncenter size-full wp-lightbox-container\"><img loading=\"lazy\" decoding=\"async\" width=\"1024\" height=\"768\" data-wp-class--hide=\"state.isContentHidden\" data-wp-class--show=\"state.isContentVisible\" data-wp-init=\"callbacks.setButtonStyles\" data-wp-on--click=\"actions.showLightbox\" data-wp-on--load=\"callbacks.setButtonStyles\" data-wp-on-window--resize=\"callbacks.setButtonStyles\" src=\"https:\/\/www.soyecoturista.com\/asociacion\/wp-content\/uploads\/2025\/09\/WhatsApp-Image-2019-12-05-at-10.36.53.jpg\" alt=\"\" class=\"wp-image-48153\" style=\"aspect-ratio:3\/2;object-fit:cover\" srcset=\"https:\/\/www.soyecoturista.com\/asociacion\/wp-content\/uploads\/2025\/09\/WhatsApp-Image-2019-12-05-at-10.36.53.jpg 1024w, https:\/\/www.soyecoturista.com\/asociacion\/wp-content\/uploads\/2025\/09\/WhatsApp-Image-2019-12-05-at-10.36.53-300x225.jpg 300w, https:\/\/www.soyecoturista.com\/asociacion\/wp-content\/uploads\/2025\/09\/WhatsApp-Image-2019-12-05-at-10.36.53-768x576.jpg 768w\" sizes=\"auto, (max-width: 1024px) 100vw, 1024px\" \/><button\n\t\t\tclass=\"lightbox-trigger\"\n\t\t\ttype=\"button\"\n\t\t\taria-haspopup=\"dialog\"\n\t\t\taria-label=\"Agrandar\"\n\t\t\tdata-wp-init=\"callbacks.initTriggerButton\"\n\t\t\tdata-wp-on--click=\"actions.showLightbox\"\n\t\t\tdata-wp-style--right=\"state.imageButtonRight\"\n\t\t\tdata-wp-style--top=\"state.imageButtonTop\"\n\t\t>\n\t\t\t<svg xmlns=\"http:\/\/www.w3.org\/2000\/svg\" width=\"12\" height=\"12\" fill=\"none\" viewBox=\"0 0 12 12\">\n\t\t\t\t<path fill=\"#fff\" d=\"M2 0a2 2 0 0 0-2 2v2h1.5V2a.5.5 0 0 1 .5-.5h2V0H2Zm2 10.5H2a.5.5 0 0 1-.5-.5V8H0v2a2 2 0 0 0 2 2h2v-1.5ZM8 12v-1.5h2a.5.5 0 0 0 .5-.5V8H12v2a2 2 0 0 1-2 2H8Zm2-12a2 2 0 0 1 2 2v2h-1.5V2a.5.5 0 0 0-.5-.5H8V0h2Z\" \/>\n\t\t\t<\/svg>\n\t\t<\/button><\/figure>\n<\/div><\/div>\n\n\n\n<div class=\"wp-block-column is-vertically-aligned-center is-layout-flow wp-block-column-is-layout-flow\"><div class=\"wp-block-image\">\n<figure data-wp-context=\"{&quot;imageId&quot;:&quot;69ef3a3919b95&quot;}\" data-wp-interactive=\"core\/image\" data-wp-key=\"69ef3a3919b95\" class=\"aligncenter size-full wp-lightbox-container\"><img loading=\"lazy\" decoding=\"async\" width=\"1600\" height=\"1200\" data-wp-class--hide=\"state.isContentHidden\" data-wp-class--show=\"state.isContentVisible\" data-wp-init=\"callbacks.setButtonStyles\" data-wp-on--click=\"actions.showLightbox\" data-wp-on--load=\"callbacks.setButtonStyles\" data-wp-on-window--resize=\"callbacks.setButtonStyles\" src=\"https:\/\/www.soyecoturista.com\/asociacion\/wp-content\/uploads\/2025\/09\/2c1460cf-b234-477d-80a2-a09dacf7a0f6.jpg\" alt=\"\" class=\"wp-image-48154\" style=\"aspect-ratio:3\/2;object-fit:cover\" srcset=\"https:\/\/www.soyecoturista.com\/asociacion\/wp-content\/uploads\/2025\/09\/2c1460cf-b234-477d-80a2-a09dacf7a0f6.jpg 1600w, https:\/\/www.soyecoturista.com\/asociacion\/wp-content\/uploads\/2025\/09\/2c1460cf-b234-477d-80a2-a09dacf7a0f6-300x225.jpg 300w, https:\/\/www.soyecoturista.com\/asociacion\/wp-content\/uploads\/2025\/09\/2c1460cf-b234-477d-80a2-a09dacf7a0f6-1024x768.jpg 1024w, https:\/\/www.soyecoturista.com\/asociacion\/wp-content\/uploads\/2025\/09\/2c1460cf-b234-477d-80a2-a09dacf7a0f6-768x576.jpg 768w, https:\/\/www.soyecoturista.com\/asociacion\/wp-content\/uploads\/2025\/09\/2c1460cf-b234-477d-80a2-a09dacf7a0f6-1536x1152.jpg 1536w\" sizes=\"auto, (max-width: 1600px) 100vw, 1600px\" \/><button\n\t\t\tclass=\"lightbox-trigger\"\n\t\t\ttype=\"button\"\n\t\t\taria-haspopup=\"dialog\"\n\t\t\taria-label=\"Agrandar\"\n\t\t\tdata-wp-init=\"callbacks.initTriggerButton\"\n\t\t\tdata-wp-on--click=\"actions.showLightbox\"\n\t\t\tdata-wp-style--right=\"state.imageButtonRight\"\n\t\t\tdata-wp-style--top=\"state.imageButtonTop\"\n\t\t>\n\t\t\t<svg xmlns=\"http:\/\/www.w3.org\/2000\/svg\" width=\"12\" height=\"12\" fill=\"none\" viewBox=\"0 0 12 12\">\n\t\t\t\t<path fill=\"#fff\" d=\"M2 0a2 2 0 0 0-2 2v2h1.5V2a.5.5 0 0 1 .5-.5h2V0H2Zm2 10.5H2a.5.5 0 0 1-.5-.5V8H0v2a2 2 0 0 0 2 2h2v-1.5ZM8 12v-1.5h2a.5.5 0 0 0 .5-.5V8H12v2a2 2 0 0 1-2 2H8Zm2-12a2 2 0 0 1 2 2v2h-1.5V2a.5.5 0 0 0-.5-.5H8V0h2Z\" \/>\n\t\t\t<\/svg>\n\t\t<\/button><\/figure>\n<\/div><\/div>\n<\/div>\n\n\n\n<p>Urdaibai convoca un <strong>Foro Permanente<\/strong> cuatrimestral que re\u00fane a <strong>m\u00e1s de 40 entidades y empresas tur\u00edsticas multisectoriales<\/strong> para consensuar y aprobar los <strong>planes de acci\u00f3n<\/strong> de la CETS, situando la participaci\u00f3n como eje de un <strong>destino comprometido y responsable<\/strong>. En 2025 se refuerza la implicaci\u00f3n de <strong>ayuntamientos<\/strong> y organizaciones <strong>ambientales y culturales<\/strong>, huyendo de modelos tur\u00edsticos tradicionales cada vez m\u00e1s cuestionados.<\/p>\n\n\n\n<h2 class=\"wp-block-heading\">Agentes implicados y alianzas generadas para la implantaci\u00f3n<\/h2>\n\n\n\n<p>El Foro act\u00faa como <strong>m\u00e1ximo \u00f3rgano de participaci\u00f3n<\/strong> de la CETS en Urdaibai: coordina, delibera y legitima las decisiones estrat\u00e9gicas del destino. La combinaci\u00f3n de administraci\u00f3n, tejido empresarial y entidades ambientales\/culturales asegura <strong>coherencia y corresponsabilidad<\/strong>.<\/p>\n\n\n\n<p>En su ejecuci\u00f3n participan:<\/p>\n\n\n\n<ul class=\"wp-block-list\">\n<li><strong>Servicio de la Reserva de la Biosfera de Urdaibai<\/strong> y <strong>ADR Urremendi<\/strong> \u2014 coordinaci\u00f3n del Foro y de los planes de acci\u00f3n CETS. <\/li>\n\n\n\n<li><strong>Ayuntamientos de la comarca<\/strong> \u2014 participaci\u00f3n activa y alineamiento de pol\u00edticas locales. <\/li>\n\n\n\n<li><strong>Empresas tur\u00edsticas multisectoriales<\/strong> \u2014 adopci\u00f3n de compromisos y mejora continua. <\/li>\n\n\n\n<li><strong>Ekoetxea, Basquetour, Diputaci\u00f3n Foral de Bizkaia, BBK Klima, Urdaibai Bird Center<\/strong> \u2014 soporte t\u00e9cnico, ambiental y de promoci\u00f3n del destino.<\/li>\n<\/ul>\n\n\n\n<h2 class=\"wp-block-heading\">Dificultades en el proceso de implantaci\u00f3n y c\u00f3mo se ha superado.<\/h2>\n\n\n\n<p>La <strong>escasa implicaci\u00f3n de algunos ayuntamientos<\/strong> fue el principal reto. Se abord\u00f3 incrementando su participaci\u00f3n directa en el Foro, visibilizando <strong>ventajas concretas<\/strong> de la CETS y alineando la planificaci\u00f3n municipal con los planes de acci\u00f3n del destino.<\/p>\n\n\n\n<p>Tambi\u00e9n fue necesario <strong>cohesionar el sector tur\u00edstico<\/strong> y asumir que la <strong>participaci\u00f3n activa<\/strong> es clave para aplicar los principios de sostenibilidad. Se super\u00f3 con reuniones y <strong>talleres participativos<\/strong> peri\u00f3dicos que reforzaron el compromiso y una manera <strong>diferente<\/strong> de trabajar en turismo.<\/p>\n\n\n\n<h2 class=\"wp-block-heading\">Beneficios que aporta<\/h2>\n\n\n\n<ul class=\"wp-block-list\">\n<li><strong>Ambientales:<\/strong> decisiones consensuadas que integran criterios CETS y mejoran la gesti\u00f3n del ENP y su entorno. <\/li>\n\n\n\n<li><strong>Sociales:<\/strong> <strong>cohesi\u00f3n<\/strong> del sector, mayor <strong>corresponsabilidad<\/strong> y cultura participativa estable. <\/li>\n\n\n\n<li><strong>Econ\u00f3micos:<\/strong> hoja de ruta com\u00fan que evita dispersiones, orienta inversiones y favorece productos tur\u00edsticos responsables. <\/li>\n\n\n\n<li><strong>Culturales y territoriales:<\/strong> implicaci\u00f3n de organizaciones culturales y ambientales, fortaleciendo identidad de destino. <\/li>\n\n\n\n<li><strong>Innovaci\u00f3n\/replicabilidad:<\/strong> gobernanza participativa <strong>propia de territorios acreditados CETS<\/strong>, replicable en otros ENP.<\/li>\n<\/ul>\n\n\n\n<h2 class=\"wp-block-heading\">Diferenciaci\u00f3n<\/h2>\n\n\n\n<p>No es un \u201cconsejo consultivo\u201d m\u00e1s: el Foro Permanente <strong>decide, consens\u00faa y aprueba<\/strong> los planes de acci\u00f3n del destino CETS. Su regularidad, amplitud de actores y <strong>capacidad vinculante<\/strong> lo convierten en una palanca real de transformaci\u00f3n frente a modelos tur\u00edsticos convencionales.<\/p>\n\n\n\n<p>En definitiva, tras un <strong>primer periodo 2020\u20132024<\/strong>, Urdaibai inicia <strong>2025\u20132029<\/strong> reforzando el Foro como herramienta de <strong>gobernanza<\/strong> y <strong>sostenibilidad<\/strong>. La participaci\u00f3n cuatrimestral de m\u00e1s de 40 actores garantiza continuidad, aprendizaje y una evoluci\u00f3n del destino hacia est\u00e1ndares cada vez m\u00e1s responsables.<\/p>\n\n\n\n<h2 class=\"wp-block-heading\">M\u00e1s informaci\u00f3n<\/h2>\n\n\n\n<p>Inf\u00f3rmate m\u00e1s sobre esta buena practica en su <a href=\"https:\/\/www.urdaibai.eus\/es\/busturialdea-urdaibai-celebra-el-iv-foro-permanente-de-turismo-sostenible-con-la-adhesion-de-9-nuevas-empresas-a-la-carta-europea-de-turismo-sostenible\/\" data-type=\"link\" data-id=\"https:\/\/www.urdaibai.eus\/es\/busturialdea-urdaibai-celebra-el-iv-foro-permanente-de-turismo-sostenible-con-la-adhesion-de-9-nuevas-empresas-a-la-carta-europea-de-turismo-sostenible\/\" target=\"_blank\" rel=\"noreferrer noopener\">pagina web<\/a>.<\/p>\n\n\n\n<div class=\"wp-block-buttons is-content-justification-center is-layout-flex wp-container-core-buttons-is-layout-16018d1d wp-block-buttons-is-layout-flex\"><\/div>\n","protected":false},"excerpt":{"rendered":"<p>Datos del destino: Urdaibai Foro Permanente de la CETS en Urdaibai: tejiendo alianzas para un turismo responsable Urdaibai convoca un Foro Permanente cuatrimestral que re\u00fane a m\u00e1s de 40 entidades [&hellip;]<\/p>\n","protected":false},"author":99,"featured_media":48156,"comment_status":"closed","ping_status":"closed","sticky":false,"template":"","format":"standard","meta":{"_acf_changed":false,"footnotes":""},"categories":[1377,1385],"tags":[],"class_list":["post-48146","post","type-post","status-publish","format-standard","has-post-thumbnail","hentry","category-buenas-practicas-destinos","category-comunicacion-y-sensibilizacion-buenas-practicas-destinos"],"acf":[],"_links":{"self":[{"href":"https:\/\/www.soyecoturista.com\/asociacion\/wp-json\/wp\/v2\/posts\/48146","targetHints":{"allow":["GET"]}}],"collection":[{"href":"https:\/\/www.soyecoturista.com\/asociacion\/wp-json\/wp\/v2\/posts"}],"about":[{"href":"https:\/\/www.soyecoturista.com\/asociacion\/wp-json\/wp\/v2\/types\/post"}],"author":[{"embeddable":true,"href":"https:\/\/www.soyecoturista.com\/asociacion\/wp-json\/wp\/v2\/users\/99"}],"replies":[{"embeddable":true,"href":"https:\/\/www.soyecoturista.com\/asociacion\/wp-json\/wp\/v2\/comments?post=48146"}],"version-history":[{"count":1,"href":"https:\/\/www.soyecoturista.com\/asociacion\/wp-json\/wp\/v2\/posts\/48146\/revisions"}],"predecessor-version":[{"id":48157,"href":"https:\/\/www.soyecoturista.com\/asociacion\/wp-json\/wp\/v2\/posts\/48146\/revisions\/48157"}],"wp:featuredmedia":[{"embeddable":true,"href":"https:\/\/www.soyecoturista.com\/asociacion\/wp-json\/wp\/v2\/media\/48156"}],"wp:attachment":[{"href":"https:\/\/www.soyecoturista.com\/asociacion\/wp-json\/wp\/v2\/media?parent=48146"}],"wp:term":[{"taxonomy":"category","embeddable":true,"href":"https:\/\/www.soyecoturista.com\/asociacion\/wp-json\/wp\/v2\/categories?post=48146"},{"taxonomy":"post_tag","embeddable":true,"href":"https:\/\/www.soyecoturista.com\/asociacion\/wp-json\/wp\/v2\/tags?post=48146"}],"curies":[{"name":"wp","href":"https:\/\/api.w.org\/{rel}","templated":true}]}}