{"id":48141,"date":"2025-09-18T16:40:56","date_gmt":"2025-09-18T14:40:56","guid":{"rendered":"https:\/\/www.soyecoturista.com\/asociacion\/?p=48141"},"modified":"2025-09-18T16:41:57","modified_gmt":"2025-09-18T14:41:57","slug":"promocion-producto-local-montana-alavesa","status":"publish","type":"post","link":"https:\/\/www.soyecoturista.com\/asociacion\/promocion-producto-local-montana-alavesa\/","title":{"rendered":"Promoci\u00f3n del producto local en la Monta\u00f1a Alavesa"},"content":{"rendered":"\n<h2 class=\"wp-block-heading\">Datos del destino: <strong>Parque Natural Izki<\/strong><\/h2>\n\n\n\n<ul class=\"wp-block-list\">\n<li><strong>Destino:<\/strong> Parque Natural de Izki \u2013 Monta\u00f1a Alavesa<\/li>\n\n\n\n<li><strong>Entidad:<\/strong> Asociaci\u00f3n de Desarrollo Rural de Izki<\/li>\n\n\n\n<li><strong>Comunidad aut\u00f3noma:<\/strong> Euskadi \/ Pa\u00eds Vasco <\/li>\n\n\n\n<li><strong>Web:<\/strong> <a href=\"https:\/\/izkiparkea.eus\/es\/web\/izkiparkea\/-\/pico-mediano-y-gesti%C3%B3n-forestal\" target=\"_blank\" rel=\"noreferrer noopener\">www.izkiparkea.eus<\/a><\/li>\n<\/ul>\n\n\n\n<h1 class=\"wp-block-heading\">Promoci\u00f3n del producto local en la Monta\u00f1a Alavesa<\/h1>\n\n\n\n<div style=\"height:35px\" aria-hidden=\"true\" class=\"wp-block-spacer\"><\/div>\n\n\n\n<div class=\"wp-block-columns is-layout-flex wp-container-core-columns-is-layout-9d6595d7 wp-block-columns-is-layout-flex\">\n<div class=\"wp-block-column is-vertically-aligned-center is-layout-flow wp-block-column-is-layout-flow\"><div class=\"wp-block-image\">\n<figure data-wp-context=\"{&quot;imageId&quot;:&quot;69f206521ef04&quot;}\" data-wp-interactive=\"core\/image\" data-wp-key=\"69f206521ef04\" class=\"aligncenter size-full wp-lightbox-container\"><img loading=\"lazy\" decoding=\"async\" width=\"2560\" height=\"1703\" data-wp-class--hide=\"state.isContentHidden\" data-wp-class--show=\"state.isContentVisible\" data-wp-init=\"callbacks.setButtonStyles\" data-wp-on--click=\"actions.showLightbox\" data-wp-on--load=\"callbacks.setButtonStyles\" data-wp-on-window--resize=\"callbacks.setButtonStyles\" src=\"https:\/\/www.soyecoturista.com\/asociacion\/wp-content\/uploads\/2025\/09\/QFL_7244-scaled.jpg\" alt=\"\" class=\"wp-image-48144\" style=\"aspect-ratio:3\/2;object-fit:cover\" srcset=\"https:\/\/www.soyecoturista.com\/asociacion\/wp-content\/uploads\/2025\/09\/QFL_7244-scaled.jpg 2560w, https:\/\/www.soyecoturista.com\/asociacion\/wp-content\/uploads\/2025\/09\/QFL_7244-300x200.jpg 300w, https:\/\/www.soyecoturista.com\/asociacion\/wp-content\/uploads\/2025\/09\/QFL_7244-1024x681.jpg 1024w, https:\/\/www.soyecoturista.com\/asociacion\/wp-content\/uploads\/2025\/09\/QFL_7244-768x511.jpg 768w, https:\/\/www.soyecoturista.com\/asociacion\/wp-content\/uploads\/2025\/09\/QFL_7244-1536x1022.jpg 1536w, https:\/\/www.soyecoturista.com\/asociacion\/wp-content\/uploads\/2025\/09\/QFL_7244-2048x1363.jpg 2048w\" sizes=\"auto, (max-width: 2560px) 100vw, 2560px\" \/><button\n\t\t\tclass=\"lightbox-trigger\"\n\t\t\ttype=\"button\"\n\t\t\taria-haspopup=\"dialog\"\n\t\t\taria-label=\"Agrandar\"\n\t\t\tdata-wp-init=\"callbacks.initTriggerButton\"\n\t\t\tdata-wp-on--click=\"actions.showLightbox\"\n\t\t\tdata-wp-style--right=\"state.imageButtonRight\"\n\t\t\tdata-wp-style--top=\"state.imageButtonTop\"\n\t\t>\n\t\t\t<svg xmlns=\"http:\/\/www.w3.org\/2000\/svg\" width=\"12\" height=\"12\" fill=\"none\" viewBox=\"0 0 12 12\">\n\t\t\t\t<path fill=\"#fff\" d=\"M2 0a2 2 0 0 0-2 2v2h1.5V2a.5.5 0 0 1 .5-.5h2V0H2Zm2 10.5H2a.5.5 0 0 1-.5-.5V8H0v2a2 2 0 0 0 2 2h2v-1.5ZM8 12v-1.5h2a.5.5 0 0 0 .5-.5V8H12v2a2 2 0 0 1-2 2H8Zm2-12a2 2 0 0 1 2 2v2h-1.5V2a.5.5 0 0 0-.5-.5H8V0h2Z\" \/>\n\t\t\t<\/svg>\n\t\t<\/button><\/figure>\n<\/div><\/div>\n\n\n\n<div class=\"wp-block-column is-vertically-aligned-center is-layout-flow wp-block-column-is-layout-flow\"><div class=\"wp-block-image\">\n<figure data-wp-context=\"{&quot;imageId&quot;:&quot;69f20652205d1&quot;}\" data-wp-interactive=\"core\/image\" data-wp-key=\"69f20652205d1\" class=\"aligncenter size-full wp-lightbox-container\"><img loading=\"lazy\" decoding=\"async\" width=\"2048\" height=\"1536\" data-wp-class--hide=\"state.isContentHidden\" data-wp-class--show=\"state.isContentVisible\" data-wp-init=\"callbacks.setButtonStyles\" data-wp-on--click=\"actions.showLightbox\" data-wp-on--load=\"callbacks.setButtonStyles\" data-wp-on-window--resize=\"callbacks.setButtonStyles\" src=\"https:\/\/www.soyecoturista.com\/asociacion\/wp-content\/uploads\/2025\/09\/miradorIzki.jpg\" alt=\"\" class=\"wp-image-48143\" style=\"aspect-ratio:3\/2;object-fit:cover\" srcset=\"https:\/\/www.soyecoturista.com\/asociacion\/wp-content\/uploads\/2025\/09\/miradorIzki.jpg 2048w, https:\/\/www.soyecoturista.com\/asociacion\/wp-content\/uploads\/2025\/09\/miradorIzki-300x225.jpg 300w, https:\/\/www.soyecoturista.com\/asociacion\/wp-content\/uploads\/2025\/09\/miradorIzki-1024x768.jpg 1024w, https:\/\/www.soyecoturista.com\/asociacion\/wp-content\/uploads\/2025\/09\/miradorIzki-768x576.jpg 768w, https:\/\/www.soyecoturista.com\/asociacion\/wp-content\/uploads\/2025\/09\/miradorIzki-1536x1152.jpg 1536w\" sizes=\"auto, (max-width: 2048px) 100vw, 2048px\" \/><button\n\t\t\tclass=\"lightbox-trigger\"\n\t\t\ttype=\"button\"\n\t\t\taria-haspopup=\"dialog\"\n\t\t\taria-label=\"Agrandar\"\n\t\t\tdata-wp-init=\"callbacks.initTriggerButton\"\n\t\t\tdata-wp-on--click=\"actions.showLightbox\"\n\t\t\tdata-wp-style--right=\"state.imageButtonRight\"\n\t\t\tdata-wp-style--top=\"state.imageButtonTop\"\n\t\t>\n\t\t\t<svg xmlns=\"http:\/\/www.w3.org\/2000\/svg\" width=\"12\" height=\"12\" fill=\"none\" viewBox=\"0 0 12 12\">\n\t\t\t\t<path fill=\"#fff\" d=\"M2 0a2 2 0 0 0-2 2v2h1.5V2a.5.5 0 0 1 .5-.5h2V0H2Zm2 10.5H2a.5.5 0 0 1-.5-.5V8H0v2a2 2 0 0 0 2 2h2v-1.5ZM8 12v-1.5h2a.5.5 0 0 0 .5-.5V8H12v2a2 2 0 0 1-2 2H8Zm2-12a2 2 0 0 1 2 2v2h-1.5V2a.5.5 0 0 0-.5-.5H8V0h2Z\" \/>\n\t\t\t<\/svg>\n\t\t<\/button><\/figure>\n<\/div><\/div>\n\n\n\n<div class=\"wp-block-column is-vertically-aligned-center is-layout-flow wp-block-column-is-layout-flow\"><div class=\"wp-block-image\">\n<figure data-wp-context=\"{&quot;imageId&quot;:&quot;69f206522232a&quot;}\" data-wp-interactive=\"core\/image\" data-wp-key=\"69f206522232a\" class=\"aligncenter size-full wp-lightbox-container\"><img loading=\"lazy\" decoding=\"async\" width=\"2048\" height=\"1536\" data-wp-class--hide=\"state.isContentHidden\" data-wp-class--show=\"state.isContentVisible\" data-wp-init=\"callbacks.setButtonStyles\" data-wp-on--click=\"actions.showLightbox\" data-wp-on--load=\"callbacks.setButtonStyles\" data-wp-on-window--resize=\"callbacks.setButtonStyles\" src=\"https:\/\/www.soyecoturista.com\/asociacion\/wp-content\/uploads\/2025\/09\/izki.jpg\" alt=\"\" class=\"wp-image-48142\" style=\"aspect-ratio:3\/2;object-fit:cover\" srcset=\"https:\/\/www.soyecoturista.com\/asociacion\/wp-content\/uploads\/2025\/09\/izki.jpg 2048w, https:\/\/www.soyecoturista.com\/asociacion\/wp-content\/uploads\/2025\/09\/izki-300x225.jpg 300w, https:\/\/www.soyecoturista.com\/asociacion\/wp-content\/uploads\/2025\/09\/izki-1024x768.jpg 1024w, https:\/\/www.soyecoturista.com\/asociacion\/wp-content\/uploads\/2025\/09\/izki-768x576.jpg 768w, https:\/\/www.soyecoturista.com\/asociacion\/wp-content\/uploads\/2025\/09\/izki-1536x1152.jpg 1536w\" sizes=\"auto, (max-width: 2048px) 100vw, 2048px\" \/><button\n\t\t\tclass=\"lightbox-trigger\"\n\t\t\ttype=\"button\"\n\t\t\taria-haspopup=\"dialog\"\n\t\t\taria-label=\"Agrandar\"\n\t\t\tdata-wp-init=\"callbacks.initTriggerButton\"\n\t\t\tdata-wp-on--click=\"actions.showLightbox\"\n\t\t\tdata-wp-style--right=\"state.imageButtonRight\"\n\t\t\tdata-wp-style--top=\"state.imageButtonTop\"\n\t\t>\n\t\t\t<svg xmlns=\"http:\/\/www.w3.org\/2000\/svg\" width=\"12\" height=\"12\" fill=\"none\" viewBox=\"0 0 12 12\">\n\t\t\t\t<path fill=\"#fff\" d=\"M2 0a2 2 0 0 0-2 2v2h1.5V2a.5.5 0 0 1 .5-.5h2V0H2Zm2 10.5H2a.5.5 0 0 1-.5-.5V8H0v2a2 2 0 0 0 2 2h2v-1.5ZM8 12v-1.5h2a.5.5 0 0 0 .5-.5V8H12v2a2 2 0 0 1-2 2H8Zm2-12a2 2 0 0 1 2 2v2h-1.5V2a.5.5 0 0 0-.5-.5H8V0h2Z\" \/>\n\t\t\t<\/svg>\n\t\t<\/button><\/figure>\n<\/div><\/div>\n<\/div>\n\n\n\n<p>La iniciativa de <strong>promoci\u00f3n del producto local en Monta\u00f1a Alavesa<\/strong> nace como una acci\u00f3n de sensibilizaci\u00f3n dirigida a la ciudadan\u00eda, con el objetivo de dar a conocer y revalorizar la producci\u00f3n agroalimentaria y artesanal de la comarca.<\/p>\n\n\n\n<p>El proyecto se concreta en la <strong>edici\u00f3n de un cat\u00e1logo<\/strong> que recoge a las empresas locales, tanto de alimentaci\u00f3n como de artesan\u00eda, y que se difunde en pueblos, comercios y espacios vinculados al Parque Natural de Izki. De este modo se impulsa el <strong>consumo de cercan\u00eda<\/strong>, favoreciendo la rentabilidad de las empresas locales, reduciendo la huella de carbono y fortaleciendo la identidad territorial.<\/p>\n\n\n\n<h2 class=\"wp-block-heading\">Agentes implicados y alianzas generadas para la implantaci\u00f3n<\/h2>\n\n\n\n<p>La iniciativa surge de la colaboraci\u00f3n entre distintas entidades y con un fuerte componente participativo. El <strong>equipo gestor del Parque Natural de Izki<\/strong> coordina el proceso junto con <strong>asociaciones locales<\/strong> y la implicaci\u00f3n activa de los pueblos de la zona, garantizando as\u00ed una organizaci\u00f3n compartida y adaptada a las necesidades comunitarias.<\/p>\n\n\n\n<p>En su ejecuci\u00f3n participan:<\/p>\n\n\n\n<ul class=\"wp-block-list\">\n<li><strong>Asociaci\u00f3n de Desarrollo Rural de Izki<\/strong> \u2014 impulso y coordinaci\u00f3n general; edici\u00f3n\/actualizaci\u00f3n del cat\u00e1logo y gesti\u00f3n de contenidos.<\/li>\n\n\n\n<li><strong>Productores y artesanos de la Monta\u00f1a Alavesa<\/strong> \u2014 aporte de informaci\u00f3n, im\u00e1genes y datos de contacto; participaci\u00f3n en acciones de promoci\u00f3n.<\/li>\n\n\n\n<li><strong>Ayuntamientos y pueblos de la zona<\/strong> \u2014 apoyo log\u00edstico y distribuci\u00f3n del cat\u00e1logo en equipamientos municipales y eventos locales.<\/li>\n\n\n\n<li><strong>Comercios y establecimientos locales<\/strong> \u2014 puntos de recogida\/visibilidad (mostradores, escaparates) y difusi\u00f3n entre la clientela.<\/li>\n\n\n\n<li><strong>Parque Natural de Izki<\/strong> \u2014 apoyo institucional y canales de difusi\u00f3n (centro de visitantes, web y redes), alineaci\u00f3n con los objetivos del parque.<\/li>\n\n\n\n<li><strong>Centros educativos, ferias y mercados comarcales<\/strong> \u2014 difusi\u00f3n comunitaria y actividades de sensibilizaci\u00f3n sobre consumo de proximidad.<\/li>\n<\/ul>\n\n\n\n<h2 class=\"wp-block-heading\">Dificultades en el proceso de implantaci\u00f3n y c\u00f3mo se ha superado.<\/h2>\n\n\n\n<p>El principal reto fue la <strong>recopilaci\u00f3n y actualizaci\u00f3n de informaci\u00f3n de las empresas locales<\/strong>, as\u00ed como garantizar un dise\u00f1o atractivo y accesible del cat\u00e1logo. Estas barreras se superaron mediante <strong>reuniones previas de coordinaci\u00f3n<\/strong>, un proceso participativo de <strong>recogida de datos<\/strong> y la implicaci\u00f3n de todos los actores en la <strong>maquetaci\u00f3n y difusi\u00f3n<\/strong>.<\/p>\n\n\n\n<p>Otro desaf\u00edo consisti\u00f3 en lograr una <strong>difusi\u00f3n amplia y efectiva<\/strong>, que se resolvi\u00f3 gracias a la colaboraci\u00f3n de escuelas, ferias y comercios locales, que sirvieron como canales de proximidad para alcanzar a toda la comunidad.<\/p>\n\n\n\n<h2 class=\"wp-block-heading\">Beneficios que aporta<\/h2>\n\n\n\n<ul class=\"wp-block-list\">\n<li><strong>Ambientales:<\/strong> reducci\u00f3n de la huella de carbono al priorizar el consumo de proximidad.<\/li>\n\n\n\n<li><strong>Sociales:<\/strong> mayor visibilidad para los productores, fomento del orgullo comunitario y conexi\u00f3n entre ciudadan\u00eda y territorio.<\/li>\n\n\n\n<li><strong>Econ\u00f3micos:<\/strong> incremento de la rentabilidad de las empresas locales y apertura de nuevas oportunidades de mercado.<\/li>\n\n\n\n<li><strong>Culturales y educativos:<\/strong> difusi\u00f3n de los valores del consumo responsable y generaci\u00f3n de sinergias con centros escolares y ferias.<\/li>\n\n\n\n<li><strong>Innovaci\u00f3n:<\/strong> creaci\u00f3n de un <strong>cat\u00e1logo de referencia<\/strong> que combina tradici\u00f3n, promoci\u00f3n y comunicaci\u00f3n moderna.<\/li>\n<\/ul>\n\n\n\n<h2 class=\"wp-block-heading\">Diferenciaci\u00f3n<\/h2>\n\n\n\n<p>Este proyecto no se limita a una acci\u00f3n de marketing, sino que constituye una <strong>estrategia integral de dinamizaci\u00f3n rural<\/strong>, uniendo producci\u00f3n, comercio, educaci\u00f3n y turismo. El cat\u00e1logo se convierte en una herramienta que trasciende la mera promoci\u00f3n, al reforzar la identidad de Monta\u00f1a Alavesa y abrir la puerta a <strong>modelos replicables<\/strong> en otras comarcas.<\/p>\n\n\n\n<p>En definitiva, la iniciativa, surgida en <strong>2022<\/strong>, present\u00f3 su primer cat\u00e1logo en <strong>junio de 2023<\/strong> y ha sido actualizada en <strong>mayo de 2025<\/strong>. Su \u00e9xito demuestra que apostar por el producto local no solo mejora la rentabilidad empresarial, sino que tambi\u00e9n <strong>fortalece la cohesi\u00f3n social, impulsa la sostenibilidad y refuerza el v\u00ednculo con el Parque Natural de Izki<\/strong>.<\/p>\n\n\n\n<div class=\"wp-block-buttons is-content-justification-center is-layout-flex wp-container-core-buttons-is-layout-16018d1d wp-block-buttons-is-layout-flex\"><\/div>\n","protected":false},"excerpt":{"rendered":"<p>Datos del destino: Parque Natural Izki Promoci\u00f3n del producto local en la Monta\u00f1a Alavesa La iniciativa de promoci\u00f3n del producto local en Monta\u00f1a Alavesa nace como una acci\u00f3n de sensibilizaci\u00f3n [&hellip;]<\/p>\n","protected":false},"author":99,"featured_media":48142,"comment_status":"closed","ping_status":"closed","sticky":false,"template":"","format":"standard","meta":{"_acf_changed":false,"footnotes":""},"categories":[1377,1383],"tags":[],"class_list":["post-48141","post","type-post","status-publish","format-standard","has-post-thumbnail","hentry","category-buenas-practicas-destinos","category-desarrollo-local"],"acf":[],"_links":{"self":[{"href":"https:\/\/www.soyecoturista.com\/asociacion\/wp-json\/wp\/v2\/posts\/48141","targetHints":{"allow":["GET"]}}],"collection":[{"href":"https:\/\/www.soyecoturista.com\/asociacion\/wp-json\/wp\/v2\/posts"}],"about":[{"href":"https:\/\/www.soyecoturista.com\/asociacion\/wp-json\/wp\/v2\/types\/post"}],"author":[{"embeddable":true,"href":"https:\/\/www.soyecoturista.com\/asociacion\/wp-json\/wp\/v2\/users\/99"}],"replies":[{"embeddable":true,"href":"https:\/\/www.soyecoturista.com\/asociacion\/wp-json\/wp\/v2\/comments?post=48141"}],"version-history":[{"count":2,"href":"https:\/\/www.soyecoturista.com\/asociacion\/wp-json\/wp\/v2\/posts\/48141\/revisions"}],"predecessor-version":[{"id":48167,"href":"https:\/\/www.soyecoturista.com\/asociacion\/wp-json\/wp\/v2\/posts\/48141\/revisions\/48167"}],"wp:featuredmedia":[{"embeddable":true,"href":"https:\/\/www.soyecoturista.com\/asociacion\/wp-json\/wp\/v2\/media\/48142"}],"wp:attachment":[{"href":"https:\/\/www.soyecoturista.com\/asociacion\/wp-json\/wp\/v2\/media?parent=48141"}],"wp:term":[{"taxonomy":"category","embeddable":true,"href":"https:\/\/www.soyecoturista.com\/asociacion\/wp-json\/wp\/v2\/categories?post=48141"},{"taxonomy":"post_tag","embeddable":true,"href":"https:\/\/www.soyecoturista.com\/asociacion\/wp-json\/wp\/v2\/tags?post=48141"}],"curies":[{"name":"wp","href":"https:\/\/api.w.org\/{rel}","templated":true}]}}