{"id":48139,"date":"2025-09-19T11:02:30","date_gmt":"2025-09-19T09:02:30","guid":{"rendered":"https:\/\/www.soyecoturista.com\/asociacion\/?p=48139"},"modified":"2025-09-19T11:02:56","modified_gmt":"2025-09-19T09:02:56","slug":"recuperacion-dia-comunidades-pastoriles-izki","status":"publish","type":"post","link":"https:\/\/www.soyecoturista.com\/asociacion\/recuperacion-dia-comunidades-pastoriles-izki\/","title":{"rendered":"Recuperaci\u00f3n del D\u00eda de las comunidades pastoriles de Izki"},"content":{"rendered":"\n<h2 class=\"wp-block-heading\">Datos del destino: <strong>Parque Natural Izki<\/strong><\/h2>\n\n\n\n<ul class=\"wp-block-list\">\n<li><strong>Destino:<\/strong> Parque Natural de Izki <\/li>\n\n\n\n<li><strong>Entidad:<\/strong> Parque Natural de Izki <\/li>\n\n\n\n<li><strong>Comunidad aut\u00f3noma:<\/strong> Euskadi \/ Pa\u00eds Vasco <\/li>\n\n\n\n<li><strong>Web:<\/strong> <a href=\"https:\/\/izkiparkea.eus\/es\/web\/izkiparkea\/-\/pico-mediano-y-gesti%C3%B3n-forestal\" target=\"_blank\" rel=\"noreferrer noopener\">www.izkiparkea.eus<\/a><\/li>\n<\/ul>\n\n\n\n<h1 class=\"wp-block-heading\">Recuperaci\u00f3n del D\u00eda de las comunidades pastoriles de Izki<\/h1>\n\n\n\n<div style=\"height:35px\" aria-hidden=\"true\" class=\"wp-block-spacer\"><\/div>\n\n\n\n<div class=\"wp-block-columns is-layout-flex wp-container-core-columns-is-layout-9d6595d7 wp-block-columns-is-layout-flex\">\n<div class=\"wp-block-column is-vertically-aligned-center is-layout-flow wp-block-column-is-layout-flow\"><div class=\"wp-block-image\">\n<figure data-wp-context=\"{&quot;imageId&quot;:&quot;69ef191535228&quot;}\" data-wp-interactive=\"core\/image\" data-wp-key=\"69ef191535228\" class=\"aligncenter size-full wp-lightbox-container\"><img loading=\"lazy\" decoding=\"async\" width=\"860\" height=\"484\" data-wp-class--hide=\"state.isContentHidden\" data-wp-class--show=\"state.isContentVisible\" data-wp-init=\"callbacks.setButtonStyles\" data-wp-on--click=\"actions.showLightbox\" data-wp-on--load=\"callbacks.setButtonStyles\" data-wp-on-window--resize=\"callbacks.setButtonStyles\" src=\"https:\/\/www.soyecoturista.com\/asociacion\/wp-content\/uploads\/2025\/09\/d5240d2b-5d85-4a9a-a3da-33c66fa5402b_16-9-discover-aspect-ratio_default_0.webp\" alt=\"\" class=\"wp-image-48148\" style=\"aspect-ratio:3\/2;object-fit:cover\" srcset=\"https:\/\/www.soyecoturista.com\/asociacion\/wp-content\/uploads\/2025\/09\/d5240d2b-5d85-4a9a-a3da-33c66fa5402b_16-9-discover-aspect-ratio_default_0.webp 860w, https:\/\/www.soyecoturista.com\/asociacion\/wp-content\/uploads\/2025\/09\/d5240d2b-5d85-4a9a-a3da-33c66fa5402b_16-9-discover-aspect-ratio_default_0-300x169.webp 300w, https:\/\/www.soyecoturista.com\/asociacion\/wp-content\/uploads\/2025\/09\/d5240d2b-5d85-4a9a-a3da-33c66fa5402b_16-9-discover-aspect-ratio_default_0-768x432.webp 768w\" sizes=\"auto, (max-width: 860px) 100vw, 860px\" \/><button\n\t\t\tclass=\"lightbox-trigger\"\n\t\t\ttype=\"button\"\n\t\t\taria-haspopup=\"dialog\"\n\t\t\taria-label=\"Agrandar\"\n\t\t\tdata-wp-init=\"callbacks.initTriggerButton\"\n\t\t\tdata-wp-on--click=\"actions.showLightbox\"\n\t\t\tdata-wp-style--right=\"state.imageButtonRight\"\n\t\t\tdata-wp-style--top=\"state.imageButtonTop\"\n\t\t>\n\t\t\t<svg xmlns=\"http:\/\/www.w3.org\/2000\/svg\" width=\"12\" height=\"12\" fill=\"none\" viewBox=\"0 0 12 12\">\n\t\t\t\t<path fill=\"#fff\" d=\"M2 0a2 2 0 0 0-2 2v2h1.5V2a.5.5 0 0 1 .5-.5h2V0H2Zm2 10.5H2a.5.5 0 0 1-.5-.5V8H0v2a2 2 0 0 0 2 2h2v-1.5ZM8 12v-1.5h2a.5.5 0 0 0 .5-.5V8H12v2a2 2 0 0 1-2 2H8Zm2-12a2 2 0 0 1 2 2v2h-1.5V2a.5.5 0 0 0-.5-.5H8V0h2Z\" \/>\n\t\t\t<\/svg>\n\t\t<\/button><\/figure>\n<\/div><\/div>\n\n\n\n<div class=\"wp-block-column is-vertically-aligned-center is-layout-flow wp-block-column-is-layout-flow\"><div class=\"wp-block-image\">\n<figure data-wp-context=\"{&quot;imageId&quot;:&quot;69ef191535f0d&quot;}\" data-wp-interactive=\"core\/image\" data-wp-key=\"69ef191535f0d\" class=\"aligncenter size-full wp-lightbox-container\"><img loading=\"lazy\" decoding=\"async\" width=\"529\" height=\"705\" data-wp-class--hide=\"state.isContentHidden\" data-wp-class--show=\"state.isContentVisible\" data-wp-init=\"callbacks.setButtonStyles\" data-wp-on--click=\"actions.showLightbox\" data-wp-on--load=\"callbacks.setButtonStyles\" data-wp-on-window--resize=\"callbacks.setButtonStyles\" src=\"https:\/\/www.soyecoturista.com\/asociacion\/wp-content\/uploads\/2025\/09\/area-recreativa-Izki-Korres-016-529x705-1.jpg\" alt=\"\" class=\"wp-image-48147\" style=\"aspect-ratio:3\/2;object-fit:cover\" srcset=\"https:\/\/www.soyecoturista.com\/asociacion\/wp-content\/uploads\/2025\/09\/area-recreativa-Izki-Korres-016-529x705-1.jpg 529w, https:\/\/www.soyecoturista.com\/asociacion\/wp-content\/uploads\/2025\/09\/area-recreativa-Izki-Korres-016-529x705-1-225x300.jpg 225w\" sizes=\"auto, (max-width: 529px) 100vw, 529px\" \/><button\n\t\t\tclass=\"lightbox-trigger\"\n\t\t\ttype=\"button\"\n\t\t\taria-haspopup=\"dialog\"\n\t\t\taria-label=\"Agrandar\"\n\t\t\tdata-wp-init=\"callbacks.initTriggerButton\"\n\t\t\tdata-wp-on--click=\"actions.showLightbox\"\n\t\t\tdata-wp-style--right=\"state.imageButtonRight\"\n\t\t\tdata-wp-style--top=\"state.imageButtonTop\"\n\t\t>\n\t\t\t<svg xmlns=\"http:\/\/www.w3.org\/2000\/svg\" width=\"12\" height=\"12\" fill=\"none\" viewBox=\"0 0 12 12\">\n\t\t\t\t<path fill=\"#fff\" d=\"M2 0a2 2 0 0 0-2 2v2h1.5V2a.5.5 0 0 1 .5-.5h2V0H2Zm2 10.5H2a.5.5 0 0 1-.5-.5V8H0v2a2 2 0 0 0 2 2h2v-1.5ZM8 12v-1.5h2a.5.5 0 0 0 .5-.5V8H12v2a2 2 0 0 1-2 2H8Zm2-12a2 2 0 0 1 2 2v2h-1.5V2a.5.5 0 0 0-.5-.5H8V0h2Z\" \/>\n\t\t\t<\/svg>\n\t\t<\/button><\/figure>\n<\/div><\/div>\n\n\n\n<div class=\"wp-block-column is-vertically-aligned-center is-layout-flow wp-block-column-is-layout-flow\"><div class=\"wp-block-image\">\n<figure data-wp-context=\"{&quot;imageId&quot;:&quot;69ef191536651&quot;}\" data-wp-interactive=\"core\/image\" data-wp-key=\"69ef191536651\" class=\"aligncenter size-full wp-lightbox-container\"><img loading=\"lazy\" decoding=\"async\" width=\"2048\" height=\"1536\" data-wp-class--hide=\"state.isContentHidden\" data-wp-class--show=\"state.isContentVisible\" data-wp-init=\"callbacks.setButtonStyles\" data-wp-on--click=\"actions.showLightbox\" data-wp-on--load=\"callbacks.setButtonStyles\" data-wp-on-window--resize=\"callbacks.setButtonStyles\" src=\"https:\/\/www.soyecoturista.com\/asociacion\/wp-content\/uploads\/2025\/09\/izki-1.jpg\" alt=\"\" class=\"wp-image-48150\" style=\"aspect-ratio:3\/2;object-fit:cover\" srcset=\"https:\/\/www.soyecoturista.com\/asociacion\/wp-content\/uploads\/2025\/09\/izki-1.jpg 2048w, https:\/\/www.soyecoturista.com\/asociacion\/wp-content\/uploads\/2025\/09\/izki-1-300x225.jpg 300w, https:\/\/www.soyecoturista.com\/asociacion\/wp-content\/uploads\/2025\/09\/izki-1-1024x768.jpg 1024w, https:\/\/www.soyecoturista.com\/asociacion\/wp-content\/uploads\/2025\/09\/izki-1-768x576.jpg 768w, https:\/\/www.soyecoturista.com\/asociacion\/wp-content\/uploads\/2025\/09\/izki-1-1536x1152.jpg 1536w\" sizes=\"auto, (max-width: 2048px) 100vw, 2048px\" \/><button\n\t\t\tclass=\"lightbox-trigger\"\n\t\t\ttype=\"button\"\n\t\t\taria-haspopup=\"dialog\"\n\t\t\taria-label=\"Agrandar\"\n\t\t\tdata-wp-init=\"callbacks.initTriggerButton\"\n\t\t\tdata-wp-on--click=\"actions.showLightbox\"\n\t\t\tdata-wp-style--right=\"state.imageButtonRight\"\n\t\t\tdata-wp-style--top=\"state.imageButtonTop\"\n\t\t>\n\t\t\t<svg xmlns=\"http:\/\/www.w3.org\/2000\/svg\" width=\"12\" height=\"12\" fill=\"none\" viewBox=\"0 0 12 12\">\n\t\t\t\t<path fill=\"#fff\" d=\"M2 0a2 2 0 0 0-2 2v2h1.5V2a.5.5 0 0 1 .5-.5h2V0H2Zm2 10.5H2a.5.5 0 0 1-.5-.5V8H0v2a2 2 0 0 0 2 2h2v-1.5ZM8 12v-1.5h2a.5.5 0 0 0 .5-.5V8H12v2a2 2 0 0 1-2 2H8Zm2-12a2 2 0 0 1 2 2v2h-1.5V2a.5.5 0 0 0-.5-.5H8V0h2Z\" \/>\n\t\t\t<\/svg>\n\t\t<\/button><\/figure>\n<\/div><\/div>\n<\/div>\n\n\n\n<p>El <strong>D\u00eda de las comunidades pastoriles de Izki<\/strong> recupera una tradici\u00f3n que se remonta a la Edad Media, cuando representantes de cada pueblo se reun\u00edan el 29 de septiembre para gestionar de manera comunal los montes de Izki. Su recuperaci\u00f3n, iniciada en 2006, supone un <strong>homenaje a la gesti\u00f3n ancestral del territorio<\/strong> que ha permitido conservar el Parque Natural en buen estado hasta nuestros d\u00edas.<\/p>\n\n\n\n<p>El evento se celebra cada dos a\u00f1os en un pueblo diferente y se organiza de forma participativa, implicando a entidades locales y a la poblaci\u00f3n. Para facilitar la asistencia, se habilita transporte p\u00fablico y la jornada finaliza con una comida popular, convirti\u00e9ndose en una cita que refuerza la identidad cultural y el v\u00ednculo de la comunidad con el parque.<\/p>\n\n\n\n<h2 class=\"wp-block-heading\">Agentes implicados y alianzas generadas para la implantaci\u00f3n<\/h2>\n\n\n\n<p>La iniciativa surge de la colaboraci\u00f3n entre distintas entidades y con un fuerte componente participativo. El <strong>equipo gestor del Parque Natural de Izki<\/strong> coordina el proceso junto con <strong>asociaciones locales<\/strong> y la implicaci\u00f3n activa de los pueblos de la zona, garantizando as\u00ed una organizaci\u00f3n compartida y adaptada a las necesidades comunitarias.<\/p>\n\n\n\n<p>En su ejecuci\u00f3n participan:<\/p>\n\n\n\n<ul class=\"wp-block-list\">\n<li><strong>Parque Natural de Izki<\/strong> \u2013 coordinaci\u00f3n y apoyo log\u00edstico.<\/li>\n\n\n\n<li><strong>Entidades locales y asociaciones culturales<\/strong> \u2013 definici\u00f3n de agenda, organizaci\u00f3n de actividades y comunicaci\u00f3n.<\/li>\n\n\n\n<li><strong>Pueblos de la zona<\/strong> \u2013 protagonistas de la jornada, transmitiendo el valor cultural de la gesti\u00f3n comunal.<\/li>\n<\/ul>\n\n\n\n<h2 class=\"wp-block-heading\">Dificultades en el proceso de implantaci\u00f3n y c\u00f3mo se ha superado.<\/h2>\n\n\n\n<p>Los retos principales han sido de <strong>car\u00e1cter log\u00edstico<\/strong>, como asegurar el acceso de la poblaci\u00f3n al evento y organizar las actividades de forma inclusiva. Estos se han resuelto con <strong>transporte p\u00fablico habilitado para la ocasi\u00f3n<\/strong>, una buena planificaci\u00f3n previa y la colaboraci\u00f3n de los distintos actores locales.<\/p>\n\n\n\n<p>Otro desaf\u00edo ha sido mantener el <strong>equilibrio entre tradici\u00f3n y modernidad<\/strong>, procurando que la celebraci\u00f3n conserve su esencia hist\u00f3rica pero a la vez resulte atractiva para nuevas generaciones. Esto se ha conseguido mediante la incorporaci\u00f3n de actividades participativas y divulgativas.<\/p>\n\n\n\n<h2 class=\"wp-block-heading\">Beneficios que aporta<\/h2>\n\n\n\n<ul class=\"wp-block-list\">\n<li><strong>Ambientales:<\/strong> puesta en valor de la gesti\u00f3n comunal de montes, modelo de conservaci\u00f3n que ha permitido mantener los bosques de Izki en buen estado.<\/li>\n\n\n\n<li><strong>Sociales y culturales:<\/strong> recuperaci\u00f3n de tradiciones ancestrales, fortalecimiento de la identidad local y transmisi\u00f3n de valores comunitarios.<\/li>\n\n\n\n<li><strong>Econ\u00f3micos:<\/strong> dinamizaci\u00f3n de la vida local mediante la organizaci\u00f3n de actividades, comidas populares y atracci\u00f3n de visitantes.<\/li>\n\n\n\n<li><strong>Territoriales:<\/strong> refuerzo del v\u00ednculo entre el parque y los pueblos que lo rodean, consolidando su sentido de pertenencia<\/li>\n<\/ul>\n\n\n\n<h2 class=\"wp-block-heading\">Diferenciaci\u00f3n<\/h2>\n\n\n\n<p>El D\u00eda de las comunidades pastoriles no es solo una festividad, sino un <strong>ejercicio de memoria hist\u00f3rica y de gesti\u00f3n participativa<\/strong>. Su valor radica en <strong>revivir un modelo ancestral de gobernanza comunal<\/strong>, adaptado al presente y con potencial para inspirar a otros parques naturales en la creaci\u00f3n de eventos que conecten cultura, territorio y conservaci\u00f3n<\/p>\n\n\n\n<p>En definitiva, la recuperaci\u00f3n de esta jornada demuestra que la conservaci\u00f3n de un parque natural no solo se basa en medidas t\u00e9cnicas, sino tambi\u00e9n en la <strong>memoria cultural y la implicaci\u00f3n ciudadana<\/strong>. Con gran participaci\u00f3n local, el D\u00eda de las comunidades pastoriles de Izki se ha consolidado como una celebraci\u00f3n clave que une pasado y presente, y fortalece la relaci\u00f3n entre naturaleza y comunidad.<\/p>\n\n\n\n<div class=\"wp-block-buttons is-content-justification-center is-layout-flex wp-container-core-buttons-is-layout-16018d1d wp-block-buttons-is-layout-flex\"><\/div>\n","protected":false},"excerpt":{"rendered":"<p>Datos del destino: Parque Natural Izki Recuperaci\u00f3n del D\u00eda de las comunidades pastoriles de Izki El D\u00eda de las comunidades pastoriles de Izki recupera una tradici\u00f3n que se remonta a [&hellip;]<\/p>\n","protected":false},"author":99,"featured_media":48148,"comment_status":"closed","ping_status":"closed","sticky":false,"template":"","format":"standard","meta":{"_acf_changed":false,"footnotes":""},"categories":[1377,1379],"tags":[],"class_list":["post-48139","post","type-post","status-publish","format-standard","has-post-thumbnail","hentry","category-buenas-practicas-destinos","category-conservacion-de-la-naturaleza-buenas-practicas-destinos"],"acf":[],"_links":{"self":[{"href":"https:\/\/www.soyecoturista.com\/asociacion\/wp-json\/wp\/v2\/posts\/48139","targetHints":{"allow":["GET"]}}],"collection":[{"href":"https:\/\/www.soyecoturista.com\/asociacion\/wp-json\/wp\/v2\/posts"}],"about":[{"href":"https:\/\/www.soyecoturista.com\/asociacion\/wp-json\/wp\/v2\/types\/post"}],"author":[{"embeddable":true,"href":"https:\/\/www.soyecoturista.com\/asociacion\/wp-json\/wp\/v2\/users\/99"}],"replies":[{"embeddable":true,"href":"https:\/\/www.soyecoturista.com\/asociacion\/wp-json\/wp\/v2\/comments?post=48139"}],"version-history":[{"count":4,"href":"https:\/\/www.soyecoturista.com\/asociacion\/wp-json\/wp\/v2\/posts\/48139\/revisions"}],"predecessor-version":[{"id":48166,"href":"https:\/\/www.soyecoturista.com\/asociacion\/wp-json\/wp\/v2\/posts\/48139\/revisions\/48166"}],"wp:featuredmedia":[{"embeddable":true,"href":"https:\/\/www.soyecoturista.com\/asociacion\/wp-json\/wp\/v2\/media\/48148"}],"wp:attachment":[{"href":"https:\/\/www.soyecoturista.com\/asociacion\/wp-json\/wp\/v2\/media?parent=48139"}],"wp:term":[{"taxonomy":"category","embeddable":true,"href":"https:\/\/www.soyecoturista.com\/asociacion\/wp-json\/wp\/v2\/categories?post=48139"},{"taxonomy":"post_tag","embeddable":true,"href":"https:\/\/www.soyecoturista.com\/asociacion\/wp-json\/wp\/v2\/tags?post=48139"}],"curies":[{"name":"wp","href":"https:\/\/api.w.org\/{rel}","templated":true}]}}