{"id":48133,"date":"2025-09-18T14:32:30","date_gmt":"2025-09-18T12:32:30","guid":{"rendered":"https:\/\/www.soyecoturista.com\/asociacion\/?p=48133"},"modified":"2025-09-19T12:03:41","modified_gmt":"2025-09-19T10:03:41","slug":"plan-de-gestion-del-robledal","status":"publish","type":"post","link":"https:\/\/www.soyecoturista.com\/asociacion\/plan-de-gestion-del-robledal\/","title":{"rendered":"Plan de gesti\u00f3n del robledal compatible con la biodiversidad forestal en el Parque Natural de Izki"},"content":{"rendered":"\n<h2 class=\"wp-block-heading\">Datos del destino: <strong>Parque Natural Izki<\/strong><\/h2>\n\n\n\n<ul class=\"wp-block-list\">\n<li><strong>Destino:<\/strong> Parque Natural de Izki (\u00c1lava) <\/li>\n\n\n\n<li><strong>Entidad:<\/strong> Parque Natural de Izki (equipo gestor) <\/li>\n\n\n\n<li><strong>Comunidad aut\u00f3noma:<\/strong> Euskadi \/ Pa\u00eds Vasco (\u00e1mbito provincial citado: \u00c1lava) <\/li>\n\n\n\n<li><strong>Web:<\/strong> <a href=\"https:\/\/izkiparkea.eus\/es\/web\/izkiparkea\/-\/pico-mediano-y-gesti%C3%B3n-forestal\" target=\"_blank\" rel=\"noreferrer noopener\">www.izkiparkea.eus<\/a><\/li>\n<\/ul>\n\n\n\n<h1 class=\"wp-block-heading\">Plan de gesti\u00f3n del robledal compatible con la biodiversidad forestal<\/h1>\n\n\n\n<div style=\"height:35px\" aria-hidden=\"true\" class=\"wp-block-spacer\"><\/div>\n\n\n\n<div class=\"wp-block-columns is-layout-flex wp-container-core-columns-is-layout-9d6595d7 wp-block-columns-is-layout-flex\">\n<div class=\"wp-block-column is-vertically-aligned-center is-layout-flow wp-block-column-is-layout-flow\"><div class=\"wp-block-image\">\n<figure data-wp-context=\"{&quot;imageId&quot;:&quot;69f467c0bc8c6&quot;}\" data-wp-interactive=\"core\/image\" data-wp-key=\"69f467c0bc8c6\" class=\"aligncenter size-full wp-lightbox-container\"><img loading=\"lazy\" decoding=\"async\" width=\"2048\" height=\"1367\" data-wp-class--hide=\"state.isContentHidden\" data-wp-class--show=\"state.isContentVisible\" data-wp-init=\"callbacks.setButtonStyles\" data-wp-on--click=\"actions.showLightbox\" data-wp-on--load=\"callbacks.setButtonStyles\" data-wp-on-window--resize=\"callbacks.setButtonStyles\" src=\"https:\/\/www.soyecoturista.com\/asociacion\/wp-content\/uploads\/2025\/09\/PORTADA-1.jpg\" alt=\"\" class=\"wp-image-48136\" style=\"aspect-ratio:3\/2;object-fit:cover\" srcset=\"https:\/\/www.soyecoturista.com\/asociacion\/wp-content\/uploads\/2025\/09\/PORTADA-1.jpg 2048w, https:\/\/www.soyecoturista.com\/asociacion\/wp-content\/uploads\/2025\/09\/PORTADA-1-300x200.jpg 300w, https:\/\/www.soyecoturista.com\/asociacion\/wp-content\/uploads\/2025\/09\/PORTADA-1-1024x684.jpg 1024w, https:\/\/www.soyecoturista.com\/asociacion\/wp-content\/uploads\/2025\/09\/PORTADA-1-768x513.jpg 768w, https:\/\/www.soyecoturista.com\/asociacion\/wp-content\/uploads\/2025\/09\/PORTADA-1-1536x1025.jpg 1536w\" sizes=\"auto, (max-width: 2048px) 100vw, 2048px\" \/><button\n\t\t\tclass=\"lightbox-trigger\"\n\t\t\ttype=\"button\"\n\t\t\taria-haspopup=\"dialog\"\n\t\t\taria-label=\"Agrandar\"\n\t\t\tdata-wp-init=\"callbacks.initTriggerButton\"\n\t\t\tdata-wp-on--click=\"actions.showLightbox\"\n\t\t\tdata-wp-style--right=\"state.imageButtonRight\"\n\t\t\tdata-wp-style--top=\"state.imageButtonTop\"\n\t\t>\n\t\t\t<svg xmlns=\"http:\/\/www.w3.org\/2000\/svg\" width=\"12\" height=\"12\" fill=\"none\" viewBox=\"0 0 12 12\">\n\t\t\t\t<path fill=\"#fff\" d=\"M2 0a2 2 0 0 0-2 2v2h1.5V2a.5.5 0 0 1 .5-.5h2V0H2Zm2 10.5H2a.5.5 0 0 1-.5-.5V8H0v2a2 2 0 0 0 2 2h2v-1.5ZM8 12v-1.5h2a.5.5 0 0 0 .5-.5V8H12v2a2 2 0 0 1-2 2H8Zm2-12a2 2 0 0 1 2 2v2h-1.5V2a.5.5 0 0 0-.5-.5H8V0h2Z\" \/>\n\t\t\t<\/svg>\n\t\t<\/button><\/figure>\n<\/div><\/div>\n\n\n\n<div class=\"wp-block-column is-vertically-aligned-center is-layout-flow wp-block-column-is-layout-flow\"><div class=\"wp-block-image\">\n<figure data-wp-context=\"{&quot;imageId&quot;:&quot;69f467c0bd4fd&quot;}\" data-wp-interactive=\"core\/image\" data-wp-key=\"69f467c0bd4fd\" class=\"aligncenter size-full wp-lightbox-container\"><img loading=\"lazy\" decoding=\"async\" width=\"2048\" height=\"1367\" data-wp-class--hide=\"state.isContentHidden\" data-wp-class--show=\"state.isContentVisible\" data-wp-init=\"callbacks.setButtonStyles\" data-wp-on--click=\"actions.showLightbox\" data-wp-on--load=\"callbacks.setButtonStyles\" data-wp-on-window--resize=\"callbacks.setButtonStyles\" src=\"https:\/\/www.soyecoturista.com\/asociacion\/wp-content\/uploads\/2025\/09\/Humo.jpg\" alt=\"\" class=\"wp-image-48137\" style=\"aspect-ratio:3\/2;object-fit:cover\" srcset=\"https:\/\/www.soyecoturista.com\/asociacion\/wp-content\/uploads\/2025\/09\/Humo.jpg 2048w, https:\/\/www.soyecoturista.com\/asociacion\/wp-content\/uploads\/2025\/09\/Humo-300x200.jpg 300w, https:\/\/www.soyecoturista.com\/asociacion\/wp-content\/uploads\/2025\/09\/Humo-1024x684.jpg 1024w, https:\/\/www.soyecoturista.com\/asociacion\/wp-content\/uploads\/2025\/09\/Humo-768x513.jpg 768w, https:\/\/www.soyecoturista.com\/asociacion\/wp-content\/uploads\/2025\/09\/Humo-1536x1025.jpg 1536w\" sizes=\"auto, (max-width: 2048px) 100vw, 2048px\" \/><button\n\t\t\tclass=\"lightbox-trigger\"\n\t\t\ttype=\"button\"\n\t\t\taria-haspopup=\"dialog\"\n\t\t\taria-label=\"Agrandar\"\n\t\t\tdata-wp-init=\"callbacks.initTriggerButton\"\n\t\t\tdata-wp-on--click=\"actions.showLightbox\"\n\t\t\tdata-wp-style--right=\"state.imageButtonRight\"\n\t\t\tdata-wp-style--top=\"state.imageButtonTop\"\n\t\t>\n\t\t\t<svg xmlns=\"http:\/\/www.w3.org\/2000\/svg\" width=\"12\" height=\"12\" fill=\"none\" viewBox=\"0 0 12 12\">\n\t\t\t\t<path fill=\"#fff\" d=\"M2 0a2 2 0 0 0-2 2v2h1.5V2a.5.5 0 0 1 .5-.5h2V0H2Zm2 10.5H2a.5.5 0 0 1-.5-.5V8H0v2a2 2 0 0 0 2 2h2v-1.5ZM8 12v-1.5h2a.5.5 0 0 0 .5-.5V8H12v2a2 2 0 0 1-2 2H8Zm2-12a2 2 0 0 1 2 2v2h-1.5V2a.5.5 0 0 0-.5-.5H8V0h2Z\" \/>\n\t\t\t<\/svg>\n\t\t<\/button><\/figure>\n<\/div><\/div>\n\n\n\n<div class=\"wp-block-column is-vertically-aligned-center is-layout-flow wp-block-column-is-layout-flow\"><div class=\"wp-block-image\">\n<figure data-wp-context=\"{&quot;imageId&quot;:&quot;69f467c0bda2d&quot;}\" data-wp-interactive=\"core\/image\" data-wp-key=\"69f467c0bda2d\" class=\"aligncenter size-full wp-lightbox-container\"><img loading=\"lazy\" decoding=\"async\" width=\"2560\" height=\"1440\" data-wp-class--hide=\"state.isContentHidden\" data-wp-class--show=\"state.isContentVisible\" data-wp-init=\"callbacks.setButtonStyles\" data-wp-on--click=\"actions.showLightbox\" data-wp-on--load=\"callbacks.setButtonStyles\" data-wp-on-window--resize=\"callbacks.setButtonStyles\" src=\"https:\/\/www.soyecoturista.com\/asociacion\/wp-content\/uploads\/2025\/09\/PORTADA-scaled.jpg\" alt=\"\" class=\"wp-image-48135\" style=\"aspect-ratio:3\/2;object-fit:cover\" srcset=\"https:\/\/www.soyecoturista.com\/asociacion\/wp-content\/uploads\/2025\/09\/PORTADA-scaled.jpg 2560w, https:\/\/www.soyecoturista.com\/asociacion\/wp-content\/uploads\/2025\/09\/PORTADA-300x169.jpg 300w, https:\/\/www.soyecoturista.com\/asociacion\/wp-content\/uploads\/2025\/09\/PORTADA-1024x576.jpg 1024w, https:\/\/www.soyecoturista.com\/asociacion\/wp-content\/uploads\/2025\/09\/PORTADA-768x432.jpg 768w, https:\/\/www.soyecoturista.com\/asociacion\/wp-content\/uploads\/2025\/09\/PORTADA-1536x864.jpg 1536w, https:\/\/www.soyecoturista.com\/asociacion\/wp-content\/uploads\/2025\/09\/PORTADA-2048x1152.jpg 2048w\" sizes=\"auto, (max-width: 2560px) 100vw, 2560px\" \/><button\n\t\t\tclass=\"lightbox-trigger\"\n\t\t\ttype=\"button\"\n\t\t\taria-haspopup=\"dialog\"\n\t\t\taria-label=\"Agrandar\"\n\t\t\tdata-wp-init=\"callbacks.initTriggerButton\"\n\t\t\tdata-wp-on--click=\"actions.showLightbox\"\n\t\t\tdata-wp-style--right=\"state.imageButtonRight\"\n\t\t\tdata-wp-style--top=\"state.imageButtonTop\"\n\t\t>\n\t\t\t<svg xmlns=\"http:\/\/www.w3.org\/2000\/svg\" width=\"12\" height=\"12\" fill=\"none\" viewBox=\"0 0 12 12\">\n\t\t\t\t<path fill=\"#fff\" d=\"M2 0a2 2 0 0 0-2 2v2h1.5V2a.5.5 0 0 1 .5-.5h2V0H2Zm2 10.5H2a.5.5 0 0 1-.5-.5V8H0v2a2 2 0 0 0 2 2h2v-1.5ZM8 12v-1.5h2a.5.5 0 0 0 .5-.5V8H12v2a2 2 0 0 1-2 2H8Zm2-12a2 2 0 0 1 2 2v2h-1.5V2a.5.5 0 0 0-.5-.5H8V0h2Z\" \/>\n\t\t\t<\/svg>\n\t\t<\/button><\/figure>\n<\/div><\/div>\n<\/div>\n\n\n\n<p>El Parque Natural de Izki cuenta con un <strong>plan de gesti\u00f3n forestal<\/strong> que define la <strong>zonificaci\u00f3n<\/strong> y el <strong>calendario de trabajos<\/strong> en el espacio protegido, integrando objetivos econ\u00f3micos con la <strong>mejora del bosque y su biodiversidad<\/strong>. El rasgo diferencial del plan es su enfoque <strong>basado en la biolog\u00eda de especies clave<\/strong> del parque \u2014<strong>pico mediano<\/strong>, <strong>murci\u00e9lago ratonero forestal<\/strong> y <strong>rana \u00e1gil<\/strong>\u2014 para ajustar actuaciones y salvaguardar h\u00e1bitats sensibles. El documento se apoya en <strong>estudios previos y trabajo con expertos<\/strong> en conservaci\u00f3n y gesti\u00f3n forestal, siguiendo un proceso ordenado: estudios, reuni\u00f3n con especialistas, <strong>puesta en com\u00fan<\/strong> y <strong>redacci\u00f3n\/revisi\u00f3n<\/strong> del plan.<\/p>\n\n\n\n<h2 class=\"wp-block-heading\">Agentes implicados y alianzas generadas para la implantaci\u00f3n<\/h2>\n\n\n\n<p>La elaboraci\u00f3n y aplicaci\u00f3n del plan ha sido posible gracias a la coordinaci\u00f3n del <strong>equipo gestor del Parque Natural de Izki<\/strong> y a la colaboraci\u00f3n t\u00e9cnica de <strong>expertos<\/strong> en biolog\u00eda de la conservaci\u00f3n y selvicultura, junto con el <strong>di\u00e1logo con los pueblos propietarios<\/strong> de los montes. Este entramado ha permitido conciliar usos productivos y conservaci\u00f3n de la biodiversidad. <\/p>\n\n\n\n<p>En su ejecuci\u00f3n participan:<\/p>\n\n\n\n<ul class=\"wp-block-list\">\n<li><strong>Parque Natural de Izki<\/strong> \u2013 coordinaci\u00f3n del proceso, definici\u00f3n de zonificaci\u00f3n y calendarios, financiaci\u00f3n inicial de <strong>se\u00f1alamientos<\/strong>. <\/li>\n\n\n\n<li><strong>Expertos en conservaci\u00f3n y gesti\u00f3n forestal<\/strong> \u2013 aportaci\u00f3n cient\u00edfica sobre especies objetivo y selvicultura compatible. <\/li>\n\n\n\n<li><strong>Pueblos propietarios de los montes<\/strong> \u2013 titulares del terreno y beneficiarios de un aprovechamiento compatible con la mejora estructural del bosque. <\/li>\n\n\n\n<li><strong>Cofinanciaci\u00f3n europea<\/strong> \u2013 apoyo para viabilizar econ\u00f3micamente actuaciones exigentes.<\/li>\n<\/ul>\n\n\n\n<h2 class=\"wp-block-heading\">Dificultades en el proceso de implantaci\u00f3n y c\u00f3mo se ha superado.<\/h2>\n\n\n\n<p>El <strong>principal reto<\/strong> ha sido <strong>econ\u00f3mico<\/strong>: ejecutar un plan tan exigente <strong>no siempre resulta rentable<\/strong>. Para afrontarlo, el parque <strong>asume la financiaci\u00f3n inicial<\/strong> de trabajos clave como los <strong>se\u00f1alamientos<\/strong> y <strong>busca cofinanciaci\u00f3n europea<\/strong>, lo que permite mantener el nivel t\u00e9cnico y de conservaci\u00f3n previsto. <\/p>\n\n\n\n<p>Adem\u00e1s, armonizar <strong>aprovechamientos forestales<\/strong> con la <strong>biolog\u00eda de especies sensibles<\/strong> exige planificaci\u00f3n fina (zonas, tiempos y t\u00e9cnicas). Esta dificultad se ha superado gracias a <strong>estudios previos<\/strong> y a la <strong>colaboraci\u00f3n con especialistas<\/strong>, integrando sus recomendaciones en el calendario de actuaciones.<\/p>\n\n\n\n<h2 class=\"wp-block-heading\">Beneficios que aporta<\/h2>\n\n\n\n<ul class=\"wp-block-list\">\n<li><strong>Ambientales:<\/strong> mejora de la <strong>estructura forestal<\/strong> y de los <strong>h\u00e1bitats<\/strong> de especies objetivo (pico mediano, murci\u00e9lago ratonero forestal, rana \u00e1gil). <\/li>\n\n\n\n<li><strong>Sociales y econ\u00f3micos:<\/strong> los <strong>pueblos propietarios<\/strong> obtienen rendimiento del monte mientras se mejora el bosque; el plan aporta <strong>seguridad t\u00e9cnica<\/strong> y horizonte estable. <\/li>\n\n\n\n<li><strong>Culturales y territoriales:<\/strong> refuerzo de un <strong>manejo tradicional<\/strong> puesto al d\u00eda con criterios de conservaci\u00f3n, aumentando el <strong>orgullo y la corresponsabilidad<\/strong> local. <\/li>\n\n\n\n<li><strong>Innovaci\u00f3n:<\/strong> metodolog\u00eda <strong>basada en especies y evidencia<\/strong> (estudios + expertos) aplicada a la <strong>planificaci\u00f3n forestal<\/strong> del espacio protegido. <\/li>\n\n\n\n<li><strong>Replicabilidad:<\/strong> enfoque ya <strong>extendido a otros robledales de \u00c1lava<\/strong> y <strong>escalable<\/strong> a territorios similares.<\/li>\n<\/ul>\n\n\n\n<h2 class=\"wp-block-heading\">Diferenciaci\u00f3n<\/h2>\n\n\n\n<p>No es un plan forestal al uso: <strong>sit\u00faa a la biodiversidad en el centro de la selvicultura<\/strong>, ajustando zonas y tiempos de trabajo a la <strong>ecolog\u00eda de especies sensibles<\/strong>. Este dise\u00f1o <strong>conciliador<\/strong> entre producci\u00f3n y conservaci\u00f3n, <strong>sustentado en estudios y revisi\u00f3n t\u00e9cnica<\/strong>, lo convierte en un <strong>modelo de referencia<\/strong> para otros robledales atl\u00e1nticos.<\/p>\n\n\n\n<p>En definitiva, el plan se inici\u00f3 en <strong>2012<\/strong> y tendr\u00e1 su <strong>primera revisi\u00f3n en 2025<\/strong>, con evaluaci\u00f3n de resultados y ajustes de gesti\u00f3n. La experiencia confirma que es posible <strong>extraer valor del monte<\/strong> y <strong>mejorar la biodiversidad<\/strong> cuando la planificaci\u00f3n integra ciencia, gesti\u00f3n y participaci\u00f3n local.<\/p>\n\n\n\n<div class=\"wp-block-buttons is-content-justification-center is-layout-flex wp-container-core-buttons-is-layout-16018d1d wp-block-buttons-is-layout-flex\"><\/div>\n","protected":false},"excerpt":{"rendered":"<p>Datos del destino: Parque Natural Izki Plan de gesti\u00f3n del robledal compatible con la biodiversidad forestal El Parque Natural de Izki cuenta con un plan de gesti\u00f3n forestal que define [&hellip;]<\/p>\n","protected":false},"author":99,"featured_media":48135,"comment_status":"closed","ping_status":"closed","sticky":false,"template":"","format":"standard","meta":{"_acf_changed":false,"footnotes":""},"categories":[1377,1379],"tags":[],"class_list":["post-48133","post","type-post","status-publish","format-standard","has-post-thumbnail","hentry","category-buenas-practicas-destinos","category-conservacion-de-la-naturaleza-buenas-practicas-destinos"],"acf":[],"_links":{"self":[{"href":"https:\/\/www.soyecoturista.com\/asociacion\/wp-json\/wp\/v2\/posts\/48133","targetHints":{"allow":["GET"]}}],"collection":[{"href":"https:\/\/www.soyecoturista.com\/asociacion\/wp-json\/wp\/v2\/posts"}],"about":[{"href":"https:\/\/www.soyecoturista.com\/asociacion\/wp-json\/wp\/v2\/types\/post"}],"author":[{"embeddable":true,"href":"https:\/\/www.soyecoturista.com\/asociacion\/wp-json\/wp\/v2\/users\/99"}],"replies":[{"embeddable":true,"href":"https:\/\/www.soyecoturista.com\/asociacion\/wp-json\/wp\/v2\/comments?post=48133"}],"version-history":[{"count":2,"href":"https:\/\/www.soyecoturista.com\/asociacion\/wp-json\/wp\/v2\/posts\/48133\/revisions"}],"predecessor-version":[{"id":48194,"href":"https:\/\/www.soyecoturista.com\/asociacion\/wp-json\/wp\/v2\/posts\/48133\/revisions\/48194"}],"wp:featuredmedia":[{"embeddable":true,"href":"https:\/\/www.soyecoturista.com\/asociacion\/wp-json\/wp\/v2\/media\/48135"}],"wp:attachment":[{"href":"https:\/\/www.soyecoturista.com\/asociacion\/wp-json\/wp\/v2\/media?parent=48133"}],"wp:term":[{"taxonomy":"category","embeddable":true,"href":"https:\/\/www.soyecoturista.com\/asociacion\/wp-json\/wp\/v2\/categories?post=48133"},{"taxonomy":"post_tag","embeddable":true,"href":"https:\/\/www.soyecoturista.com\/asociacion\/wp-json\/wp\/v2\/tags?post=48133"}],"curies":[{"name":"wp","href":"https:\/\/api.w.org\/{rel}","templated":true}]}}