{"id":48115,"date":"2025-09-18T13:35:50","date_gmt":"2025-09-18T11:35:50","guid":{"rendered":"https:\/\/www.soyecoturista.com\/asociacion\/?p=48115"},"modified":"2025-09-19T12:03:16","modified_gmt":"2025-09-19T10:03:16","slug":"creacion-de-las-sendas-ecoturisticas","status":"publish","type":"post","link":"https:\/\/www.soyecoturista.com\/asociacion\/creacion-de-las-sendas-ecoturisticas\/","title":{"rendered":"Creaci\u00f3n de las Sendas Ecotur\u00edsticas en la Reserva de la Biosfera Mari\u00f1as Coru\u00f1esas"},"content":{"rendered":"\n<h2 class=\"wp-block-heading\">Datos del destino: <strong>Reserva de la Biosfera Mari\u00f1as Coru\u00f1esas<\/strong><\/h2>\n\n\n\n<ul class=\"wp-block-list\">\n<li><strong>Destino:<\/strong> Reserva de Biosfera Mari\u00f1as Coru\u00f1esas e Terras do Mandeo<\/li>\n\n\n\n<li><strong>Entidad:<\/strong> Asociaci\u00f3n Mari\u00f1as-Betanzos (entidad gestora de la Reserva)<\/li>\n\n\n\n<li><strong>Comunidad aut\u00f3noma:<\/strong> Galicia<\/li>\n\n\n\n<li><strong>Web:<\/strong> <a href=\"https:\/\/turismo.marinasbetanzos.gal\" target=\"_blank\" rel=\"noreferrer noopener\">turismo.marinasbetanzos.gal<\/a> <\/li>\n<\/ul>\n\n\n\n<h1 class=\"wp-block-heading\">Creaci\u00f3n de las Sendas Ecotur\u00edsticas<\/h1>\n\n\n\n<div style=\"height:35px\" aria-hidden=\"true\" class=\"wp-block-spacer\"><\/div>\n\n\n\n<div class=\"wp-block-columns is-layout-flex wp-container-core-columns-is-layout-9d6595d7 wp-block-columns-is-layout-flex\">\n<div class=\"wp-block-column is-vertically-aligned-center is-layout-flow wp-block-column-is-layout-flow\"><div class=\"wp-block-image\">\n<figure data-wp-context=\"{&quot;imageId&quot;:&quot;69ef3a70865ad&quot;}\" data-wp-interactive=\"core\/image\" data-wp-key=\"69ef3a70865ad\" class=\"aligncenter size-full wp-lightbox-container\"><img loading=\"lazy\" decoding=\"async\" width=\"2560\" height=\"1707\" data-wp-class--hide=\"state.isContentHidden\" data-wp-class--show=\"state.isContentVisible\" data-wp-init=\"callbacks.setButtonStyles\" data-wp-on--click=\"actions.showLightbox\" data-wp-on--load=\"callbacks.setButtonStyles\" data-wp-on-window--resize=\"callbacks.setButtonStyles\" src=\"https:\/\/www.soyecoturista.com\/asociacion\/wp-content\/uploads\/2025\/09\/RUTAMARIA_AN50-1-scaled.jpg\" alt=\"\" class=\"wp-image-48122\" style=\"aspect-ratio:3\/2;object-fit:cover\" srcset=\"https:\/\/www.soyecoturista.com\/asociacion\/wp-content\/uploads\/2025\/09\/RUTAMARIA_AN50-1-scaled.jpg 2560w, https:\/\/www.soyecoturista.com\/asociacion\/wp-content\/uploads\/2025\/09\/RUTAMARIA_AN50-1-300x200.jpg 300w, https:\/\/www.soyecoturista.com\/asociacion\/wp-content\/uploads\/2025\/09\/RUTAMARIA_AN50-1-1024x683.jpg 1024w, https:\/\/www.soyecoturista.com\/asociacion\/wp-content\/uploads\/2025\/09\/RUTAMARIA_AN50-1-768x512.jpg 768w, https:\/\/www.soyecoturista.com\/asociacion\/wp-content\/uploads\/2025\/09\/RUTAMARIA_AN50-1-1536x1024.jpg 1536w, https:\/\/www.soyecoturista.com\/asociacion\/wp-content\/uploads\/2025\/09\/RUTAMARIA_AN50-1-2048x1365.jpg 2048w\" sizes=\"auto, (max-width: 2560px) 100vw, 2560px\" \/><button\n\t\t\tclass=\"lightbox-trigger\"\n\t\t\ttype=\"button\"\n\t\t\taria-haspopup=\"dialog\"\n\t\t\taria-label=\"Agrandar\"\n\t\t\tdata-wp-init=\"callbacks.initTriggerButton\"\n\t\t\tdata-wp-on--click=\"actions.showLightbox\"\n\t\t\tdata-wp-style--right=\"state.imageButtonRight\"\n\t\t\tdata-wp-style--top=\"state.imageButtonTop\"\n\t\t>\n\t\t\t<svg xmlns=\"http:\/\/www.w3.org\/2000\/svg\" width=\"12\" height=\"12\" fill=\"none\" viewBox=\"0 0 12 12\">\n\t\t\t\t<path fill=\"#fff\" d=\"M2 0a2 2 0 0 0-2 2v2h1.5V2a.5.5 0 0 1 .5-.5h2V0H2Zm2 10.5H2a.5.5 0 0 1-.5-.5V8H0v2a2 2 0 0 0 2 2h2v-1.5ZM8 12v-1.5h2a.5.5 0 0 0 .5-.5V8H12v2a2 2 0 0 1-2 2H8Zm2-12a2 2 0 0 1 2 2v2h-1.5V2a.5.5 0 0 0-.5-.5H8V0h2Z\" \/>\n\t\t\t<\/svg>\n\t\t<\/button><\/figure>\n<\/div><\/div>\n\n\n\n<div class=\"wp-block-column is-vertically-aligned-center is-layout-flow wp-block-column-is-layout-flow\"><div class=\"wp-block-image\">\n<figure data-wp-context=\"{&quot;imageId&quot;:&quot;69ef3a70872da&quot;}\" data-wp-interactive=\"core\/image\" data-wp-key=\"69ef3a70872da\" class=\"aligncenter size-full wp-lightbox-container\"><img loading=\"lazy\" decoding=\"async\" width=\"2560\" height=\"1707\" data-wp-class--hide=\"state.isContentHidden\" data-wp-class--show=\"state.isContentVisible\" data-wp-init=\"callbacks.setButtonStyles\" data-wp-on--click=\"actions.showLightbox\" data-wp-on--load=\"callbacks.setButtonStyles\" data-wp-on-window--resize=\"callbacks.setButtonStyles\" src=\"https:\/\/www.soyecoturista.com\/asociacion\/wp-content\/uploads\/2025\/09\/RUTAMARIA_AN59-1-scaled.jpg\" alt=\"\" class=\"wp-image-48121\" style=\"aspect-ratio:3\/2;object-fit:cover\" srcset=\"https:\/\/www.soyecoturista.com\/asociacion\/wp-content\/uploads\/2025\/09\/RUTAMARIA_AN59-1-scaled.jpg 2560w, https:\/\/www.soyecoturista.com\/asociacion\/wp-content\/uploads\/2025\/09\/RUTAMARIA_AN59-1-300x200.jpg 300w, https:\/\/www.soyecoturista.com\/asociacion\/wp-content\/uploads\/2025\/09\/RUTAMARIA_AN59-1-1024x683.jpg 1024w, https:\/\/www.soyecoturista.com\/asociacion\/wp-content\/uploads\/2025\/09\/RUTAMARIA_AN59-1-768x512.jpg 768w, https:\/\/www.soyecoturista.com\/asociacion\/wp-content\/uploads\/2025\/09\/RUTAMARIA_AN59-1-1536x1024.jpg 1536w, https:\/\/www.soyecoturista.com\/asociacion\/wp-content\/uploads\/2025\/09\/RUTAMARIA_AN59-1-2048x1365.jpg 2048w\" sizes=\"auto, (max-width: 2560px) 100vw, 2560px\" \/><button\n\t\t\tclass=\"lightbox-trigger\"\n\t\t\ttype=\"button\"\n\t\t\taria-haspopup=\"dialog\"\n\t\t\taria-label=\"Agrandar\"\n\t\t\tdata-wp-init=\"callbacks.initTriggerButton\"\n\t\t\tdata-wp-on--click=\"actions.showLightbox\"\n\t\t\tdata-wp-style--right=\"state.imageButtonRight\"\n\t\t\tdata-wp-style--top=\"state.imageButtonTop\"\n\t\t>\n\t\t\t<svg xmlns=\"http:\/\/www.w3.org\/2000\/svg\" width=\"12\" height=\"12\" fill=\"none\" viewBox=\"0 0 12 12\">\n\t\t\t\t<path fill=\"#fff\" d=\"M2 0a2 2 0 0 0-2 2v2h1.5V2a.5.5 0 0 1 .5-.5h2V0H2Zm2 10.5H2a.5.5 0 0 1-.5-.5V8H0v2a2 2 0 0 0 2 2h2v-1.5ZM8 12v-1.5h2a.5.5 0 0 0 .5-.5V8H12v2a2 2 0 0 1-2 2H8Zm2-12a2 2 0 0 1 2 2v2h-1.5V2a.5.5 0 0 0-.5-.5H8V0h2Z\" \/>\n\t\t\t<\/svg>\n\t\t<\/button><\/figure>\n<\/div><\/div>\n\n\n\n<div class=\"wp-block-column is-vertically-aligned-center is-layout-flow wp-block-column-is-layout-flow\"><div class=\"wp-block-image\">\n<figure data-wp-context=\"{&quot;imageId&quot;:&quot;69ef3a7087a12&quot;}\" data-wp-interactive=\"core\/image\" data-wp-key=\"69ef3a7087a12\" class=\"aligncenter size-full wp-lightbox-container\"><img loading=\"lazy\" decoding=\"async\" width=\"2560\" height=\"1707\" data-wp-class--hide=\"state.isContentHidden\" data-wp-class--show=\"state.isContentVisible\" data-wp-init=\"callbacks.setButtonStyles\" data-wp-on--click=\"actions.showLightbox\" data-wp-on--load=\"callbacks.setButtonStyles\" data-wp-on-window--resize=\"callbacks.setButtonStyles\" src=\"https:\/\/www.soyecoturista.com\/asociacion\/wp-content\/uploads\/2025\/09\/RUTAMARIA_AN55-1-scaled.jpg\" alt=\"\" class=\"wp-image-48123\" style=\"aspect-ratio:3\/2;object-fit:cover\" srcset=\"https:\/\/www.soyecoturista.com\/asociacion\/wp-content\/uploads\/2025\/09\/RUTAMARIA_AN55-1-scaled.jpg 2560w, https:\/\/www.soyecoturista.com\/asociacion\/wp-content\/uploads\/2025\/09\/RUTAMARIA_AN55-1-300x200.jpg 300w, https:\/\/www.soyecoturista.com\/asociacion\/wp-content\/uploads\/2025\/09\/RUTAMARIA_AN55-1-1024x683.jpg 1024w, https:\/\/www.soyecoturista.com\/asociacion\/wp-content\/uploads\/2025\/09\/RUTAMARIA_AN55-1-768x512.jpg 768w, https:\/\/www.soyecoturista.com\/asociacion\/wp-content\/uploads\/2025\/09\/RUTAMARIA_AN55-1-1536x1024.jpg 1536w, https:\/\/www.soyecoturista.com\/asociacion\/wp-content\/uploads\/2025\/09\/RUTAMARIA_AN55-1-2048x1365.jpg 2048w\" sizes=\"auto, (max-width: 2560px) 100vw, 2560px\" \/><button\n\t\t\tclass=\"lightbox-trigger\"\n\t\t\ttype=\"button\"\n\t\t\taria-haspopup=\"dialog\"\n\t\t\taria-label=\"Agrandar\"\n\t\t\tdata-wp-init=\"callbacks.initTriggerButton\"\n\t\t\tdata-wp-on--click=\"actions.showLightbox\"\n\t\t\tdata-wp-style--right=\"state.imageButtonRight\"\n\t\t\tdata-wp-style--top=\"state.imageButtonTop\"\n\t\t>\n\t\t\t<svg xmlns=\"http:\/\/www.w3.org\/2000\/svg\" width=\"12\" height=\"12\" fill=\"none\" viewBox=\"0 0 12 12\">\n\t\t\t\t<path fill=\"#fff\" d=\"M2 0a2 2 0 0 0-2 2v2h1.5V2a.5.5 0 0 1 .5-.5h2V0H2Zm2 10.5H2a.5.5 0 0 1-.5-.5V8H0v2a2 2 0 0 0 2 2h2v-1.5ZM8 12v-1.5h2a.5.5 0 0 0 .5-.5V8H12v2a2 2 0 0 1-2 2H8Zm2-12a2 2 0 0 1 2 2v2h-1.5V2a.5.5 0 0 0-.5-.5H8V0h2Z\" \/>\n\t\t\t<\/svg>\n\t\t<\/button><\/figure>\n<\/div><\/div>\n<\/div>\n\n\n\n<p>La Reserva de Biosfera Mari\u00f1as Coru\u00f1esas ha dise\u00f1ado un <strong>proyecto global de Sendas Ecotur\u00edsticas de la Biosfera<\/strong> a lo largo de sus 17 ayuntamientos, integrando infraestructura verde en un entorno que combina din\u00e1micas urbanas y rurales.<\/p>\n\n\n\n<p>La primera intervenci\u00f3n piloto se ejecut\u00f3 en el municipio de <strong>Mi\u00f1o<\/strong>, recuperando la antigua ruta costera entre <strong>Ponte do Porco y la Senda de los Sentidos<\/strong>. Se trataba de un sendero inaccesible y degradado, que fue restaurado mediante obras de mejora ambiental y paisaj\u00edstica, eliminando especies invasoras y reintroduciendo vegetaci\u00f3n aut\u00f3ctona. El proyecto no solo reimpulsa un itinerario olvidado, sino que lo convierte en un recurso para visitantes y vecinos, compatibilizando conservaci\u00f3n ambiental y uso p\u00fablico.<\/p>\n\n\n\n<h2 class=\"wp-block-heading\">Agentes implicados y alianzas generadas para la implantaci\u00f3n<\/h2>\n\n\n\n<p>El proyecto ha sido posible gracias a la cooperaci\u00f3n entre la entidad gestora de la Reserva, administraciones locales y entidades ambientalistas, que aportaron conocimiento y legitimidad social.<\/p>\n\n\n\n<p>En su ejecuci\u00f3n participan:<\/p>\n\n\n\n<ul class=\"wp-block-list\">\n<li><strong>Reserva de la Biosfera Mari\u00f1as Coru\u00f1esas (Asociaci\u00f3n Mari\u00f1as-Betanzos)<\/strong> \u2013 coordinaci\u00f3n del proyecto.<\/li>\n\n\n\n<li><strong>Ayuntamientos de la Reserva de Biosfera<\/strong> \u2013 colaboraci\u00f3n en la ejecuci\u00f3n de obras y recuperaci\u00f3n de senderos.<\/li>\n\n\n\n<li><strong>Administraciones ambiental y tur\u00edstica<\/strong> \u2013 autorizaciones y apoyo t\u00e9cnico.<\/li>\n\n\n\n<li><strong>Entidades ambientalistas de la mesa sectorial<\/strong> \u2013 asesoramiento en restauraci\u00f3n ecol\u00f3gica y control de especies invasoras.<\/li>\n<\/ul>\n\n\n\n<h2 class=\"wp-block-heading\">Dificultades en el proceso de implantaci\u00f3n y c\u00f3mo se ha superado.<\/h2>\n\n\n\n<p>Uno de los retos principales fue la necesidad de contar con la <strong>colaboraci\u00f3n de propietarios p\u00fablicos y privados<\/strong>, lo que implic\u00f3 procesos de cesi\u00f3n de uso de fincas y negociaci\u00f3n con distintos agentes. Tambi\u00e9n result\u00f3 complejo coordinar la autorizaci\u00f3n de actuaciones con las diferentes administraciones competentes, dado que se trataba de intervenciones en entornos sensibles.<\/p>\n\n\n\n<p>Estas barreras se superaron gracias a la <strong>participaci\u00f3n activa de los ayuntamientos y entidades ambientalistas<\/strong>, que facilitaron consensos y agilizaron los tr\u00e1mites. La implicaci\u00f3n del tejido local permiti\u00f3 reforzar la legitimidad del proyecto y garantizar su continuidad en el tiempo.<\/p>\n\n\n\n<h2 class=\"wp-block-heading\">Beneficios que aporta<\/h2>\n\n\n\n<ul class=\"wp-block-list\">\n<li><strong>Ambientales:<\/strong> restauraci\u00f3n de ecosistemas de ribera, eliminaci\u00f3n de especies invasoras y reintroducci\u00f3n de vegetaci\u00f3n aut\u00f3ctona.<\/li>\n\n\n\n<li><strong>Sociales:<\/strong> creaci\u00f3n de nuevos espacios de disfrute para vecinos y visitantes, con beneficios para la calidad de vida comunitaria.<\/li>\n\n\n\n<li><strong>Econ\u00f3micos:<\/strong> generaci\u00f3n de nuevos productos ecotur\u00edsticos que diversifican la oferta y apoyan la econom\u00eda local.<\/li>\n\n\n\n<li><strong>Culturales y territoriales:<\/strong> recuperaci\u00f3n de sendas tradicionales y revalorizaci\u00f3n del patrimonio natural y paisaj\u00edstico.<\/li>\n\n\n\n<li><strong>Innovaci\u00f3n:<\/strong> articulaci\u00f3n de una <strong>Red de Centros de Interpretaci\u00f3n<\/strong>, que armoniza la idea de Reserva en todo el territorio con contenidos tem\u00e1ticos adaptados.<\/li>\n<\/ul>\n\n\n\n<h2 class=\"wp-block-heading\">Diferenciaci\u00f3n<\/h2>\n\n\n\n<p>A diferencia de otros proyectos de senderismo, las <strong>Sendas Ecotur\u00edsticas de la Biosfera<\/strong> se conciben como una red territorial que une naturaleza, cultura y comunidad. Cada senda se plantea como un producto ecotur\u00edstico con identidad propia, integrado en la estrategia global de la Reserva. La vinculaci\u00f3n con los Centros de Interpretaci\u00f3n refuerza su car\u00e1cter educativo y divulgativo, convirti\u00e9ndolo en un modelo replicable en otras Reservas de Biosfera.<\/p>\n\n\n\n<p>En definitiva, la primera senda piloto en Mi\u00f1o marca el inicio de una <strong>red de itinerarios ambientales<\/strong> que se desplegar\u00e1 durante <strong>2024 y 2025<\/strong> en los 17 municipios de la Reserva. Una apuesta que armoniza conservaci\u00f3n, disfrute y desarrollo local, consolidando a Mari\u00f1as Coru\u00f1esas como un destino de ecoturismo innovador y sostenible<\/p>\n\n\n\n<div class=\"wp-block-buttons is-content-justification-center is-layout-flex wp-container-core-buttons-is-layout-16018d1d wp-block-buttons-is-layout-flex\"><\/div>\n","protected":false},"excerpt":{"rendered":"<p>Datos del destino: Reserva de la Biosfera Mari\u00f1as Coru\u00f1esas Creaci\u00f3n de las Sendas Ecotur\u00edsticas La Reserva de Biosfera Mari\u00f1as Coru\u00f1esas ha dise\u00f1ado un proyecto global de Sendas Ecotur\u00edsticas de la [&hellip;]<\/p>\n","protected":false},"author":99,"featured_media":48120,"comment_status":"closed","ping_status":"closed","sticky":false,"template":"","format":"standard","meta":{"_acf_changed":false,"footnotes":""},"categories":[1377,1379,1381],"tags":[],"class_list":["post-48115","post","type-post","status-publish","format-standard","has-post-thumbnail","hentry","category-buenas-practicas-destinos","category-conservacion-de-la-naturaleza-buenas-practicas-destinos","category-reduccion-del-impacto-ambiental"],"acf":[],"_links":{"self":[{"href":"https:\/\/www.soyecoturista.com\/asociacion\/wp-json\/wp\/v2\/posts\/48115","targetHints":{"allow":["GET"]}}],"collection":[{"href":"https:\/\/www.soyecoturista.com\/asociacion\/wp-json\/wp\/v2\/posts"}],"about":[{"href":"https:\/\/www.soyecoturista.com\/asociacion\/wp-json\/wp\/v2\/types\/post"}],"author":[{"embeddable":true,"href":"https:\/\/www.soyecoturista.com\/asociacion\/wp-json\/wp\/v2\/users\/99"}],"replies":[{"embeddable":true,"href":"https:\/\/www.soyecoturista.com\/asociacion\/wp-json\/wp\/v2\/comments?post=48115"}],"version-history":[{"count":2,"href":"https:\/\/www.soyecoturista.com\/asociacion\/wp-json\/wp\/v2\/posts\/48115\/revisions"}],"predecessor-version":[{"id":48193,"href":"https:\/\/www.soyecoturista.com\/asociacion\/wp-json\/wp\/v2\/posts\/48115\/revisions\/48193"}],"wp:featuredmedia":[{"embeddable":true,"href":"https:\/\/www.soyecoturista.com\/asociacion\/wp-json\/wp\/v2\/media\/48120"}],"wp:attachment":[{"href":"https:\/\/www.soyecoturista.com\/asociacion\/wp-json\/wp\/v2\/media?parent=48115"}],"wp:term":[{"taxonomy":"category","embeddable":true,"href":"https:\/\/www.soyecoturista.com\/asociacion\/wp-json\/wp\/v2\/categories?post=48115"},{"taxonomy":"post_tag","embeddable":true,"href":"https:\/\/www.soyecoturista.com\/asociacion\/wp-json\/wp\/v2\/tags?post=48115"}],"curies":[{"name":"wp","href":"https:\/\/api.w.org\/{rel}","templated":true}]}}