{"id":48110,"date":"2025-09-18T13:24:07","date_gmt":"2025-09-18T11:24:07","guid":{"rendered":"https:\/\/www.soyecoturista.com\/asociacion\/?p=48110"},"modified":"2025-09-18T13:24:10","modified_gmt":"2025-09-18T11:24:10","slug":"movilidad-sostenible-marinas-corunesas","status":"publish","type":"post","link":"https:\/\/www.soyecoturista.com\/asociacion\/movilidad-sostenible-marinas-corunesas\/","title":{"rendered":"Movilidad sostenible y accesible en la Reserva de Biosfera Mari\u00f1as Coru\u00f1esas"},"content":{"rendered":"\n<h2 class=\"wp-block-heading\">Datos del destino: <strong>Reserva de la Biosfera Mari\u00f1as Coru\u00f1esas<\/strong><\/h2>\n\n\n\n<ul class=\"wp-block-list\">\n<li><strong>Destino:<\/strong> Reserva de Biosfera Mari\u00f1as Coru\u00f1esas e Terras do Mandeo<\/li>\n\n\n\n<li><strong>Entidad:<\/strong> Reserva de la Biosfera Mari\u00f1as Coru\u00f1esas, en colaboraci\u00f3n con Xunta de Galicia, Diputaci\u00f3n de A Coru\u00f1a, Secretar\u00eda de Estado de Turismo y los 17 ayuntamientos del territorio<\/li>\n\n\n\n<li><strong>Comunidad aut\u00f3noma:<\/strong> Galicia<\/li>\n\n\n\n<li><strong>Web:<\/strong> <a href=\"https:\/\/turismo.marinasbetanzos.gal\" target=\"_blank\" rel=\"noreferrer noopener\">turismo.marinasbetanzos.gal<\/a> <\/li>\n<\/ul>\n\n\n\n<h1 class=\"wp-block-heading\">Bolsa de proyectos de compensaci\u00f3n de CO\u2082 en la Reserva de la Biosfera Mari\u00f1as Coru\u00f1esas<\/h1>\n\n\n\n<div style=\"height:35px\" aria-hidden=\"true\" class=\"wp-block-spacer\"><\/div>\n\n\n\n<div class=\"wp-block-columns is-layout-flex wp-container-core-columns-is-layout-9d6595d7 wp-block-columns-is-layout-flex\">\n<div class=\"wp-block-column is-vertically-aligned-center is-layout-flow wp-block-column-is-layout-flow\"><div class=\"wp-block-image\">\n<figure data-wp-context=\"{&quot;imageId&quot;:&quot;69f49c9f3779e&quot;}\" data-wp-interactive=\"core\/image\" data-wp-key=\"69f49c9f3779e\" class=\"aligncenter size-full wp-lightbox-container\"><img loading=\"lazy\" decoding=\"async\" width=\"2560\" height=\"2126\" data-wp-class--hide=\"state.isContentHidden\" data-wp-class--show=\"state.isContentVisible\" data-wp-init=\"callbacks.setButtonStyles\" data-wp-on--click=\"actions.showLightbox\" data-wp-on--load=\"callbacks.setButtonStyles\" data-wp-on-window--resize=\"callbacks.setButtonStyles\" src=\"https:\/\/www.soyecoturista.com\/asociacion\/wp-content\/uploads\/2025\/09\/catamaran13-scaled.jpg\" alt=\"\" class=\"wp-image-48112\" style=\"aspect-ratio:3\/2;object-fit:cover\" srcset=\"https:\/\/www.soyecoturista.com\/asociacion\/wp-content\/uploads\/2025\/09\/catamaran13-scaled.jpg 2560w, https:\/\/www.soyecoturista.com\/asociacion\/wp-content\/uploads\/2025\/09\/catamaran13-300x249.jpg 300w, https:\/\/www.soyecoturista.com\/asociacion\/wp-content\/uploads\/2025\/09\/catamaran13-1024x850.jpg 1024w, https:\/\/www.soyecoturista.com\/asociacion\/wp-content\/uploads\/2025\/09\/catamaran13-768x638.jpg 768w, https:\/\/www.soyecoturista.com\/asociacion\/wp-content\/uploads\/2025\/09\/catamaran13-1536x1276.jpg 1536w, https:\/\/www.soyecoturista.com\/asociacion\/wp-content\/uploads\/2025\/09\/catamaran13-2048x1701.jpg 2048w\" sizes=\"auto, (max-width: 2560px) 100vw, 2560px\" \/><button\n\t\t\tclass=\"lightbox-trigger\"\n\t\t\ttype=\"button\"\n\t\t\taria-haspopup=\"dialog\"\n\t\t\taria-label=\"Agrandar\"\n\t\t\tdata-wp-init=\"callbacks.initTriggerButton\"\n\t\t\tdata-wp-on--click=\"actions.showLightbox\"\n\t\t\tdata-wp-style--right=\"state.imageButtonRight\"\n\t\t\tdata-wp-style--top=\"state.imageButtonTop\"\n\t\t>\n\t\t\t<svg xmlns=\"http:\/\/www.w3.org\/2000\/svg\" width=\"12\" height=\"12\" fill=\"none\" viewBox=\"0 0 12 12\">\n\t\t\t\t<path fill=\"#fff\" d=\"M2 0a2 2 0 0 0-2 2v2h1.5V2a.5.5 0 0 1 .5-.5h2V0H2Zm2 10.5H2a.5.5 0 0 1-.5-.5V8H0v2a2 2 0 0 0 2 2h2v-1.5ZM8 12v-1.5h2a.5.5 0 0 0 .5-.5V8H12v2a2 2 0 0 1-2 2H8Zm2-12a2 2 0 0 1 2 2v2h-1.5V2a.5.5 0 0 0-.5-.5H8V0h2Z\" \/>\n\t\t\t<\/svg>\n\t\t<\/button><\/figure>\n<\/div><\/div>\n\n\n\n<div class=\"wp-block-column is-vertically-aligned-center is-layout-flow wp-block-column-is-layout-flow\"><div class=\"wp-block-image\">\n<figure data-wp-context=\"{&quot;imageId&quot;:&quot;69f49c9f385b5&quot;}\" data-wp-interactive=\"core\/image\" data-wp-key=\"69f49c9f385b5\" class=\"aligncenter size-full wp-lightbox-container\"><img loading=\"lazy\" decoding=\"async\" width=\"2560\" height=\"1707\" data-wp-class--hide=\"state.isContentHidden\" data-wp-class--show=\"state.isContentVisible\" data-wp-init=\"callbacks.setButtonStyles\" data-wp-on--click=\"actions.showLightbox\" data-wp-on--load=\"callbacks.setButtonStyles\" data-wp-on-window--resize=\"callbacks.setButtonStyles\" src=\"https:\/\/www.soyecoturista.com\/asociacion\/wp-content\/uploads\/2025\/09\/catamaran28-scaled.jpg\" alt=\"\" class=\"wp-image-48113\" style=\"aspect-ratio:3\/2;object-fit:cover\" srcset=\"https:\/\/www.soyecoturista.com\/asociacion\/wp-content\/uploads\/2025\/09\/catamaran28-scaled.jpg 2560w, https:\/\/www.soyecoturista.com\/asociacion\/wp-content\/uploads\/2025\/09\/catamaran28-300x200.jpg 300w, https:\/\/www.soyecoturista.com\/asociacion\/wp-content\/uploads\/2025\/09\/catamaran28-1024x683.jpg 1024w, https:\/\/www.soyecoturista.com\/asociacion\/wp-content\/uploads\/2025\/09\/catamaran28-768x512.jpg 768w, https:\/\/www.soyecoturista.com\/asociacion\/wp-content\/uploads\/2025\/09\/catamaran28-1536x1024.jpg 1536w, https:\/\/www.soyecoturista.com\/asociacion\/wp-content\/uploads\/2025\/09\/catamaran28-2048x1365.jpg 2048w\" sizes=\"auto, (max-width: 2560px) 100vw, 2560px\" \/><button\n\t\t\tclass=\"lightbox-trigger\"\n\t\t\ttype=\"button\"\n\t\t\taria-haspopup=\"dialog\"\n\t\t\taria-label=\"Agrandar\"\n\t\t\tdata-wp-init=\"callbacks.initTriggerButton\"\n\t\t\tdata-wp-on--click=\"actions.showLightbox\"\n\t\t\tdata-wp-style--right=\"state.imageButtonRight\"\n\t\t\tdata-wp-style--top=\"state.imageButtonTop\"\n\t\t>\n\t\t\t<svg xmlns=\"http:\/\/www.w3.org\/2000\/svg\" width=\"12\" height=\"12\" fill=\"none\" viewBox=\"0 0 12 12\">\n\t\t\t\t<path fill=\"#fff\" d=\"M2 0a2 2 0 0 0-2 2v2h1.5V2a.5.5 0 0 1 .5-.5h2V0H2Zm2 10.5H2a.5.5 0 0 1-.5-.5V8H0v2a2 2 0 0 0 2 2h2v-1.5ZM8 12v-1.5h2a.5.5 0 0 0 .5-.5V8H12v2a2 2 0 0 1-2 2H8Zm2-12a2 2 0 0 1 2 2v2h-1.5V2a.5.5 0 0 0-.5-.5H8V0h2Z\" \/>\n\t\t\t<\/svg>\n\t\t<\/button><\/figure>\n<\/div><\/div>\n\n\n\n<div class=\"wp-block-column is-vertically-aligned-center is-layout-flow wp-block-column-is-layout-flow\"><div class=\"wp-block-image\">\n<figure data-wp-context=\"{&quot;imageId&quot;:&quot;69f49c9f38c79&quot;}\" data-wp-interactive=\"core\/image\" data-wp-key=\"69f49c9f38c79\" class=\"aligncenter size-full wp-lightbox-container\"><img loading=\"lazy\" decoding=\"async\" width=\"2560\" height=\"1707\" data-wp-class--hide=\"state.isContentHidden\" data-wp-class--show=\"state.isContentVisible\" data-wp-init=\"callbacks.setButtonStyles\" data-wp-on--click=\"actions.showLightbox\" data-wp-on--load=\"callbacks.setButtonStyles\" data-wp-on-window--resize=\"callbacks.setButtonStyles\" src=\"https:\/\/www.soyecoturista.com\/asociacion\/wp-content\/uploads\/2025\/09\/catamaran33-scaled.jpg\" alt=\"\" class=\"wp-image-48111\" style=\"aspect-ratio:3\/2;object-fit:cover\" srcset=\"https:\/\/www.soyecoturista.com\/asociacion\/wp-content\/uploads\/2025\/09\/catamaran33-scaled.jpg 2560w, https:\/\/www.soyecoturista.com\/asociacion\/wp-content\/uploads\/2025\/09\/catamaran33-300x200.jpg 300w, https:\/\/www.soyecoturista.com\/asociacion\/wp-content\/uploads\/2025\/09\/catamaran33-1024x683.jpg 1024w, https:\/\/www.soyecoturista.com\/asociacion\/wp-content\/uploads\/2025\/09\/catamaran33-768x512.jpg 768w, https:\/\/www.soyecoturista.com\/asociacion\/wp-content\/uploads\/2025\/09\/catamaran33-1536x1024.jpg 1536w, https:\/\/www.soyecoturista.com\/asociacion\/wp-content\/uploads\/2025\/09\/catamaran33-2048x1365.jpg 2048w\" sizes=\"auto, (max-width: 2560px) 100vw, 2560px\" \/><button\n\t\t\tclass=\"lightbox-trigger\"\n\t\t\ttype=\"button\"\n\t\t\taria-haspopup=\"dialog\"\n\t\t\taria-label=\"Agrandar\"\n\t\t\tdata-wp-init=\"callbacks.initTriggerButton\"\n\t\t\tdata-wp-on--click=\"actions.showLightbox\"\n\t\t\tdata-wp-style--right=\"state.imageButtonRight\"\n\t\t\tdata-wp-style--top=\"state.imageButtonTop\"\n\t\t>\n\t\t\t<svg xmlns=\"http:\/\/www.w3.org\/2000\/svg\" width=\"12\" height=\"12\" fill=\"none\" viewBox=\"0 0 12 12\">\n\t\t\t\t<path fill=\"#fff\" d=\"M2 0a2 2 0 0 0-2 2v2h1.5V2a.5.5 0 0 1 .5-.5h2V0H2Zm2 10.5H2a.5.5 0 0 1-.5-.5V8H0v2a2 2 0 0 0 2 2h2v-1.5ZM8 12v-1.5h2a.5.5 0 0 0 .5-.5V8H12v2a2 2 0 0 1-2 2H8Zm2-12a2 2 0 0 1 2 2v2h-1.5V2a.5.5 0 0 0-.5-.5H8V0h2Z\" \/>\n\t\t\t<\/svg>\n\t\t<\/button><\/figure>\n<\/div><\/div>\n<\/div>\n\n\n\n<p>La Reserva de Biosfera Mari\u00f1as Coru\u00f1esas ha puesto en marcha un ambicioso plan de <strong>movilidad sostenible y accesible<\/strong>, que combina la introducci\u00f3n de un <strong>catamar\u00e1n 100% el\u00e9ctrico<\/strong> para experiencias ecotur\u00edsticas y la <strong>instalaci\u00f3n de 23 cargadores el\u00e9ctricos con 46 plazas de aparcamiento<\/strong> en sus 17 municipios.<\/p>\n\n\n\n<p>La iniciativa busca reducir emisiones, garantizar la accesibilidad universal e impulsar la cohesi\u00f3n territorial mediante infraestructuras innovadoras y energ\u00edas 100% renovables. Se convierte as\u00ed en un modelo para desestacionalizar el turismo, reforzar el tejido empresarial local y proyectar una imagen de destino comprometido con la neutralidad clim\u00e1tica.<\/p>\n\n\n\n<h2 class=\"wp-block-heading\">Agentes implicados y alianzas generadas para la implantaci\u00f3n<\/h2>\n\n\n\n<p>El proyecto ha sido posible gracias a la suma de esfuerzos entre administraciones p\u00fablicas, empresas privadas y tejido local, lo que refuerza la gobernanza compartida de la Reserva.<\/p>\n\n\n\n<p>En su ejecuci\u00f3n participan:<\/p>\n\n\n\n<ul class=\"wp-block-list\">\n<li><strong>Diputaci\u00f3n de A Coru\u00f1a<\/strong> \u2013 cesi\u00f3n del catamar\u00e1n el\u00e9ctrico (valorado en 45.000 \u20ac).<\/li>\n\n\n\n<li><strong>Reserva de Biosfera Mari\u00f1as Coru\u00f1esas<\/strong> \u2013 coordinaci\u00f3n del proyecto y licitaci\u00f3n de infraestructuras.<\/li>\n\n\n\n<li><strong>Iberdrola<\/strong> \u2013 instalaci\u00f3n y gesti\u00f3n de la red de puntos de recarga con energ\u00eda 100% renovable.<\/li>\n\n\n\n<li><strong>Xunta de Galicia, Secretar\u00eda de Estado de Turismo y 17 ayuntamientos<\/strong> \u2013 apoyo financiero e institucional.<\/li>\n\n\n\n<li><strong>Empresas locales certificadas en la Marca de Calidad<\/strong> \u2013 gesti\u00f3n de experiencias ecotur\u00edsticas con el catamar\u00e1n.<\/li>\n\n\n\n<li><strong>Sector tur\u00edstico y productivo del territorio<\/strong> \u2013 implicaci\u00f3n en la promoci\u00f3n y aprovechamiento de la nueva infraestructura.<\/li>\n<\/ul>\n\n\n\n<h2 class=\"wp-block-heading\">Dificultades en el proceso de implantaci\u00f3n y c\u00f3mo se ha superado.<\/h2>\n\n\n\n<p>Uno de los principales retos fue <strong>evitar la masificaci\u00f3n<\/strong> en los espacios naturales, garantizando un uso p\u00fablico compatible con la conservaci\u00f3n. Para ello se dise\u00f1aron experiencias limitadas y gestionadas por empresas locales certificadas, reforzando la calidad frente a la cantidad.<\/p>\n\n\n\n<p>En el caso de los puntos de recarga, las dificultades se centraron en la <strong>viabilidad t\u00e9cnica y normativa<\/strong>, especialmente en zonas rurales con escaso suministro el\u00e9ctrico. Estas barreras se resolvieron mediante proyectos t\u00e9cnicos individualizados y alternativas de ubicaci\u00f3n consensuadas con cada ayuntamiento.<\/p>\n\n\n\n<h2 class=\"wp-block-heading\">Beneficios que aporta<\/h2>\n\n\n\n<ul class=\"wp-block-list\">\n<li><strong>Ambientales:<\/strong> reducci\u00f3n de emisiones, uso de energ\u00edas renovables y descarbonizaci\u00f3n del transporte en espacios naturales y urbanos.<\/li>\n\n\n\n<li><strong>Sociales:<\/strong> accesibilidad universal, implicaci\u00f3n de poblaci\u00f3n local y visitantes en la transici\u00f3n energ\u00e9tica.<\/li>\n\n\n\n<li><strong>Econ\u00f3micos:<\/strong> impulso a la cohesi\u00f3n territorial, apoyo a empresas certificadas y dinamizaci\u00f3n tur\u00edstica durante todo el a\u00f1o.<\/li>\n\n\n\n<li><strong>Culturales y territoriales:<\/strong> visibilizaci\u00f3n del patrimonio natural y cultural de Mari\u00f1as Coru\u00f1esas a trav\u00e9s de experiencias sostenibles.<\/li>\n\n\n\n<li><strong>Innovaci\u00f3n:<\/strong> primer destino gallego con catamar\u00e1n 100% el\u00e9ctrico y red integral de puntos de recarga en todos sus municipios.<\/li>\n<\/ul>\n\n\n\n<h2 class=\"wp-block-heading\">Diferenciaci\u00f3n<\/h2>\n\n\n\n<p>La iniciativa destaca por combinar <strong>transporte fluvial el\u00e9ctrico<\/strong> y <strong>red de recarga comarcal<\/strong>, convirti\u00e9ndose en un proyecto pionero que integra movilidad, ecoturismo y transici\u00f3n energ\u00e9tica. Frente a otras experiencias aisladas, ofrece una visi\u00f3n integral y replicable que a\u00fana sostenibilidad, accesibilidad y promoci\u00f3n del territorio bajo la marca de destino certificado.<\/p>\n\n\n\n<p>En definitiva, la implementaci\u00f3n durante los a\u00f1os <strong>2023, 2024 y 2025<\/strong> marca un antes y un despu\u00e9s en la movilidad de la Reserva de Biosfera Mari\u00f1as Coru\u00f1esas. Este proyecto no solo contribuye a la neutralidad clim\u00e1tica, sino que tambi\u00e9n se consolida como una herramienta de cohesi\u00f3n territorial, promoci\u00f3n empresarial y ejemplo replicable para otros destinos de ecoturismo.<\/p>\n\n\n\n<div class=\"wp-block-buttons is-content-justification-center is-layout-flex wp-container-core-buttons-is-layout-16018d1d wp-block-buttons-is-layout-flex\"><\/div>\n","protected":false},"excerpt":{"rendered":"<p>Datos del destino: Reserva de la Biosfera Mari\u00f1as Coru\u00f1esas Bolsa de proyectos de compensaci\u00f3n de CO\u2082 en la Reserva de la Biosfera Mari\u00f1as Coru\u00f1esas La Reserva de Biosfera Mari\u00f1as Coru\u00f1esas [&hellip;]<\/p>\n","protected":false},"author":99,"featured_media":48111,"comment_status":"closed","ping_status":"closed","sticky":false,"template":"","format":"standard","meta":{"_acf_changed":false,"footnotes":""},"categories":[1377,1379,1381],"tags":[],"class_list":["post-48110","post","type-post","status-publish","format-standard","has-post-thumbnail","hentry","category-buenas-practicas-destinos","category-conservacion-de-la-naturaleza-buenas-practicas-destinos","category-reduccion-del-impacto-ambiental"],"acf":[],"_links":{"self":[{"href":"https:\/\/www.soyecoturista.com\/asociacion\/wp-json\/wp\/v2\/posts\/48110","targetHints":{"allow":["GET"]}}],"collection":[{"href":"https:\/\/www.soyecoturista.com\/asociacion\/wp-json\/wp\/v2\/posts"}],"about":[{"href":"https:\/\/www.soyecoturista.com\/asociacion\/wp-json\/wp\/v2\/types\/post"}],"author":[{"embeddable":true,"href":"https:\/\/www.soyecoturista.com\/asociacion\/wp-json\/wp\/v2\/users\/99"}],"replies":[{"embeddable":true,"href":"https:\/\/www.soyecoturista.com\/asociacion\/wp-json\/wp\/v2\/comments?post=48110"}],"version-history":[{"count":2,"href":"https:\/\/www.soyecoturista.com\/asociacion\/wp-json\/wp\/v2\/posts\/48110\/revisions"}],"predecessor-version":[{"id":48162,"href":"https:\/\/www.soyecoturista.com\/asociacion\/wp-json\/wp\/v2\/posts\/48110\/revisions\/48162"}],"wp:featuredmedia":[{"embeddable":true,"href":"https:\/\/www.soyecoturista.com\/asociacion\/wp-json\/wp\/v2\/media\/48111"}],"wp:attachment":[{"href":"https:\/\/www.soyecoturista.com\/asociacion\/wp-json\/wp\/v2\/media?parent=48110"}],"wp:term":[{"taxonomy":"category","embeddable":true,"href":"https:\/\/www.soyecoturista.com\/asociacion\/wp-json\/wp\/v2\/categories?post=48110"},{"taxonomy":"post_tag","embeddable":true,"href":"https:\/\/www.soyecoturista.com\/asociacion\/wp-json\/wp\/v2\/tags?post=48110"}],"curies":[{"name":"wp","href":"https:\/\/api.w.org\/{rel}","templated":true}]}}