{"id":48104,"date":"2025-09-18T13:16:30","date_gmt":"2025-09-18T11:16:30","guid":{"rendered":"https:\/\/www.soyecoturista.com\/asociacion\/?p=48104"},"modified":"2026-02-13T18:33:03","modified_gmt":"2026-02-13T17:33:03","slug":"bolsa-de-proyectos-marinas-corunesas","status":"publish","type":"post","link":"https:\/\/www.soyecoturista.com\/asociacion\/bolsa-de-proyectos-marinas-corunesas\/","title":{"rendered":"Bolsa de proyectos de compensaci\u00f3n de CO\u2082 en la Reserva de la Biosfera Mari\u00f1as Coru\u00f1esas"},"content":{"rendered":"\n<h2 class=\"wp-block-heading\">Datos del destino: <strong>Reserva de la Biosfera Mari\u00f1as Coru\u00f1esas<\/strong><\/h2>\n\n\n\n<ul class=\"wp-block-list\">\n<li><strong>Destino:<\/strong> Reserva de Biosfera Mari\u00f1as Coru\u00f1esas<\/li>\n\n\n\n<li><strong>Entidad:<\/strong> Asociaci\u00f3n de Desenvolvemento Rural Mari\u00f1as-Betanzos<\/li>\n\n\n\n<li><strong>Comunidad aut\u00f3noma:<\/strong> Galicia<\/li>\n\n\n\n<li><strong>Web:<\/strong> <a href=\"https:\/\/turismo.marinasbetanzos.gal\" target=\"_blank\" rel=\"noreferrer noopener\">turismo.marinasbetanzos.gal<\/a> | <a href=\"https:\/\/marinasmandeo.bw.boldest.io\/es\/proyectos-compensacion-co2#1749802853652\" target=\"_blank\" rel=\"noreferrer noopener\">Proyectos de compensaci\u00f3n CO\u2082<\/a><\/li>\n<\/ul>\n\n\n\n<h1 class=\"wp-block-heading\">Bolsa de proyectos de compensaci\u00f3n de CO\u2082 en la Reserva de la Biosfera Mari\u00f1as Coru\u00f1esas<\/h1>\n\n\n\n<div style=\"height:35px\" aria-hidden=\"true\" class=\"wp-block-spacer\"><\/div>\n\n\n\n<div class=\"wp-block-columns is-layout-flex wp-container-core-columns-is-layout-9d6595d7 wp-block-columns-is-layout-flex\">\n<div class=\"wp-block-column is-vertically-aligned-center is-layout-flow wp-block-column-is-layout-flow\"><div class=\"wp-block-image\">\n<figure data-wp-context=\"{&quot;imageId&quot;:&quot;69f489807b3f1&quot;}\" data-wp-interactive=\"core\/image\" data-wp-key=\"69f489807b3f1\" class=\"aligncenter size-full wp-lightbox-container\"><img loading=\"lazy\" decoding=\"async\" width=\"2560\" height=\"1440\" data-wp-class--hide=\"state.isContentHidden\" data-wp-class--show=\"state.isContentVisible\" data-wp-init=\"callbacks.setButtonStyles\" data-wp-on--click=\"actions.showLightbox\" data-wp-on--load=\"callbacks.setButtonStyles\" data-wp-on-window--resize=\"callbacks.setButtonStyles\" src=\"https:\/\/www.soyecoturista.com\/asociacion\/wp-content\/uploads\/2025\/09\/aereasturismo54-scaled.jpg\" alt=\"\" class=\"wp-image-48107\" style=\"aspect-ratio:3\/2;object-fit:cover\" srcset=\"https:\/\/www.soyecoturista.com\/asociacion\/wp-content\/uploads\/2025\/09\/aereasturismo54-scaled.jpg 2560w, https:\/\/www.soyecoturista.com\/asociacion\/wp-content\/uploads\/2025\/09\/aereasturismo54-300x169.jpg 300w, https:\/\/www.soyecoturista.com\/asociacion\/wp-content\/uploads\/2025\/09\/aereasturismo54-1024x576.jpg 1024w, https:\/\/www.soyecoturista.com\/asociacion\/wp-content\/uploads\/2025\/09\/aereasturismo54-768x432.jpg 768w, https:\/\/www.soyecoturista.com\/asociacion\/wp-content\/uploads\/2025\/09\/aereasturismo54-1536x864.jpg 1536w, https:\/\/www.soyecoturista.com\/asociacion\/wp-content\/uploads\/2025\/09\/aereasturismo54-2048x1152.jpg 2048w\" sizes=\"auto, (max-width: 2560px) 100vw, 2560px\" \/><button\n\t\t\tclass=\"lightbox-trigger\"\n\t\t\ttype=\"button\"\n\t\t\taria-haspopup=\"dialog\"\n\t\t\taria-label=\"Agrandar\"\n\t\t\tdata-wp-init=\"callbacks.initTriggerButton\"\n\t\t\tdata-wp-on--click=\"actions.showLightbox\"\n\t\t\tdata-wp-style--right=\"state.imageButtonRight\"\n\t\t\tdata-wp-style--top=\"state.imageButtonTop\"\n\t\t>\n\t\t\t<svg xmlns=\"http:\/\/www.w3.org\/2000\/svg\" width=\"12\" height=\"12\" fill=\"none\" viewBox=\"0 0 12 12\">\n\t\t\t\t<path fill=\"#fff\" d=\"M2 0a2 2 0 0 0-2 2v2h1.5V2a.5.5 0 0 1 .5-.5h2V0H2Zm2 10.5H2a.5.5 0 0 1-.5-.5V8H0v2a2 2 0 0 0 2 2h2v-1.5ZM8 12v-1.5h2a.5.5 0 0 0 .5-.5V8H12v2a2 2 0 0 1-2 2H8Zm2-12a2 2 0 0 1 2 2v2h-1.5V2a.5.5 0 0 0-.5-.5H8V0h2Z\" \/>\n\t\t\t<\/svg>\n\t\t<\/button><\/figure>\n<\/div><\/div>\n\n\n\n<div class=\"wp-block-column is-vertically-aligned-center is-layout-flow wp-block-column-is-layout-flow\"><div class=\"wp-block-image\">\n<figure data-wp-context=\"{&quot;imageId&quot;:&quot;69f489807c021&quot;}\" data-wp-interactive=\"core\/image\" data-wp-key=\"69f489807c021\" class=\"aligncenter size-full wp-lightbox-container\"><img loading=\"lazy\" decoding=\"async\" width=\"2560\" height=\"1440\" data-wp-class--hide=\"state.isContentHidden\" data-wp-class--show=\"state.isContentVisible\" data-wp-init=\"callbacks.setButtonStyles\" data-wp-on--click=\"actions.showLightbox\" data-wp-on--load=\"callbacks.setButtonStyles\" data-wp-on-window--resize=\"callbacks.setButtonStyles\" src=\"https:\/\/www.soyecoturista.com\/asociacion\/wp-content\/uploads\/2025\/09\/aereasturismo78-scaled.jpg\" alt=\"\" class=\"wp-image-48105\" style=\"aspect-ratio:3\/2;object-fit:cover\" srcset=\"https:\/\/www.soyecoturista.com\/asociacion\/wp-content\/uploads\/2025\/09\/aereasturismo78-scaled.jpg 2560w, https:\/\/www.soyecoturista.com\/asociacion\/wp-content\/uploads\/2025\/09\/aereasturismo78-300x169.jpg 300w, https:\/\/www.soyecoturista.com\/asociacion\/wp-content\/uploads\/2025\/09\/aereasturismo78-1024x576.jpg 1024w, https:\/\/www.soyecoturista.com\/asociacion\/wp-content\/uploads\/2025\/09\/aereasturismo78-768x432.jpg 768w, https:\/\/www.soyecoturista.com\/asociacion\/wp-content\/uploads\/2025\/09\/aereasturismo78-1536x864.jpg 1536w, https:\/\/www.soyecoturista.com\/asociacion\/wp-content\/uploads\/2025\/09\/aereasturismo78-2048x1152.jpg 2048w\" sizes=\"auto, (max-width: 2560px) 100vw, 2560px\" \/><button\n\t\t\tclass=\"lightbox-trigger\"\n\t\t\ttype=\"button\"\n\t\t\taria-haspopup=\"dialog\"\n\t\t\taria-label=\"Agrandar\"\n\t\t\tdata-wp-init=\"callbacks.initTriggerButton\"\n\t\t\tdata-wp-on--click=\"actions.showLightbox\"\n\t\t\tdata-wp-style--right=\"state.imageButtonRight\"\n\t\t\tdata-wp-style--top=\"state.imageButtonTop\"\n\t\t>\n\t\t\t<svg xmlns=\"http:\/\/www.w3.org\/2000\/svg\" width=\"12\" height=\"12\" fill=\"none\" viewBox=\"0 0 12 12\">\n\t\t\t\t<path fill=\"#fff\" d=\"M2 0a2 2 0 0 0-2 2v2h1.5V2a.5.5 0 0 1 .5-.5h2V0H2Zm2 10.5H2a.5.5 0 0 1-.5-.5V8H0v2a2 2 0 0 0 2 2h2v-1.5ZM8 12v-1.5h2a.5.5 0 0 0 .5-.5V8H12v2a2 2 0 0 1-2 2H8Zm2-12a2 2 0 0 1 2 2v2h-1.5V2a.5.5 0 0 0-.5-.5H8V0h2Z\" \/>\n\t\t\t<\/svg>\n\t\t<\/button><\/figure>\n<\/div><\/div>\n\n\n\n<div class=\"wp-block-column is-vertically-aligned-center is-layout-flow wp-block-column-is-layout-flow\"><div class=\"wp-block-image\">\n<figure data-wp-context=\"{&quot;imageId&quot;:&quot;69f489807c5f7&quot;}\" data-wp-interactive=\"core\/image\" data-wp-key=\"69f489807c5f7\" class=\"aligncenter size-full wp-lightbox-container\"><img loading=\"lazy\" decoding=\"async\" width=\"2560\" height=\"1440\" data-wp-class--hide=\"state.isContentHidden\" data-wp-class--show=\"state.isContentVisible\" data-wp-init=\"callbacks.setButtonStyles\" data-wp-on--click=\"actions.showLightbox\" data-wp-on--load=\"callbacks.setButtonStyles\" data-wp-on-window--resize=\"callbacks.setButtonStyles\" src=\"https:\/\/www.soyecoturista.com\/asociacion\/wp-content\/uploads\/2025\/09\/aereasturismo76-scaled.jpg\" alt=\"\" class=\"wp-image-48108\" style=\"aspect-ratio:3\/2;object-fit:cover\" srcset=\"https:\/\/www.soyecoturista.com\/asociacion\/wp-content\/uploads\/2025\/09\/aereasturismo76-scaled.jpg 2560w, https:\/\/www.soyecoturista.com\/asociacion\/wp-content\/uploads\/2025\/09\/aereasturismo76-300x169.jpg 300w, https:\/\/www.soyecoturista.com\/asociacion\/wp-content\/uploads\/2025\/09\/aereasturismo76-1024x576.jpg 1024w, https:\/\/www.soyecoturista.com\/asociacion\/wp-content\/uploads\/2025\/09\/aereasturismo76-768x432.jpg 768w, https:\/\/www.soyecoturista.com\/asociacion\/wp-content\/uploads\/2025\/09\/aereasturismo76-1536x864.jpg 1536w, https:\/\/www.soyecoturista.com\/asociacion\/wp-content\/uploads\/2025\/09\/aereasturismo76-2048x1152.jpg 2048w\" sizes=\"auto, (max-width: 2560px) 100vw, 2560px\" \/><button\n\t\t\tclass=\"lightbox-trigger\"\n\t\t\ttype=\"button\"\n\t\t\taria-haspopup=\"dialog\"\n\t\t\taria-label=\"Agrandar\"\n\t\t\tdata-wp-init=\"callbacks.initTriggerButton\"\n\t\t\tdata-wp-on--click=\"actions.showLightbox\"\n\t\t\tdata-wp-style--right=\"state.imageButtonRight\"\n\t\t\tdata-wp-style--top=\"state.imageButtonTop\"\n\t\t>\n\t\t\t<svg xmlns=\"http:\/\/www.w3.org\/2000\/svg\" width=\"12\" height=\"12\" fill=\"none\" viewBox=\"0 0 12 12\">\n\t\t\t\t<path fill=\"#fff\" d=\"M2 0a2 2 0 0 0-2 2v2h1.5V2a.5.5 0 0 1 .5-.5h2V0H2Zm2 10.5H2a.5.5 0 0 1-.5-.5V8H0v2a2 2 0 0 0 2 2h2v-1.5ZM8 12v-1.5h2a.5.5 0 0 0 .5-.5V8H12v2a2 2 0 0 1-2 2H8Zm2-12a2 2 0 0 1 2 2v2h-1.5V2a.5.5 0 0 0-.5-.5H8V0h2Z\" \/>\n\t\t\t<\/svg>\n\t\t<\/button><\/figure>\n<\/div><\/div>\n<\/div>\n\n\n\n<p>La Reserva de Biosfera Mari\u00f1as Coru\u00f1esas impulsa una <strong>Bolsa de proyectos de compensaci\u00f3n de CO\u2082<\/strong>, dise\u00f1ada de forma participada y consensuada con todos los agentes del territorio. La iniciativa busca canalizar los fondos de compensaci\u00f3n tur\u00edstica hacia proyectos locales que reduzcan emisiones, mejoren la biodiversidad y refuercen la calidad paisaj\u00edstica, todo ello compatible con el uso p\u00fablico de los espacios naturales.<\/p>\n\n\n\n<p>El objetivo es doble: <strong>avanzar hacia la neutralidad clim\u00e1tica<\/strong> y, al mismo tiempo, <strong>combatir la turismofobia<\/strong>, demostrando que el ecoturismo certificado puede generar beneficios tangibles para el medio ambiente y la poblaci\u00f3n local.<\/p>\n\n\n\n<h2 class=\"wp-block-heading\">Agentes implicados y alianzas generadas para la implantaci\u00f3n<\/h2>\n\n\n\n<p>El proyecto se desarroll\u00f3 con la implicaci\u00f3n directa de los <strong>\u00f3rganos de gesti\u00f3n de la Reserva de Biosfera Mari\u00f1as Coru\u00f1esas<\/strong>, integrados por ayuntamientos, entidades ambientalistas, empresariado, t\u00e9cnicos locales y asociaciones ciudadanas. Este enfoque colectivo garantiza que los proyectos respondan tanto a criterios t\u00e9cnicos como a las necesidades del territorio.<\/p>\n\n\n\n<p>En su ejecuci\u00f3n participan:<\/p>\n\n\n\n<ul class=\"wp-block-list\">\n<li><strong>Administraci\u00f3n local<\/strong> \u2013 coordinaci\u00f3n, identificaci\u00f3n de terrenos y soporte institucional.<\/li>\n\n\n\n<li><strong>Entidades ambientalistas<\/strong> \u2013 asesoramiento en conservaci\u00f3n de h\u00e1bitats y biodiversidad.<\/li>\n\n\n\n<li><strong>Empresariado tur\u00edstico y asociaciones locales<\/strong> \u2013 colaboraci\u00f3n en mecanismos de compensaci\u00f3n de la huella de carbono.<\/li>\n\n\n\n<li><strong>T\u00e9cnicos locales y especialistas externos<\/strong> \u2013 elaboraci\u00f3n de proyectos y estudios t\u00e9cnicos.<\/li>\n\n\n\n<li><strong>Tejido asociativo y poblaci\u00f3n local<\/strong> \u2013 apoyo comunitario y participaci\u00f3n en procesos deliberativos.<\/li>\n<\/ul>\n\n\n\n<h2 class=\"wp-block-heading\">Actuaciones principales<\/h2>\n\n\n\n<ul class=\"wp-block-list\">\n<li>Identificaci\u00f3n de <strong>espacios-sumidero de CO\u2082<\/strong> en la Reserva mediante un visor digital.<\/li>\n\n\n\n<li>Elaboraci\u00f3n de <strong>21 proyectos concretos<\/strong> de mejora ambiental, uno por cada municipio del territorio.<\/li>\n\n\n\n<li>Geolocalizaci\u00f3n de cada proyecto en un <strong>visor integrable en la web de turismo<\/strong>, con ficha resumen y datos GIS.<\/li>\n\n\n\n<li>Definici\u00f3n de <strong>costes y actuaciones t\u00e9cnicas<\/strong> para facilitar la ejecuci\u00f3n y la compensaci\u00f3n futura por agentes p\u00fablicos o privados.<\/li>\n<\/ul>\n\n\n\n<h2 class=\"wp-block-heading\">Dificultades en el proceso de implantaci\u00f3n y c\u00f3mo se ha superado.<\/h2>\n\n\n\n<p>Uno de los principales retos ha sido la <strong>disponibilidad de terrenos<\/strong>, al coexistir espacios p\u00fablicos y privados, lo que requiri\u00f3 procesos participativos para garantizar acuerdos de uso y viabilidad.<br>Tambi\u00e9n se ha afrontado la <strong>necesidad de recursos t\u00e9cnicos especializados<\/strong>, resuelta mediante la implicaci\u00f3n de profesionales locales y expertos externos en proyectos de compensaci\u00f3n de carbono.<br>Por \u00faltimo, la <strong>b\u00fasqueda de financiaci\u00f3n<\/strong> se plantea como un desaf\u00edo permanente, superado mediante la preparaci\u00f3n detallada de proyectos con costes identificados, facilitando as\u00ed la captaci\u00f3n de fondos p\u00fablicos y privados.<\/p>\n\n\n\n<h2 class=\"wp-block-heading\">Beneficios que aporta<\/h2>\n\n\n\n<ul class=\"wp-block-list\">\n<li><strong>Ambientales:<\/strong> incremento de superficies sumidero de CO\u2082, restauraci\u00f3n de h\u00e1bitats valiosos y mejora de la biodiversidad.<\/li>\n\n\n\n<li><strong>Sociales:<\/strong> implicaci\u00f3n comunitaria y generaci\u00f3n de orgullo local al vincular turismo, conservaci\u00f3n y calidad de vida.<\/li>\n\n\n\n<li><strong>Econ\u00f3micos:<\/strong> creaci\u00f3n de proyectos ejecutables con financiaci\u00f3n asociada y oportunidades de compensaci\u00f3n para empresas.<\/li>\n\n\n\n<li><strong>Culturales y territoriales:<\/strong> mejora paisaj\u00edstica y revalorizaci\u00f3n de los recursos naturales como patrimonio compartido.<\/li>\n\n\n\n<li><strong>Innovaci\u00f3n:<\/strong> desarrollo de un visor p\u00fablico con geolocalizaci\u00f3n de proyectos y datos GIS accesibles para la ciudadan\u00eda.<\/li>\n<\/ul>\n\n\n\n<h2 class=\"wp-block-heading\">Diferenciaci\u00f3n<\/h2>\n\n\n\n<p>La iniciativa destaca por su car\u00e1cter <strong>participativo y transparente<\/strong>, ofreciendo a empresas y visitantes un mecanismo claro para compensar su huella de carbono directamente en el destino. Frente a otros sistemas abstractos, la Bolsa de proyectos se materializa en actuaciones concretas, geolocalizadas y con costes definidos, lo que asegura confianza, trazabilidad y un impacto real en el territorio.<\/p>\n\n\n\n<p>En definitiva, desde 2024, la <strong>Reserva de Biosfera Mari\u00f1as Coru\u00f1esas<\/strong> se posiciona como un referente en la gesti\u00f3n del carbono a nivel local, con un modelo que vincula turismo sostenible, conservaci\u00f3n y bienestar comunitario. Una apuesta innovadora que demuestra que la neutralidad clim\u00e1tica puede alcanzarse de manera participada, generando beneficios ambientales, sociales y econ\u00f3micos en clave de territorio<\/p>\n\n\n\n<h2 class=\"wp-block-heading\">M\u00e1s informaci\u00f3n<\/h2>\n\n\n\n<p>Inf\u00f3rmate m\u00e1s sobre esta buena practica en su&nbsp;<a href=\"https:\/\/marinasmandeo.bw.boldest.io\/es\/proyectos-compensacion-co2#1749802853652\" target=\"_blank\" data-type=\"link\" data-id=\"https:\/\/marinasmandeo.bw.boldest.io\/es\/proyectos-compensacion-co2#1749802853652\" rel=\"noreferrer noopener\">pagina web<\/a>.<\/p>\n\n\n\n<div class=\"wp-block-buttons is-content-justification-center is-layout-flex wp-container-core-buttons-is-layout-16018d1d wp-block-buttons-is-layout-flex\"><\/div>\n","protected":false},"excerpt":{"rendered":"<p>Datos del destino: Reserva de la Biosfera Mari\u00f1as Coru\u00f1esas Bolsa de proyectos de compensaci\u00f3n de CO\u2082 en la Reserva de la Biosfera Mari\u00f1as Coru\u00f1esas La Reserva de Biosfera Mari\u00f1as Coru\u00f1esas [&hellip;]<\/p>\n","protected":false},"author":99,"featured_media":48106,"comment_status":"closed","ping_status":"closed","sticky":false,"template":"","format":"standard","meta":{"_acf_changed":false,"footnotes":""},"categories":[1377,1379,1381],"tags":[],"class_list":["post-48104","post","type-post","status-publish","format-standard","has-post-thumbnail","hentry","category-buenas-practicas-destinos","category-conservacion-de-la-naturaleza-buenas-practicas-destinos","category-reduccion-del-impacto-ambiental"],"acf":[],"_links":{"self":[{"href":"https:\/\/www.soyecoturista.com\/asociacion\/wp-json\/wp\/v2\/posts\/48104","targetHints":{"allow":["GET"]}}],"collection":[{"href":"https:\/\/www.soyecoturista.com\/asociacion\/wp-json\/wp\/v2\/posts"}],"about":[{"href":"https:\/\/www.soyecoturista.com\/asociacion\/wp-json\/wp\/v2\/types\/post"}],"author":[{"embeddable":true,"href":"https:\/\/www.soyecoturista.com\/asociacion\/wp-json\/wp\/v2\/users\/99"}],"replies":[{"embeddable":true,"href":"https:\/\/www.soyecoturista.com\/asociacion\/wp-json\/wp\/v2\/comments?post=48104"}],"version-history":[{"count":3,"href":"https:\/\/www.soyecoturista.com\/asociacion\/wp-json\/wp\/v2\/posts\/48104\/revisions"}],"predecessor-version":[{"id":49518,"href":"https:\/\/www.soyecoturista.com\/asociacion\/wp-json\/wp\/v2\/posts\/48104\/revisions\/49518"}],"wp:featuredmedia":[{"embeddable":true,"href":"https:\/\/www.soyecoturista.com\/asociacion\/wp-json\/wp\/v2\/media\/48106"}],"wp:attachment":[{"href":"https:\/\/www.soyecoturista.com\/asociacion\/wp-json\/wp\/v2\/media?parent=48104"}],"wp:term":[{"taxonomy":"category","embeddable":true,"href":"https:\/\/www.soyecoturista.com\/asociacion\/wp-json\/wp\/v2\/categories?post=48104"},{"taxonomy":"post_tag","embeddable":true,"href":"https:\/\/www.soyecoturista.com\/asociacion\/wp-json\/wp\/v2\/tags?post=48104"}],"curies":[{"name":"wp","href":"https:\/\/api.w.org\/{rel}","templated":true}]}}