{"id":48092,"date":"2025-09-18T12:58:28","date_gmt":"2025-09-18T10:58:28","guid":{"rendered":"https:\/\/www.soyecoturista.com\/asociacion\/?p=48092"},"modified":"2025-09-19T11:22:04","modified_gmt":"2025-09-19T09:22:04","slug":"analisis-de-la-huella-de-carbono","status":"publish","type":"post","link":"https:\/\/www.soyecoturista.com\/asociacion\/analisis-de-la-huella-de-carbono\/","title":{"rendered":"An\u00e1lisis de la huella de carbono, huella h\u00eddrica y capital natural de las empresas CETS de la Garrotxa"},"content":{"rendered":"\n<h2 class=\"wp-block-heading\">Datos del destino: <strong>La Garrotxa<\/strong><\/h2>\n\n\n\n<ul class=\"wp-block-list\">\n<li><strong>Destino:<\/strong> La Garrotxa (Parc Natural de la Zona Volc\u00e0nica y entorno comarcal) <\/li>\n\n\n\n<li><strong>Entidad:<\/strong> Turisme Garrotxa y Consell Comarcal de la Garrotxa (con PN Zona Volc\u00e0nica, Consorci de l\u2019Alta Garrotxa y ayuntamientos) <\/li>\n\n\n\n<li><strong>Comunidad aut\u00f3noma:<\/strong> Catalunya <\/li>\n\n\n\n<li><strong>Web:<\/strong> <a href=\"http:\/\/www.turismegarrotxa.com\/\" target=\"_blank\" data-type=\"link\" data-id=\"http:\/\/www.turismegarrotxa.com\/\" rel=\"noreferrer noopener\">www.turismegarrotxa.com<\/a><\/li>\n<\/ul>\n\n\n\n<h1 class=\"wp-block-heading\">An\u00e1lisis de la huella de carbono, huella h\u00eddrica y capital natural de las empresas CETS de la Garrotxa<\/h1>\n\n\n\n<div style=\"height:35px\" aria-hidden=\"true\" class=\"wp-block-spacer\"><\/div>\n\n\n\n<div class=\"wp-block-columns is-layout-flex wp-container-core-columns-is-layout-9d6595d7 wp-block-columns-is-layout-flex\">\n<div class=\"wp-block-column is-vertically-aligned-center is-layout-flow wp-block-column-is-layout-flow\"><div class=\"wp-block-image\">\n<figure data-wp-context=\"{&quot;imageId&quot;:&quot;69ef3b7fe67de&quot;}\" data-wp-interactive=\"core\/image\" data-wp-key=\"69ef3b7fe67de\" class=\"aligncenter size-full wp-lightbox-container\"><img loading=\"lazy\" decoding=\"async\" width=\"2560\" height=\"1707\" data-wp-class--hide=\"state.isContentHidden\" data-wp-class--show=\"state.isContentVisible\" data-wp-init=\"callbacks.setButtonStyles\" data-wp-on--click=\"actions.showLightbox\" data-wp-on--load=\"callbacks.setButtonStyles\" data-wp-on-window--resize=\"callbacks.setButtonStyles\" src=\"https:\/\/www.soyecoturista.com\/asociacion\/wp-content\/uploads\/2025\/09\/A4_4508-scaled.jpg\" alt=\"\" class=\"wp-image-48093\" style=\"aspect-ratio:3\/2;object-fit:cover\" srcset=\"https:\/\/www.soyecoturista.com\/asociacion\/wp-content\/uploads\/2025\/09\/A4_4508-scaled.jpg 2560w, https:\/\/www.soyecoturista.com\/asociacion\/wp-content\/uploads\/2025\/09\/A4_4508-300x200.jpg 300w, https:\/\/www.soyecoturista.com\/asociacion\/wp-content\/uploads\/2025\/09\/A4_4508-1024x683.jpg 1024w, https:\/\/www.soyecoturista.com\/asociacion\/wp-content\/uploads\/2025\/09\/A4_4508-768x512.jpg 768w, https:\/\/www.soyecoturista.com\/asociacion\/wp-content\/uploads\/2025\/09\/A4_4508-1536x1024.jpg 1536w, https:\/\/www.soyecoturista.com\/asociacion\/wp-content\/uploads\/2025\/09\/A4_4508-2048x1365.jpg 2048w\" sizes=\"auto, (max-width: 2560px) 100vw, 2560px\" \/><button\n\t\t\tclass=\"lightbox-trigger\"\n\t\t\ttype=\"button\"\n\t\t\taria-haspopup=\"dialog\"\n\t\t\taria-label=\"Agrandar\"\n\t\t\tdata-wp-init=\"callbacks.initTriggerButton\"\n\t\t\tdata-wp-on--click=\"actions.showLightbox\"\n\t\t\tdata-wp-style--right=\"state.imageButtonRight\"\n\t\t\tdata-wp-style--top=\"state.imageButtonTop\"\n\t\t>\n\t\t\t<svg xmlns=\"http:\/\/www.w3.org\/2000\/svg\" width=\"12\" height=\"12\" fill=\"none\" viewBox=\"0 0 12 12\">\n\t\t\t\t<path fill=\"#fff\" d=\"M2 0a2 2 0 0 0-2 2v2h1.5V2a.5.5 0 0 1 .5-.5h2V0H2Zm2 10.5H2a.5.5 0 0 1-.5-.5V8H0v2a2 2 0 0 0 2 2h2v-1.5ZM8 12v-1.5h2a.5.5 0 0 0 .5-.5V8H12v2a2 2 0 0 1-2 2H8Zm2-12a2 2 0 0 1 2 2v2h-1.5V2a.5.5 0 0 0-.5-.5H8V0h2Z\" \/>\n\t\t\t<\/svg>\n\t\t<\/button><\/figure>\n<\/div><\/div>\n\n\n\n<div class=\"wp-block-column is-vertically-aligned-center is-layout-flow wp-block-column-is-layout-flow\"><div class=\"wp-block-image\">\n<figure data-wp-context=\"{&quot;imageId&quot;:&quot;69ef3b7fe74fc&quot;}\" data-wp-interactive=\"core\/image\" data-wp-key=\"69ef3b7fe74fc\" class=\"aligncenter size-full wp-lightbox-container\"><img loading=\"lazy\" decoding=\"async\" width=\"2560\" height=\"1440\" data-wp-class--hide=\"state.isContentHidden\" data-wp-class--show=\"state.isContentVisible\" data-wp-init=\"callbacks.setButtonStyles\" data-wp-on--click=\"actions.showLightbox\" data-wp-on--load=\"callbacks.setButtonStyles\" data-wp-on-window--resize=\"callbacks.setButtonStyles\" src=\"https:\/\/www.soyecoturista.com\/asociacion\/wp-content\/uploads\/2025\/09\/volca_santa_margarida2-scaled.jpg\" alt=\"\" class=\"wp-image-48089\" style=\"aspect-ratio:3\/2;object-fit:cover\" srcset=\"https:\/\/www.soyecoturista.com\/asociacion\/wp-content\/uploads\/2025\/09\/volca_santa_margarida2-scaled.jpg 2560w, https:\/\/www.soyecoturista.com\/asociacion\/wp-content\/uploads\/2025\/09\/volca_santa_margarida2-300x169.jpg 300w, https:\/\/www.soyecoturista.com\/asociacion\/wp-content\/uploads\/2025\/09\/volca_santa_margarida2-1024x576.jpg 1024w, https:\/\/www.soyecoturista.com\/asociacion\/wp-content\/uploads\/2025\/09\/volca_santa_margarida2-768x432.jpg 768w, https:\/\/www.soyecoturista.com\/asociacion\/wp-content\/uploads\/2025\/09\/volca_santa_margarida2-1536x864.jpg 1536w, https:\/\/www.soyecoturista.com\/asociacion\/wp-content\/uploads\/2025\/09\/volca_santa_margarida2-2048x1152.jpg 2048w\" sizes=\"auto, (max-width: 2560px) 100vw, 2560px\" \/><button\n\t\t\tclass=\"lightbox-trigger\"\n\t\t\ttype=\"button\"\n\t\t\taria-haspopup=\"dialog\"\n\t\t\taria-label=\"Agrandar\"\n\t\t\tdata-wp-init=\"callbacks.initTriggerButton\"\n\t\t\tdata-wp-on--click=\"actions.showLightbox\"\n\t\t\tdata-wp-style--right=\"state.imageButtonRight\"\n\t\t\tdata-wp-style--top=\"state.imageButtonTop\"\n\t\t>\n\t\t\t<svg xmlns=\"http:\/\/www.w3.org\/2000\/svg\" width=\"12\" height=\"12\" fill=\"none\" viewBox=\"0 0 12 12\">\n\t\t\t\t<path fill=\"#fff\" d=\"M2 0a2 2 0 0 0-2 2v2h1.5V2a.5.5 0 0 1 .5-.5h2V0H2Zm2 10.5H2a.5.5 0 0 1-.5-.5V8H0v2a2 2 0 0 0 2 2h2v-1.5ZM8 12v-1.5h2a.5.5 0 0 0 .5-.5V8H12v2a2 2 0 0 1-2 2H8Zm2-12a2 2 0 0 1 2 2v2h-1.5V2a.5.5 0 0 0-.5-.5H8V0h2Z\" \/>\n\t\t\t<\/svg>\n\t\t<\/button><\/figure>\n<\/div><\/div>\n\n\n\n<div class=\"wp-block-column is-vertically-aligned-center is-layout-flow wp-block-column-is-layout-flow\"><div class=\"wp-block-image\">\n<figure data-wp-context=\"{&quot;imageId&quot;:&quot;69ef3b7fe7b3d&quot;}\" data-wp-interactive=\"core\/image\" data-wp-key=\"69ef3b7fe7b3d\" class=\"aligncenter size-full wp-lightbox-container\"><img loading=\"lazy\" decoding=\"async\" width=\"2560\" height=\"1707\" data-wp-class--hide=\"state.isContentHidden\" data-wp-class--show=\"state.isContentVisible\" data-wp-init=\"callbacks.setButtonStyles\" data-wp-on--click=\"actions.showLightbox\" data-wp-on--load=\"callbacks.setButtonStyles\" data-wp-on-window--resize=\"callbacks.setButtonStyles\" src=\"https:\/\/www.soyecoturista.com\/asociacion\/wp-content\/uploads\/2025\/09\/Assemblea_Cabanyes-entre-valls_Vall-de-Bianya_Empresa_Allotjament_ReunioI__Zeba_0043-1-scaled.jpg\" alt=\"\" class=\"wp-image-48094\" style=\"aspect-ratio:3\/2;object-fit:cover\" srcset=\"https:\/\/www.soyecoturista.com\/asociacion\/wp-content\/uploads\/2025\/09\/Assemblea_Cabanyes-entre-valls_Vall-de-Bianya_Empresa_Allotjament_ReunioI__Zeba_0043-1-scaled.jpg 2560w, https:\/\/www.soyecoturista.com\/asociacion\/wp-content\/uploads\/2025\/09\/Assemblea_Cabanyes-entre-valls_Vall-de-Bianya_Empresa_Allotjament_ReunioI__Zeba_0043-1-300x200.jpg 300w, https:\/\/www.soyecoturista.com\/asociacion\/wp-content\/uploads\/2025\/09\/Assemblea_Cabanyes-entre-valls_Vall-de-Bianya_Empresa_Allotjament_ReunioI__Zeba_0043-1-1024x683.jpg 1024w, https:\/\/www.soyecoturista.com\/asociacion\/wp-content\/uploads\/2025\/09\/Assemblea_Cabanyes-entre-valls_Vall-de-Bianya_Empresa_Allotjament_ReunioI__Zeba_0043-1-768x512.jpg 768w, https:\/\/www.soyecoturista.com\/asociacion\/wp-content\/uploads\/2025\/09\/Assemblea_Cabanyes-entre-valls_Vall-de-Bianya_Empresa_Allotjament_ReunioI__Zeba_0043-1-1536x1024.jpg 1536w, https:\/\/www.soyecoturista.com\/asociacion\/wp-content\/uploads\/2025\/09\/Assemblea_Cabanyes-entre-valls_Vall-de-Bianya_Empresa_Allotjament_ReunioI__Zeba_0043-1-2048x1365.jpg 2048w\" sizes=\"auto, (max-width: 2560px) 100vw, 2560px\" \/><button\n\t\t\tclass=\"lightbox-trigger\"\n\t\t\ttype=\"button\"\n\t\t\taria-haspopup=\"dialog\"\n\t\t\taria-label=\"Agrandar\"\n\t\t\tdata-wp-init=\"callbacks.initTriggerButton\"\n\t\t\tdata-wp-on--click=\"actions.showLightbox\"\n\t\t\tdata-wp-style--right=\"state.imageButtonRight\"\n\t\t\tdata-wp-style--top=\"state.imageButtonTop\"\n\t\t>\n\t\t\t<svg xmlns=\"http:\/\/www.w3.org\/2000\/svg\" width=\"12\" height=\"12\" fill=\"none\" viewBox=\"0 0 12 12\">\n\t\t\t\t<path fill=\"#fff\" d=\"M2 0a2 2 0 0 0-2 2v2h1.5V2a.5.5 0 0 1 .5-.5h2V0H2Zm2 10.5H2a.5.5 0 0 1-.5-.5V8H0v2a2 2 0 0 0 2 2h2v-1.5ZM8 12v-1.5h2a.5.5 0 0 0 .5-.5V8H12v2a2 2 0 0 1-2 2H8Zm2-12a2 2 0 0 1 2 2v2h-1.5V2a.5.5 0 0 0-.5-.5H8V0h2Z\" \/>\n\t\t\t<\/svg>\n\t\t<\/button><\/figure>\n<\/div><\/div>\n<\/div>\n\n\n\n<p>El proyecto analiza la <strong>huella de carbono, la huella h\u00eddrica y el capital natural<\/strong> de las empresas adheridas a la Carta Europea de Turismo Sostenible (CETS) en la Garrotxa. A trav\u00e9s de este estudio se busca tener una radiograf\u00eda real de las emisiones y consumos asociados a la actividad tur\u00edstica, as\u00ed como de los beneficios que los ecosistemas proporcionan y su grado de afectaci\u00f3n. El objetivo final es acompa\u00f1ar a las empresas hacia un modelo de regeneraci\u00f3n empresarial que no solo minimice su impacto, sino que tambi\u00e9n aporte a la conservaci\u00f3n de los espacios naturales y permita implicar a los propios visitantes en proyectos de conservaci\u00f3n.<\/p>\n\n\n\n<h2 class=\"wp-block-heading\">Agentes implicados y alianzas generadas para la implantaci\u00f3n<\/h2>\n\n\n\n<p>La coordinaci\u00f3n se apoya en los <strong>Planes de Sostenibilidad Tur\u00edstica en Destino<\/strong>, que permitieron la contrataci\u00f3n de una consultor\u00eda ambiental y la incorporaci\u00f3n de perfiles especializados. La colaboraci\u00f3n p\u00fablico-privada ha sido clave para que el sector tur\u00edstico se implique activamente en la conservaci\u00f3n.<\/p>\n\n\n\n<p>En su ejecuci\u00f3n participan:<\/p>\n\n\n\n<ul class=\"wp-block-list\">\n<li><strong>OICOS Consultoria Ambiental<\/strong> \u2013 asesoramiento t\u00e9cnico y c\u00e1lculo de huellas.<\/li>\n\n\n\n<li><strong>Especialistas en regeneraci\u00f3n empresarial y capital natural<\/strong> \u2013 apoyo metodol\u00f3gico y acompa\u00f1amiento.<\/li>\n\n\n\n<li><strong>Empresas CETS de la Garrotxa<\/strong> \u2013 aportaci\u00f3n de datos y aplicaci\u00f3n de mejoras.<\/li>\n\n\n\n<li><strong>Turisme Garrotxa<\/strong> \u2013 coordinaci\u00f3n y soporte a las empresas.<\/li>\n\n\n\n<li><strong>Parque Natural de la Zona Volc\u00e1nica de la Garrotxa<\/strong> y <strong>Consorci de l\u2019Alta Garrotxa<\/strong> \u2013 vinculaci\u00f3n con proyectos de conservaci\u00f3n en el territorio.<\/li>\n<\/ul>\n\n\n\n<h2 class=\"wp-block-heading\">Dificultades en el proceso de implantaci\u00f3n y c\u00f3mo se ha superado.<\/h2>\n\n\n\n<p>El principal reto fue la <strong>limitada capacidad administrativa<\/strong> de muchas empresas, al ser negocios familiares o muy peque\u00f1os donde la misma persona gestiona tanto la actividad como la parte administrativa. Esto dificultaba recopilar datos con precisi\u00f3n y a tiempo.<br>La soluci\u00f3n pas\u00f3 por un <strong>acompa\u00f1amiento activo<\/strong> del equipo de Turisme Garrotxa y la consultor\u00eda ambiental, que ayudaron a organizar la informaci\u00f3n, orientar el proceso de recogida de datos y facilitar formularios adaptados. Adem\u00e1s, la cercan\u00eda y visitas individualizadas generaron confianza, motivando a las empresas a implicarse.<\/p>\n\n\n\n<h2 class=\"wp-block-heading\">Beneficios que aporta<\/h2>\n\n\n\n<ul class=\"wp-block-list\">\n<li><strong>Ambientales:<\/strong> reducci\u00f3n de emisiones y consumos, identificaci\u00f3n de medidas de mejora y apoyo a proyectos de conservaci\u00f3n cercanos.<\/li>\n\n\n\n<li><strong>Sociales:<\/strong> sensibilizaci\u00f3n y cohesi\u00f3n entre las empresas tur\u00edsticas en torno a la sostenibilidad.<\/li>\n\n\n\n<li><strong>Econ\u00f3micos:<\/strong> generaci\u00f3n de propuestas de mejora presupuestadas que incrementan la eficiencia de las empresas y aportan valor a\u00f1adido a la oferta.<\/li>\n\n\n\n<li><strong>Culturales y territoriales:<\/strong> fortalecimiento del compromiso del sector con la protecci\u00f3n del entorno natural y el patrimonio.<\/li>\n\n\n\n<li><strong>Innovaci\u00f3n:<\/strong> aplicaci\u00f3n de metodolog\u00edas de an\u00e1lisis de capital natural y de compensaci\u00f3n de huellas con participaci\u00f3n de los visitantes.<\/li>\n<\/ul>\n\n\n\n<h2 class=\"wp-block-heading\">Diferenciaci\u00f3n<\/h2>\n\n\n\n<p>El proyecto destaca por <strong>integrar tres indicadores ambientales (carbono, agua y capital natural)<\/strong> en un mismo an\u00e1lisis, ofreciendo una visi\u00f3n hol\u00edstica del impacto y la dependencia de las empresas tur\u00edsticas respecto a los ecosistemas. Adem\u00e1s, no se limita a la medici\u00f3n, sino que plantea <strong>acciones de mejora concretas y presupuestadas<\/strong>, as\u00ed como v\u00edas de implicaci\u00f3n directa de los visitantes en la compensaci\u00f3n y conservaci\u00f3n. Esto lo convierte en un modelo <strong>replicable y escalable<\/strong> a otros destinos con realidades similares.<\/p>\n\n\n\n<p>En definitiva, con inicio en <strong>noviembre de 2024<\/strong> y una primera fase prevista hasta <strong>noviembre de 2025<\/strong>, esta iniciativa representa un paso decisivo hacia la transici\u00f3n de la Garrotxa como <strong>destino regenerativo<\/strong>. Una apuesta por medir, entender y transformar el impacto tur\u00edstico para que la naturaleza y el sector caminen de la mano en un modelo de sostenibilidad real.<\/p>\n\n\n\n<div class=\"wp-block-buttons is-content-justification-center is-layout-flex wp-container-core-buttons-is-layout-16018d1d wp-block-buttons-is-layout-flex\"><\/div>\n","protected":false},"excerpt":{"rendered":"<p>Datos del destino: La Garrotxa An\u00e1lisis de la huella de carbono, huella h\u00eddrica y capital natural de las empresas CETS de la Garrotxa El proyecto analiza la huella de carbono, [&hellip;]<\/p>\n","protected":false},"author":99,"featured_media":48093,"comment_status":"closed","ping_status":"closed","sticky":false,"template":"","format":"standard","meta":{"_acf_changed":false,"footnotes":""},"categories":[1377,1379,1381],"tags":[],"class_list":["post-48092","post","type-post","status-publish","format-standard","has-post-thumbnail","hentry","category-buenas-practicas-destinos","category-conservacion-de-la-naturaleza-buenas-practicas-destinos","category-reduccion-del-impacto-ambiental"],"acf":[],"_links":{"self":[{"href":"https:\/\/www.soyecoturista.com\/asociacion\/wp-json\/wp\/v2\/posts\/48092","targetHints":{"allow":["GET"]}}],"collection":[{"href":"https:\/\/www.soyecoturista.com\/asociacion\/wp-json\/wp\/v2\/posts"}],"about":[{"href":"https:\/\/www.soyecoturista.com\/asociacion\/wp-json\/wp\/v2\/types\/post"}],"author":[{"embeddable":true,"href":"https:\/\/www.soyecoturista.com\/asociacion\/wp-json\/wp\/v2\/users\/99"}],"replies":[{"embeddable":true,"href":"https:\/\/www.soyecoturista.com\/asociacion\/wp-json\/wp\/v2\/comments?post=48092"}],"version-history":[{"count":2,"href":"https:\/\/www.soyecoturista.com\/asociacion\/wp-json\/wp\/v2\/posts\/48092\/revisions"}],"predecessor-version":[{"id":48171,"href":"https:\/\/www.soyecoturista.com\/asociacion\/wp-json\/wp\/v2\/posts\/48092\/revisions\/48171"}],"wp:featuredmedia":[{"embeddable":true,"href":"https:\/\/www.soyecoturista.com\/asociacion\/wp-json\/wp\/v2\/media\/48093"}],"wp:attachment":[{"href":"https:\/\/www.soyecoturista.com\/asociacion\/wp-json\/wp\/v2\/media?parent=48092"}],"wp:term":[{"taxonomy":"category","embeddable":true,"href":"https:\/\/www.soyecoturista.com\/asociacion\/wp-json\/wp\/v2\/categories?post=48092"},{"taxonomy":"post_tag","embeddable":true,"href":"https:\/\/www.soyecoturista.com\/asociacion\/wp-json\/wp\/v2\/tags?post=48092"}],"curies":[{"name":"wp","href":"https:\/\/api.w.org\/{rel}","templated":true}]}}