{"id":48062,"date":"2025-09-18T10:59:32","date_gmt":"2025-09-18T08:59:32","guid":{"rendered":"https:\/\/www.soyecoturista.com\/asociacion\/?p=48062"},"modified":"2025-09-19T13:57:57","modified_gmt":"2025-09-19T11:57:57","slug":"jornadas-de-piedra-seca","status":"publish","type":"post","link":"https:\/\/www.soyecoturista.com\/asociacion\/jornadas-de-piedra-seca\/","title":{"rendered":"Jornadas de Piedra Seca: Los Chozos y Casitos del Geoparque Las Loras"},"content":{"rendered":"\n<h2 class=\"wp-block-heading\">Datos del destino: <strong>Geoparque Las Loras<\/strong><\/h2>\n\n\n\n<ul class=\"wp-block-list\">\n<li><strong>Destino<\/strong>: Geoparque Las Loras<\/li>\n\n\n\n<li><strong>Entidad:<\/strong> Asociaci\u00f3n para la Reserva Geol\u00f3gica de Las Loras (ARGEOL)<\/li>\n\n\n\n<li><strong>Comunidad aut\u00f3noma:<\/strong> Castilla y Le\u00f3n (Burgos y Palencia)<\/li>\n\n\n\n<li><strong>Web:<\/strong> <a href=\"http:\/\/www.geoparquelasloras.es\" target=\"_blank\" rel=\"noreferrer noopener\">www.geoparquelasloras.es<\/a><\/li>\n<\/ul>\n\n\n\n<h1 class=\"wp-block-heading\">Jornadas de Piedra Seca: Los Chozos y Casitos del Geoparque Las Loras<\/h1>\n\n\n\n<div style=\"height:35px\" aria-hidden=\"true\" class=\"wp-block-spacer\"><\/div>\n\n\n\n<div class=\"wp-block-columns is-layout-flex wp-container-core-columns-is-layout-9d6595d7 wp-block-columns-is-layout-flex\">\n<div class=\"wp-block-column is-vertically-aligned-center is-layout-flow wp-block-column-is-layout-flow\"><div class=\"wp-block-image\">\n<figure data-wp-context=\"{&quot;imageId&quot;:&quot;69f477fbc06ba&quot;}\" data-wp-interactive=\"core\/image\" data-wp-key=\"69f477fbc06ba\" class=\"aligncenter size-full wp-lightbox-container\"><img loading=\"lazy\" decoding=\"async\" width=\"990\" height=\"585\" data-wp-class--hide=\"state.isContentHidden\" data-wp-class--show=\"state.isContentVisible\" data-wp-init=\"callbacks.setButtonStyles\" data-wp-on--click=\"actions.showLightbox\" data-wp-on--load=\"callbacks.setButtonStyles\" data-wp-on-window--resize=\"callbacks.setButtonStyles\" src=\"https:\/\/www.soyecoturista.com\/asociacion\/wp-content\/uploads\/2025\/09\/piedra-seca-santa-cruz-del-tozo-1.jpg\" alt=\"\" class=\"wp-image-48065\" style=\"aspect-ratio:3\/2;object-fit:cover\" srcset=\"https:\/\/www.soyecoturista.com\/asociacion\/wp-content\/uploads\/2025\/09\/piedra-seca-santa-cruz-del-tozo-1.jpg 990w, https:\/\/www.soyecoturista.com\/asociacion\/wp-content\/uploads\/2025\/09\/piedra-seca-santa-cruz-del-tozo-1-300x177.jpg 300w, https:\/\/www.soyecoturista.com\/asociacion\/wp-content\/uploads\/2025\/09\/piedra-seca-santa-cruz-del-tozo-1-768x454.jpg 768w\" sizes=\"auto, (max-width: 990px) 100vw, 990px\" \/><button\n\t\t\tclass=\"lightbox-trigger\"\n\t\t\ttype=\"button\"\n\t\t\taria-haspopup=\"dialog\"\n\t\t\taria-label=\"Agrandar\"\n\t\t\tdata-wp-init=\"callbacks.initTriggerButton\"\n\t\t\tdata-wp-on--click=\"actions.showLightbox\"\n\t\t\tdata-wp-style--right=\"state.imageButtonRight\"\n\t\t\tdata-wp-style--top=\"state.imageButtonTop\"\n\t\t>\n\t\t\t<svg xmlns=\"http:\/\/www.w3.org\/2000\/svg\" width=\"12\" height=\"12\" fill=\"none\" viewBox=\"0 0 12 12\">\n\t\t\t\t<path fill=\"#fff\" d=\"M2 0a2 2 0 0 0-2 2v2h1.5V2a.5.5 0 0 1 .5-.5h2V0H2Zm2 10.5H2a.5.5 0 0 1-.5-.5V8H0v2a2 2 0 0 0 2 2h2v-1.5ZM8 12v-1.5h2a.5.5 0 0 0 .5-.5V8H12v2a2 2 0 0 1-2 2H8Zm2-12a2 2 0 0 1 2 2v2h-1.5V2a.5.5 0 0 0-.5-.5H8V0h2Z\" \/>\n\t\t\t<\/svg>\n\t\t<\/button><\/figure>\n<\/div><\/div>\n\n\n\n<div class=\"wp-block-column is-vertically-aligned-center is-layout-flow wp-block-column-is-layout-flow\"><div class=\"wp-block-image\">\n<figure data-wp-context=\"{&quot;imageId&quot;:&quot;69f477fbc1328&quot;}\" data-wp-interactive=\"core\/image\" data-wp-key=\"69f477fbc1328\" class=\"aligncenter size-full wp-lightbox-container\"><img loading=\"lazy\" decoding=\"async\" width=\"1006\" height=\"580\" data-wp-class--hide=\"state.isContentHidden\" data-wp-class--show=\"state.isContentVisible\" data-wp-init=\"callbacks.setButtonStyles\" data-wp-on--click=\"actions.showLightbox\" data-wp-on--load=\"callbacks.setButtonStyles\" data-wp-on-window--resize=\"callbacks.setButtonStyles\" src=\"https:\/\/www.soyecoturista.com\/asociacion\/wp-content\/uploads\/2025\/09\/piedra-seca-paul-1.jpg\" alt=\"\" class=\"wp-image-48066\" style=\"aspect-ratio:3\/2;object-fit:cover\" srcset=\"https:\/\/www.soyecoturista.com\/asociacion\/wp-content\/uploads\/2025\/09\/piedra-seca-paul-1.jpg 1006w, https:\/\/www.soyecoturista.com\/asociacion\/wp-content\/uploads\/2025\/09\/piedra-seca-paul-1-300x173.jpg 300w, https:\/\/www.soyecoturista.com\/asociacion\/wp-content\/uploads\/2025\/09\/piedra-seca-paul-1-768x443.jpg 768w\" sizes=\"auto, (max-width: 1006px) 100vw, 1006px\" \/><button\n\t\t\tclass=\"lightbox-trigger\"\n\t\t\ttype=\"button\"\n\t\t\taria-haspopup=\"dialog\"\n\t\t\taria-label=\"Agrandar\"\n\t\t\tdata-wp-init=\"callbacks.initTriggerButton\"\n\t\t\tdata-wp-on--click=\"actions.showLightbox\"\n\t\t\tdata-wp-style--right=\"state.imageButtonRight\"\n\t\t\tdata-wp-style--top=\"state.imageButtonTop\"\n\t\t>\n\t\t\t<svg xmlns=\"http:\/\/www.w3.org\/2000\/svg\" width=\"12\" height=\"12\" fill=\"none\" viewBox=\"0 0 12 12\">\n\t\t\t\t<path fill=\"#fff\" d=\"M2 0a2 2 0 0 0-2 2v2h1.5V2a.5.5 0 0 1 .5-.5h2V0H2Zm2 10.5H2a.5.5 0 0 1-.5-.5V8H0v2a2 2 0 0 0 2 2h2v-1.5ZM8 12v-1.5h2a.5.5 0 0 0 .5-.5V8H12v2a2 2 0 0 1-2 2H8Zm2-12a2 2 0 0 1 2 2v2h-1.5V2a.5.5 0 0 0-.5-.5H8V0h2Z\" \/>\n\t\t\t<\/svg>\n\t\t<\/button><\/figure>\n<\/div><\/div>\n\n\n\n<div class=\"wp-block-column is-vertically-aligned-center is-layout-flow wp-block-column-is-layout-flow\"><div class=\"wp-block-image\">\n<figure data-wp-context=\"{&quot;imageId&quot;:&quot;69f477fbc1912&quot;}\" data-wp-interactive=\"core\/image\" data-wp-key=\"69f477fbc1912\" class=\"aligncenter size-full wp-lightbox-container\"><img loading=\"lazy\" decoding=\"async\" width=\"997\" height=\"548\" data-wp-class--hide=\"state.isContentHidden\" data-wp-class--show=\"state.isContentVisible\" data-wp-init=\"callbacks.setButtonStyles\" data-wp-on--click=\"actions.showLightbox\" data-wp-on--load=\"callbacks.setButtonStyles\" data-wp-on-window--resize=\"callbacks.setButtonStyles\" src=\"https:\/\/www.soyecoturista.com\/asociacion\/wp-content\/uploads\/2025\/09\/Imagen-de-WhatsApp-2025-06-16-a-las-14.10.15_3dd6bea3-1-1.jpg\" alt=\"\" class=\"wp-image-48067\" style=\"aspect-ratio:3\/2;object-fit:cover\" srcset=\"https:\/\/www.soyecoturista.com\/asociacion\/wp-content\/uploads\/2025\/09\/Imagen-de-WhatsApp-2025-06-16-a-las-14.10.15_3dd6bea3-1-1.jpg 997w, https:\/\/www.soyecoturista.com\/asociacion\/wp-content\/uploads\/2025\/09\/Imagen-de-WhatsApp-2025-06-16-a-las-14.10.15_3dd6bea3-1-1-300x165.jpg 300w, https:\/\/www.soyecoturista.com\/asociacion\/wp-content\/uploads\/2025\/09\/Imagen-de-WhatsApp-2025-06-16-a-las-14.10.15_3dd6bea3-1-1-768x422.jpg 768w\" sizes=\"auto, (max-width: 997px) 100vw, 997px\" \/><button\n\t\t\tclass=\"lightbox-trigger\"\n\t\t\ttype=\"button\"\n\t\t\taria-haspopup=\"dialog\"\n\t\t\taria-label=\"Agrandar\"\n\t\t\tdata-wp-init=\"callbacks.initTriggerButton\"\n\t\t\tdata-wp-on--click=\"actions.showLightbox\"\n\t\t\tdata-wp-style--right=\"state.imageButtonRight\"\n\t\t\tdata-wp-style--top=\"state.imageButtonTop\"\n\t\t>\n\t\t\t<svg xmlns=\"http:\/\/www.w3.org\/2000\/svg\" width=\"12\" height=\"12\" fill=\"none\" viewBox=\"0 0 12 12\">\n\t\t\t\t<path fill=\"#fff\" d=\"M2 0a2 2 0 0 0-2 2v2h1.5V2a.5.5 0 0 1 .5-.5h2V0H2Zm2 10.5H2a.5.5 0 0 1-.5-.5V8H0v2a2 2 0 0 0 2 2h2v-1.5ZM8 12v-1.5h2a.5.5 0 0 0 .5-.5V8H12v2a2 2 0 0 1-2 2H8Zm2-12a2 2 0 0 1 2 2v2h-1.5V2a.5.5 0 0 0-.5-.5H8V0h2Z\" \/>\n\t\t\t<\/svg>\n\t\t<\/button><\/figure>\n<\/div><\/div>\n<\/div>\n\n\n\n<p>En el marco del <strong>Geoparque Las Loras<\/strong>, se celebraron unas jornadas te\u00f3rico-pr\u00e1cticas gratuitas centradas en la <strong>t\u00e9cnica constructiva de piedra seca<\/strong>, reconocida por la UNESCO como Patrimonio Cultural Inmaterial.<\/p>\n\n\n\n<p>Durante varios d\u00edas, profesionales y participantes de distintos Geoparques \u2014Sobrarbe, Causses du Quercy (Francia) y Sierras Subb\u00e9ticas\u2014 compartieron conocimientos y experiencias en torno a esta t\u00e9cnica ancestral de construcci\u00f3n sin argamasa. El objetivo fue conservar y recuperar este saber tradicional en riesgo de desaparecer, reforzando la sostenibilidad cultural, social y ambiental del territorio.<\/p>\n\n\n\n<h2 class=\"wp-block-heading\">Agentes implicados y alianzas generadas para la implantaci\u00f3n<\/h2>\n\n\n\n<p>Las jornadas fueron posibles gracias a la cooperaci\u00f3n entre el equipo t\u00e9cnico del Geoparque Las Loras, expertos invitados de otros Geoparques y el apoyo de entidades locales. La combinaci\u00f3n de conocimiento t\u00e9cnico, experiencia internacional y participaci\u00f3n comunitaria permiti\u00f3 reforzar la conservaci\u00f3n y transmisi\u00f3n de la t\u00e9cnica de la piedra seca.<br>En su ejecuci\u00f3n participan:<\/p>\n\n\n\n<ul class=\"wp-block-list\">\n<li><strong>Geoparque Las Loras<\/strong> \u2013 coordinaci\u00f3n y dinamizaci\u00f3n.<\/li>\n\n\n\n<li><strong>Geoparque de Sobrarbe<\/strong> \u2013 expertos Manuel Latre y Javier Soria.<\/li>\n\n\n\n<li><strong>Geoparque de Causses du Quercy (Francia)<\/strong> \u2013 expertos Laurent Moles, Vincent Biot y Jacky Piano.<\/li>\n\n\n\n<li><strong>Geoparque de las Sierras Subb\u00e9ticas<\/strong> \u2013 experto Antonio Conejo.<\/li>\n\n\n\n<li><strong>Entidades locales<\/strong> \u2013 ayuntamientos, asociaciones culturales y vecinos, aportando conocimiento del territorio y apoyo comunitario.<\/li>\n<\/ul>\n\n\n\n<h2 class=\"wp-block-heading\">Dificultades en el proceso de implantaci\u00f3n y c\u00f3mo se ha superado.<\/h2>\n\n\n\n<p>Uno de los principales retos fue la dispersi\u00f3n de las construcciones y la dificultad para localizarlas. Esta barrera se super\u00f3 gracias a la colaboraci\u00f3n directa con la poblaci\u00f3n local, que aport\u00f3 su conocimiento para identificar y documentar chozos y casitos. Tambi\u00e9n influy\u00f3 la titularidad privada de muchas de estas construcciones, lo que limitaba la intervenci\u00f3n; en estos casos se opt\u00f3 por centrar los esfuerzos en aquellas de car\u00e1cter p\u00fablico.<\/p>\n\n\n\n<p>La diversidad ling\u00fc\u00edstica plante\u00f3 otra dificultad, resuelta con traducci\u00f3n espont\u00e1nea y cooperaci\u00f3n entre los equipos. A esto se sumaba la p\u00e9rdida progresiva del conocimiento tradicional, que pudo ser compensada gracias a la participaci\u00f3n de expertos de otros Geoparques. Finalmente, la falta de sensibilizaci\u00f3n sobre el valor de este patrimonio se afront\u00f3 mediante actividades abiertas y divulgativas que acercaron la t\u00e9cnica de la piedra seca a la ciudadan\u00eda, destacando su relevancia cultural y ambiental.<\/p>\n\n\n\n<h2 class=\"wp-block-heading\">Beneficios que aporta<\/h2>\n\n\n\n<ul class=\"wp-block-list\">\n<li><strong>Ambientales:<\/strong> conservaci\u00f3n de construcciones ligadas a ecosistemas agr\u00edcolas y forestales, reducci\u00f3n de erosi\u00f3n y pr\u00e1cticas respetuosas con el entorno.<\/li>\n\n\n\n<li><strong>Sociales:<\/strong> recuperaci\u00f3n de tradiciones, refuerzo de la identidad local y creaci\u00f3n de redes de cooperaci\u00f3n entre Geoparques.<\/li>\n\n\n\n<li><strong>Econ\u00f3micos:<\/strong> posibilidad de generar empleo estable en torno a la restauraci\u00f3n, turismo cultural y educativo, contribuyendo a dinamizar el medio rural.<\/li>\n<\/ul>\n\n\n\n<h2 class=\"wp-block-heading\">Diferenciaci\u00f3n<\/h2>\n\n\n\n<p>El valor de esta pr\u00e1ctica reside en la recuperaci\u00f3n de la <strong>t\u00e9cnica ancestral de la piedra seca<\/strong>, m\u00e1s all\u00e1 de las construcciones f\u00edsicas. La acci\u00f3n no solo restaura elementos patrimoniales, sino que refuerza la transmisi\u00f3n oral del conocimiento y el trabajo comunitario.<\/p>\n\n\n\n<p>Es una iniciativa replicable en otros territorios rurales con patrimonio similar, siempre que exista participaci\u00f3n activa de la comunidad, acceso a expertos y actividades de sensibilizaci\u00f3n.<\/p>\n\n\n\n<p>En definitiva, Las <strong>Jornadas de Piedra Seca<\/strong> celebradas del 11 al 15 de junio de 2025 han puesto en valor el patrimonio cultural y etnogr\u00e1fico del Geoparque Las Loras. Gracias a la colaboraci\u00f3n internacional y al compromiso local, se ha logrado revitalizar un saber ancestral y abrir camino a futuras acciones de conservaci\u00f3n y promoci\u00f3n.<\/p>\n\n\n\n\n\n<p><\/p>\n","protected":false},"excerpt":{"rendered":"<p>Datos del destino: Geoparque Las Loras Jornadas de Piedra Seca: Los Chozos y Casitos del Geoparque Las Loras En el marco del Geoparque Las Loras, se celebraron unas jornadas te\u00f3rico-pr\u00e1cticas [&hellip;]<\/p>\n","protected":false},"author":99,"featured_media":48064,"comment_status":"closed","ping_status":"closed","sticky":false,"template":"","format":"standard","meta":{"_acf_changed":false,"footnotes":""},"categories":[1377,1385],"tags":[],"class_list":["post-48062","post","type-post","status-publish","format-standard","has-post-thumbnail","hentry","category-buenas-practicas-destinos","category-comunicacion-y-sensibilizacion-buenas-practicas-destinos"],"acf":[],"_links":{"self":[{"href":"https:\/\/www.soyecoturista.com\/asociacion\/wp-json\/wp\/v2\/posts\/48062","targetHints":{"allow":["GET"]}}],"collection":[{"href":"https:\/\/www.soyecoturista.com\/asociacion\/wp-json\/wp\/v2\/posts"}],"about":[{"href":"https:\/\/www.soyecoturista.com\/asociacion\/wp-json\/wp\/v2\/types\/post"}],"author":[{"embeddable":true,"href":"https:\/\/www.soyecoturista.com\/asociacion\/wp-json\/wp\/v2\/users\/99"}],"replies":[{"embeddable":true,"href":"https:\/\/www.soyecoturista.com\/asociacion\/wp-json\/wp\/v2\/comments?post=48062"}],"version-history":[{"count":2,"href":"https:\/\/www.soyecoturista.com\/asociacion\/wp-json\/wp\/v2\/posts\/48062\/revisions"}],"predecessor-version":[{"id":48216,"href":"https:\/\/www.soyecoturista.com\/asociacion\/wp-json\/wp\/v2\/posts\/48062\/revisions\/48216"}],"wp:featuredmedia":[{"embeddable":true,"href":"https:\/\/www.soyecoturista.com\/asociacion\/wp-json\/wp\/v2\/media\/48064"}],"wp:attachment":[{"href":"https:\/\/www.soyecoturista.com\/asociacion\/wp-json\/wp\/v2\/media?parent=48062"}],"wp:term":[{"taxonomy":"category","embeddable":true,"href":"https:\/\/www.soyecoturista.com\/asociacion\/wp-json\/wp\/v2\/categories?post=48062"},{"taxonomy":"post_tag","embeddable":true,"href":"https:\/\/www.soyecoturista.com\/asociacion\/wp-json\/wp\/v2\/tags?post=48062"}],"curies":[{"name":"wp","href":"https:\/\/api.w.org\/{rel}","templated":true}]}}