{"id":47405,"date":"2025-06-12T09:37:00","date_gmt":"2025-06-12T07:37:00","guid":{"rendered":"https:\/\/www.soyecoturista.com\/asociacion\/?p=47405"},"modified":"2025-07-03T15:49:48","modified_gmt":"2025-07-03T13:49:48","slug":"xiii-seminario-club-producto-ecoturismo-espana","status":"publish","type":"post","link":"https:\/\/www.soyecoturista.com\/asociacion\/xiii-seminario-club-producto-ecoturismo-espana\/","title":{"rendered":"El Seminario Permanente del club de producto Ecoturismo en Espa\u00f1a se celebr\u00f3 un a\u00f1o m\u00e1s en Valsa\u00edn"},"content":{"rendered":"\n<h3 class=\"wp-block-heading\">Los gestores del producto \u201cEcoturismo en Espa\u00f1a\u201d han trabajado con las herramientas de la marca Soy Ecoturista y han conocido resultados del Programa Experiencias Espa\u00f1a.<\/h3>\n\n\n\n<p>Los d\u00edas 9, 10 y 11 de junio se celebr\u00f3 en el Centro Nacional de Educaci\u00f3n Ambiental (CENEAM), en Valsa\u00edn, el XIII Seminario Permanente de Ecoturismo en Espa\u00f1a, Organizado por la Secretar\u00eda de Estado de Turismo (SETUR), el Organismo Aut\u00f3nomo de Parques Nacionales (OAPN) y la Asociaci\u00f3n Ecoturismo en Espa\u00f1a en el marco del convenio de cooperaci\u00f3n entre la SETUR y el OAPN.<\/p>\n\n\n\n<p>Este encuentro anual es un <strong>espacio de reuni\u00f3n, debate y trabajo en red de los actores implicados en el impulso de los destinos adheridos a la marca Soy Ecoturista<\/strong>. Sirve para analizar la situaci\u00f3n y evoluci\u00f3n del producto Ecoturismo en Espa\u00f1a, trabajar de forma participada con las herramientas de Soy Ecoturista para mejorar la visibilidad del producto, sus beneficios y su red de destinos. Este a\u00f1o, adem\u00e1s, ha servido para conocer las iniciativas del Programa de Experiencias Turismo Espa\u00f1a que puedan tener sinergias entre ellas y con el producto Ecoturismo en Espa\u00f1a.<br><br>Esta decimotercera edici\u00f3n cont\u00f3 con la asistencia de <strong>29 participantes procedentes de 9 comunidades aut\u00f3nomas<\/strong>, la gran mayor\u00eda representantes de entidades locales que funcionan como gestores locales en los destinos de ecoturismo adheridos a Soy Ecoturista. <br>Adem\u00e1s, m\u00e1s de una veintena de personas pudieron seguir las sesiones de manera online.<\/p>\n\n\n\n<p><span style=\"font-weight: 400;\">El primer d\u00eda del seminario, la Asociaci\u00f3n Ecoturismo en Espa\u00f1a, ente gestor del club de producto Ecoturismo en Espa\u00f1a y su marca Soy Ecoturista, present\u00f3 los principales <strong>avances, perspectivas y propuestas de mejora de la plataforma de comercializaci\u00f3n <\/strong><\/span><a href=\"http:\/\/www.soyecoturista.com\"><strong><span style=\"font-weight: 400;\">www.soyecoturista.com<\/span><\/strong><\/a><span style=\"font-weight: 400;\"><strong>.&nbsp;<\/strong><\/span><\/p>\n\n\n\n<p><span style=\"font-weight: 400;\">El martes 10 por la ma\u00f1ana, el equipo de RUSTICAE, present\u00f3 los principales <strong>resultados del plan de posicionamiento, marketing y comunicaci\u00f3n de la marca Soy Ecoturista<\/strong>, que pone en valor los atributos del ecoturismo, su contribuci\u00f3n a la conservaci\u00f3n de la biodiversidad y al desarrollo local. Despu\u00e9s, se trabaj\u00f3 en grupo en el an\u00e1lisis de las herramientas y las actuaciones que pueden desarrollar los destinos y empresas adheridas a Soy Ecoturista para aumentar el impacto del plan de marketing y mejorar su visibilidad como destinos y empresas de ecoturismo certificado.<\/span><\/p>\n\n\n\n<p><span style=\"font-weight: 400;\">A mediod\u00eda, la AEE present\u00f3 las herramientas desarrolladas en el marco del <strong>proyecto \u201cSostenibilidad y Digitalizaci\u00f3n de la red de Experiencias de Ecoturismo en Espa\u00f1a<\/strong>\u201d -financiado por la Secretar\u00eda de Estado de Turismo a trav\u00e9s de Fondos Next Generation- <strong>para gestionar y hacer seguimiento de destinos y empresas adheridas a Soy Ecoturista, recopilar y difundir buenas pr\u00e1cticas, y hacer seguimiento de indicadores clave de impacto positivo del Ecoturismo en Espa\u00f1a<\/strong>.&nbsp;<\/span><\/p>\n\n\n\n<p><span style=\"font-weight: 400;\">Por la tarde, la sesi\u00f3n estuvo centrada en conocer las <strong>iniciativas para la conservaci\u00f3n y restauraci\u00f3n de la biodiversidad y de puesta en valor de los ecosistemas a trav\u00e9s del ecoturismo en el marco del Programa de Planes de Sostenibilidad Tur\u00edstica en Destinos<\/strong> (PSTD) y en los destinos de Ecoturismo en Espa\u00f1a presentes en el Seminario, tales como la iniciativa \u201cOasis de Ox\u00edgeno &#8211; Pl\u00e1ntate\u201d, de las empresas adheridas a la Carta Europea de Turismo Sostenible en La Gomera, el proyecto de recuperaci\u00f3n y puesta en valor del patrimonio de Ancares Terras de Bur\u00f3n a trav\u00e9s del ecoturismo, la iniciativa de restauraci\u00f3n de paisaje y compensaci\u00f3n de huella de carbono en Guara Somontano, las experiencias de ecoturismo universal y Escuela Nacional de la Piedra Seca en Sierra Nevada, el proyecto GORBEIAGO, de pastoreo extensivo y restauraci\u00f3n de h\u00e1bitats en Gorbeia, la gesti\u00f3n tur\u00edstica del destino Gorbeia entre dos comarcas, la iniciativa de implicaci\u00f3n de la poblaci\u00f3n local en la restauraci\u00f3n ambiental en Costa Quebrada, las novedades de la Fiesta del Ecoturismo del Delta del Ebro y el plan de impulso al Km0 en la Comarca de la Cinco Villas.&nbsp;<\/span><\/p>\n\n\n\n<p><span style=\"font-weight: 400;\">La jornada concluy\u00f3 con una visita guiada a los jardines y La Granja del Real Sitio de San Fernando guiada por personal del CENEAM.<\/span><\/p>\n\n\n\n<p><span style=\"font-weight: 400;\">El mi\u00e9rcoles 11, \u00faltimo d\u00eda del Seminario, por la ma\u00f1ana tuvo lugar una sesi\u00f3n centrada en analizar las actuaciones realizadas para <strong>impulsar la promoci\u00f3n y comercializaci\u00f3n internacional<\/strong> <strong>del producto Ecoturismo en Espa\u00f1a<\/strong>, en el marco de la colaboraci\u00f3n del club de producto Ecoturismo en Espa\u00f1a y Turespa\u00f1a, as\u00ed como en proponer futuras nuevas l\u00edneas de actuaci\u00f3n.<\/span><\/p>\n\n\n\n<p><span style=\"font-weight: 400;\">La \u00faltima sesi\u00f3n de trabajo estuvo dirigida a conocer <strong>diez iniciativas impulsadas en el marco de proyectos del programa Experiencias Turismo Espa\u00f1a, con impacto en la puesta en valor de los servicios ecosist\u00e9micos, para que compartieran sus resultados e identificar posibles sinergias con el producto Ecoturismo en Espa\u00f1a<\/strong>: las experiencias dise\u00f1adas en la Red Starlight Espa\u00f1a (Fundaci\u00f3n Starlight), los resultados de Experiencias de Ecoturismo Cient\u00edfico en Espa\u00f1a (Fundaci\u00f3n para la Conservaci\u00f3n del Quebrantahuesos), la red de experiencias tur\u00edsticas basadas en la tradici\u00f3n rural en Andaluc\u00eda (Federaci\u00f3n Andaluza de Municipios y Provincias), la Reserva Ecoturista de la Espa\u00f1a Verde (Turismo Asturias), el Corcho como recursos principal de una experiencia tur\u00edstica (Retecork), experiencias tur\u00edsticas en torno a una red de cambios trashumantes en Castilla y Le\u00f3n (Fundaci\u00f3n Monte Mediterraneo), el fen\u00f3meno de la floraci\u00f3n en Espa\u00f1a como un producto tur\u00edstico (Soluciones Agromarketing SL), y fotograf\u00eda y pintura de naturaleza (Daboecia Arte y Naturaleza).&nbsp;<\/span><\/p>\n\n\n\n<p><span style=\"font-weight: 400;\">Los v\u00eddeos de las sesiones est\u00e1n ya disponibles en el canal de youtube de Soy Ecoturista<\/span>.<\/p>\n\n\n\n<div class=\"wp-block-buttons is-layout-flex wp-block-buttons-is-layout-flex\">\n<div class=\"wp-block-button\"><a class=\"wp-block-button__link wp-element-button\" href=\"https:\/\/www.youtube.com\/watch?v=wGE7pvyGF7U&amp;list=PLJk2wQX5Thcm34tnyHPh7028GQwkoFuIY\" target=\"_blank\" rel=\"noreferrer noopener\">VER VIDEOS<\/a><\/div>\n<\/div>\n\n\n\n<p><span style=\"font-weight: 400;\">Los principales resultados y conclusiones del Seminario, as\u00ed como las presentaciones estar\u00e1n disponibles en la <a href=\"https:\/\/www.miteco.gob.es\/es\/ceneam\/grupos-de-trabajo-y-seminarios\/club-ecoturismo-en-espana.html\" target=\"_blank\" rel=\"noreferrer noopener\">p\u00e1gina web del CENEAM<\/a>. <\/span><\/p>\n\n\n\n<figure class=\"wp-block-gallery has-nested-images columns-default is-cropped wp-block-gallery-1 is-layout-flex wp-block-gallery-is-layout-flex\">\n<figure class=\"wp-block-image size-large\"><img loading=\"lazy\" decoding=\"async\" width=\"667\" height=\"486\" data-id=\"47415\" src=\"https:\/\/www.soyecoturista.com\/asociacion\/wp-content\/uploads\/2025\/06\/destacada.png\" alt=\"\" class=\"wp-image-47415\" srcset=\"https:\/\/www.soyecoturista.com\/asociacion\/wp-content\/uploads\/2025\/06\/destacada.png 667w, https:\/\/www.soyecoturista.com\/asociacion\/wp-content\/uploads\/2025\/06\/destacada-300x219.png 300w\" sizes=\"auto, (max-width: 667px) 100vw, 667px\" \/><\/figure>\n\n\n\n<figure class=\"wp-block-image size-large\"><img loading=\"lazy\" decoding=\"async\" width=\"1024\" height=\"768\" data-id=\"47409\" src=\"https:\/\/www.soyecoturista.com\/asociacion\/wp-content\/uploads\/2025\/07\/Seminario-Club-2025-12-1024x768.jpg\" alt=\"\" class=\"wp-image-47409\" srcset=\"https:\/\/www.soyecoturista.com\/asociacion\/wp-content\/uploads\/2025\/07\/Seminario-Club-2025-12-1024x768.jpg 1024w, https:\/\/www.soyecoturista.com\/asociacion\/wp-content\/uploads\/2025\/07\/Seminario-Club-2025-12-300x225.jpg 300w, https:\/\/www.soyecoturista.com\/asociacion\/wp-content\/uploads\/2025\/07\/Seminario-Club-2025-12-768x576.jpg 768w, https:\/\/www.soyecoturista.com\/asociacion\/wp-content\/uploads\/2025\/07\/Seminario-Club-2025-12-1536x1152.jpg 1536w, https:\/\/www.soyecoturista.com\/asociacion\/wp-content\/uploads\/2025\/07\/Seminario-Club-2025-12.jpg 2000w\" sizes=\"auto, (max-width: 1024px) 100vw, 1024px\" \/><\/figure>\n\n\n\n<figure class=\"wp-block-image size-large\"><img loading=\"lazy\" decoding=\"async\" width=\"1024\" height=\"768\" data-id=\"47410\" src=\"https:\/\/www.soyecoturista.com\/asociacion\/wp-content\/uploads\/2025\/07\/Seminario-Club-2025-71-1024x768.jpg\" alt=\"\" class=\"wp-image-47410\" srcset=\"https:\/\/www.soyecoturista.com\/asociacion\/wp-content\/uploads\/2025\/07\/Seminario-Club-2025-71-1024x768.jpg 1024w, https:\/\/www.soyecoturista.com\/asociacion\/wp-content\/uploads\/2025\/07\/Seminario-Club-2025-71-300x225.jpg 300w, https:\/\/www.soyecoturista.com\/asociacion\/wp-content\/uploads\/2025\/07\/Seminario-Club-2025-71-768x576.jpg 768w, https:\/\/www.soyecoturista.com\/asociacion\/wp-content\/uploads\/2025\/07\/Seminario-Club-2025-71-1536x1152.jpg 1536w, https:\/\/www.soyecoturista.com\/asociacion\/wp-content\/uploads\/2025\/07\/Seminario-Club-2025-71.jpg 1600w\" sizes=\"auto, (max-width: 1024px) 100vw, 1024px\" \/><\/figure>\n\n\n\n<figure class=\"wp-block-image size-large\"><img loading=\"lazy\" decoding=\"async\" width=\"1024\" height=\"768\" data-id=\"47407\" src=\"https:\/\/www.soyecoturista.com\/asociacion\/wp-content\/uploads\/2025\/07\/Seminario-Club-2025-33-1024x768.jpg\" alt=\"\" class=\"wp-image-47407\" srcset=\"https:\/\/www.soyecoturista.com\/asociacion\/wp-content\/uploads\/2025\/07\/Seminario-Club-2025-33-1024x768.jpg 1024w, https:\/\/www.soyecoturista.com\/asociacion\/wp-content\/uploads\/2025\/07\/Seminario-Club-2025-33-300x225.jpg 300w, https:\/\/www.soyecoturista.com\/asociacion\/wp-content\/uploads\/2025\/07\/Seminario-Club-2025-33-768x576.jpg 768w, https:\/\/www.soyecoturista.com\/asociacion\/wp-content\/uploads\/2025\/07\/Seminario-Club-2025-33-1536x1152.jpg 1536w, https:\/\/www.soyecoturista.com\/asociacion\/wp-content\/uploads\/2025\/07\/Seminario-Club-2025-33.jpg 2000w\" sizes=\"auto, (max-width: 1024px) 100vw, 1024px\" \/><\/figure>\n\n\n\n<figure class=\"wp-block-image size-large\"><img loading=\"lazy\" decoding=\"async\" width=\"1024\" height=\"768\" data-id=\"47408\" src=\"https:\/\/www.soyecoturista.com\/asociacion\/wp-content\/uploads\/2025\/07\/Seminario-Club-2025-9-1024x768.jpg\" alt=\"\" class=\"wp-image-47408\" srcset=\"https:\/\/www.soyecoturista.com\/asociacion\/wp-content\/uploads\/2025\/07\/Seminario-Club-2025-9-1024x768.jpg 1024w, https:\/\/www.soyecoturista.com\/asociacion\/wp-content\/uploads\/2025\/07\/Seminario-Club-2025-9-300x225.jpg 300w, https:\/\/www.soyecoturista.com\/asociacion\/wp-content\/uploads\/2025\/07\/Seminario-Club-2025-9-768x576.jpg 768w, https:\/\/www.soyecoturista.com\/asociacion\/wp-content\/uploads\/2025\/07\/Seminario-Club-2025-9-1536x1152.jpg 1536w, https:\/\/www.soyecoturista.com\/asociacion\/wp-content\/uploads\/2025\/07\/Seminario-Club-2025-9.jpg 1600w\" sizes=\"auto, (max-width: 1024px) 100vw, 1024px\" \/><\/figure>\n\n\n\n<figure class=\"wp-block-image size-large\"><img loading=\"lazy\" decoding=\"async\" width=\"1024\" height=\"576\" data-id=\"47411\" src=\"https:\/\/www.soyecoturista.com\/asociacion\/wp-content\/uploads\/2025\/07\/Seminario2025_cena06-1024x576.jpg\" alt=\"\" class=\"wp-image-47411\" srcset=\"https:\/\/www.soyecoturista.com\/asociacion\/wp-content\/uploads\/2025\/07\/Seminario2025_cena06-1024x576.jpg 1024w, https:\/\/www.soyecoturista.com\/asociacion\/wp-content\/uploads\/2025\/07\/Seminario2025_cena06-300x169.jpg 300w, https:\/\/www.soyecoturista.com\/asociacion\/wp-content\/uploads\/2025\/07\/Seminario2025_cena06-768x432.jpg 768w, https:\/\/www.soyecoturista.com\/asociacion\/wp-content\/uploads\/2025\/07\/Seminario2025_cena06-1536x864.jpg 1536w, https:\/\/www.soyecoturista.com\/asociacion\/wp-content\/uploads\/2025\/07\/Seminario2025_cena06-2048x1152.jpg 2048w\" sizes=\"auto, (max-width: 1024px) 100vw, 1024px\" \/><\/figure>\n<\/figure>\n\n\n\n<p>&nbsp;<\/p>\n\n\n\n<hr class=\"wp-block-separator has-alpha-channel-opacity\"\/>\n\n\n\n<p><strong>Sobre la Asociaci\u00f3n de Ecoturismo en Espa\u00f1a<\/strong><\/p>\n\n\n\n<p>La&nbsp;<a href=\"https:\/\/www.soyecoturista.com\/asociacion\/\" target=\"_blank\" rel=\"noreferrer noopener\">Asociaci\u00f3n de Ecoturismo en Espa\u00f1a<\/a>&nbsp;(AEE) es una asociaci\u00f3n sin \u00e1nimo de lucro y de car\u00e1cter p\u00fablico-privado creada en 2010 para fomentar el ecoturismo en los espacios protegidos y compuesta principalmente por asociaciones de empresarios de turismo ubicadas en espacios naturales, entidades gestoras de espacios protegidos, administraciones p\u00fablicas implicadas en la gesti\u00f3n tur\u00edstica de \u00e9stos, grupos de desarrollo rural, entidades de conservaci\u00f3n de la naturaleza, universidades y empresas especializadas en turismo.<\/p>\n\n\n\n<p>La AEE es la entidad que gestiona el club de producto Ecoturismo en Espa\u00f1a, con apoyo de la Secretar\u00eda de Estado de Turismo. Es una iniciativa pionera que ofrece experiencias de ecoturismo en espacios naturales protegidos, garantizando al viajero su contribuci\u00f3n al desarrollo local y a la conservaci\u00f3n de la biodiversidad. Actualmente agrupa 51 destinos y m\u00e1s de 800 empresas que, bajo la marca&nbsp;<a href=\"http:\/\/www.soyecoturista.com\/\" target=\"_blank\" rel=\"noreferrer noopener\">Soy Ecoturista<\/a>, asumen su compromiso con el desarrollo sostenible.<\/p>\n\n\n<\/div>\n<\/div>\n<\/div>\n<\/div>\n<\/div>\n<\/div>\n<\/div>\n<\/section>\n<\/div>\n<\/div>","protected":false},"excerpt":{"rendered":"<p>Los gestores del producto \u201cEcoturismo en Espa\u00f1a\u201d han trabajado con las herramientas de la marca Soy Ecoturista y han conocido resultados del Programa Experiencias Espa\u00f1a. Los d\u00edas 9, 10 y [&hellip;]<\/p>\n","protected":false},"author":8,"featured_media":47412,"comment_status":"open","ping_status":"open","sticky":false,"template":"","format":"standard","meta":{"_acf_changed":false,"footnotes":""},"categories":[4],"tags":[9,11,79,26],"class_list":["post-47405","post","type-post","status-publish","format-standard","has-post-thumbnail","hentry","category-noticias","tag-club-ecoturismo","tag-ecoturismo","tag-madbirdfair","tag-parques-nacionales"],"acf":[],"_links":{"self":[{"href":"https:\/\/www.soyecoturista.com\/asociacion\/wp-json\/wp\/v2\/posts\/47405","targetHints":{"allow":["GET"]}}],"collection":[{"href":"https:\/\/www.soyecoturista.com\/asociacion\/wp-json\/wp\/v2\/posts"}],"about":[{"href":"https:\/\/www.soyecoturista.com\/asociacion\/wp-json\/wp\/v2\/types\/post"}],"author":[{"embeddable":true,"href":"https:\/\/www.soyecoturista.com\/asociacion\/wp-json\/wp\/v2\/users\/8"}],"replies":[{"embeddable":true,"href":"https:\/\/www.soyecoturista.com\/asociacion\/wp-json\/wp\/v2\/comments?post=47405"}],"version-history":[{"count":10,"href":"https:\/\/www.soyecoturista.com\/asociacion\/wp-json\/wp\/v2\/posts\/47405\/revisions"}],"predecessor-version":[{"id":47436,"href":"https:\/\/www.soyecoturista.com\/asociacion\/wp-json\/wp\/v2\/posts\/47405\/revisions\/47436"}],"wp:featuredmedia":[{"embeddable":true,"href":"https:\/\/www.soyecoturista.com\/asociacion\/wp-json\/wp\/v2\/media\/47412"}],"wp:attachment":[{"href":"https:\/\/www.soyecoturista.com\/asociacion\/wp-json\/wp\/v2\/media?parent=47405"}],"wp:term":[{"taxonomy":"category","embeddable":true,"href":"https:\/\/www.soyecoturista.com\/asociacion\/wp-json\/wp\/v2\/categories?post=47405"},{"taxonomy":"post_tag","embeddable":true,"href":"https:\/\/www.soyecoturista.com\/asociacion\/wp-json\/wp\/v2\/tags?post=47405"}],"curies":[{"name":"wp","href":"https:\/\/api.w.org\/{rel}","templated":true}]}}