{"id":47039,"date":"2025-05-27T17:51:43","date_gmt":"2025-05-27T15:51:43","guid":{"rendered":"https:\/\/www.soyecoturista.com\/asociacion\/?p=47039"},"modified":"2025-06-06T10:15:08","modified_gmt":"2025-06-06T08:15:08","slug":"la-aee-participa-en-varias-jornadas-ecoturismo","status":"publish","type":"post","link":"https:\/\/www.soyecoturista.com\/asociacion\/la-aee-participa-en-varias-jornadas-ecoturismo\/","title":{"rendered":"La Asociaci\u00f3n de Ecoturismo en Espa\u00f1a participa en varios actos y jornadas de Ecoturismo"},"content":{"rendered":"\n<p>Durante el mes de mayo, la Asociaci\u00f3n de Ecoturismo en Espa\u00f1a ha participado en diferentes actos y jornadas de especial inter\u00e9s para el ecoturismo. <\/p>\n\n\n\n<h3 class=\"wp-block-heading\"><strong>Naturewatch Santander- Costa Quebrada&nbsp;<\/strong><\/h3>\n\n\n\n<p>El Palacio de Congresos y Exposiciones de Santander acogi\u00f3, del 8 al 10 de mayo, la 9\u00aa edici\u00f3n de <a href=\"https:\/\/www.encuentronaturewatch.com\/encuentro-naturewatch-santander-costa-quebrada-2025\/\" target=\"_blank\" rel=\"noreferrer noopener\">Naturewatch Santander &#8211; Costa Quebrada<\/a>, que se centr\u00f3 especialmente en el papel de los geoparques como motores del turismo de observaci\u00f3n responsable. Por ello, el encuentro cont\u00f3 con la participaci\u00f3n de los Geoparques Molina-Alto Tajo, la Costa Vasca, de Granada (adheridos a Soy Ecoturista), y el Geoparque Cabo Ortegal, que presentaron sus iniciativas y experiencias de ecoturismo en el territorio. Asimismo, se pudieron conocer las experiencias de ecoturismo que las empresas del territorio ofrecen en este territorio, recientemente ratificado como Geoparque Mundial de la UNESCO Costa Quebrada.<\/p>\n\n\n\n<p>Amanda Guzm\u00e1n, gerente de la Asociaci\u00f3n de Ecoturismo en Espa\u00f1a, tuvo la oportunidad de explicar el funcionamiento, objetivos y valores del club de producto Ecoturismo en Espa\u00f1a y su marca Soy Ecoturista, as\u00ed como las acciones a nivel nacional e internacional que desarrolla para impulsar la promoci\u00f3n y comercializaci\u00f3n de las experiencias de ecoturismo que ofrecen las empresas adheridas.<\/p>\n\n\n\n<figure class=\"wp-block-gallery has-nested-images columns-default is-cropped wp-block-gallery-1 is-layout-flex wp-block-gallery-is-layout-flex\">\n<figure class=\"wp-block-image size-large\"><img loading=\"lazy\" decoding=\"async\" width=\"1024\" height=\"706\" data-id=\"47041\" src=\"https:\/\/www.soyecoturista.com\/asociacion\/wp-content\/uploads\/2025\/06\/Amanda-novedades-plataforma-SoyEcoturista-NW-Santander-1024x706.jpg\" alt=\"\" class=\"wp-image-47041\" srcset=\"https:\/\/www.soyecoturista.com\/asociacion\/wp-content\/uploads\/2025\/06\/Amanda-novedades-plataforma-SoyEcoturista-NW-Santander-1024x706.jpg 1024w, https:\/\/www.soyecoturista.com\/asociacion\/wp-content\/uploads\/2025\/06\/Amanda-novedades-plataforma-SoyEcoturista-NW-Santander-300x207.jpg 300w, https:\/\/www.soyecoturista.com\/asociacion\/wp-content\/uploads\/2025\/06\/Amanda-novedades-plataforma-SoyEcoturista-NW-Santander-768x529.jpg 768w, https:\/\/www.soyecoturista.com\/asociacion\/wp-content\/uploads\/2025\/06\/Amanda-novedades-plataforma-SoyEcoturista-NW-Santander-1536x1059.jpg 1536w, https:\/\/www.soyecoturista.com\/asociacion\/wp-content\/uploads\/2025\/06\/Amanda-novedades-plataforma-SoyEcoturista-NW-Santander.jpg 2040w\" sizes=\"auto, (max-width: 1024px) 100vw, 1024px\" \/><\/figure>\n\n\n\n<figure class=\"wp-block-image size-large\"><img loading=\"lazy\" decoding=\"async\" width=\"1024\" height=\"683\" data-id=\"47042\" src=\"https:\/\/www.soyecoturista.com\/asociacion\/wp-content\/uploads\/2025\/06\/AEE-Amanda-y-Lara-NW-Santander-1024x683.jpg\" alt=\"\" class=\"wp-image-47042\" srcset=\"https:\/\/www.soyecoturista.com\/asociacion\/wp-content\/uploads\/2025\/06\/AEE-Amanda-y-Lara-NW-Santander-1024x683.jpg 1024w, https:\/\/www.soyecoturista.com\/asociacion\/wp-content\/uploads\/2025\/06\/AEE-Amanda-y-Lara-NW-Santander-300x200.jpg 300w, https:\/\/www.soyecoturista.com\/asociacion\/wp-content\/uploads\/2025\/06\/AEE-Amanda-y-Lara-NW-Santander-768x512.jpg 768w, https:\/\/www.soyecoturista.com\/asociacion\/wp-content\/uploads\/2025\/06\/AEE-Amanda-y-Lara-NW-Santander-1536x1024.jpg 1536w, https:\/\/www.soyecoturista.com\/asociacion\/wp-content\/uploads\/2025\/06\/AEE-Amanda-y-Lara-NW-Santander.jpg 1620w\" sizes=\"auto, (max-width: 1024px) 100vw, 1024px\" \/><\/figure>\n\n\n\n<figure class=\"wp-block-image size-large\"><img loading=\"lazy\" decoding=\"async\" width=\"1024\" height=\"768\" data-id=\"47040\" src=\"https:\/\/www.soyecoturista.com\/asociacion\/wp-content\/uploads\/2025\/06\/Costa-Quebrada-Santander-NW-Santander-1024x768.jpg\" alt=\"\" class=\"wp-image-47040\" srcset=\"https:\/\/www.soyecoturista.com\/asociacion\/wp-content\/uploads\/2025\/06\/Costa-Quebrada-Santander-NW-Santander-1024x768.jpg 1024w, https:\/\/www.soyecoturista.com\/asociacion\/wp-content\/uploads\/2025\/06\/Costa-Quebrada-Santander-NW-Santander-300x225.jpg 300w, https:\/\/www.soyecoturista.com\/asociacion\/wp-content\/uploads\/2025\/06\/Costa-Quebrada-Santander-NW-Santander-768x576.jpg 768w, https:\/\/www.soyecoturista.com\/asociacion\/wp-content\/uploads\/2025\/06\/Costa-Quebrada-Santander-NW-Santander-1536x1152.jpg 1536w, https:\/\/www.soyecoturista.com\/asociacion\/wp-content\/uploads\/2025\/06\/Costa-Quebrada-Santander-NW-Santander.jpg 2040w\" sizes=\"auto, (max-width: 1024px) 100vw, 1024px\" \/><\/figure>\n<\/figure>\n\n\n\n<h3 class=\"wp-block-heading\"><strong>MYCOTUR &#8211; Mycology &amp; Tourism Living Lab<\/strong><\/h3>\n\n\n\n<p>Los d\u00edas 16 y 17 de mayo se celebr\u00f3 en Soria un <a href=\"https:\/\/mycotour.es\/\" target=\"_blank\" rel=\"noreferrer noopener\">Encuentro Internacional sobre Micoturismo<\/a>, que reuni\u00f3 a expertos de diferentes pa\u00edses para abordar diversos aspectos relacionados con la micolog\u00eda, entre ellos la comunicaci\u00f3n y el marketing, analizando las mejores estrategias para divulgar los avances cient\u00edficos y fortalecer la conexi\u00f3n entre la investigaci\u00f3n, el turismo y el p\u00fablico general.<\/p>\n\n\n\n<p>En este contexto, la Asociaci\u00f3n de Ecoturismo en Espa\u00f1a particip\u00f3 en la mesa redonda \u201cMejorando las herramientas de comunicaci\u00f3n y Marketing en micoturismo\u201d, presentando el trabajo que se realiza bajo la marca Soy Ecoturista para impulsar la promoci\u00f3n y comercializaci\u00f3n de experiencias de ecoturismo certificado en la red de destinos adheridos.<strong>&nbsp;<\/strong><\/p>\n\n\n\n<figure class=\"wp-block-gallery has-nested-images columns-default is-cropped wp-block-gallery-2 is-layout-flex wp-block-gallery-is-layout-flex\">\n<figure class=\"wp-block-image size-large\"><img loading=\"lazy\" decoding=\"async\" width=\"1024\" height=\"460\" data-id=\"47046\" src=\"https:\/\/www.soyecoturista.com\/asociacion\/wp-content\/uploads\/2025\/06\/Mesa-redonda1-1024x460.jpeg\" alt=\"\" class=\"wp-image-47046\" srcset=\"https:\/\/www.soyecoturista.com\/asociacion\/wp-content\/uploads\/2025\/06\/Mesa-redonda1-1024x460.jpeg 1024w, https:\/\/www.soyecoturista.com\/asociacion\/wp-content\/uploads\/2025\/06\/Mesa-redonda1-300x135.jpeg 300w, https:\/\/www.soyecoturista.com\/asociacion\/wp-content\/uploads\/2025\/06\/Mesa-redonda1-768x345.jpeg 768w, https:\/\/www.soyecoturista.com\/asociacion\/wp-content\/uploads\/2025\/06\/Mesa-redonda1-1536x690.jpeg 1536w, https:\/\/www.soyecoturista.com\/asociacion\/wp-content\/uploads\/2025\/06\/Mesa-redonda1.jpeg 2048w\" sizes=\"auto, (max-width: 1024px) 100vw, 1024px\" \/><\/figure>\n\n\n\n<figure class=\"wp-block-image size-large\"><img loading=\"lazy\" decoding=\"async\" width=\"1024\" height=\"768\" data-id=\"47045\" src=\"https:\/\/www.soyecoturista.com\/asociacion\/wp-content\/uploads\/2025\/06\/Mesa-redonda2-1024x768.jpeg\" alt=\"\" class=\"wp-image-47045\" srcset=\"https:\/\/www.soyecoturista.com\/asociacion\/wp-content\/uploads\/2025\/06\/Mesa-redonda2-1024x768.jpeg 1024w, https:\/\/www.soyecoturista.com\/asociacion\/wp-content\/uploads\/2025\/06\/Mesa-redonda2-300x225.jpeg 300w, https:\/\/www.soyecoturista.com\/asociacion\/wp-content\/uploads\/2025\/06\/Mesa-redonda2-768x576.jpeg 768w, https:\/\/www.soyecoturista.com\/asociacion\/wp-content\/uploads\/2025\/06\/Mesa-redonda2-1536x1152.jpeg 1536w, https:\/\/www.soyecoturista.com\/asociacion\/wp-content\/uploads\/2025\/06\/Mesa-redonda2.jpeg 2048w\" sizes=\"auto, (max-width: 1024px) 100vw, 1024px\" \/><\/figure>\n<\/figure>\n\n\n\n<h3 class=\"wp-block-heading\"><strong>Presentaci\u00f3n de resultados del Corredor de Ecoturismo de la Espa\u00f1a Verde en Asturias, Galicia y Euskadi<\/strong><\/h3>\n\n\n\n<p>Durante el mes de mayo, las <strong>cuatro comunidades aut\u00f3nomas que integran la Espa\u00f1a Verde<\/strong> (Galicia, Asturias, Cantabria y Euskadi) han presentado a los actores territoriales y empresas implicadas en el Corredor de Ecoturismo de la Espa\u00f1a Verde los <strong>resultados del proyecto en sus respectivas comunidades aut\u00f3nomas<\/strong>, como las experiencias de ecoturismo dise\u00f1adas en cada espacio protegido participante, as\u00ed como las acciones previstas en materia de promoci\u00f3n, marketing y comercializaci\u00f3n del nuevo producto tur\u00edstico \u201cReserva Ecoturista\u201d.<\/p>\n\n\n\n<p>La Asociaci\u00f3n de Ecoturismo en Espa\u00f1a, que ha participado en el proyecto desde sus inicios, tuvo la oportunidad de presentar en las jornadas organizadas en Asturias, Galicia y Euskadi las acciones previstas para impulsar la \u201cReserva Ecoturista\u201d a trav\u00e9s de las herramientas de promoci\u00f3n y comercializaci\u00f3n de la marca Soy Ecoturista. Cabe destacar que, de las 330 empresas involucradas en el proyecto, 233 ya formaban parte del club de producto Ecoturismo en Espa\u00f1a y su marca Soy Ecoturista.<\/p>\n\n\n\n<p>En <strong>Asturias<\/strong>, la jornada se celebr\u00f3 el 13 de mayo Gij\u00f3n, y fue inaugurada por Lara Mart\u00ednez, viceconsejera de Turismo de Asturias, qui\u00e9n destac\u00f3 que este proyecto supone el mayor corredor de ecoturismo de Europa, donde disfrutar de experiencias muy vinculadas al territorio y de la mano de empresas locales. Asimismo, se presentaron las 38 experiencias dise\u00f1adas por empresas participantes. <a href=\"https:\/\/www.soyecoturista.com\/asociacion\/wp-content\/uploads\/2025\/06\/Programa-Presentacion-Corredor-Asturias_v2.pdf\" target=\"_blank\" rel=\"noreferrer noopener\">Ver programa<\/a> y m\u00e1s informaci\u00f3n <a href=\"https:\/\/www.lne.es\/gijon\/2025\/05\/13\/corredor-ecoturismo-espana-verde-genera-117336588.html\" target=\"_blank\" rel=\"noreferrer noopener\">aqu\u00ed<\/a>.\u00a0<\/p>\n\n\n\n<p>En<strong> Galicia<\/strong>, la jornada tuvo lugar el d\u00eda 20<strong> <\/strong>en Santiago de Compostela y cont\u00f3 con la participaci\u00f3n del director de Turismo de Galicia, Xos\u00e9 Merelles, quien present\u00f3 la oferta ecotur\u00edstica de Galicia en la \u201cReserva Ecoturista\u201d de la Espa\u00f1a Verde. Al acto tambi\u00e9n asisti\u00f3 la directora general de Patrimonio Natural, Marisol D\u00edaz Mouteira. <a href=\"https:\/\/www.soyecoturista.com\/asociacion\/wp-content\/uploads\/2025\/06\/Reserva-Ecoturista-Programa-Galicia-1.pdf\" target=\"_blank\" rel=\"noreferrer noopener\">Ver programa<\/a> y m\u00e1s informaci\u00f3n <a href=\"https:\/\/www.xunta.gal\/es\/notas-de-prensa\/-\/nova\/012940\/xunta-incorpora-oferta-turistica-reserva-ecoturista-espana-verde-para-reforzarse\" target=\"_blank\" rel=\"noopener\">aqu\u00ed<\/a>.\u00a0<\/p>\n\n\n\n<p>El d\u00eda 26, fue el turno de <strong>Euskadi<\/strong>. El acto de presentaci\u00f3n tuvo lugar en Zigoitia cont\u00f3 con la participaci\u00f3n del viceconsejero de Turismo, Jakes Aguirrezabal. Adem\u00e1s de dar a conocer las experiencias dise\u00f1adas en el marco del proyecto y su integraci\u00f3n en la \u201cReserva Ecoturista\u201d, se presentaron varios v\u00eddeos de algunas de las empresas participantes, representativas de los 6 espacios protegidos participantes en el proyecto y sus experiencias. <a href=\"https:\/\/www.soyecoturista.com\/asociacion\/wp-content\/uploads\/2025\/06\/Programa-de-jornada-1.pdf\" target=\"_blank\" rel=\"noreferrer noopener\">Ver programa<\/a> y m\u00e1s informaci\u00f3n <a href=\"https:\/\/www.basquetour.eus\/el-viceconsejero-de-turismo-jakes-aguirrezabal-presenta-la-nueva-marca-reserva-ecoturista-enmarcada-en-la-alianza-espana-verde.htm\" target=\"_blank\" rel=\"noopener\">aqu\u00ed<\/a>.\u00a0<\/p>\n\n\n\n<figure class=\"wp-block-gallery has-nested-images columns-default is-cropped wp-block-gallery-3 is-layout-flex wp-block-gallery-is-layout-flex\">\n<figure class=\"wp-block-image size-large\"><img loading=\"lazy\" decoding=\"async\" width=\"1024\" height=\"576\" data-id=\"47051\" src=\"https:\/\/www.soyecoturista.com\/asociacion\/wp-content\/uploads\/2025\/06\/Presentacion_Asturias_1-1024x576.jpeg\" alt=\"\" class=\"wp-image-47051\" srcset=\"https:\/\/www.soyecoturista.com\/asociacion\/wp-content\/uploads\/2025\/06\/Presentacion_Asturias_1-1024x576.jpeg 1024w, https:\/\/www.soyecoturista.com\/asociacion\/wp-content\/uploads\/2025\/06\/Presentacion_Asturias_1-300x169.jpeg 300w, https:\/\/www.soyecoturista.com\/asociacion\/wp-content\/uploads\/2025\/06\/Presentacion_Asturias_1-768x432.jpeg 768w, https:\/\/www.soyecoturista.com\/asociacion\/wp-content\/uploads\/2025\/06\/Presentacion_Asturias_1-1536x864.jpeg 1536w, https:\/\/www.soyecoturista.com\/asociacion\/wp-content\/uploads\/2025\/06\/Presentacion_Asturias_1.jpeg 1600w\" sizes=\"auto, (max-width: 1024px) 100vw, 1024px\" \/><\/figure>\n\n\n\n<figure class=\"wp-block-image size-large\"><img loading=\"lazy\" decoding=\"async\" width=\"1024\" height=\"766\" data-id=\"47049\" src=\"https:\/\/www.soyecoturista.com\/asociacion\/wp-content\/uploads\/2025\/06\/Presentacion_Asturias_2-1024x766.jpeg\" alt=\"\" class=\"wp-image-47049\" srcset=\"https:\/\/www.soyecoturista.com\/asociacion\/wp-content\/uploads\/2025\/06\/Presentacion_Asturias_2-1024x766.jpeg 1024w, https:\/\/www.soyecoturista.com\/asociacion\/wp-content\/uploads\/2025\/06\/Presentacion_Asturias_2-300x224.jpeg 300w, https:\/\/www.soyecoturista.com\/asociacion\/wp-content\/uploads\/2025\/06\/Presentacion_Asturias_2-768x575.jpeg 768w, https:\/\/www.soyecoturista.com\/asociacion\/wp-content\/uploads\/2025\/06\/Presentacion_Asturias_2-1536x1149.jpeg 1536w, https:\/\/www.soyecoturista.com\/asociacion\/wp-content\/uploads\/2025\/06\/Presentacion_Asturias_2.jpeg 2048w\" sizes=\"auto, (max-width: 1024px) 100vw, 1024px\" \/><\/figure>\n\n\n\n<figure class=\"wp-block-image size-large\"><img loading=\"lazy\" decoding=\"async\" width=\"1024\" height=\"766\" data-id=\"47054\" src=\"https:\/\/www.soyecoturista.com\/asociacion\/wp-content\/uploads\/2025\/06\/Presentacion_Asturias_3-1024x766.jpeg\" alt=\"\" class=\"wp-image-47054\" srcset=\"https:\/\/www.soyecoturista.com\/asociacion\/wp-content\/uploads\/2025\/06\/Presentacion_Asturias_3-1024x766.jpeg 1024w, https:\/\/www.soyecoturista.com\/asociacion\/wp-content\/uploads\/2025\/06\/Presentacion_Asturias_3-300x224.jpeg 300w, https:\/\/www.soyecoturista.com\/asociacion\/wp-content\/uploads\/2025\/06\/Presentacion_Asturias_3-768x575.jpeg 768w, https:\/\/www.soyecoturista.com\/asociacion\/wp-content\/uploads\/2025\/06\/Presentacion_Asturias_3-1536x1149.jpeg 1536w, https:\/\/www.soyecoturista.com\/asociacion\/wp-content\/uploads\/2025\/06\/Presentacion_Asturias_3.jpeg 2048w\" sizes=\"auto, (max-width: 1024px) 100vw, 1024px\" \/><\/figure>\n\n\n\n<figure class=\"wp-block-image size-large\"><img loading=\"lazy\" decoding=\"async\" width=\"1024\" height=\"630\" data-id=\"47055\" src=\"https:\/\/www.soyecoturista.com\/asociacion\/wp-content\/uploads\/2025\/06\/Presentacion_Euskadi_1-1024x630.jpeg\" alt=\"\" class=\"wp-image-47055\" srcset=\"https:\/\/www.soyecoturista.com\/asociacion\/wp-content\/uploads\/2025\/06\/Presentacion_Euskadi_1-1024x630.jpeg 1024w, https:\/\/www.soyecoturista.com\/asociacion\/wp-content\/uploads\/2025\/06\/Presentacion_Euskadi_1-300x185.jpeg 300w, https:\/\/www.soyecoturista.com\/asociacion\/wp-content\/uploads\/2025\/06\/Presentacion_Euskadi_1-768x473.jpeg 768w, https:\/\/www.soyecoturista.com\/asociacion\/wp-content\/uploads\/2025\/06\/Presentacion_Euskadi_1-1536x946.jpeg 1536w, https:\/\/www.soyecoturista.com\/asociacion\/wp-content\/uploads\/2025\/06\/Presentacion_Euskadi_1.jpeg 1600w\" sizes=\"auto, (max-width: 1024px) 100vw, 1024px\" \/><\/figure>\n\n\n\n<figure class=\"wp-block-image size-large\"><img loading=\"lazy\" decoding=\"async\" width=\"1024\" height=\"490\" data-id=\"47053\" src=\"https:\/\/www.soyecoturista.com\/asociacion\/wp-content\/uploads\/2025\/06\/Presentacion_Euskadi_2-1024x490.jpeg\" alt=\"\" class=\"wp-image-47053\" srcset=\"https:\/\/www.soyecoturista.com\/asociacion\/wp-content\/uploads\/2025\/06\/Presentacion_Euskadi_2-1024x490.jpeg 1024w, https:\/\/www.soyecoturista.com\/asociacion\/wp-content\/uploads\/2025\/06\/Presentacion_Euskadi_2-300x144.jpeg 300w, https:\/\/www.soyecoturista.com\/asociacion\/wp-content\/uploads\/2025\/06\/Presentacion_Euskadi_2-768x368.jpeg 768w, https:\/\/www.soyecoturista.com\/asociacion\/wp-content\/uploads\/2025\/06\/Presentacion_Euskadi_2-1536x735.jpeg 1536w, https:\/\/www.soyecoturista.com\/asociacion\/wp-content\/uploads\/2025\/06\/Presentacion_Euskadi_2.jpeg 1600w\" sizes=\"auto, (max-width: 1024px) 100vw, 1024px\" \/><\/figure>\n\n\n\n<figure class=\"wp-block-image size-large\"><img loading=\"lazy\" decoding=\"async\" width=\"1024\" height=\"576\" data-id=\"47048\" src=\"https:\/\/www.soyecoturista.com\/asociacion\/wp-content\/uploads\/2025\/06\/Presentacion_Euskadi_3-1024x576.jpeg\" alt=\"\" class=\"wp-image-47048\" srcset=\"https:\/\/www.soyecoturista.com\/asociacion\/wp-content\/uploads\/2025\/06\/Presentacion_Euskadi_3-1024x576.jpeg 1024w, https:\/\/www.soyecoturista.com\/asociacion\/wp-content\/uploads\/2025\/06\/Presentacion_Euskadi_3-300x169.jpeg 300w, https:\/\/www.soyecoturista.com\/asociacion\/wp-content\/uploads\/2025\/06\/Presentacion_Euskadi_3-768x432.jpeg 768w, https:\/\/www.soyecoturista.com\/asociacion\/wp-content\/uploads\/2025\/06\/Presentacion_Euskadi_3-1536x864.jpeg 1536w, https:\/\/www.soyecoturista.com\/asociacion\/wp-content\/uploads\/2025\/06\/Presentacion_Euskadi_3.jpeg 1600w\" sizes=\"auto, (max-width: 1024px) 100vw, 1024px\" \/><\/figure>\n\n\n\n<figure class=\"wp-block-image size-large\"><img loading=\"lazy\" decoding=\"async\" width=\"1024\" height=\"576\" data-id=\"47050\" src=\"https:\/\/www.soyecoturista.com\/asociacion\/wp-content\/uploads\/2025\/06\/Presentacion_Galicia_1-1024x576.jpeg\" alt=\"\" class=\"wp-image-47050\" srcset=\"https:\/\/www.soyecoturista.com\/asociacion\/wp-content\/uploads\/2025\/06\/Presentacion_Galicia_1-1024x576.jpeg 1024w, https:\/\/www.soyecoturista.com\/asociacion\/wp-content\/uploads\/2025\/06\/Presentacion_Galicia_1-300x169.jpeg 300w, https:\/\/www.soyecoturista.com\/asociacion\/wp-content\/uploads\/2025\/06\/Presentacion_Galicia_1-768x432.jpeg 768w, https:\/\/www.soyecoturista.com\/asociacion\/wp-content\/uploads\/2025\/06\/Presentacion_Galicia_1-1536x864.jpeg 1536w, https:\/\/www.soyecoturista.com\/asociacion\/wp-content\/uploads\/2025\/06\/Presentacion_Galicia_1.jpeg 2000w\" sizes=\"auto, (max-width: 1024px) 100vw, 1024px\" \/><\/figure>\n\n\n\n<figure class=\"wp-block-image size-large\"><img loading=\"lazy\" decoding=\"async\" width=\"1024\" height=\"768\" data-id=\"47052\" src=\"https:\/\/www.soyecoturista.com\/asociacion\/wp-content\/uploads\/2025\/06\/Presentacion_Galicia_2-1024x768.jpeg\" alt=\"\" class=\"wp-image-47052\" srcset=\"https:\/\/www.soyecoturista.com\/asociacion\/wp-content\/uploads\/2025\/06\/Presentacion_Galicia_2-1024x768.jpeg 1024w, https:\/\/www.soyecoturista.com\/asociacion\/wp-content\/uploads\/2025\/06\/Presentacion_Galicia_2-300x225.jpeg 300w, https:\/\/www.soyecoturista.com\/asociacion\/wp-content\/uploads\/2025\/06\/Presentacion_Galicia_2-768x576.jpeg 768w, https:\/\/www.soyecoturista.com\/asociacion\/wp-content\/uploads\/2025\/06\/Presentacion_Galicia_2-1536x1152.jpeg 1536w, https:\/\/www.soyecoturista.com\/asociacion\/wp-content\/uploads\/2025\/06\/Presentacion_Galicia_2.jpeg 2040w\" sizes=\"auto, (max-width: 1024px) 100vw, 1024px\" \/><\/figure>\n\n\n\n<figure class=\"wp-block-image size-large\"><img loading=\"lazy\" decoding=\"async\" width=\"576\" height=\"1024\" data-id=\"47056\" src=\"https:\/\/www.soyecoturista.com\/asociacion\/wp-content\/uploads\/2025\/06\/Presentacion_Galicia_3-576x1024.jpeg\" alt=\"\" class=\"wp-image-47056\" srcset=\"https:\/\/www.soyecoturista.com\/asociacion\/wp-content\/uploads\/2025\/06\/Presentacion_Galicia_3-576x1024.jpeg 576w, https:\/\/www.soyecoturista.com\/asociacion\/wp-content\/uploads\/2025\/06\/Presentacion_Galicia_3-169x300.jpeg 169w, https:\/\/www.soyecoturista.com\/asociacion\/wp-content\/uploads\/2025\/06\/Presentacion_Galicia_3-768x1365.jpeg 768w, https:\/\/www.soyecoturista.com\/asociacion\/wp-content\/uploads\/2025\/06\/Presentacion_Galicia_3-864x1536.jpeg 864w, https:\/\/www.soyecoturista.com\/asociacion\/wp-content\/uploads\/2025\/06\/Presentacion_Galicia_3.jpeg 900w\" sizes=\"auto, (max-width: 576px) 100vw, 576px\" \/><\/figure>\n<\/figure>\n\n\n\n<hr class=\"wp-block-separator has-alpha-channel-opacity\"\/>\n\n\n\n<p><strong>Sobre la Asociaci\u00f3n de Ecoturismo en Espa\u00f1a<\/strong><\/p>\n\n\n\n<p>La&nbsp;<a href=\"https:\/\/www.soyecoturista.com\/asociacion\/\" target=\"_blank\" rel=\"noreferrer noopener\">Asociaci\u00f3n de Ecoturismo en Espa\u00f1a<\/a>&nbsp;(AEE) es una asociaci\u00f3n sin \u00e1nimo de lucro y de car\u00e1cter p\u00fablico-privado creada en 2010 para fomentar el ecoturismo en los espacios protegidos y compuesta principalmente por asociaciones de empresarios de turismo ubicadas en espacios naturales, entidades gestoras de espacios protegidos, administraciones p\u00fablicas implicadas en la gesti\u00f3n tur\u00edstica de \u00e9stos, grupos de desarrollo rural, entidades de conservaci\u00f3n de la naturaleza, universidades y empresas especializadas en turismo.<\/p>\n\n\n\n<p>La AEE es la entidad que gestiona el club de producto Ecoturismo en Espa\u00f1a, con apoyo de la Secretar\u00eda de Estado de Turismo. Es una iniciativa pionera que ofrece experiencias de ecoturismo en espacios naturales protegidos, garantizando al viajero su contribuci\u00f3n al desarrollo local y a la conservaci\u00f3n de la biodiversidad. Actualmente agrupa 51 destinos y m\u00e1s de 800 empresas que, bajo la marca&nbsp;<a href=\"http:\/\/www.soyecoturista.com\/\" target=\"_blank\" rel=\"noreferrer noopener\">Soy Ecoturista<\/a>, asumen su compromiso con el desarrollo sostenible.<\/p>\n","protected":false},"excerpt":{"rendered":"<p>Durante el mes de mayo, la Asociaci\u00f3n de Ecoturismo en Espa\u00f1a ha participado en diferentes actos y jornadas de especial inter\u00e9s para el ecoturismo. Naturewatch Santander- Costa Quebrada&nbsp; El Palacio [&hellip;]<\/p>\n","protected":false},"author":2,"featured_media":47043,"comment_status":"closed","ping_status":"closed","sticky":false,"template":"","format":"standard","meta":{"_acf_changed":false,"footnotes":""},"categories":[4],"tags":[39,61,1000,998,11,99,545,1002,1305],"class_list":["post-47039","post","type-post","status-publish","format-standard","has-post-thumbnail","hentry","category-noticias","tag-soyecoturista","tag-asturias","tag-cantabria","tag-corredor-ecoturismo","tag-ecoturismo","tag-espacios-naturales","tag-euskadi","tag-galicia","tag-reserva-ecoturista"],"acf":[],"_links":{"self":[{"href":"https:\/\/www.soyecoturista.com\/asociacion\/wp-json\/wp\/v2\/posts\/47039","targetHints":{"allow":["GET"]}}],"collection":[{"href":"https:\/\/www.soyecoturista.com\/asociacion\/wp-json\/wp\/v2\/posts"}],"about":[{"href":"https:\/\/www.soyecoturista.com\/asociacion\/wp-json\/wp\/v2\/types\/post"}],"author":[{"embeddable":true,"href":"https:\/\/www.soyecoturista.com\/asociacion\/wp-json\/wp\/v2\/users\/2"}],"replies":[{"embeddable":true,"href":"https:\/\/www.soyecoturista.com\/asociacion\/wp-json\/wp\/v2\/comments?post=47039"}],"version-history":[{"count":4,"href":"https:\/\/www.soyecoturista.com\/asociacion\/wp-json\/wp\/v2\/posts\/47039\/revisions"}],"predecessor-version":[{"id":47064,"href":"https:\/\/www.soyecoturista.com\/asociacion\/wp-json\/wp\/v2\/posts\/47039\/revisions\/47064"}],"wp:featuredmedia":[{"embeddable":true,"href":"https:\/\/www.soyecoturista.com\/asociacion\/wp-json\/wp\/v2\/media\/47043"}],"wp:attachment":[{"href":"https:\/\/www.soyecoturista.com\/asociacion\/wp-json\/wp\/v2\/media?parent=47039"}],"wp:term":[{"taxonomy":"category","embeddable":true,"href":"https:\/\/www.soyecoturista.com\/asociacion\/wp-json\/wp\/v2\/categories?post=47039"},{"taxonomy":"post_tag","embeddable":true,"href":"https:\/\/www.soyecoturista.com\/asociacion\/wp-json\/wp\/v2\/tags?post=47039"}],"curies":[{"name":"wp","href":"https:\/\/api.w.org\/{rel}","templated":true}]}}