{"id":47025,"date":"2025-05-22T12:56:00","date_gmt":"2025-05-22T10:56:00","guid":{"rendered":"https:\/\/www.soyecoturista.com\/asociacion\/?p=47025"},"modified":"2025-06-05T13:53:47","modified_gmt":"2025-06-05T11:53:47","slug":"seis-operadores-turisticos-internacionales-visitan-montseny","status":"publish","type":"post","link":"https:\/\/www.soyecoturista.com\/asociacion\/seis-operadores-turisticos-internacionales-visitan-montseny\/","title":{"rendered":"Seis operadores tur\u00edsticos internacionales visitan el Parque Natural del Montseny"},"content":{"rendered":"\n<h3 class=\"wp-block-heading\">Del 20 al 22 de mayo, seis operadores tur\u00edsticos internacionales especializados en ecoturismo visitaron el Parque Natural del Montseny en un fam trip organizado por Turisme Montseny en el marco del plan de acci\u00f3n anual de colaboraci\u00f3n entre la Asociaci\u00f3n de Ecoturismo en Espa\u00f1a y Turespa\u00f1a.<\/h3>\n\n\n\n<p>Los participantes, procedentes del Reino Unido, Pa\u00edses Bajos, Alemania e Italia, han conocido de primera mano los atractivos naturales, culturales y gastron\u00f3micos del Montseny, con el objetivo de posicionar este destino como un referente de ecoturismo de calidad a nivel internacional.<\/p>\n\n\n\n<p>Durante tres d\u00edas, los participantes han vivido<strong> experiencias de ecoturismo inmersivas arraigadas al territorio de la mano de empresas acreditadas con la Carta Europea de Turismo Sostenible<\/strong> (CETS), como la elaboraci\u00f3n artesanal de rataf\u00eda o el descubrimiento de leyendas de mujeres de agua y bandoleros que forman parte del imaginario colectivo local. Tambi\u00e9n han recorrido espacios emblem\u00e1ticos como el Roc Perer y Les Agudes, dos enclaves ic\u00f3nicos del Parque Natural.<\/p>\n\n\n\n<p>La gastronom\u00eda local ha sido uno de los ejes del programa, destacando la cocina de proximidad y los productos aut\u00f3ctonos como parte fundamental de la experiencia tur\u00edstica.<\/p>\n\n\n\n<p>Este viaje ha permitido mostrar un <strong>ejemplo real de la oferta de ecoturismo certificada del club de producto Ecoturismo en Espa\u00f1a bajo su marca Soy Ecoturista<\/strong>, explicando que cumple criterios de sostenibilidad y contribuyen a la conservaci\u00f3n de la naturaleza y al desarrollo local.&nbsp;<\/p>\n\n\n\n<p>El fam trip se ha desarrollado bajo el marco del proyecto \u201c6 Sentidos. Camino del Montseny\u201d, una propuesta de senderismo vivencial que conecta varios tramos del Montseny mediante seis itinerarios interpretativos que estimulan los sentidos y ofrecen una experiencia transformadora. A trav\u00e9s de esta iniciativa, se pretende atraer a un p\u00fablico internacional interesado en el ecoturismo, y al mismo tiempo fomentar la desestacionalizaci\u00f3n y descentralizaci\u00f3n del turismo en el Montseny, aliviando la presi\u00f3n sobre las zonas m\u00e1s frecuentadas.<\/p>\n\n\n\n<p>Esta actuaci\u00f3n ha sido posible gracias a la colaboraci\u00f3n de la Fundaci\u00f3n Vincles y el apoyo institucional de las Diputaciones de Girona y Barcelona, y se enmarca en la estrategia de Turismo Montseny para impulsar el ecoturismo como producto tur\u00edstico diferenciador, as\u00ed como un modelo tur\u00edstico sostenible aut\u00e9ntico y alineado con los valores del territorio, que genere beneficios tanto para la comunidad local como para los visitantes.<\/p>\n\n\n\n<h3 class=\"wp-block-heading\"><strong>Montseny, destino adherido a Soy Ecoturista<\/strong><\/h3>\n\n\n\n<p><strong>Desde 2024, el Parque Natural del Montseny y 8 empresas tur\u00edsticas forman parte de Soy Ecoturista al estar acreditados con la CETS, que otorga la Federaci\u00f3n EUROPARC.<\/strong><\/p>\n\n\n\n<p>Turisme Montseny asume las funciones de ente gestor local en el destino para dinamizar y trabajar en colaboraci\u00f3n con las empresas tur\u00edsticas para impulsar el producto Ecoturismo en Espa\u00f1a en el territorio. <\/p>\n\n\n\n<figure class=\"wp-block-gallery has-nested-images columns-default is-cropped wp-block-gallery-1 is-layout-flex wp-block-gallery-is-layout-flex\">\n<figure class=\"wp-block-image size-large\"><img loading=\"lazy\" decoding=\"async\" width=\"1024\" height=\"768\" data-id=\"47029\" src=\"https:\/\/www.soyecoturista.com\/asociacion\/wp-content\/uploads\/2025\/06\/FamTrip_Ecoturismo_Montseny_18-1024x768.jpeg\" alt=\"\" class=\"wp-image-47029\" srcset=\"https:\/\/www.soyecoturista.com\/asociacion\/wp-content\/uploads\/2025\/06\/FamTrip_Ecoturismo_Montseny_18-1024x768.jpeg 1024w, https:\/\/www.soyecoturista.com\/asociacion\/wp-content\/uploads\/2025\/06\/FamTrip_Ecoturismo_Montseny_18-300x225.jpeg 300w, https:\/\/www.soyecoturista.com\/asociacion\/wp-content\/uploads\/2025\/06\/FamTrip_Ecoturismo_Montseny_18-768x576.jpeg 768w, https:\/\/www.soyecoturista.com\/asociacion\/wp-content\/uploads\/2025\/06\/FamTrip_Ecoturismo_Montseny_18-1536x1152.jpeg 1536w, https:\/\/www.soyecoturista.com\/asociacion\/wp-content\/uploads\/2025\/06\/FamTrip_Ecoturismo_Montseny_18.jpeg 2040w\" sizes=\"auto, (max-width: 1024px) 100vw, 1024px\" \/><\/figure>\n\n\n\n<figure class=\"wp-block-image size-large\"><img loading=\"lazy\" decoding=\"async\" width=\"1024\" height=\"768\" data-id=\"47032\" src=\"https:\/\/www.soyecoturista.com\/asociacion\/wp-content\/uploads\/2025\/06\/FamTrip_Ecoturismo_Montseny_16-1024x768.jpeg\" alt=\"\" class=\"wp-image-47032\" srcset=\"https:\/\/www.soyecoturista.com\/asociacion\/wp-content\/uploads\/2025\/06\/FamTrip_Ecoturismo_Montseny_16-1024x768.jpeg 1024w, https:\/\/www.soyecoturista.com\/asociacion\/wp-content\/uploads\/2025\/06\/FamTrip_Ecoturismo_Montseny_16-300x225.jpeg 300w, https:\/\/www.soyecoturista.com\/asociacion\/wp-content\/uploads\/2025\/06\/FamTrip_Ecoturismo_Montseny_16-768x576.jpeg 768w, https:\/\/www.soyecoturista.com\/asociacion\/wp-content\/uploads\/2025\/06\/FamTrip_Ecoturismo_Montseny_16-1536x1152.jpeg 1536w, https:\/\/www.soyecoturista.com\/asociacion\/wp-content\/uploads\/2025\/06\/FamTrip_Ecoturismo_Montseny_16.jpeg 1600w\" sizes=\"auto, (max-width: 1024px) 100vw, 1024px\" \/><\/figure>\n\n\n\n<figure class=\"wp-block-image size-large\"><img loading=\"lazy\" decoding=\"async\" width=\"1024\" height=\"768\" data-id=\"47030\" src=\"https:\/\/www.soyecoturista.com\/asociacion\/wp-content\/uploads\/2025\/06\/FamTrip_Ecoturismo_Montseny_15-1024x768.jpeg\" alt=\"\" class=\"wp-image-47030\" srcset=\"https:\/\/www.soyecoturista.com\/asociacion\/wp-content\/uploads\/2025\/06\/FamTrip_Ecoturismo_Montseny_15-1024x768.jpeg 1024w, https:\/\/www.soyecoturista.com\/asociacion\/wp-content\/uploads\/2025\/06\/FamTrip_Ecoturismo_Montseny_15-300x225.jpeg 300w, https:\/\/www.soyecoturista.com\/asociacion\/wp-content\/uploads\/2025\/06\/FamTrip_Ecoturismo_Montseny_15-768x576.jpeg 768w, https:\/\/www.soyecoturista.com\/asociacion\/wp-content\/uploads\/2025\/06\/FamTrip_Ecoturismo_Montseny_15-1536x1152.jpeg 1536w, https:\/\/www.soyecoturista.com\/asociacion\/wp-content\/uploads\/2025\/06\/FamTrip_Ecoturismo_Montseny_15.jpeg 1600w\" sizes=\"auto, (max-width: 1024px) 100vw, 1024px\" \/><\/figure>\n\n\n\n<figure class=\"wp-block-image size-large\"><img loading=\"lazy\" decoding=\"async\" width=\"1024\" height=\"768\" data-id=\"47031\" src=\"https:\/\/www.soyecoturista.com\/asociacion\/wp-content\/uploads\/2025\/06\/FamTrip_Ecoturismo_Montseny_17-1024x768.jpeg\" alt=\"\" class=\"wp-image-47031\" srcset=\"https:\/\/www.soyecoturista.com\/asociacion\/wp-content\/uploads\/2025\/06\/FamTrip_Ecoturismo_Montseny_17-1024x768.jpeg 1024w, https:\/\/www.soyecoturista.com\/asociacion\/wp-content\/uploads\/2025\/06\/FamTrip_Ecoturismo_Montseny_17-300x225.jpeg 300w, https:\/\/www.soyecoturista.com\/asociacion\/wp-content\/uploads\/2025\/06\/FamTrip_Ecoturismo_Montseny_17-768x576.jpeg 768w, https:\/\/www.soyecoturista.com\/asociacion\/wp-content\/uploads\/2025\/06\/FamTrip_Ecoturismo_Montseny_17-1536x1152.jpeg 1536w, https:\/\/www.soyecoturista.com\/asociacion\/wp-content\/uploads\/2025\/06\/FamTrip_Ecoturismo_Montseny_17.jpeg 1600w\" sizes=\"auto, (max-width: 1024px) 100vw, 1024px\" \/><\/figure>\n\n\n\n<figure class=\"wp-block-image size-large\"><img loading=\"lazy\" decoding=\"async\" width=\"1024\" height=\"768\" data-id=\"47028\" src=\"https:\/\/www.soyecoturista.com\/asociacion\/wp-content\/uploads\/2025\/06\/FamTrip_Ecoturismo_Montseny_19-1024x768.jpeg\" alt=\"\" class=\"wp-image-47028\" srcset=\"https:\/\/www.soyecoturista.com\/asociacion\/wp-content\/uploads\/2025\/06\/FamTrip_Ecoturismo_Montseny_19-1024x768.jpeg 1024w, https:\/\/www.soyecoturista.com\/asociacion\/wp-content\/uploads\/2025\/06\/FamTrip_Ecoturismo_Montseny_19-300x225.jpeg 300w, https:\/\/www.soyecoturista.com\/asociacion\/wp-content\/uploads\/2025\/06\/FamTrip_Ecoturismo_Montseny_19-768x576.jpeg 768w, https:\/\/www.soyecoturista.com\/asociacion\/wp-content\/uploads\/2025\/06\/FamTrip_Ecoturismo_Montseny_19-1536x1152.jpeg 1536w, https:\/\/www.soyecoturista.com\/asociacion\/wp-content\/uploads\/2025\/06\/FamTrip_Ecoturismo_Montseny_19.jpeg 2040w\" sizes=\"auto, (max-width: 1024px) 100vw, 1024px\" \/><\/figure>\n<\/figure>\n\n\n\n<hr class=\"wp-block-separator has-alpha-channel-opacity\"\/>\n\n\n\n<p><strong>Sobre la Asociaci\u00f3n de Ecoturismo en Espa\u00f1a<\/strong><\/p>\n\n\n\n<p>La&nbsp;<a href=\"https:\/\/www.soyecoturista.com\/asociacion\/\" target=\"_blank\" rel=\"noreferrer noopener\">Asociaci\u00f3n de Ecoturismo en Espa\u00f1a<\/a>&nbsp;(AEE) es una asociaci\u00f3n sin \u00e1nimo de lucro y de car\u00e1cter p\u00fablico-privado creada en 2010 para fomentar el ecoturismo en los espacios protegidos y compuesta principalmente por asociaciones de empresarios de turismo ubicadas en espacios naturales, entidades gestoras de espacios protegidos, administraciones p\u00fablicas implicadas en la gesti\u00f3n tur\u00edstica de \u00e9stos, grupos de desarrollo rural, entidades de conservaci\u00f3n de la naturaleza, universidades y empresas especializadas en turismo.<\/p>\n\n\n\n<p>La AEE es la entidad que gestiona el club de producto Ecoturismo en Espa\u00f1a, con apoyo de la Secretar\u00eda de Estado de Turismo. Es una iniciativa pionera que ofrece experiencias de ecoturismo en espacios naturales protegidos, garantizando al viajero su contribuci\u00f3n al desarrollo local y a la conservaci\u00f3n de la biodiversidad. Actualmente agrupa 51 destinos y m\u00e1s de 800 empresas que, bajo la marca&nbsp;<a href=\"http:\/\/www.soyecoturista.com\/\" target=\"_blank\" rel=\"noreferrer noopener\">Soy Ecoturista<\/a>, asumen su compromiso con el desarrollo sostenible.<\/p>\n","protected":false},"excerpt":{"rendered":"<p>Del 20 al 22 de mayo, seis operadores tur\u00edsticos internacionales especializados en ecoturismo visitaron el Parque Natural del Montseny en un fam trip organizado por Turisme Montseny en el marco [&hellip;]<\/p>\n","protected":false},"author":2,"featured_media":47028,"comment_status":"closed","ping_status":"closed","sticky":false,"template":"","format":"standard","meta":{"_acf_changed":false,"footnotes":""},"categories":[4],"tags":[39,11,99,921,36],"class_list":["post-47025","post","type-post","status-publish","format-standard","has-post-thumbnail","hentry","category-noticias","tag-soyecoturista","tag-ecoturismo","tag-espacios-naturales","tag-montseny","tag-turespana"],"acf":[],"_links":{"self":[{"href":"https:\/\/www.soyecoturista.com\/asociacion\/wp-json\/wp\/v2\/posts\/47025","targetHints":{"allow":["GET"]}}],"collection":[{"href":"https:\/\/www.soyecoturista.com\/asociacion\/wp-json\/wp\/v2\/posts"}],"about":[{"href":"https:\/\/www.soyecoturista.com\/asociacion\/wp-json\/wp\/v2\/types\/post"}],"author":[{"embeddable":true,"href":"https:\/\/www.soyecoturista.com\/asociacion\/wp-json\/wp\/v2\/users\/2"}],"replies":[{"embeddable":true,"href":"https:\/\/www.soyecoturista.com\/asociacion\/wp-json\/wp\/v2\/comments?post=47025"}],"version-history":[{"count":7,"href":"https:\/\/www.soyecoturista.com\/asociacion\/wp-json\/wp\/v2\/posts\/47025\/revisions"}],"predecessor-version":[{"id":47038,"href":"https:\/\/www.soyecoturista.com\/asociacion\/wp-json\/wp\/v2\/posts\/47025\/revisions\/47038"}],"wp:featuredmedia":[{"embeddable":true,"href":"https:\/\/www.soyecoturista.com\/asociacion\/wp-json\/wp\/v2\/media\/47028"}],"wp:attachment":[{"href":"https:\/\/www.soyecoturista.com\/asociacion\/wp-json\/wp\/v2\/media?parent=47025"}],"wp:term":[{"taxonomy":"category","embeddable":true,"href":"https:\/\/www.soyecoturista.com\/asociacion\/wp-json\/wp\/v2\/categories?post=47025"},{"taxonomy":"post_tag","embeddable":true,"href":"https:\/\/www.soyecoturista.com\/asociacion\/wp-json\/wp\/v2\/tags?post=47025"}],"curies":[{"name":"wp","href":"https:\/\/api.w.org\/{rel}","templated":true}]}}