{"id":47013,"date":"2025-05-21T10:12:00","date_gmt":"2025-05-21T08:12:00","guid":{"rendered":"https:\/\/www.soyecoturista.com\/asociacion\/?p=47013"},"modified":"2025-06-03T10:40:09","modified_gmt":"2025-06-03T08:40:09","slug":"once-empresas-ancares-inician-adhesion-a-soy-ecoturista","status":"publish","type":"post","link":"https:\/\/www.soyecoturista.com\/asociacion\/once-empresas-ancares-inician-adhesion-a-soy-ecoturista\/","title":{"rendered":"Once empresas del Xeodestino Ancares e Terras do Buron inician el proceso de adhesi\u00f3n a Soy Ecoturista"},"content":{"rendered":"\n<p>El proceso se inici\u00f3 en marzo de este a\u00f1o, cuando las empresas ubicadas en el territorio del Grupo de Desarrollo Rural (GDR) Montes e Vales Orientais, coincidente con el Xeodestino Ancares e Terras do Buron, tuvieron la oportunidad de participar en una jornada informativa sobre el proceso y requisitos de adhesi\u00f3n al club de producto Ecoturismo en Espa\u00f1a y su marca Soy Ecoturista.<\/p>\n\n\n\n<p>Un total de <strong>11 empresas manifestaron inter\u00e9s en participar<\/strong>, entre las cuales se incluyen seis empresas agroalimentarias, tres alojamientos, un restaurante y un ecomuseo: <a href=\"http:\/\/www.elpaisdelabeyeiro.com\" target=\"_blank\" rel=\"noreferrer noopener\">Miel Outurelos &#8211; Ecomuseo del Pa\u00eds del Abeyeiro<\/a>, Miel Toxalriba, <a href=\"http:\/\/www.casaprincipe.com\" target=\"_blank\" rel=\"noreferrer noopener\">Mel Casa Principe<\/a>, <a href=\"http:\/\/www.osabordosancares.com\" target=\"_blank\" rel=\"noreferrer noopener\">A Carqueixa<\/a>, <a href=\"http:\/\/Www.adegasidron.es\" target=\"_blank\" rel=\"noreferrer noopener\">Bodega Adega Sidron<\/a>, <a href=\"https:\/\/alberguecasacuartel.com\/\" target=\"_blank\" rel=\"noreferrer noopener\">Casa Cuartel<\/a>, <a href=\"http:\/\/casaquinones.com\" target=\"_blank\" rel=\"noreferrer noopener\">Casa Qui\u00f1ones<\/a>, Casa Grande de L\u00e1ncara, <a href=\"https:\/\/adegasidron.es\/\" target=\"_blank\" rel=\"noreferrer noopener\">Restaurante Casa Sidron<\/a> y el <a href=\"https:\/\/pallozamuseocasadosesto.com\/\" target=\"_blank\" rel=\"noreferrer noopener\">Ecomuseo Palloza Museo do Sesto<\/a>.<\/p>\n\n\n\n<p><strong>Todas ellas se ubican en alguno de las tres Reservas de Biosfera que alberga el territorio<\/strong> &#8211; Os Ancares Lucenses, Montes de Cervantes, Navia e Becerre\u00e1, Terras do Mi\u00f1o y R\u00edo Eo, Oscos e Terras do Bur\u00f3n- y<strong> se sumar\u00e1n a las cinco empresas que, desde 2024, ya forman parte de Soy Ecoturista<\/strong> al haber tenido la oportunidad de acreditarse en el marco del proyecto Corredor de Ecoturismo de la Espa\u00f1a Verde, impulsado por las 4 CCAA de la Espa\u00f1a Verde -Galicia, Asturias, Euskadi y Cantabria-.<\/p>\n\n\n\n<p>Gracias a este proyecto, las empresas seleccionadas para configurar el producto Ecoturismo en el territorio GDR Montes e Vales Orientais participan en un proceso de asesoramiento individualizado y acreditaci\u00f3n en ecoturismo, que consistir\u00e1 en un <strong>acompa\u00f1amiento ad hoc para mejorar la sostenibilidad y calidad de sus servicios y de la oferta ecotur\u00edstica del destino<\/strong>, bas\u00e1ndose en la colaboraci\u00f3n de las empresas con los gestores de los espacios protegidos al adquirir un alto compromiso con el territorio y su conservaci\u00f3n.<\/p>\n\n\n\n<p>Entre los d\u00edas 12 y 15 de mayo se llevaron a cabo las visitas presenciales de asesoramiento a cada una de las empresas. Estas visitas sirven para orientar a los empresarios\/as sobre el cumplimiento de los requisitos que inicialmente no cumplan, asesorar en la aplicaci\u00f3n de medidas de mejora de la calidad, gesti\u00f3n ambiental y contribuci\u00f3n a la conservaci\u00f3n y al desarrollo local, y para verificar el cumplimiento de los requisitos mediante la recopilaci\u00f3n de documentos probatorios. Adem\u00e1s, las empresas se comprometen de igual forma a <strong>colaborar en acciones de conservaci\u00f3n de la biodiversidad en el territorio, aspecto clave en el ecoturismo,<\/strong> y apoyar las actividades econ\u00f3micas tradicionales y artesanales de las zonas donde realizan su actividad, fomentando la protecci\u00f3n del espacio natural protegido y creando sinergias que ayuden a proteger la biodiversidad ecol\u00f3gica y cultural.<\/p>\n\n\n\n<p>Esta iniciativa, impulsada por la Asociaci\u00f3n Montes e Vales Orientais, entidad que gestiona el GDR Montes e Vales Orientais, tiene como objetivo principal <strong>poner en valor el patrimonio natural, material e inmaterial del territorio GDR Montes e Vales Orientais, y en particular de las Reservas de Biosfera del destino <\/strong>para fortalecer la identidad del territorio.<\/p>\n\n\n\n<p>Para ello, se cuenta con la colaboraci\u00f3n de la Diputaci\u00f3n de Lugo, entidad que gestiona las Reserva de Biosfera Os Ancares Lucenses e Montes de Cervantes, Navia y Becerre\u00e1, y la de Terras do Mi\u00f1o, as\u00ed como de la Xunta de Galicia, entidad gestora de la Reserva de Biosfera R\u00edo Eo, Oscos e Terras do Buron. compartida con el Principado de Asturias.<\/p>\n\n\n\n<figure class=\"wp-block-gallery has-nested-images columns-default is-cropped wp-block-gallery-1 is-layout-flex wp-block-gallery-is-layout-flex\">\n<figure class=\"wp-block-image size-large\"><img loading=\"lazy\" decoding=\"async\" width=\"1024\" height=\"683\" data-id=\"47021\" src=\"https:\/\/www.soyecoturista.com\/asociacion\/wp-content\/uploads\/2025\/05\/4-1024x683.jpg\" alt=\"\" class=\"wp-image-47021\" srcset=\"https:\/\/www.soyecoturista.com\/asociacion\/wp-content\/uploads\/2025\/05\/4-1024x683.jpg 1024w, https:\/\/www.soyecoturista.com\/asociacion\/wp-content\/uploads\/2025\/05\/4-300x200.jpg 300w, https:\/\/www.soyecoturista.com\/asociacion\/wp-content\/uploads\/2025\/05\/4-768x512.jpg 768w, https:\/\/www.soyecoturista.com\/asociacion\/wp-content\/uploads\/2025\/05\/4-1536x1024.jpg 1536w, https:\/\/www.soyecoturista.com\/asociacion\/wp-content\/uploads\/2025\/05\/4-2048x1365.jpg 2048w\" sizes=\"auto, (max-width: 1024px) 100vw, 1024px\" \/><\/figure>\n\n\n\n<figure class=\"wp-block-image size-large\"><img loading=\"lazy\" decoding=\"async\" width=\"1024\" height=\"683\" data-id=\"47022\" src=\"https:\/\/www.soyecoturista.com\/asociacion\/wp-content\/uploads\/2025\/05\/6-2-1024x683.jpg\" alt=\"\" class=\"wp-image-47022\" srcset=\"https:\/\/www.soyecoturista.com\/asociacion\/wp-content\/uploads\/2025\/05\/6-2-1024x683.jpg 1024w, https:\/\/www.soyecoturista.com\/asociacion\/wp-content\/uploads\/2025\/05\/6-2-300x200.jpg 300w, https:\/\/www.soyecoturista.com\/asociacion\/wp-content\/uploads\/2025\/05\/6-2-768x512.jpg 768w, https:\/\/www.soyecoturista.com\/asociacion\/wp-content\/uploads\/2025\/05\/6-2-1536x1024.jpg 1536w, https:\/\/www.soyecoturista.com\/asociacion\/wp-content\/uploads\/2025\/05\/6-2-2048x1365.jpg 2048w\" sizes=\"auto, (max-width: 1024px) 100vw, 1024px\" \/><\/figure>\n\n\n\n<figure class=\"wp-block-image size-large\"><img loading=\"lazy\" decoding=\"async\" width=\"1024\" height=\"683\" data-id=\"47023\" src=\"https:\/\/www.soyecoturista.com\/asociacion\/wp-content\/uploads\/2025\/05\/DESTACADA-2-1024x683.jpg\" alt=\"\" class=\"wp-image-47023\" srcset=\"https:\/\/www.soyecoturista.com\/asociacion\/wp-content\/uploads\/2025\/05\/DESTACADA-2-1024x683.jpg 1024w, https:\/\/www.soyecoturista.com\/asociacion\/wp-content\/uploads\/2025\/05\/DESTACADA-2-300x200.jpg 300w, https:\/\/www.soyecoturista.com\/asociacion\/wp-content\/uploads\/2025\/05\/DESTACADA-2-768x512.jpg 768w, https:\/\/www.soyecoturista.com\/asociacion\/wp-content\/uploads\/2025\/05\/DESTACADA-2-1536x1024.jpg 1536w, https:\/\/www.soyecoturista.com\/asociacion\/wp-content\/uploads\/2025\/05\/DESTACADA-2-2048x1365.jpg 2048w\" sizes=\"auto, (max-width: 1024px) 100vw, 1024px\" \/><\/figure>\n<\/figure>\n\n\n\n<hr class=\"wp-block-separator has-alpha-channel-opacity\"\/>\n\n\n\n<p><strong>Sobre la Asociaci\u00f3n de Ecoturismo en Espa\u00f1a<\/strong><\/p>\n\n\n\n<p>La&nbsp;<a href=\"https:\/\/www.soyecoturista.com\/asociacion\/\" target=\"_blank\" rel=\"noreferrer noopener\">Asociaci\u00f3n de Ecoturismo en Espa\u00f1a<\/a>&nbsp;(AEE) es una asociaci\u00f3n sin \u00e1nimo de lucro y de car\u00e1cter p\u00fablico-privado creada en 2010 para fomentar el ecoturismo en los espacios protegidos y compuesta principalmente por asociaciones de empresarios de turismo ubicadas en espacios naturales, entidades gestoras de espacios protegidos, administraciones p\u00fablicas implicadas en la gesti\u00f3n tur\u00edstica de \u00e9stos, grupos de desarrollo rural, entidades de conservaci\u00f3n de la naturaleza, universidades y empresas especializadas en turismo.<\/p>\n\n\n\n<p>La AEE es la entidad que gestiona el club de producto Ecoturismo en Espa\u00f1a, con apoyo de la Secretar\u00eda de Estado de Turismo. Es una iniciativa pionera que ofrece experiencias de ecoturismo en espacios naturales protegidos, garantizando al viajero su contribuci\u00f3n al desarrollo local y a la conservaci\u00f3n de la biodiversidad. Actualmente agrupa 51 destinos y m\u00e1s de 800 empresas que, bajo la marca&nbsp;<a href=\"http:\/\/www.soyecoturista.com\/\" target=\"_blank\" rel=\"noreferrer noopener\">Soy Ecoturista<\/a>, asumen su compromiso con el desarrollo sostenible.<\/p>\n","protected":false},"excerpt":{"rendered":"<p>El proceso se inici\u00f3 en marzo de este a\u00f1o, cuando las empresas ubicadas en el territorio del Grupo de Desarrollo Rural (GDR) Montes e Vales Orientais, coincidente con el Xeodestino [&hellip;]<\/p>\n","protected":false},"author":2,"featured_media":47015,"comment_status":"closed","ping_status":"closed","sticky":false,"template":"","format":"standard","meta":{"_acf_changed":false,"footnotes":""},"categories":[4],"tags":[39,1307,11,99,1002],"class_list":["post-47013","post","type-post","status-publish","format-standard","has-post-thumbnail","hentry","category-noticias","tag-soyecoturista","tag-ancares-terras-do-buron","tag-ecoturismo","tag-espacios-naturales","tag-galicia"],"acf":[],"_links":{"self":[{"href":"https:\/\/www.soyecoturista.com\/asociacion\/wp-json\/wp\/v2\/posts\/47013","targetHints":{"allow":["GET"]}}],"collection":[{"href":"https:\/\/www.soyecoturista.com\/asociacion\/wp-json\/wp\/v2\/posts"}],"about":[{"href":"https:\/\/www.soyecoturista.com\/asociacion\/wp-json\/wp\/v2\/types\/post"}],"author":[{"embeddable":true,"href":"https:\/\/www.soyecoturista.com\/asociacion\/wp-json\/wp\/v2\/users\/2"}],"replies":[{"embeddable":true,"href":"https:\/\/www.soyecoturista.com\/asociacion\/wp-json\/wp\/v2\/comments?post=47013"}],"version-history":[{"count":3,"href":"https:\/\/www.soyecoturista.com\/asociacion\/wp-json\/wp\/v2\/posts\/47013\/revisions"}],"predecessor-version":[{"id":47024,"href":"https:\/\/www.soyecoturista.com\/asociacion\/wp-json\/wp\/v2\/posts\/47013\/revisions\/47024"}],"wp:featuredmedia":[{"embeddable":true,"href":"https:\/\/www.soyecoturista.com\/asociacion\/wp-json\/wp\/v2\/media\/47015"}],"wp:attachment":[{"href":"https:\/\/www.soyecoturista.com\/asociacion\/wp-json\/wp\/v2\/media?parent=47013"}],"wp:term":[{"taxonomy":"category","embeddable":true,"href":"https:\/\/www.soyecoturista.com\/asociacion\/wp-json\/wp\/v2\/categories?post=47013"},{"taxonomy":"post_tag","embeddable":true,"href":"https:\/\/www.soyecoturista.com\/asociacion\/wp-json\/wp\/v2\/tags?post=47013"}],"curies":[{"name":"wp","href":"https:\/\/api.w.org\/{rel}","templated":true}]}}