{"id":47001,"date":"2025-05-29T13:51:00","date_gmt":"2025-05-29T11:51:00","guid":{"rendered":"https:\/\/www.soyecoturista.com\/asociacion\/?p=47001"},"modified":"2025-05-30T13:52:13","modified_gmt":"2025-05-30T11:52:13","slug":"presentacion-reserva-ecoturista-espana-verde","status":"publish","type":"post","link":"https:\/\/www.soyecoturista.com\/asociacion\/presentacion-reserva-ecoturista-espana-verde\/","title":{"rendered":"Asturias, Cantabria, Euskadi y Galicia presentan oficialmente su nuevo producto tur\u00edstico &#8220;Reserva Ecoturista&#8221;, de la Espa\u00f1a Verde"},"content":{"rendered":"\n<p class=\"wp-block-paragraph\">El 28 de mayo, el Museo Casa de la Moneda de Madrid fue escenario de la presentaci\u00f3n oficial del nuevo <strong>producto tur\u00edstico \u201cReserva Ecoturista\u201d, impulsado por la marca Espa\u00f1a Verde,<\/strong> que agrupa a las comunidades aut\u00f3nomas de Asturias, Cantabria, Galicia y Pa\u00eds Vasco, para posicionar el p<strong>rimer corredor de ecoturismo de Espa\u00f1a y uno de los m\u00e1s destacados a nivel europeo, al conectar 25 espacios naturales protegidos de la cornisa cant\u00e1brica.<\/strong><\/p>\n\n\n\n<p class=\"wp-block-paragraph\">El acto, que reuni\u00f3 a m\u00e1s de un centenar de asistentes, fue inaugurado por Ana Mu\u00f1oz, directora general de Pol\u00edticas Tur\u00edsticas de la Secretar\u00eda de Estado de Turismo. Tambi\u00e9n participaron Lara Mart\u00ednez, viceconsejera de Turismo del Principado de Asturias; Jakes Agirrezabal, viceconsejero de Turismo y Comercio de Euskadi; Mar\u00eda Saiz, directora general de Turismo y Hosteler\u00eda de Cantabria; Jos\u00e9 Manuel Merelles, director de la Axencia de Turismo de Galicia; y Miguel Sanz, director general de Turespa\u00f1a.<\/p>\n\n\n\n<p class=\"wp-block-paragraph\">La \u201cReserva Ecoturista\u201d es el resultado de casi dos a\u00f1os de trabajo en el marco del <strong>proyecto Corredor de Ecoturismo de la Espa\u00f1a Verde<\/strong>, liderado por el Principado de Asturias y financiado con fondos europeos Next Generation, a trav\u00e9s del programa Experiencias de Turismo de Espa\u00f1a de la Secretar\u00eda de Estado de Turismo. Esta ambiciosa iniciativa naci\u00f3 con el objetivo de <strong>crear una potente red de experiencias y servicios de ecoturismo<\/strong> y de\u00a0consolidar la cornisa cant\u00e1brica como un destino internacional de \u201cslow travel\u201d, promoviendo una forma de viajar m\u00e1s consciente, sostenible y conectada con el entorno natural.<\/p>\n\n\n\n<p class=\"wp-block-paragraph\">Este nuevo producto tur\u00edstico arranca con casi <strong>120 experiencias de aut\u00e9ntico ecoturismo<\/strong>, que incluyen observaci\u00f3n de flora y fauna salvaje, birdwatching, rutas micol\u00f3gicas, ecoturismo cient\u00edfico, astroturismo, apiturismo o talleres con productos locales para recorrer y conocer el patrimonio natural y cultural de los 25 espacios naturales protegidos de la Reserva Ecoturista. Todas las experiencias est\u00e1n disponibles en la p\u00e1gina web de la <a href=\"https:\/\/ingreenspain.es\/reserva-ecoturista\/\" target=\"_blank\" rel=\"noreferrer noopener\">Espa\u00f1a Verde<\/a> y en el <a href=\"https:\/\/soyecoturista.com\/es\/espana-verde\" target=\"_blank\" rel=\"noreferrer noopener\">portal de comercializaci\u00f3n de Soy Ecoturista<\/a>.\u00a0<\/p>\n\n\n\n<div class=\"wp-block-buttons is-layout-flex wp-block-buttons-is-layout-flex\">\n<div class=\"wp-block-button\"><a class=\"wp-block-button__link has-text-align-center wp-element-button\" href=\"https:\/\/ingreenspain.es\/reserva-ecoturista\/\" target=\"_blank\" rel=\"noreferrer noopener\">RESERVA ECOTURISTA DE LA ESPA\u00d1A VERDE<\/a><\/div>\n<\/div>\n\n\n\n<p class=\"wp-block-paragraph\"><strong>Estas actividades han sido dise\u00f1adas por peque\u00f1as y medianas empresas tur\u00edsticas situadas dentro de los espacios protegidos participantes<\/strong>. Todas cumplen criterios de sostenibilidad ambiental, apoyo a la conservaci\u00f3n de la biodiversidad y compromiso con el desarrollo local.<\/p>\n\n\n\n<p class=\"wp-block-paragraph\"><strong>Del total de 330 empresas implicadas en el proyecto, 233 ya formaban parte del club de producto Ecoturismo en Espa\u00f1a y su marca Soy Ecoturista,<\/strong> lo que refuerza la credibilidad y aporta valor a\u00f1adido al producto.<\/p>\n\n\n\n<p class=\"wp-block-paragraph\">Durante su intervenci\u00f3n, La viceconsejera de Turismo del Principado de Asturias, Lara Mart\u00ednez, destac\u00f3 que \u201clas comunidades de la Espa\u00f1a Verde no solo compartimos un patrimonio natural excepcional, sino tambi\u00e9n una misma visi\u00f3n del turismo: m\u00e1s sostenible para nuestros recursos y nuestras gentes. \u201cEl objetivo final de este proyecto es fomentar una forma de viajar m\u00e1s pausada, m\u00e1s respetuosa, con menos emisiones y m\u00e1s inmersiva, que sirva para fortalecer la econom\u00eda rural desestacionalizando la actividad de los verdaderos protagonistas del proyecto: los agentes locales\u201d,<\/p>\n\n\n\n<p class=\"wp-block-paragraph\">Otro de los objetivos es impulsar la promoci\u00f3n y comercializaci\u00f3n de experiencias de ecoturismo en destino a trav\u00e9s de paquetes de viaje comercializados por la red B2B de agencias y receptivos locales y operadores internacionales, de mayor duraci\u00f3n, con menos emisiones y con una oferta de servicios y experiencias de ecoturismo repartidas entre las cuatro comunidades aut\u00f3nomas participantes, a trav\u00e9s de recorridos independientes o que vayan enlazando distintos espacios naturales.<\/p>\n\n\n\n<p class=\"wp-block-paragraph\">Por su parte, Miguel Sanz, director general de Turespa\u00f1a, se\u00f1al\u00f3 que este tipo de turismo es una herramienta a disposici\u00f3n de las sociedades locales para generar empleo, riqueza, bienestar y tambi\u00e9n preservar la cultura, los recursos naturales y la identidad de los territorios\u201d.<\/p>\n\n\n\n<figure class=\"wp-block-gallery has-nested-images columns-default is-cropped wp-block-gallery-1 is-layout-flex wp-block-gallery-is-layout-flex\">\n<figure class=\"wp-block-image size-large\"><img loading=\"lazy\" decoding=\"async\" width=\"1024\" height=\"768\" data-id=\"47004\" src=\"https:\/\/www.soyecoturista.com\/asociacion\/wp-content\/uploads\/2025\/05\/6-1024x768.jpg\" alt=\"\" class=\"wp-image-47004\" srcset=\"https:\/\/www.soyecoturista.com\/asociacion\/wp-content\/uploads\/2025\/05\/6-1024x768.jpg 1024w, https:\/\/www.soyecoturista.com\/asociacion\/wp-content\/uploads\/2025\/05\/6-300x225.jpg 300w, https:\/\/www.soyecoturista.com\/asociacion\/wp-content\/uploads\/2025\/05\/6-768x576.jpg 768w, https:\/\/www.soyecoturista.com\/asociacion\/wp-content\/uploads\/2025\/05\/6-1536x1152.jpg 1536w, https:\/\/www.soyecoturista.com\/asociacion\/wp-content\/uploads\/2025\/05\/6.jpg 1600w\" sizes=\"auto, (max-width: 1024px) 100vw, 1024px\" \/><\/figure>\n<\/figure>\n\n\n\n<h3 class=\"wp-block-heading\"><strong>Experiencias de ecoturismo por comunidades aut\u00f3nomas<\/strong><\/h3>\n\n\n\n<p class=\"wp-block-paragraph\">El cat\u00e1logo de la Reserva Ecoturista de la Espa\u00f1a Verde recoge m\u00e1s de un centenar de experiencias dise\u00f1adas por peque\u00f1as empresas locales comprometidas con la sostenibilidad. Cada comunidad aut\u00f3noma participante aporta propuestas \u00fanicas, adaptadas a su entorno natural y cultural.<\/p>\n\n\n\n<p class=\"wp-block-paragraph\">De estas experiencias se habl\u00f3 en cuatro paneles de experiencias, en los que el equipo t\u00e9cnico de la Asociaci\u00f3n de Ecoturismo en Espa\u00f1a y Luis Frechilla, experto y consultor en el dise\u00f1o y paquetizaci\u00f3n de viajes de ecoturismo, presentaron algunas de las experiencias dise\u00f1adas en el marco de la Reserva Ecoturista. <\/p>\n\n\n\n<p class=\"wp-block-paragraph\">En <strong>Galicia<\/strong>, se han dise\u00f1ado <strong>32 experiencias<\/strong>, entre las que destacan las <strong>rutas de geoturismo y observaci\u00f3n de orqu\u00eddeas<\/strong> en el <strong>Xeoparque Mundial de la UNESCO Monta\u00f1as do Courel<\/strong>. Tambi\u00e9n se incluyen propuestas de <strong>ecoturismo cient\u00edfico<\/strong> en el <strong>Parque Nacional de las Islas Atl\u00e1nticas<\/strong>, actividades de <strong>astroturismo, observaci\u00f3n de fauna<\/strong> y experiencias vinculadas a los <strong>productos de proximidad<\/strong> en Mari\u00f1as Coru\u00f1esas, Os Ancares Lucenses, Ribeira Sacra y Oscos Eo.<\/p>\n\n\n\n<p class=\"wp-block-paragraph\"><strong>Asturias<\/strong>, con <strong>38 experiencias<\/strong>, ofrece una de las actividades estrella del proyecto: el <strong>seguimiento del quebrantahuesos<\/strong> en el <strong>Parque Nacional de los Picos de Europa<\/strong>. Completan la oferta propuestas centradas en la <strong>etnograf\u00eda<\/strong> y los <strong>productos agroalimentarios tradicionales<\/strong>, como <strong>talleres de elaboraci\u00f3n de sidra, lana y queso<\/strong>, as\u00ed como rutas de <strong>observaci\u00f3n de fauna<\/strong>, entre las que destaca el avistamiento de aves emblem\u00e1ticas y el <strong>oso pardo,<\/strong> en Villaviciosa, Oscos Eo y en los parques naturales y Reservas de la Biosfera de Fuentes del Narcea, Dega\u00f1a e Ibias, Redes, Ponga, Ubi\u00f1as-La Mesa.<\/p>\n\n\n\n<p class=\"wp-block-paragraph\">En <strong>Cantabria<\/strong>, se han incluido <strong>21 experiencias<\/strong>, entre ellas la visita al reciente <strong>Geoparque Costa Quebrada<\/strong>, donde se pueden leer en los acantilados <strong>m\u00e1s de 60 millones de a\u00f1os de historia geol\u00f3gica<\/strong>. El programa c\u00e1ntabro tambi\u00e9n ofrece <strong>observaci\u00f3n de aves<\/strong> en las <strong>Marismas de Santo\u00f1a<\/strong>, <strong>salidas en barco por la bah\u00eda de Santander<\/strong> para avistar al <strong>\u00e1guila pescadora<\/strong>, y actividades singulares como el <strong>apiturismo<\/strong>, talleres vinculados a la <strong>sidra<\/strong> y rutas para la <strong>observaci\u00f3n de mariposas<\/strong> en Li\u00e9bana, Valles Altos Nansa, Saja y Alto Campoo y la Monta\u00f1a Oriental.&nbsp;<\/p>\n\n\n\n<p class=\"wp-block-paragraph\">Por \u00faltimo, en el <strong>Pa\u00eds Vasco<\/strong> se han dise\u00f1ado <strong>27 experiencias<\/strong>, destacando las desarrolladas en la <strong>Reserva de la Biosfera de Urdaibai<\/strong> y el <strong>Geoparque de la Costa Vasca<\/strong>. La oferta se completa con actividades en los <strong>parques naturales de Gorbeia, Izki y Valderejo<\/strong> y en Salburua (Vitoria-Gasteiz), donde el visitante puede disfrutar de propuestas centradas en el <strong>bienestar en la naturaleza<\/strong>, la exploraci\u00f3n de <strong>bosques y aves<\/strong>, el <strong>geoturismo<\/strong> y el <strong>micoturismo<\/strong>, una actividad diferencial que combina naturaleza, ciencia y gastronom\u00eda.<\/p>\n\n\n\n<p class=\"wp-block-paragraph\">Estas experiencias representan una nueva forma de conocer la Espa\u00f1a Verde, basada en el respeto al entorno, la valorizaci\u00f3n del patrimonio local y el turismo de calidad, lejos de las aglomeraciones y conectando directamente con el territorio.<\/p>\n\n\n\n<h3 class=\"wp-block-heading\"><strong>Colaboraci\u00f3n p\u00fablico-privada<\/strong><\/h3>\n\n\n\n<p class=\"wp-block-paragraph\">Este proyecto de gobernanza p\u00fablico-privada ha contado con la participaci\u00f3n de casi 400 agentes: 330 pymes tur\u00edsticas en el medio rural, 55 entidades locales (ayuntamientos, grupos de acci\u00f3n local, gestores de espacios protegidos) y cinco administraciones p\u00fablicas (Turespa\u00f1a y las cuatro comunidades aut\u00f3nomas implicadas, coordinadas por Asturias),<\/p>\n\n\n\n<p class=\"wp-block-paragraph\">Espa\u00f1a Verde es la marca tur\u00edstica que agrupa a Galicia, Asturias, Cantabria y Euskadi con el objetivo de reforzar su presencia en el mercado internacional como destino de naturaleza, cultura y sostenibilidad. Suma 14 Reservas de la Biosfera, 25 parques naturales, casi 2.000 kil\u00f3metros de costa y 2.800 alojamientos rurales. Su riqueza ecol\u00f3gica y cultural convierte esta franja del norte peninsular en uno de los enclaves m\u00e1s atractivos de Europa para el ecoturismo.<\/p>\n\n\n\n<figure class=\"wp-block-gallery has-nested-images columns-default is-cropped wp-block-gallery-2 is-layout-flex wp-block-gallery-is-layout-flex\">\n<figure class=\"wp-block-image size-large\"><img loading=\"lazy\" decoding=\"async\" width=\"1024\" height=\"576\" data-id=\"47008\" src=\"https:\/\/www.soyecoturista.com\/asociacion\/wp-content\/uploads\/2025\/05\/WhatsApp-Image-2025-05-30-at-08.44.201-1024x576.jpeg\" alt=\"\" class=\"wp-image-47008\" srcset=\"https:\/\/www.soyecoturista.com\/asociacion\/wp-content\/uploads\/2025\/05\/WhatsApp-Image-2025-05-30-at-08.44.201-1024x576.jpeg 1024w, https:\/\/www.soyecoturista.com\/asociacion\/wp-content\/uploads\/2025\/05\/WhatsApp-Image-2025-05-30-at-08.44.201-300x169.jpeg 300w, https:\/\/www.soyecoturista.com\/asociacion\/wp-content\/uploads\/2025\/05\/WhatsApp-Image-2025-05-30-at-08.44.201-768x432.jpeg 768w, https:\/\/www.soyecoturista.com\/asociacion\/wp-content\/uploads\/2025\/05\/WhatsApp-Image-2025-05-30-at-08.44.201-1536x864.jpeg 1536w, https:\/\/www.soyecoturista.com\/asociacion\/wp-content\/uploads\/2025\/05\/WhatsApp-Image-2025-05-30-at-08.44.201.jpeg 1600w\" sizes=\"auto, (max-width: 1024px) 100vw, 1024px\" \/><\/figure>\n\n\n\n<figure class=\"wp-block-image size-large\"><img loading=\"lazy\" decoding=\"async\" width=\"1024\" height=\"576\" data-id=\"47011\" src=\"https:\/\/www.soyecoturista.com\/asociacion\/wp-content\/uploads\/2025\/05\/WhatsApp-Image-2025-05-30-at-08.44.213-1-1024x576.jpeg\" alt=\"\" class=\"wp-image-47011\" srcset=\"https:\/\/www.soyecoturista.com\/asociacion\/wp-content\/uploads\/2025\/05\/WhatsApp-Image-2025-05-30-at-08.44.213-1-1024x576.jpeg 1024w, https:\/\/www.soyecoturista.com\/asociacion\/wp-content\/uploads\/2025\/05\/WhatsApp-Image-2025-05-30-at-08.44.213-1-300x169.jpeg 300w, https:\/\/www.soyecoturista.com\/asociacion\/wp-content\/uploads\/2025\/05\/WhatsApp-Image-2025-05-30-at-08.44.213-1-768x432.jpeg 768w, https:\/\/www.soyecoturista.com\/asociacion\/wp-content\/uploads\/2025\/05\/WhatsApp-Image-2025-05-30-at-08.44.213-1-1536x864.jpeg 1536w, https:\/\/www.soyecoturista.com\/asociacion\/wp-content\/uploads\/2025\/05\/WhatsApp-Image-2025-05-30-at-08.44.213-1.jpeg 1600w\" sizes=\"auto, (max-width: 1024px) 100vw, 1024px\" \/><\/figure>\n\n\n\n<figure class=\"wp-block-image size-large\"><img loading=\"lazy\" decoding=\"async\" width=\"1024\" height=\"680\" data-id=\"47009\" src=\"https:\/\/www.soyecoturista.com\/asociacion\/wp-content\/uploads\/2025\/05\/WhatsApp-Image-2025-05-28-at-19.25.10-1-1024x680.jpeg\" alt=\"\" class=\"wp-image-47009\" srcset=\"https:\/\/www.soyecoturista.com\/asociacion\/wp-content\/uploads\/2025\/05\/WhatsApp-Image-2025-05-28-at-19.25.10-1-1024x680.jpeg 1024w, https:\/\/www.soyecoturista.com\/asociacion\/wp-content\/uploads\/2025\/05\/WhatsApp-Image-2025-05-28-at-19.25.10-1-300x199.jpeg 300w, https:\/\/www.soyecoturista.com\/asociacion\/wp-content\/uploads\/2025\/05\/WhatsApp-Image-2025-05-28-at-19.25.10-1-768x510.jpeg 768w, https:\/\/www.soyecoturista.com\/asociacion\/wp-content\/uploads\/2025\/05\/WhatsApp-Image-2025-05-28-at-19.25.10-1-1536x1021.jpeg 1536w, https:\/\/www.soyecoturista.com\/asociacion\/wp-content\/uploads\/2025\/05\/WhatsApp-Image-2025-05-28-at-19.25.10-1.jpeg 1946w\" sizes=\"auto, (max-width: 1024px) 100vw, 1024px\" \/><\/figure>\n\n\n\n<figure class=\"wp-block-image size-large\"><img loading=\"lazy\" decoding=\"async\" width=\"1024\" height=\"768\" data-id=\"47005\" src=\"https:\/\/www.soyecoturista.com\/asociacion\/wp-content\/uploads\/2025\/05\/3-1024x768.jpg\" alt=\"\" class=\"wp-image-47005\" srcset=\"https:\/\/www.soyecoturista.com\/asociacion\/wp-content\/uploads\/2025\/05\/3-1024x768.jpg 1024w, https:\/\/www.soyecoturista.com\/asociacion\/wp-content\/uploads\/2025\/05\/3-300x225.jpg 300w, https:\/\/www.soyecoturista.com\/asociacion\/wp-content\/uploads\/2025\/05\/3-768x576.jpg 768w, https:\/\/www.soyecoturista.com\/asociacion\/wp-content\/uploads\/2025\/05\/3-1536x1152.jpg 1536w, https:\/\/www.soyecoturista.com\/asociacion\/wp-content\/uploads\/2025\/05\/3.jpg 1600w\" sizes=\"auto, (max-width: 1024px) 100vw, 1024px\" \/><\/figure>\n\n\n\n<figure class=\"wp-block-image size-large\"><img loading=\"lazy\" decoding=\"async\" width=\"1024\" height=\"576\" data-id=\"47006\" src=\"https:\/\/www.soyecoturista.com\/asociacion\/wp-content\/uploads\/2025\/05\/WhatsApp-Image-2025-05-30-at-08.44.2112-1024x576.jpeg\" alt=\"\" class=\"wp-image-47006\" srcset=\"https:\/\/www.soyecoturista.com\/asociacion\/wp-content\/uploads\/2025\/05\/WhatsApp-Image-2025-05-30-at-08.44.2112-1024x576.jpeg 1024w, https:\/\/www.soyecoturista.com\/asociacion\/wp-content\/uploads\/2025\/05\/WhatsApp-Image-2025-05-30-at-08.44.2112-300x169.jpeg 300w, https:\/\/www.soyecoturista.com\/asociacion\/wp-content\/uploads\/2025\/05\/WhatsApp-Image-2025-05-30-at-08.44.2112-768x432.jpeg 768w, https:\/\/www.soyecoturista.com\/asociacion\/wp-content\/uploads\/2025\/05\/WhatsApp-Image-2025-05-30-at-08.44.2112-1536x864.jpeg 1536w, https:\/\/www.soyecoturista.com\/asociacion\/wp-content\/uploads\/2025\/05\/WhatsApp-Image-2025-05-30-at-08.44.2112.jpeg 1600w\" sizes=\"auto, (max-width: 1024px) 100vw, 1024px\" \/><\/figure>\n\n\n\n<figure class=\"wp-block-image size-large\"><img loading=\"lazy\" decoding=\"async\" width=\"1024\" height=\"576\" data-id=\"47007\" src=\"https:\/\/www.soyecoturista.com\/asociacion\/wp-content\/uploads\/2025\/05\/WhatsApp-Image-2025-05-30-at-08.44.218-1024x576.jpeg\" alt=\"\" class=\"wp-image-47007\" srcset=\"https:\/\/www.soyecoturista.com\/asociacion\/wp-content\/uploads\/2025\/05\/WhatsApp-Image-2025-05-30-at-08.44.218-1024x576.jpeg 1024w, https:\/\/www.soyecoturista.com\/asociacion\/wp-content\/uploads\/2025\/05\/WhatsApp-Image-2025-05-30-at-08.44.218-300x169.jpeg 300w, https:\/\/www.soyecoturista.com\/asociacion\/wp-content\/uploads\/2025\/05\/WhatsApp-Image-2025-05-30-at-08.44.218-768x432.jpeg 768w, https:\/\/www.soyecoturista.com\/asociacion\/wp-content\/uploads\/2025\/05\/WhatsApp-Image-2025-05-30-at-08.44.218-1536x864.jpeg 1536w, https:\/\/www.soyecoturista.com\/asociacion\/wp-content\/uploads\/2025\/05\/WhatsApp-Image-2025-05-30-at-08.44.218.jpeg 1600w\" sizes=\"auto, (max-width: 1024px) 100vw, 1024px\" \/><\/figure>\n<\/figure>\n\n\n\n<hr class=\"wp-block-separator has-alpha-channel-opacity\"\/>\n\n\n\n<p class=\"wp-block-paragraph\"><strong>Sobre la Asociaci\u00f3n de Ecoturismo en Espa\u00f1a<\/strong><\/p>\n\n\n\n<p class=\"wp-block-paragraph\">La&nbsp;<a href=\"https:\/\/www.soyecoturista.com\/asociacion\/\" target=\"_blank\" rel=\"noreferrer noopener\">Asociaci\u00f3n de Ecoturismo en Espa\u00f1a<\/a>&nbsp;(AEE) es una asociaci\u00f3n sin \u00e1nimo de lucro y de car\u00e1cter p\u00fablico-privado creada en 2010 para fomentar el ecoturismo en los espacios protegidos y compuesta principalmente por asociaciones de empresarios de turismo ubicadas en espacios naturales, entidades gestoras de espacios protegidos, administraciones p\u00fablicas implicadas en la gesti\u00f3n tur\u00edstica de \u00e9stos, grupos de desarrollo rural, entidades de conservaci\u00f3n de la naturaleza, universidades y empresas especializadas en turismo.<\/p>\n\n\n\n<p class=\"wp-block-paragraph\">La AEE es la entidad que gestiona el club de producto Ecoturismo en Espa\u00f1a, con apoyo de la Secretar\u00eda de Estado de Turismo. Es una iniciativa pionera que ofrece experiencias de ecoturismo en espacios naturales protegidos, garantizando al viajero su contribuci\u00f3n al desarrollo local y a la conservaci\u00f3n de la biodiversidad. Actualmente agrupa 51 destinos y m\u00e1s de 800 empresas que, bajo la marca&nbsp;<a href=\"http:\/\/www.soyecoturista.com\/\" target=\"_blank\" rel=\"noreferrer noopener\">Soy Ecoturista<\/a>, asumen su compromiso con el desarrollo sostenible.<\/p>\n","protected":false},"excerpt":{"rendered":"<p>El 28 de mayo, el Museo Casa de la Moneda de Madrid fue escenario de la presentaci\u00f3n oficial del nuevo producto tur\u00edstico \u201cReserva Ecoturista\u201d, impulsado por la marca Espa\u00f1a Verde, [&hellip;]<\/p>\n","protected":false},"author":2,"featured_media":47003,"comment_status":"closed","ping_status":"closed","sticky":false,"template":"","format":"standard","meta":{"_acf_changed":false,"footnotes":""},"categories":[4],"tags":[39,1000,998,11,99,1305],"class_list":["post-47001","post","type-post","status-publish","format-standard","has-post-thumbnail","hentry","category-noticias","tag-soyecoturista","tag-cantabria","tag-corredor-ecoturismo","tag-ecoturismo","tag-espacios-naturales","tag-reserva-ecoturista"],"acf":[],"_links":{"self":[{"href":"https:\/\/www.soyecoturista.com\/asociacion\/wp-json\/wp\/v2\/posts\/47001","targetHints":{"allow":["GET"]}}],"collection":[{"href":"https:\/\/www.soyecoturista.com\/asociacion\/wp-json\/wp\/v2\/posts"}],"about":[{"href":"https:\/\/www.soyecoturista.com\/asociacion\/wp-json\/wp\/v2\/types\/post"}],"author":[{"embeddable":true,"href":"https:\/\/www.soyecoturista.com\/asociacion\/wp-json\/wp\/v2\/users\/2"}],"replies":[{"embeddable":true,"href":"https:\/\/www.soyecoturista.com\/asociacion\/wp-json\/wp\/v2\/comments?post=47001"}],"version-history":[{"count":2,"href":"https:\/\/www.soyecoturista.com\/asociacion\/wp-json\/wp\/v2\/posts\/47001\/revisions"}],"predecessor-version":[{"id":47012,"href":"https:\/\/www.soyecoturista.com\/asociacion\/wp-json\/wp\/v2\/posts\/47001\/revisions\/47012"}],"wp:featuredmedia":[{"embeddable":true,"href":"https:\/\/www.soyecoturista.com\/asociacion\/wp-json\/wp\/v2\/media\/47003"}],"wp:attachment":[{"href":"https:\/\/www.soyecoturista.com\/asociacion\/wp-json\/wp\/v2\/media?parent=47001"}],"wp:term":[{"taxonomy":"category","embeddable":true,"href":"https:\/\/www.soyecoturista.com\/asociacion\/wp-json\/wp\/v2\/categories?post=47001"},{"taxonomy":"post_tag","embeddable":true,"href":"https:\/\/www.soyecoturista.com\/asociacion\/wp-json\/wp\/v2\/tags?post=47001"}],"curies":[{"name":"wp","href":"https:\/\/api.w.org\/{rel}","templated":true}]}}