{"id":46877,"date":"2025-04-03T08:32:41","date_gmt":"2025-04-03T06:32:41","guid":{"rendered":"https:\/\/www.soyecoturista.com\/asociacion\/?p=46877"},"modified":"2025-05-07T12:12:24","modified_gmt":"2025-05-07T10:12:24","slug":"liebana-avanza-como-destino-ecoturismo-espana","status":"publish","type":"post","link":"https:\/\/www.soyecoturista.com\/asociacion\/liebana-avanza-como-destino-ecoturismo-espana\/","title":{"rendered":"Li\u00e9bana avanza como destino especializado de ecoturismo en Espa\u00f1a"},"content":{"rendered":"\n<p>Los <strong>actores implicados en la gesti\u00f3n tur\u00edstica de Li\u00e9bana<\/strong> se reunieron para conocer mejor la situaci\u00f3n de este singular destino, incrementar sus capacidades de trabajo en com\u00fan y proponer pasos concretos para mejorar el modelo tur\u00edstico. <\/p>\n\n\n\n<p>El 31 de marzo, El Centro de Estudios Lebaniegos en Potes acogi\u00f3 esta reuni\u00f3n, dinamizada por la Asociaci\u00f3n de Ecoturismo en Espa\u00f1a, que ha servido para conocer mejor las actuaciones del Plan de Sostenibilidad Tur\u00edstica de Li\u00e9bana, y <strong>c\u00f3mo se est\u00e1 trabajando para crear nuevas experiencias con las empresas y diferenciar Li\u00e9bana como destino de \u201cEcoturismo en Espa\u00f1a\u201d.<\/strong><\/p>\n\n\n\n<p>El Grupo de Acci\u00f3n Local de Li\u00e9bana convoc\u00f3 para esta jornada a los actores locales m\u00e1s relevantes, incluyendo a las empresas tur\u00edsticas que han implantado el Sistema de Reconocimiento de Sostenibilidad del Turismo de Naturaleza en la Red Natura 2000 y que tambi\u00e9n se han adherido a la marca Soy Ecoturista. Fue relevante la participaci\u00f3n de los alcaldes de Potes, quien dio la bienvenida a la jornada, Cillorigo de Li\u00e9bana, Cabez\u00f3n de Li\u00e9bana y Vega de Li\u00e9bana, de los gerentes del GAL y de la Mancomunidad, y de representantes del sector tur\u00edstico y del agroalimentario, o de entidades como Naturea Cantabria.<\/p>\n\n\n\n<p>La jornada, que es una actuaci\u00f3n que se ejecuta en el marco de Plan de Sostenibilidad Tur\u00edstica, cofinanciado por la Mancomunidad de Li\u00e9bana y Pe\u00f1arrubia, el Gobierno de Cantabria y el Ministerio de Industria y Comercio, se dividi\u00f3 en dos partes. En la reuni\u00f3n de la ma\u00f1ana, se expuso c\u00f3mo se est\u00e1 trabajando desde el Plan de Sostenibilidad Tur\u00edstica y desde el GAL, cu\u00e1les son las necesidades de Li\u00e9bana para una adecuada gesti\u00f3n del destino tur\u00edstico vinculada a su especializaci\u00f3n, y qu\u00e9 mejoras y propuestas ser\u00edan necesarias para asegurar la sostenibilidad de nuestro modelo de desarrollo tur\u00edstico.<\/p>\n\n\n\n<p>Se us\u00f3 una metodolog\u00eda participativa que permiti\u00f3 analizar los principales mensajes que se dan al turista sobre Li\u00e9bana, el grado de difusi\u00f3n de las actuaciones del Plan de Sostenibilidad Tur\u00edstica, las necesidades del destino tur\u00edstico y las opiniones de las empresas tur\u00edsticas y agroalimentarias, y al final realizar sugerencias y propuestas concretas.<\/p>\n\n\n\n<p>Gracias a la labor realizada por la gerencia del plan de sostenibilidad y por el GAL Li\u00e9bana se ha participado en proyectos como el Corredor de Ecoturismo de la Espa\u00f1a Verde que ha servido para dar visibilidad a experiencias de ecoturismo protagonizadas por empresas locales muy conectadas con el sector agroalimentario. Se destac\u00f3 tambi\u00e9n el programa de hermanamiento de Li\u00e9bana con la Monta\u00f1a de Ria\u00f1o, destino tambi\u00e9n de Ecoturismo en Espa\u00f1a con el que se van a compartir viajes, jornadas y en el futuro productos tur\u00edsticos conjuntos.<\/p>\n\n\n\n<h3 class=\"wp-block-heading\"><strong>Li\u00e9bana, destino adherido a Soy Ecoturista<\/strong><\/h3>\n\n\n\n<p>La segunda parte de la jornada, transcurri\u00f3 por la tarde y las empresas tur\u00edsticas conocieron mejor las herramientas del club de producto Ecoturismo en Espa\u00f1a y c\u00f3mo dar visibilidad al destino y a las empresas tur\u00edsticas que forman parte de la marca Soy Ecoturista, en un marco de trabajo com\u00fan y compartido con la Asociaci\u00f3n Ecoturismo en Espa\u00f1a y el GAL Li\u00e9bana, ente gestor local del club de producto Ecoturismo en Espa\u00f1a en el destino.&nbsp;<\/p>\n\n\n\n<p><strong>Actualmente, 13 empresas forman parte de Soy Ecoturista al haber obtenido la acreditaci\u00f3n con el Sistema de Reconocimiento de la Sostenibilidad del Turismo de Naturaleza en la Red Natura 2000 o cumplir con los requisitos espec\u00edficos de Soy Ecoturista.<\/strong> Las empresas conocieron los formatos necesarios para darles visibilidad en la plataforma de comercializaci\u00f3n de Soy Ecoturista, nutrir con eventos y actividades el bolet\u00edn mensual para ecoturistas, participar con las noticias sobre Li\u00e9bana en las redes sociales de Soy Ecoturista para elevar el alcance de los mensajes de Li\u00e9bana, o participar en las acciones de formaci\u00f3n organizadas.<\/p>\n\n\n\n<h3 class=\"wp-block-heading\"><strong>Activar la Mesa de Turismo de Li\u00e9bana<\/strong><\/h3>\n\n\n\n<p>Como conclusiones de esta reuni\u00f3n de trabajo, se plante\u00f3 al GAL Li\u00e9bana la posibilidad de activar la \u00abmesa de turismo de Li\u00e9bana\u00bb, que funciona como mecanismo de participaci\u00f3n para orientar en la redacci\u00f3n de la Estrategia de Desarrollo Local Participativa que sustenta la ejecuci\u00f3n de los fondos LEADER; se reconoci\u00f3 que las herramientas del club de producto Ecoturismo en Espa\u00f1a, entre las que se encuentra la marca Soy Ecoturista pueden servir para realizar este trabajo en com\u00fan entre todos los agentes implicados; se propuso crear un procedimiento de informaci\u00f3n com\u00fan al visitante y turista sobre el destino Li\u00e9bana, o poder diferenciar a las empresas tur\u00edsticas adheridas a la marca Soy Ecoturista y al Sistema de Reconocimiento de la Sostenibilidad del Turismo de Naturaleza en la Red Natura 2000<br>Igualmente, poder dise\u00f1ar un procedimiento para compartir contenidos de promoci\u00f3n sobre el destino y sus experiencias, a trav\u00e9s de las redes sociales de los actores m\u00e1s implicados; que los actores locales (gestores del destino y empresas tur\u00edsticas m\u00e1s comprometidas) podr\u00e1n participar en las herramientas de formaci\u00f3n de las que dispone la Asociaci\u00f3n de Ecoturismo en Espa\u00f1a, y finalmente se reconoci\u00f3 la necesidad de reflexionar sobre c\u00f3mo abordar temas clave, para asegurar que el turismo siga siendo un motor de desarrollo que contribuya a la mejora de la calidad de vida de los residentes en la comarca.<\/p>\n\n\n\n<figure class=\"wp-block-gallery has-nested-images columns-default is-cropped wp-block-gallery-1 is-layout-flex wp-block-gallery-is-layout-flex\">\n<figure class=\"wp-block-image size-large\"><img loading=\"lazy\" decoding=\"async\" width=\"1024\" height=\"576\" data-id=\"46884\" src=\"https:\/\/www.soyecoturista.com\/asociacion\/wp-content\/uploads\/2025\/05\/WhatsApp-Image-2025-04-01-at-09.22.59-34-1024x576.jpeg\" alt=\"\" class=\"wp-image-46884\" srcset=\"https:\/\/www.soyecoturista.com\/asociacion\/wp-content\/uploads\/2025\/05\/WhatsApp-Image-2025-04-01-at-09.22.59-34-1024x576.jpeg 1024w, https:\/\/www.soyecoturista.com\/asociacion\/wp-content\/uploads\/2025\/05\/WhatsApp-Image-2025-04-01-at-09.22.59-34-300x169.jpeg 300w, https:\/\/www.soyecoturista.com\/asociacion\/wp-content\/uploads\/2025\/05\/WhatsApp-Image-2025-04-01-at-09.22.59-34-768x432.jpeg 768w, https:\/\/www.soyecoturista.com\/asociacion\/wp-content\/uploads\/2025\/05\/WhatsApp-Image-2025-04-01-at-09.22.59-34-1536x864.jpeg 1536w, https:\/\/www.soyecoturista.com\/asociacion\/wp-content\/uploads\/2025\/05\/WhatsApp-Image-2025-04-01-at-09.22.59-34.jpeg 1600w\" sizes=\"auto, (max-width: 1024px) 100vw, 1024px\" \/><\/figure>\n\n\n\n<figure class=\"wp-block-image size-large\"><img loading=\"lazy\" decoding=\"async\" width=\"1024\" height=\"768\" data-id=\"46883\" src=\"https:\/\/www.soyecoturista.com\/asociacion\/wp-content\/uploads\/2025\/05\/20250331_095203-1024x768.jpg\" alt=\"\" class=\"wp-image-46883\" srcset=\"https:\/\/www.soyecoturista.com\/asociacion\/wp-content\/uploads\/2025\/05\/20250331_095203-1024x768.jpg 1024w, https:\/\/www.soyecoturista.com\/asociacion\/wp-content\/uploads\/2025\/05\/20250331_095203-300x225.jpg 300w, https:\/\/www.soyecoturista.com\/asociacion\/wp-content\/uploads\/2025\/05\/20250331_095203-768x576.jpg 768w, https:\/\/www.soyecoturista.com\/asociacion\/wp-content\/uploads\/2025\/05\/20250331_095203-1536x1152.jpg 1536w, https:\/\/www.soyecoturista.com\/asociacion\/wp-content\/uploads\/2025\/05\/20250331_095203-2048x1536.jpg 2048w\" sizes=\"auto, (max-width: 1024px) 100vw, 1024px\" \/><\/figure>\n<\/figure>\n\n\n\n<hr class=\"wp-block-separator has-alpha-channel-opacity\"\/>\n\n\n\n<p><strong>Sobre la Asociaci\u00f3n de Ecoturismo en Espa\u00f1a<\/strong><\/p>\n\n\n\n<p>La&nbsp;<a href=\"https:\/\/www.soyecoturista.com\/asociacion\/\" target=\"_blank\" rel=\"noreferrer noopener\">Asociaci\u00f3n de Ecoturismo en Espa\u00f1a<\/a>&nbsp;(AEE) es una asociaci\u00f3n sin \u00e1nimo de lucro y de car\u00e1cter p\u00fablico-privado creada en 2010 para fomentar el ecoturismo en los espacios protegidos y compuesta principalmente por asociaciones de empresarios de turismo ubicadas en espacios naturales, entidades gestoras de espacios protegidos, administraciones p\u00fablicas implicadas en la gesti\u00f3n tur\u00edstica de \u00e9stos, grupos de desarrollo rural, entidades de conservaci\u00f3n de la naturaleza, universidades y empresas especializadas en turismo.<\/p>\n\n\n\n<p>La AEE es la entidad que gestiona el club de producto Ecoturismo en Espa\u00f1a, con apoyo de la Secretar\u00eda de Estado de Turismo. Es una iniciativa pionera que ofrece experiencias de ecoturismo en espacios naturales protegidos, garantizando al viajero su contribuci\u00f3n al desarrollo local y a la conservaci\u00f3n de la biodiversidad. Actualmente agrupa 51 destinos y m\u00e1s de 800 empresas que, bajo la marca&nbsp;<a href=\"http:\/\/www.soyecoturista.com\/\" target=\"_blank\" rel=\"noreferrer noopener\">Soy Ecoturista<\/a>, asumen su compromiso con el desarrollo sostenible.<\/p>\n","protected":false},"excerpt":{"rendered":"<p>Los actores implicados en la gesti\u00f3n tur\u00edstica de Li\u00e9bana se reunieron para conocer mejor la situaci\u00f3n de este singular destino, incrementar sus capacidades de trabajo en com\u00fan y proponer pasos [&hellip;]<\/p>\n","protected":false},"author":2,"featured_media":46883,"comment_status":"closed","ping_status":"closed","sticky":false,"template":"","format":"standard","meta":{"_acf_changed":false,"footnotes":""},"categories":[4],"tags":[39,11,99,996],"class_list":["post-46877","post","type-post","status-publish","format-standard","has-post-thumbnail","hentry","category-noticias","tag-soyecoturista","tag-ecoturismo","tag-espacios-naturales","tag-observatorio-ecoturismo"],"acf":[],"_links":{"self":[{"href":"https:\/\/www.soyecoturista.com\/asociacion\/wp-json\/wp\/v2\/posts\/46877","targetHints":{"allow":["GET"]}}],"collection":[{"href":"https:\/\/www.soyecoturista.com\/asociacion\/wp-json\/wp\/v2\/posts"}],"about":[{"href":"https:\/\/www.soyecoturista.com\/asociacion\/wp-json\/wp\/v2\/types\/post"}],"author":[{"embeddable":true,"href":"https:\/\/www.soyecoturista.com\/asociacion\/wp-json\/wp\/v2\/users\/2"}],"replies":[{"embeddable":true,"href":"https:\/\/www.soyecoturista.com\/asociacion\/wp-json\/wp\/v2\/comments?post=46877"}],"version-history":[{"count":5,"href":"https:\/\/www.soyecoturista.com\/asociacion\/wp-json\/wp\/v2\/posts\/46877\/revisions"}],"predecessor-version":[{"id":46963,"href":"https:\/\/www.soyecoturista.com\/asociacion\/wp-json\/wp\/v2\/posts\/46877\/revisions\/46963"}],"wp:featuredmedia":[{"embeddable":true,"href":"https:\/\/www.soyecoturista.com\/asociacion\/wp-json\/wp\/v2\/media\/46883"}],"wp:attachment":[{"href":"https:\/\/www.soyecoturista.com\/asociacion\/wp-json\/wp\/v2\/media?parent=46877"}],"wp:term":[{"taxonomy":"category","embeddable":true,"href":"https:\/\/www.soyecoturista.com\/asociacion\/wp-json\/wp\/v2\/categories?post=46877"},{"taxonomy":"post_tag","embeddable":true,"href":"https:\/\/www.soyecoturista.com\/asociacion\/wp-json\/wp\/v2\/tags?post=46877"}],"curies":[{"name":"wp","href":"https:\/\/api.w.org\/{rel}","templated":true}]}}