{"id":46805,"date":"2025-03-26T11:20:00","date_gmt":"2025-03-26T10:20:00","guid":{"rendered":"https:\/\/www.soyecoturista.com\/asociacion\/?p=46805"},"modified":"2025-04-03T13:19:25","modified_gmt":"2025-04-03T11:19:25","slug":"jornadas-ecoturismo-sierra-norte-guadalajara-marzo-2025","status":"publish","type":"post","link":"https:\/\/www.soyecoturista.com\/asociacion\/jornadas-ecoturismo-sierra-norte-guadalajara-marzo-2025\/","title":{"rendered":"II Jornadas profesionales sobre ecoturismo de la Sierra Norte de Guadalajara"},"content":{"rendered":"\n<p><\/p>\n\n\n\n<ul class=\"wp-block-list\">\n<li><strong>El destino Sierra Norte de Guadalajara est\u00e1 adherido a Soy Ecoturista desde 2022, con la Asociaci\u00f3n de Turismo Rural de la Sierra Norte de Guadalajara como ente gestor local.<\/strong><\/li>\n\n\n\n<li><strong>La ZEC-ZEPA Sierra de Ayll\u00f3n, que coincide en buena parte con el Parque Natural de la Sierra de Guadalajara, es el que m\u00e1s empresas tiene adheridas al Sistema de Reconocimiento de Sostenibilidad Tur\u00edstica en la Red Natura 2000.<\/strong><\/li>\n\n\n\n<li><strong>La Asociaci\u00f3n de Ecoturismo en Espa\u00f1a particip\u00f3 para explicar c\u00f3mo aprovechar las herramientas de Soy Ecoturista para impulsar y posicionar este destino de ecoturismo certificado con la participaci\u00f3n y la oferta de sus empresas adheridas.\u00a0<\/strong><\/li>\n<\/ul>\n\n\n\n<p>El pasado 26 de marzo se celebraron en el Centro de Ecoturismo de Barbatona las II Jornadas Profesionales sobre Ecoturismo que organiza la Asociaci\u00f3n de Turismo Rural Sierra Norte de Guadalajara, esta vez con el lema \u201cEcoturismo en los Parques Naturales de Guadalajara\u201d con el objetivo de impulsar el ecoturismo en el territorio, acercar los negocios al ecoturismo, sensibilizarlos sobre la sostenibilidad tur\u00edstica en espacios protegidos y generar sinergias entre los asistentes.&nbsp;<\/p>\n\n\n\n<p>La Jornada cont\u00f3 con una muy buena afluencia de profesionales, con la representaci\u00f3n de la Diputaci\u00f3n de Guadalajara, Turismo de la Junta de Castilla-La Mancha, los gestores de cuatro espacios protegidos y las empresas tur\u00edsticas del territorio.<\/p>\n\n\n\n<p>En primer lugar, se cont\u00f3 con la participaci\u00f3n de tres gestores de tres espacios protegidos de la provincia: el Parque Natural Sierra Norte de Guadalajara, el Parque Natural del Barranco del R\u00edo Dulce y el Geoparque Mundial UNESCO Molina-Alto Tajo, que alberga tambi\u00e9n el Parque Natural del Alto Tajo. Se presentaron sus recursos claves, nuevas infraestructuras e iniciativas de inter\u00e9s para impulsar el ecoturismo en los espacios.<\/p>\n\n\n\n<p>En este bloque, adem\u00e1s de dar a conocer las importantes inversiones en infraestructuras de los espacios protegidos que se est\u00e1n desarrollando y que van a mejorar la calidad de la visita, se explic\u00f3 la situaci\u00f3n de estos espacios con respecto al Sistema de Reconocimiento de Sostenibilidad del Turismo de Naturaleza en la Red Natura 2000, ya implantado en dos espacios:&nbsp;<\/p>\n\n\n\n<ul class=\"wp-block-list\">\n<li>La ZEC-ZEPA Sierra de Ayll\u00f3n, que coincide en buena parte de su territorio con el Parque Natural de la Sierra Norte de Guadalajara, con 15 empresas acreditadas.&nbsp;<\/li>\n\n\n\n<li>La ZEC Alto Tajo, que coincide en buena parte con el Geoparque Molina-Alto Tajo, y que cuenta con 9 empresas acreditadas.&nbsp;<\/li>\n<\/ul>\n\n\n\n<p>Adem\u00e1s, se encuentra en proceso de adherirse el Parque Natural del Barranco del R\u00edo Dulce, tambi\u00e9n integrado en el destino Sierra Norte de Guadalajara.<\/p>\n\n\n\n<p>Desde el \u00c1rea de Senderos de la Federaci\u00f3n de Monta\u00f1a se present\u00f3 el GR10, un sendero de largo recorrido, un aut\u00e9ntico eje de conexi\u00f3n que permitir\u00eda organizar un producto ecotur\u00edstico que uniera los tres espacios protegidos de la provincia de Guadalajara, y por tanto, los dos destinos adheridos al club de producto Ecoturismo en Espa\u00f1a: la Sierra Norte de Guadalajara y el Geoparque Molina-Alto Tajo.<\/p>\n\n\n\n<p>Desde la Asociaci\u00f3n de Ecoturismo en Espa\u00f1a se realiz\u00f3 una presentaci\u00f3n de las distintas herramientas que pone a disposici\u00f3n de los destinos y las empresas adheridas a Soy Ecoturista y c\u00f3mo pueden aprovecharlas para posicionarse, mejorar su visibilidad y avanzar hacia una comercializaci\u00f3n de su oferta de aut\u00e9ntico ecoturismo, que ayude a la rentabilidad de las empresas, a la conservaci\u00f3n de sus magn\u00edficos espacios protegidos y al desarrollo local. Entre estas herramientas se destacaron la marca Soy Ecoturista, la plataforma de comercializaci\u00f3n, el plan de marketing digital y acuerdos de colaboraci\u00f3n con Turespa\u00f1a y otros agentes para llegar al mercado internacional.&nbsp;<\/p>\n\n\n\n<p>Por \u00faltimo, los participantes intercambiaron opiniones y propuestas a desarrollar de manera conjunta en el territorio, entre las que destacan crear un calendario de actividades de ecoturismo que la red de empresas pueda compartir y gestionar para dar a conocer a los visitantes y poder cargar en la plataforma de comercializaci\u00f3n de Soy Ecoturista.<\/p>\n\n\n\n<div class=\"wp-block-buttons is-content-justification-center is-layout-flex wp-container-core-buttons-is-layout-16018d1d wp-block-buttons-is-layout-flex\">\n<div class=\"wp-block-button\"><a class=\"wp-block-button__link has-text-align-center wp-element-button\" href=\"https:\/\/www.soyecoturista.com\/asociacion\/wp-content\/uploads\/2025\/04\/JornadasProfesionalesEcoturismoGuadalajara2025-1.pdf\" target=\"_blank\" rel=\"noreferrer noopener\">VER PROGRAMA COMPLETO<\/a><\/div>\n<\/div>\n\n\n\n<figure class=\"wp-block-gallery has-nested-images columns-default is-cropped wp-block-gallery-1 is-layout-flex wp-block-gallery-is-layout-flex\">\n<figure class=\"wp-block-image size-large\"><img loading=\"lazy\" decoding=\"async\" width=\"1024\" height=\"768\" data-id=\"46807\" src=\"https:\/\/www.soyecoturista.com\/asociacion\/wp-content\/uploads\/2025\/04\/Jornada_SNG_202503_08-1024x768.jpg\" alt=\"\" class=\"wp-image-46807\" srcset=\"https:\/\/www.soyecoturista.com\/asociacion\/wp-content\/uploads\/2025\/04\/Jornada_SNG_202503_08-1024x768.jpg 1024w, https:\/\/www.soyecoturista.com\/asociacion\/wp-content\/uploads\/2025\/04\/Jornada_SNG_202503_08-300x225.jpg 300w, https:\/\/www.soyecoturista.com\/asociacion\/wp-content\/uploads\/2025\/04\/Jornada_SNG_202503_08-768x576.jpg 768w, https:\/\/www.soyecoturista.com\/asociacion\/wp-content\/uploads\/2025\/04\/Jornada_SNG_202503_08-1536x1152.jpg 1536w, https:\/\/www.soyecoturista.com\/asociacion\/wp-content\/uploads\/2025\/04\/Jornada_SNG_202503_08.jpg 2040w\" sizes=\"auto, (max-width: 1024px) 100vw, 1024px\" \/><\/figure>\n\n\n\n<figure class=\"wp-block-image size-large\"><img loading=\"lazy\" decoding=\"async\" width=\"1024\" height=\"768\" data-id=\"46809\" src=\"https:\/\/www.soyecoturista.com\/asociacion\/wp-content\/uploads\/2025\/04\/Jornada_SNG_202503_07-1024x768.jpg\" alt=\"\" class=\"wp-image-46809\" srcset=\"https:\/\/www.soyecoturista.com\/asociacion\/wp-content\/uploads\/2025\/04\/Jornada_SNG_202503_07-1024x768.jpg 1024w, https:\/\/www.soyecoturista.com\/asociacion\/wp-content\/uploads\/2025\/04\/Jornada_SNG_202503_07-300x225.jpg 300w, https:\/\/www.soyecoturista.com\/asociacion\/wp-content\/uploads\/2025\/04\/Jornada_SNG_202503_07-768x576.jpg 768w, https:\/\/www.soyecoturista.com\/asociacion\/wp-content\/uploads\/2025\/04\/Jornada_SNG_202503_07-1536x1152.jpg 1536w, https:\/\/www.soyecoturista.com\/asociacion\/wp-content\/uploads\/2025\/04\/Jornada_SNG_202503_07.jpg 1600w\" sizes=\"auto, (max-width: 1024px) 100vw, 1024px\" \/><\/figure>\n\n\n\n<figure class=\"wp-block-image size-large\"><img loading=\"lazy\" decoding=\"async\" width=\"1024\" height=\"576\" data-id=\"46810\" src=\"https:\/\/www.soyecoturista.com\/asociacion\/wp-content\/uploads\/2025\/04\/Jornada_SNG_202503_05-1024x576.jpg\" alt=\"\" class=\"wp-image-46810\" srcset=\"https:\/\/www.soyecoturista.com\/asociacion\/wp-content\/uploads\/2025\/04\/Jornada_SNG_202503_05-1024x576.jpg 1024w, https:\/\/www.soyecoturista.com\/asociacion\/wp-content\/uploads\/2025\/04\/Jornada_SNG_202503_05-300x169.jpg 300w, https:\/\/www.soyecoturista.com\/asociacion\/wp-content\/uploads\/2025\/04\/Jornada_SNG_202503_05-768x432.jpg 768w, https:\/\/www.soyecoturista.com\/asociacion\/wp-content\/uploads\/2025\/04\/Jornada_SNG_202503_05-1536x864.jpg 1536w, https:\/\/www.soyecoturista.com\/asociacion\/wp-content\/uploads\/2025\/04\/Jornada_SNG_202503_05-2048x1152.jpg 2048w\" sizes=\"auto, (max-width: 1024px) 100vw, 1024px\" \/><\/figure>\n\n\n\n<figure class=\"wp-block-image size-large\"><img loading=\"lazy\" decoding=\"async\" width=\"1024\" height=\"576\" data-id=\"46806\" src=\"https:\/\/www.soyecoturista.com\/asociacion\/wp-content\/uploads\/2025\/04\/Jornada_SNG_202503_04-1024x576.jpg\" alt=\"\" class=\"wp-image-46806\" srcset=\"https:\/\/www.soyecoturista.com\/asociacion\/wp-content\/uploads\/2025\/04\/Jornada_SNG_202503_04-1024x576.jpg 1024w, https:\/\/www.soyecoturista.com\/asociacion\/wp-content\/uploads\/2025\/04\/Jornada_SNG_202503_04-300x169.jpg 300w, https:\/\/www.soyecoturista.com\/asociacion\/wp-content\/uploads\/2025\/04\/Jornada_SNG_202503_04-768x432.jpg 768w, https:\/\/www.soyecoturista.com\/asociacion\/wp-content\/uploads\/2025\/04\/Jornada_SNG_202503_04-1536x864.jpg 1536w, https:\/\/www.soyecoturista.com\/asociacion\/wp-content\/uploads\/2025\/04\/Jornada_SNG_202503_04-2048x1152.jpg 2048w\" sizes=\"auto, (max-width: 1024px) 100vw, 1024px\" \/><\/figure>\n\n\n\n<figure class=\"wp-block-image size-large\"><img loading=\"lazy\" decoding=\"async\" width=\"1024\" height=\"576\" data-id=\"46808\" src=\"https:\/\/www.soyecoturista.com\/asociacion\/wp-content\/uploads\/2025\/04\/Jornada_SNG_202503_03-1024x576.jpg\" alt=\"\" class=\"wp-image-46808\" srcset=\"https:\/\/www.soyecoturista.com\/asociacion\/wp-content\/uploads\/2025\/04\/Jornada_SNG_202503_03-1024x576.jpg 1024w, https:\/\/www.soyecoturista.com\/asociacion\/wp-content\/uploads\/2025\/04\/Jornada_SNG_202503_03-300x169.jpg 300w, https:\/\/www.soyecoturista.com\/asociacion\/wp-content\/uploads\/2025\/04\/Jornada_SNG_202503_03-768x432.jpg 768w, https:\/\/www.soyecoturista.com\/asociacion\/wp-content\/uploads\/2025\/04\/Jornada_SNG_202503_03-1536x864.jpg 1536w, https:\/\/www.soyecoturista.com\/asociacion\/wp-content\/uploads\/2025\/04\/Jornada_SNG_202503_03-2048x1152.jpg 2048w\" sizes=\"auto, (max-width: 1024px) 100vw, 1024px\" \/><\/figure>\n<\/figure>\n\n\n\n<hr class=\"wp-block-separator has-alpha-channel-opacity\"\/>\n\n\n\n<p><strong>Sobre la Asociaci\u00f3n de Ecoturismo en Espa\u00f1a<\/strong><\/p>\n\n\n\n<p>La&nbsp;<a href=\"https:\/\/www.soyecoturista.com\/asociacion\/\" target=\"_blank\" rel=\"noreferrer noopener\">Asociaci\u00f3n de Ecoturismo en Espa\u00f1a<\/a>&nbsp;(AEE) es una asociaci\u00f3n sin \u00e1nimo de lucro y de car\u00e1cter p\u00fablico-privado creada en 2010 para fomentar el ecoturismo en los espacios protegidos y compuesta principalmente por asociaciones de empresarios de turismo ubicadas en espacios naturales, entidades gestoras de espacios protegidos, administraciones p\u00fablicas implicadas en la gesti\u00f3n tur\u00edstica de \u00e9stos, grupos de desarrollo rural, entidades de conservaci\u00f3n de la naturaleza, universidades y empresas especializadas en turismo.<\/p>\n\n\n\n<p>La AEE es la entidad que gestiona el club de producto Ecoturismo en Espa\u00f1a, con apoyo de la Secretar\u00eda de Estado de Turismo. Es una iniciativa pionera que ofrece experiencias de ecoturismo en espacios naturales protegidos, garantizando al viajero su contribuci\u00f3n al desarrollo local y a la conservaci\u00f3n de la biodiversidad. Actualmente agrupa 51 destinos y m\u00e1s de 800 empresas que, bajo la marca&nbsp;<a href=\"http:\/\/www.soyecoturista.com\/\" target=\"_blank\" rel=\"noreferrer noopener\">Soy Ecoturista<\/a>, asumen su compromiso con el desarrollo sostenible.<\/p>\n","protected":false},"excerpt":{"rendered":"<p>El pasado 26 de marzo se celebraron en el Centro de Ecoturismo de Barbatona las II Jornadas Profesionales sobre Ecoturismo que organiza la Asociaci\u00f3n de Turismo Rural Sierra Norte de [&hellip;]<\/p>\n","protected":false},"author":2,"featured_media":46810,"comment_status":"closed","ping_status":"closed","sticky":false,"template":"","format":"standard","meta":{"_acf_changed":false,"footnotes":""},"categories":[4],"tags":[39,11,99,37,1279],"class_list":["post-46805","post","type-post","status-publish","format-standard","has-post-thumbnail","hentry","category-noticias","tag-soyecoturista","tag-ecoturismo","tag-espacios-naturales","tag-red-natura-2000","tag-sierra-norte-guadalajara"],"acf":[],"_links":{"self":[{"href":"https:\/\/www.soyecoturista.com\/asociacion\/wp-json\/wp\/v2\/posts\/46805","targetHints":{"allow":["GET"]}}],"collection":[{"href":"https:\/\/www.soyecoturista.com\/asociacion\/wp-json\/wp\/v2\/posts"}],"about":[{"href":"https:\/\/www.soyecoturista.com\/asociacion\/wp-json\/wp\/v2\/types\/post"}],"author":[{"embeddable":true,"href":"https:\/\/www.soyecoturista.com\/asociacion\/wp-json\/wp\/v2\/users\/2"}],"replies":[{"embeddable":true,"href":"https:\/\/www.soyecoturista.com\/asociacion\/wp-json\/wp\/v2\/comments?post=46805"}],"version-history":[{"count":5,"href":"https:\/\/www.soyecoturista.com\/asociacion\/wp-json\/wp\/v2\/posts\/46805\/revisions"}],"predecessor-version":[{"id":46833,"href":"https:\/\/www.soyecoturista.com\/asociacion\/wp-json\/wp\/v2\/posts\/46805\/revisions\/46833"}],"wp:featuredmedia":[{"embeddable":true,"href":"https:\/\/www.soyecoturista.com\/asociacion\/wp-json\/wp\/v2\/media\/46810"}],"wp:attachment":[{"href":"https:\/\/www.soyecoturista.com\/asociacion\/wp-json\/wp\/v2\/media?parent=46805"}],"wp:term":[{"taxonomy":"category","embeddable":true,"href":"https:\/\/www.soyecoturista.com\/asociacion\/wp-json\/wp\/v2\/categories?post=46805"},{"taxonomy":"post_tag","embeddable":true,"href":"https:\/\/www.soyecoturista.com\/asociacion\/wp-json\/wp\/v2\/tags?post=46805"}],"curies":[{"name":"wp","href":"https:\/\/api.w.org\/{rel}","templated":true}]}}