{"id":46557,"date":"2025-02-13T15:50:29","date_gmt":"2025-02-13T14:50:29","guid":{"rendered":"https:\/\/www.soyecoturista.com\/asociacion\/?p=46557"},"modified":"2025-02-27T15:52:18","modified_gmt":"2025-02-27T14:52:18","slug":"cabaneros-impulsa-promocion-ecoturismo","status":"publish","type":"post","link":"https:\/\/www.soyecoturista.com\/asociacion\/cabaneros-impulsa-promocion-ecoturismo\/","title":{"rendered":"Caba\u00f1eros impulsa la promoci\u00f3n del Ecoturismo con dos cat\u00e1logos de empresas"},"content":{"rendered":"\n<p><strong><strong>Con el objetivo de impulsar la promoci\u00f3n y la comercializaci\u00f3n de las experiencias y las empresas acreditadas con la Carta Europea de Turismo Sostenible (CETS) de la Federaci\u00f3n Europarc en el Parque Nacional de Caba\u00f1eros, se cuenta con la Asociaci\u00f3n de Ecoturismo en Espa\u00f1a para desarrollar un cat\u00e1logo profesional de empresas dirigido a operadores tur\u00edsticos nacionales e internacionales y un cat\u00e1logo online de ecoturismo de Caba\u00f1eros para la plataforma de comercializaci\u00f3n de Soy Ecoturista.<\/strong><\/strong><\/p>\n\n\n\n<p>Estas actuaciones se realizan en el marco del Plan de Sostenibilidad Tur\u00edstica en el Parque Nacional de Caba\u00f1eros, cofinanciado por la Secretar\u00eda de Estado de Turismo, la Junta de Comunidades de Castilla-La Mancha y la Diputaci\u00f3n de Ciudad Real, y servir\u00e1n para diferenciar <a href=\"http:\/\/www.destinocabaneros.es\" target=\"_blank\" rel=\"noreferrer noopener\">Caba\u00f1eros<\/a> como un destino ecoturismo certificado para atraer turistas que quieran disfrutar de sus valores naturales y culturales a lo largo del a\u00f1o, as\u00ed como cooperar con la administraci\u00f3n tur\u00edstica para mejorar la promoci\u00f3n nacional e internacional del destino.<\/p>\n\n\n\n<p>El <strong>cat\u00e1logo para operadores tur\u00edsticos<\/strong> tiene como objetivo mostrar la oferta ecotur\u00edstica certificada de Caba\u00f1eros en mesas de contrataci\u00f3n del destino y facilitar las sinergias entre las empresas adheridas y los operadores tur\u00edsticos interesados en dise\u00f1ar y comercializar experiencias de aut\u00e9ntico ecoturismo y con criterios de sostenibilidad en Caba\u00f1eros. Adem\u00e1s, pondr\u00e1 en valor aquellos atributos y caracter\u00edsticas que hacen de Caba\u00f1eros un destino de ecoturismo de referencia, ofreciendo una visi\u00f3n alternativa y destacando su reconocimiento como Parque Nacional, su biodiversidad, patrimonio etnogr\u00e1fico y tradiciones.<\/p>\n\n\n\n<p>Por otro lado, se elaborar\u00e1 un <strong>cat\u00e1logo online de ecoturismo de Caba\u00f1eros para la plataforma de comercializaci\u00f3n de Soy Ecoturista<\/strong> <a href=\"http:\/\/www.soyecoturista.com\" target=\"_blank\" rel=\"noreferrer noopener\">www.soyecoturista.com<\/a>, en la que las empresas adheridas a Soy Ecoturista, -acreditadas con la CETS y socias de la Asociaci\u00f3n Ecoturismo Caba\u00f1eros, ente gestor local en el destino- podr\u00e1n promocionar y comercializar sus experiencias de ecoturismo certificado.<\/p>\n\n\n<div class=\"wp-block-image\">\n<figure class=\"aligncenter size-large\"><img loading=\"lazy\" decoding=\"async\" width=\"1024\" height=\"683\" src=\"https:\/\/www.soyecoturista.com\/asociacion\/wp-content\/uploads\/2025\/02\/DSC02692-1-1024x683.jpg\" alt=\"\" class=\"wp-image-46558\" srcset=\"https:\/\/www.soyecoturista.com\/asociacion\/wp-content\/uploads\/2025\/02\/DSC02692-1-1024x683.jpg 1024w, https:\/\/www.soyecoturista.com\/asociacion\/wp-content\/uploads\/2025\/02\/DSC02692-1-300x200.jpg 300w, https:\/\/www.soyecoturista.com\/asociacion\/wp-content\/uploads\/2025\/02\/DSC02692-1-768x512.jpg 768w, https:\/\/www.soyecoturista.com\/asociacion\/wp-content\/uploads\/2025\/02\/DSC02692-1.jpg 1500w\" sizes=\"auto, (max-width: 1024px) 100vw, 1024px\" \/><\/figure>\n<\/div>\n\n\n<hr class=\"wp-block-separator has-alpha-channel-opacity\"\/>\n\n\n\n<p><strong>Sobre la Asociaci\u00f3n de Ecoturismo en Espa\u00f1a<\/strong><\/p>\n\n\n\n<p>La&nbsp;<a href=\"https:\/\/www.soyecoturista.com\/asociacion\/\" target=\"_blank\" rel=\"noreferrer noopener\">Asociaci\u00f3n de Ecoturismo en Espa\u00f1a<\/a>&nbsp;(AEE) es una asociaci\u00f3n sin \u00e1nimo de lucro y de car\u00e1cter p\u00fablico-privado creada en 2010 para fomentar el ecoturismo en los espacios protegidos y compuesta principalmente por asociaciones de empresarios de turismo ubicadas en espacios naturales, entidades gestoras de espacios protegidos, administraciones p\u00fablicas implicadas en la gesti\u00f3n tur\u00edstica de \u00e9stos, grupos de desarrollo rural, entidades de conservaci\u00f3n de la naturaleza, universidades y empresas especializadas en turismo.<\/p>\n\n\n\n<p>La AEE es la entidad que gestiona el club de producto Ecoturismo en Espa\u00f1a, con apoyo de la Secretar\u00eda de Estado de Turismo. Es una iniciativa pionera que ofrece experiencias de ecoturismo en espacios naturales protegidos, garantizando al viajero su contribuci\u00f3n al desarrollo local y a la conservaci\u00f3n de la biodiversidad. Actualmente agrupa 51 destinos y m\u00e1s de 800 empresas que, bajo la marca&nbsp;<a href=\"http:\/\/www.soyecoturista.com\/\" target=\"_blank\" rel=\"noreferrer noopener\">Soy Ecoturista<\/a>, asumen su compromiso con el desarrollo sostenible.<\/p>\n","protected":false},"excerpt":{"rendered":"<p>Con el objetivo de impulsar la promoci\u00f3n y la comercializaci\u00f3n de las experiencias y las empresas acreditadas con la Carta Europea de Turismo Sostenible (CETS) de la Federaci\u00f3n Europarc en [&hellip;]<\/p>\n","protected":false},"author":8,"featured_media":46561,"comment_status":"closed","ping_status":"closed","sticky":false,"template":"","format":"standard","meta":{"_acf_changed":false,"footnotes":""},"categories":[4],"tags":[39,40,11,48,106],"class_list":["post-46557","post","type-post","status-publish","format-standard","has-post-thumbnail","hentry","category-noticias","tag-soyecoturista","tag-cabaneros","tag-ecoturismo","tag-parque-nacional","tag-turismo-sostenible"],"acf":[],"_links":{"self":[{"href":"https:\/\/www.soyecoturista.com\/asociacion\/wp-json\/wp\/v2\/posts\/46557","targetHints":{"allow":["GET"]}}],"collection":[{"href":"https:\/\/www.soyecoturista.com\/asociacion\/wp-json\/wp\/v2\/posts"}],"about":[{"href":"https:\/\/www.soyecoturista.com\/asociacion\/wp-json\/wp\/v2\/types\/post"}],"author":[{"embeddable":true,"href":"https:\/\/www.soyecoturista.com\/asociacion\/wp-json\/wp\/v2\/users\/8"}],"replies":[{"embeddable":true,"href":"https:\/\/www.soyecoturista.com\/asociacion\/wp-json\/wp\/v2\/comments?post=46557"}],"version-history":[{"count":2,"href":"https:\/\/www.soyecoturista.com\/asociacion\/wp-json\/wp\/v2\/posts\/46557\/revisions"}],"predecessor-version":[{"id":46560,"href":"https:\/\/www.soyecoturista.com\/asociacion\/wp-json\/wp\/v2\/posts\/46557\/revisions\/46560"}],"wp:featuredmedia":[{"embeddable":true,"href":"https:\/\/www.soyecoturista.com\/asociacion\/wp-json\/wp\/v2\/media\/46561"}],"wp:attachment":[{"href":"https:\/\/www.soyecoturista.com\/asociacion\/wp-json\/wp\/v2\/media?parent=46557"}],"wp:term":[{"taxonomy":"category","embeddable":true,"href":"https:\/\/www.soyecoturista.com\/asociacion\/wp-json\/wp\/v2\/categories?post=46557"},{"taxonomy":"post_tag","embeddable":true,"href":"https:\/\/www.soyecoturista.com\/asociacion\/wp-json\/wp\/v2\/tags?post=46557"}],"curies":[{"name":"wp","href":"https:\/\/api.w.org\/{rel}","templated":true}]}}