{"id":46548,"date":"2025-02-21T10:25:00","date_gmt":"2025-02-21T09:25:00","guid":{"rendered":"https:\/\/www.soyecoturista.com\/asociacion\/?p=46548"},"modified":"2025-02-28T11:37:57","modified_gmt":"2025-02-28T10:37:57","slug":"la-aee-participa-jornada-eldiarioes-sobre-turismo-sostenible","status":"publish","type":"post","link":"https:\/\/www.soyecoturista.com\/asociacion\/la-aee-participa-jornada-eldiarioes-sobre-turismo-sostenible\/","title":{"rendered":"La Asociaci\u00f3n de Ecoturismo en Espa\u00f1a participa en la jornada organizada por elDiario.es sobre c\u00f3mo viajar bien y vivir mejor: la apuesta por un turismo sostenible con el medio y con las personas"},"content":{"rendered":"\n<p><strong><strong>El 20 de febrero, el Colegio Oficial de Arquitectos de Madrid acogi\u00f3 la cuarta jornada dedicada al turismo organizada por elDiario.es bajo el t\u00edtulo \u201cTodo un pa\u00eds de turismo. Viajar bien, vivir mejor\u201d, en la que participaron representantes de instituciones de toda Espa\u00f1a, expertos del sector, entre ellos Amanda Guzm\u00e1n, gerente de la Asociaci\u00f3n de Ecoturismo en Espa\u00f1a, y empresas l\u00edderes en la industria tur\u00edstica para debatir sobre movilidad, ecoturismo, patrimonio y la sostenibilidad de un sector clave para la econom\u00eda del pa\u00eds.<\/strong><\/strong><\/p>\n\n\n\n<p>El evento ha contado con la participaci\u00f3n de Jordi Hereu, ministro de Industria y Turismo; Rosario S\u00e1nchez, secretaria de Estado de Turismo; Abel Caballero, alcalde de Vigo; Ana Mu\u00f1oz, directora general de Pol\u00edticas Tur\u00edsticas; Sara Hern\u00e1ndez del Olmo, secretaria general de Movilidad Sostenible; Javier Pantoja, director del Organismo Aut\u00f3nomo Parques Nacionales, y Raquel S\u00e1nchez, presidenta de Paradores y exministra de Transportes.<\/p>\n\n\n\n<p>Amanda Guzm\u00e1n particip\u00f3 junto Javier Pantoja, director del Organismo Aut\u00f3nomo Parques Nacionales; Gonzalo Henrique Castro Prado, concejal de Cultura y Turismo del Ayuntamiento de A Coru\u00f1a; y Gonzalo Pastor, director de Trenes Tur\u00edsticos de Renfe Viajeros, en la cuarta mesa redonda, titulada \u201cUn turismo de experiencias: naturaleza, ecoturismo y actividades en los destinos espa\u00f1oles\u201d. Durante el debate, destac\u00f3 la importancia de que los viajeros elijan destinos y empresas comprometidas con la sostenibilidad para disfrutar de aut\u00e9nticas experiencias de ecoturismo. En particular, subray\u00f3 la importancia del gu\u00eda local en la interpretaci\u00f3n del patrimonio natural, cultural y etnogr\u00e1fico, resaltando que estas experiencias no solo enriquecen el viaje, sino que tambi\u00e9n fortalecen la conexi\u00f3n con el entorno y la comunidad local.<\/p>\n\n\n\n<p>Adem\u00e1s, puso en valor el trabajo de Soy Ecoturista en garantizar a los viajeros que, al visitar destinos de ecoturismo certificados y contratar los servicios de empresas certificadas, no solo disfrutan de experiencias aut\u00e9nticas, sino que contribuyen a la conservaci\u00f3n de la naturaleza y al desarrollo socioecon\u00f3mico de la poblaci\u00f3n local al fijar poblaci\u00f3n. Apostar por el ecoturismo como un producto tur\u00edstico diferenciador y de valor a\u00f1adido requiere, necesariamente, un modelo de co-gobernanza entre la administraci\u00f3n tur\u00edstica, la administraci\u00f3n ambiental y las empresas de estos territorios. Solo as\u00ed se puede garantizar una actividad tur\u00edstica en estas \u00e1reas y mantener los objetivos de conservaci\u00f3n por los cuales estos territorios fueron declarados espacios protegidos.<\/p>\n\n\n\n<div class=\"wp-block-buttons is-content-justification-center is-layout-flex wp-container-core-buttons-is-layout-16018d1d wp-block-buttons-is-layout-flex\">\n<div class=\"wp-block-button\"><a class=\"wp-block-button__link wp-element-button\" href=\"https:\/\/youtu.be\/aG9uAA66TDg?si=UyU95VW0l8ECa3eh\" target=\"_blank\" rel=\"noopener\">VER DEBATE MESA REDONDA<\/a><\/div>\n<\/div>\n\n\n\n<p>Actualmente, Soy Ecoturista, la marca del club de producto Ecoturismo en Espa\u00f1a, uno de los clubes tur\u00edsticos a nivel nacional apoyados por la Secretar\u00eda de estado de Turismo, cuenta con 51 destinos certificados en ecoturismo. Desde enclaves ic\u00f3nicos como el Parque Nacional de Garajonay, en La Gomera, hasta joyas menos conocidas como la Campana de Oropesa con sus zonas ZEC y ZEPA, cada destino ofrece experiencias \u00fanicas.<\/p>\n\n\n\n<p>En la jornada tambi\u00e9n se destac\u00f3 la necesidad de apostar por una movilidad sostenible. Uno de los grandes retos en este sentido es desarrollar e impulsar soluciones de transporte adecuadas tambi\u00e9n para las zonas rurales, lo que permitir\u00eda, en parte, desestacionalizar el turismo y redistribuir mejor los flujos tur\u00edsticos.<\/p>\n\n\n\n<p>Se puede acceder a todas mesas e intervenciones desde la p\u00e1gina web del evento: <a href=\"https:\/\/www.eldiario.es\/eventos\/todo-un-pais-de-turismo\/\" target=\"_blank\" rel=\"noopener\">https:\/\/www.eldiario.es\/eventos\/todo-un-pais-de-turismo\/<\/a>\u00a0<\/p>\n\n\n\n<figure class=\"wp-block-gallery has-nested-images columns-default is-cropped wp-block-gallery-1 is-layout-flex wp-block-gallery-is-layout-flex\">\n<figure class=\"wp-block-image size-large\"><img loading=\"lazy\" decoding=\"async\" width=\"1024\" height=\"683\" data-id=\"46551\" src=\"https:\/\/www.soyecoturista.com\/asociacion\/wp-content\/uploads\/2025\/02\/Todo-un-pais-de-turismo-IV-124-1-1024x683.jpg\" alt=\"\" class=\"wp-image-46551\" srcset=\"https:\/\/www.soyecoturista.com\/asociacion\/wp-content\/uploads\/2025\/02\/Todo-un-pais-de-turismo-IV-124-1-1024x683.jpg 1024w, https:\/\/www.soyecoturista.com\/asociacion\/wp-content\/uploads\/2025\/02\/Todo-un-pais-de-turismo-IV-124-1-300x200.jpg 300w, https:\/\/www.soyecoturista.com\/asociacion\/wp-content\/uploads\/2025\/02\/Todo-un-pais-de-turismo-IV-124-1-768x512.jpg 768w, https:\/\/www.soyecoturista.com\/asociacion\/wp-content\/uploads\/2025\/02\/Todo-un-pais-de-turismo-IV-124-1-1536x1024.jpg 1536w, https:\/\/www.soyecoturista.com\/asociacion\/wp-content\/uploads\/2025\/02\/Todo-un-pais-de-turismo-IV-124-1-2048x1365.jpg 2048w\" sizes=\"auto, (max-width: 1024px) 100vw, 1024px\" \/><figcaption class=\"wp-element-caption\">Todo un pa\u00eds de turismo IV<\/figcaption><\/figure>\n\n\n\n<figure class=\"wp-block-image size-large\"><img loading=\"lazy\" decoding=\"async\" width=\"1024\" height=\"683\" data-id=\"46550\" src=\"https:\/\/www.soyecoturista.com\/asociacion\/wp-content\/uploads\/2025\/02\/Todo-un-pais-de-turismo-IV-117-1-1-1024x683.jpg\" alt=\"\" class=\"wp-image-46550\" srcset=\"https:\/\/www.soyecoturista.com\/asociacion\/wp-content\/uploads\/2025\/02\/Todo-un-pais-de-turismo-IV-117-1-1-1024x683.jpg 1024w, https:\/\/www.soyecoturista.com\/asociacion\/wp-content\/uploads\/2025\/02\/Todo-un-pais-de-turismo-IV-117-1-1-300x200.jpg 300w, https:\/\/www.soyecoturista.com\/asociacion\/wp-content\/uploads\/2025\/02\/Todo-un-pais-de-turismo-IV-117-1-1-768x512.jpg 768w, https:\/\/www.soyecoturista.com\/asociacion\/wp-content\/uploads\/2025\/02\/Todo-un-pais-de-turismo-IV-117-1-1-1536x1024.jpg 1536w, https:\/\/www.soyecoturista.com\/asociacion\/wp-content\/uploads\/2025\/02\/Todo-un-pais-de-turismo-IV-117-1-1-2048x1365.jpg 2048w\" sizes=\"auto, (max-width: 1024px) 100vw, 1024px\" \/><figcaption class=\"wp-element-caption\">Todo un pa\u00eds de turismo IV<\/figcaption><\/figure>\n<\/figure>\n\n\n\n<hr class=\"wp-block-separator has-alpha-channel-opacity\"\/>\n\n\n\n<p><strong>Sobre la Asociaci\u00f3n de Ecoturismo en Espa\u00f1a<\/strong><\/p>\n\n\n\n<p>La&nbsp;<a href=\"https:\/\/www.soyecoturista.com\/asociacion\/\" target=\"_blank\" rel=\"noreferrer noopener\">Asociaci\u00f3n de Ecoturismo en Espa\u00f1a<\/a>&nbsp;(AEE) es una asociaci\u00f3n sin \u00e1nimo de lucro y de car\u00e1cter p\u00fablico-privado creada en 2010 para fomentar el ecoturismo en los espacios protegidos y compuesta principalmente por asociaciones de empresarios de turismo ubicadas en espacios naturales, entidades gestoras de espacios protegidos, administraciones p\u00fablicas implicadas en la gesti\u00f3n tur\u00edstica de \u00e9stos, grupos de desarrollo rural, entidades de conservaci\u00f3n de la naturaleza, universidades y empresas especializadas en turismo.<\/p>\n\n\n\n<p>La AEE es la entidad que gestiona el club de producto Ecoturismo en Espa\u00f1a, con apoyo de la Secretar\u00eda de Estado de Turismo. Es una iniciativa pionera que ofrece experiencias de ecoturismo en espacios naturales protegidos, garantizando al viajero su contribuci\u00f3n al desarrollo local y a la conservaci\u00f3n de la biodiversidad. Actualmente agrupa 51 destinos y m\u00e1s de 800 empresas que, bajo la marca&nbsp;<a href=\"http:\/\/www.soyecoturista.com\/\" target=\"_blank\" rel=\"noreferrer noopener\">Soy Ecoturista<\/a>, asumen su compromiso con el desarrollo sostenible.<\/p>\n","protected":false},"excerpt":{"rendered":"<p>El 20 de febrero, el Colegio Oficial de Arquitectos de Madrid acogi\u00f3 la cuarta jornada dedicada al turismo organizada por elDiario.es bajo el t\u00edtulo \u201cTodo un pa\u00eds de turismo. Viajar [&hellip;]<\/p>\n","protected":false},"author":8,"featured_media":46550,"comment_status":"closed","ping_status":"closed","sticky":false,"template":"","format":"standard","meta":{"_acf_changed":false,"footnotes":""},"categories":[4],"tags":[39,11,1245,106],"class_list":["post-46548","post","type-post","status-publish","format-standard","has-post-thumbnail","hentry","category-noticias","tag-soyecoturista","tag-ecoturismo","tag-eldiario-es","tag-turismo-sostenible"],"acf":[],"_links":{"self":[{"href":"https:\/\/www.soyecoturista.com\/asociacion\/wp-json\/wp\/v2\/posts\/46548","targetHints":{"allow":["GET"]}}],"collection":[{"href":"https:\/\/www.soyecoturista.com\/asociacion\/wp-json\/wp\/v2\/posts"}],"about":[{"href":"https:\/\/www.soyecoturista.com\/asociacion\/wp-json\/wp\/v2\/types\/post"}],"author":[{"embeddable":true,"href":"https:\/\/www.soyecoturista.com\/asociacion\/wp-json\/wp\/v2\/users\/8"}],"replies":[{"embeddable":true,"href":"https:\/\/www.soyecoturista.com\/asociacion\/wp-json\/wp\/v2\/comments?post=46548"}],"version-history":[{"count":3,"href":"https:\/\/www.soyecoturista.com\/asociacion\/wp-json\/wp\/v2\/posts\/46548\/revisions"}],"predecessor-version":[{"id":46591,"href":"https:\/\/www.soyecoturista.com\/asociacion\/wp-json\/wp\/v2\/posts\/46548\/revisions\/46591"}],"wp:featuredmedia":[{"embeddable":true,"href":"https:\/\/www.soyecoturista.com\/asociacion\/wp-json\/wp\/v2\/media\/46550"}],"wp:attachment":[{"href":"https:\/\/www.soyecoturista.com\/asociacion\/wp-json\/wp\/v2\/media?parent=46548"}],"wp:term":[{"taxonomy":"category","embeddable":true,"href":"https:\/\/www.soyecoturista.com\/asociacion\/wp-json\/wp\/v2\/categories?post=46548"},{"taxonomy":"post_tag","embeddable":true,"href":"https:\/\/www.soyecoturista.com\/asociacion\/wp-json\/wp\/v2\/tags?post=46548"}],"curies":[{"name":"wp","href":"https:\/\/api.w.org\/{rel}","templated":true}]}}