{"id":46544,"date":"2025-02-27T16:09:15","date_gmt":"2025-02-27T15:09:15","guid":{"rendered":"https:\/\/www.soyecoturista.com\/asociacion\/?p=46544"},"modified":"2025-02-27T16:09:18","modified_gmt":"2025-02-27T15:09:18","slug":"marina-lucense-acogera-encuentro-naturewatch","status":"publish","type":"post","link":"https:\/\/www.soyecoturista.com\/asociacion\/marina-lucense-acogera-encuentro-naturewatch\/","title":{"rendered":"A Mari\u00f1a Lucense acoger\u00e1 del 28 al 30 de marzo el segundo Encuentro natureWatch que se realiza en Galicia"},"content":{"rendered":"\n<p>Tras la celebraci\u00f3n de una veintena de ediciones diferentes zonas del territorio nacional y el paso en 2022 por Mari\u00f1as Coru\u00f1esas (CEIDA), el encuentro de turismo de observaci\u00f3n de la naturaleza natureWatch regresa a Galicia para celebrar una edici\u00f3n en A Mari\u00f1a Lucense gracias al patrocinio del Plan de Sostenibilidad Tur\u00edstica en A Mari\u00f1a Lucense y la colaboraci\u00f3n especial de RURALtXA!<\/p>\n\n\n\n<p>En A Mari\u00f1a Lucense, natureWatch tendr\u00e1 como tem\u00e1ticas centrales el turismo ornitol\u00f3gico, la geolog\u00eda y la bot\u00e1nica del territorio, sin duda, recursos naturales sobresalientes que definen a un espacio \u00fanico en este aspecto. Desde el Monumento Natural playa de As Catedrais) hasta la Sierra de O Xistral (Serra do Xistral), los participantes tendr\u00e1n oportunidad de descubrir una comarca fascinante y su enorme potencial ecotur\u00edstico. Para ello, se ha preparado un completo programa que combina ponencias con visitas de campo guiadas por t\u00e9cnicos y empresas locales.<\/p>\n\n\n\n<p>natureWatch A Mari\u00f1a Lucense se desarrollar\u00e1 del <strong>viernes 28 al domingo 30 de marzo<\/strong> y tendr\u00e1 como sede el Centro Sociocultural de Barreiros. Las ponencias se llevar\u00e1n a cabo el viernes por la tarde y el s\u00e1bado, y se han estructurado en cuatro bloques: un primer bloque para presentar el territorio y un segundo bloque centrado en el patrimonio natural -especialmente aves marinas y con el chorlitejo patinegro como especie protagonista-, copar\u00e1n los contenidos del viernes 28 de marzo, que se completar\u00e1n con una degustaci\u00f3n de productos locales (Colectivo de Gastronom\u00eda da Mari\u00f1a) y la tertulia tem\u00e1tica sobre naturaleza y libros conducida por Antonio Sandoval y que tendr\u00e1 como invitado a Andoni Canela, quien presentar\u00e1 y firmar\u00e1 ejemplares de su \u00faltimo libro \u201cTerritorio Lobo\u201d.<\/p>\n\n\n\n<p><strong>Las inscripciones ya est\u00e1n abiertas. Las plazas son limitadas. <\/strong><\/p>\n\n\n\n<div class=\"wp-block-buttons is-content-justification-center is-layout-flex wp-container-core-buttons-is-layout-16018d1d wp-block-buttons-is-layout-flex\">\n<div class=\"wp-block-button\"><a class=\"wp-block-button__link has-text-align-center wp-element-button\" href=\"http:\/\/www.encuentronaturewatch.com\" target=\"_blank\" rel=\"noreferrer noopener\">INSCRIPCIONES<\/a><\/div>\n<\/div>\n\n\n\n<p>El s\u00e1bado arrancar\u00e1 con una visita guiada al Monumento Natural Praia das Catedrais y una visita guiada de observaci\u00f3n de aves en la Praia de Arealonga. Durante el resto de la jornada continuar\u00e1n las ponencias en la sede del evento, en Barreiros, con un tercer bloque de charlas sobre patrimonio geol\u00f3gico y geoturismo que concluir\u00e1 con una mesa de debate en torno al uso tur\u00edstico y regulaci\u00f3n de accesos de la Praia das Catedrais antes de abordar el \u00faltimo bloque de conferencias, dedicado a conocer experiencias ecotur\u00edsticas de \u00e9xito. Como colof\u00f3n a la jornada del s\u00e1bado, sendas mesas coloquio sobre \u201cEl papel de las agencias de viaje de ecoturismo en el escenario del Corredor de Ecoturismo de la Espa\u00f1a Verde\u201d, y \u201cA Mari\u00f1a Lucense destino de ecoturismo. Sostenibilidad, recursos y expectativas\u201d. Este d\u00eda contar\u00e1 con una degustaci\u00f3n de productos de la Red de Productores de RURALtXA!<br>La \u00faltima ma\u00f1ana del Encuentro transcurrir\u00e1 en el campo, en la Serra do Xistral, donde los participantes tendr\u00e1n oportunidad de conocer la importancia de las turberas y su flora, y el sistema de brezales-caballos de la mano del proyecto RURALtXA!, as\u00ed como la situaci\u00f3n del lobo, de la mano de REBINXE, en esta espectacular sierra lucense.<\/p>\n\n\n<div class=\"wp-block-image\">\n<figure class=\"aligncenter size-large\"><img loading=\"lazy\" decoding=\"async\" width=\"1024\" height=\"927\" src=\"https:\/\/www.soyecoturista.com\/asociacion\/wp-content\/uploads\/2025\/02\/foto-chorlitejos-NW-A-Marina-002-1024x927.jpg\" alt=\"\" class=\"wp-image-46565\" srcset=\"https:\/\/www.soyecoturista.com\/asociacion\/wp-content\/uploads\/2025\/02\/foto-chorlitejos-NW-A-Marina-002-1024x927.jpg 1024w, https:\/\/www.soyecoturista.com\/asociacion\/wp-content\/uploads\/2025\/02\/foto-chorlitejos-NW-A-Marina-002-300x272.jpg 300w, https:\/\/www.soyecoturista.com\/asociacion\/wp-content\/uploads\/2025\/02\/foto-chorlitejos-NW-A-Marina-002-768x695.jpg 768w, https:\/\/www.soyecoturista.com\/asociacion\/wp-content\/uploads\/2025\/02\/foto-chorlitejos-NW-A-Marina-002-1536x1390.jpg 1536w, https:\/\/www.soyecoturista.com\/asociacion\/wp-content\/uploads\/2025\/02\/foto-chorlitejos-NW-A-Marina-002.jpg 2000w\" sizes=\"auto, (max-width: 1024px) 100vw, 1024px\" \/><\/figure>\n<\/div>\n\n\n<div class=\"wp-block-buttons is-layout-flex wp-block-buttons-is-layout-flex\"><\/div>\n\n\n\n<p><strong>Un evento comprometido<\/strong><\/p>\n\n\n\n<p>La educaci\u00f3n ambiental y la contribuci\u00f3n activa a la conservaci\u00f3n est\u00e1n \u00edntimamente ligados a la filosof\u00eda de natureWatch A Mari\u00f1a Lucense. En este sentido, un hecho importante es que los asistentes, con su inscripci\u00f3n, ayudar\u00e1n de forma activa a la conservaci\u00f3n de la biodiversidad, pues el 10% de la cuota va destinada \u00edntegramente a un proyecto de conservaci\u00f3n local gestionado por la organizaci\u00f3n para la conservaci\u00f3n del medio ambiente REBINXE. A este importe se a\u00f1adir\u00e1 los beneficios derivados de la exposici\u00f3n que llevar\u00e1 a cabo el artista gallego Jos\u00e9 Arcas.<\/p>\n\n\n\n<p>Por otra parte, al igual que ocurre en todas las ediciones de este evento, natureWatch A Mari\u00f1a Lucense 2025 ser\u00e1 certificado como evento con huella de carbono compensada, gracias al acuerdo con una empresa l\u00edder en sostenibilidad, que se encargar\u00e1 de calcular la huella de carbono generada, minimizarla y certificar su compensaci\u00f3n para que natureWatch sea un evento libre de emisiones. Siempre en pos de la sostenibilidad.<\/p>\n\n\n\n<p><strong>natureWatch A Mari\u00f1a Lucense 2025<\/strong> cuenta con el patrocinio del <strong>Plan de Sostenibilidad Tur\u00edstica en A Mari\u00f1a Lucense<\/strong>, con la direcci\u00f3n t\u00e9cnica de Alfonso Polvorinos (elecoturista.com) y Luis Frechilla (Daboecia Arte y Naturaleza), con la colaboraci\u00f3n especial del proyecto RURALtXA! y con el apoyo de distintas entidades, empresas del sector y asociaciones que colaboran de forma activa en la celebraci\u00f3n de este Encuentro natureWatch de muy diferentes maneras. Entre ellos, adem\u00e1s de los anteriormente mencionados, se encuentran: REBINXE (Recuperaci\u00f3n da Biodiversidade na Xeograf\u00eda Rural), Colectivo de Gastronom\u00eda da Mari\u00f1a, la revista multimedia El Ecoturista (elecoturista.com), Carbono Gesti\u00f3n o Soy Ecoturista.<\/p>\n\n\n\n<p><strong>Patrocinio gracias al Plan de Sostenibilidad Tur\u00edstica en A Mari\u00f1a Lucense<\/strong><\/p>\n\n\n\n<p>Esta acci\u00f3n est\u00e1 promovida por la Mancomunidad de Concellos de A Mari\u00f1a Lucense en el contexto del Plan de Sostenibilidad Tur\u00edstica en A Mari\u00f1a Lucense 2022-2024, cofinanciado por la propia Mancomunidad, la Xunta de Galicia y la Secretar\u00eda de Estado de Turismo<\/p>\n\n\n\n<p><strong>Colaboraci\u00f3n especial de RURALtXA!<\/strong><\/p>\n\n\n\n<p>RURALtXA! es un proyecto de impulso de la bioeconom\u00eda rural revalorizando la ganader\u00eda extensiva de monta\u00f1a vinculada a la conservaci\u00f3n de la biodiversidad, llevado a cabo por la Universidade da Coru\u00f1a, la Universidad de Santiago de Compostela y HAZI, que cuenta con el apoyo de la Fundaci\u00f3n Biodiversidad del Ministerio para la Transici\u00f3n Ecol\u00f3gica y el Reto Demogr\u00e1fico (MITECO) en el marco del Plan de Recuperaci\u00f3n, Transformaci\u00f3n y Resiliencia (PRTR), financiado por la Uni\u00f3n Europea \u2013 NextGenerationEU, y que recoge entre sus objetivos mejorar las capacidades locales\/regionales para el desarrollo de un ecoturismo basado en la biodiversidad y en las actividades tradicionales. RURALtXA! se lleva a cabo en diversas \u00e1reas piloto del Pa\u00eds Vasco y de Galicia, entre las que se incluye la Serra do Xistral y el espacio de la Red Natural 2000 Monte Maior que se localizan en la Comarca de A Mari\u00f1a.<\/p>\n\n\n\n<figure class=\"wp-block-image size-full\"><img loading=\"lazy\" decoding=\"async\" width=\"2000\" height=\"1893\" src=\"https:\/\/www.soyecoturista.com\/asociacion\/wp-content\/uploads\/2025\/02\/foto-caballos-002.jpg\" alt=\"\" class=\"wp-image-46564\" srcset=\"https:\/\/www.soyecoturista.com\/asociacion\/wp-content\/uploads\/2025\/02\/foto-caballos-002.jpg 2000w, https:\/\/www.soyecoturista.com\/asociacion\/wp-content\/uploads\/2025\/02\/foto-caballos-002-300x284.jpg 300w, https:\/\/www.soyecoturista.com\/asociacion\/wp-content\/uploads\/2025\/02\/foto-caballos-002-1024x969.jpg 1024w, https:\/\/www.soyecoturista.com\/asociacion\/wp-content\/uploads\/2025\/02\/foto-caballos-002-768x727.jpg 768w, https:\/\/www.soyecoturista.com\/asociacion\/wp-content\/uploads\/2025\/02\/foto-caballos-002-1536x1454.jpg 1536w\" sizes=\"auto, (max-width: 2000px) 100vw, 2000px\" \/><\/figure>\n\n\n\n<hr class=\"wp-block-separator has-alpha-channel-opacity\"\/>\n\n\n\n<p><strong>Sobre la Asociaci\u00f3n de Ecoturismo en Espa\u00f1a<\/strong><\/p>\n\n\n\n<p>La&nbsp;<a href=\"https:\/\/www.soyecoturista.com\/asociacion\/\" target=\"_blank\" rel=\"noreferrer noopener\">Asociaci\u00f3n de Ecoturismo en Espa\u00f1a<\/a>&nbsp;(AEE) es una asociaci\u00f3n sin \u00e1nimo de lucro y de car\u00e1cter p\u00fablico-privado creada en 2010 para fomentar el ecoturismo en los espacios protegidos y compuesta principalmente por asociaciones de empresarios de turismo ubicadas en espacios naturales, entidades gestoras de espacios protegidos, administraciones p\u00fablicas implicadas en la gesti\u00f3n tur\u00edstica de \u00e9stos, grupos de desarrollo rural, entidades de conservaci\u00f3n de la naturaleza, universidades y empresas especializadas en turismo.<\/p>\n\n\n\n<p>La AEE es la entidad que gestiona el club de producto Ecoturismo en Espa\u00f1a, con apoyo de la Secretar\u00eda de Estado de Turismo. Es una iniciativa pionera que ofrece experiencias de ecoturismo en espacios naturales protegidos, garantizando al viajero su contribuci\u00f3n al desarrollo local y a la conservaci\u00f3n de la biodiversidad. Actualmente agrupa 51 destinos y m\u00e1s de 800 empresas que, bajo la marca&nbsp;<a href=\"http:\/\/www.soyecoturista.com\/\" target=\"_blank\" rel=\"noreferrer noopener\">Soy Ecoturista<\/a>, asumen su compromiso con el desarrollo sostenible.<\/p>\n","protected":false},"excerpt":{"rendered":"<p>Tras la celebraci\u00f3n de una veintena de ediciones diferentes zonas del territorio nacional y el paso en 2022 por Mari\u00f1as Coru\u00f1esas (CEIDA), el encuentro de turismo de observaci\u00f3n de la [&hellip;]<\/p>\n","protected":false},"author":8,"featured_media":46563,"comment_status":"closed","ping_status":"closed","sticky":false,"template":"","format":"standard","meta":{"_acf_changed":false,"footnotes":""},"categories":[4],"tags":[39,1235,11,1239,1002,221],"class_list":["post-46544","post","type-post","status-publish","format-standard","has-post-thumbnail","hentry","category-noticias","tag-soyecoturista","tag-a-marina-lucense","tag-ecoturismo","tag-encuentro-turismo","tag-galicia","tag-naturewatch"],"acf":[],"_links":{"self":[{"href":"https:\/\/www.soyecoturista.com\/asociacion\/wp-json\/wp\/v2\/posts\/46544","targetHints":{"allow":["GET"]}}],"collection":[{"href":"https:\/\/www.soyecoturista.com\/asociacion\/wp-json\/wp\/v2\/posts"}],"about":[{"href":"https:\/\/www.soyecoturista.com\/asociacion\/wp-json\/wp\/v2\/types\/post"}],"author":[{"embeddable":true,"href":"https:\/\/www.soyecoturista.com\/asociacion\/wp-json\/wp\/v2\/users\/8"}],"replies":[{"embeddable":true,"href":"https:\/\/www.soyecoturista.com\/asociacion\/wp-json\/wp\/v2\/comments?post=46544"}],"version-history":[{"count":2,"href":"https:\/\/www.soyecoturista.com\/asociacion\/wp-json\/wp\/v2\/posts\/46544\/revisions"}],"predecessor-version":[{"id":46566,"href":"https:\/\/www.soyecoturista.com\/asociacion\/wp-json\/wp\/v2\/posts\/46544\/revisions\/46566"}],"wp:featuredmedia":[{"embeddable":true,"href":"https:\/\/www.soyecoturista.com\/asociacion\/wp-json\/wp\/v2\/media\/46563"}],"wp:attachment":[{"href":"https:\/\/www.soyecoturista.com\/asociacion\/wp-json\/wp\/v2\/media?parent=46544"}],"wp:term":[{"taxonomy":"category","embeddable":true,"href":"https:\/\/www.soyecoturista.com\/asociacion\/wp-json\/wp\/v2\/categories?post=46544"},{"taxonomy":"post_tag","embeddable":true,"href":"https:\/\/www.soyecoturista.com\/asociacion\/wp-json\/wp\/v2\/tags?post=46544"}],"curies":[{"name":"wp","href":"https:\/\/api.w.org\/{rel}","templated":true}]}}