{"id":46373,"date":"2025-02-17T12:06:51","date_gmt":"2025-02-17T11:06:51","guid":{"rendered":"https:\/\/www.soyecoturista.com\/asociacion\/?p=46373"},"modified":"2025-02-18T13:04:24","modified_gmt":"2025-02-18T12:04:24","slug":"marinas-corunesas-parte-ii","status":"publish","type":"post","link":"https:\/\/www.soyecoturista.com\/asociacion\/marinas-corunesas-parte-ii\/","title":{"rendered":"Descubre las Mari\u00f1as Coru\u00f1esas a trav\u00e9s de sus gentes (parte II)"},"content":{"rendered":"\n<p>Probablemente recuerdes el post que all\u00e1 por el mes de agosto te llevaba a <a href=\"https:\/\/www.soyecoturista.com\/asociacion\/descubre-marinas-corunesas\/\" target=\"_blank\" rel=\"noreferrer noopener\">descubrir las Mari\u00f1as Coru\u00f1esas a trav\u00e9s de sus gentes<\/a>. Si te gust\u00f3 esa primera parte, en la que habl\u00e1bamos de la <a href=\"https:\/\/soyecoturista.com\/es\/ecoturismo-marinas-corunesas\" target=\"_blank\" rel=\"noreferrer noopener\">Reserva de la Biosfera Mari\u00f1as Coru\u00f1esas<\/a> \u201ctierra adentro\u201d, seguro que esta entrega te va a gustar tambi\u00e9n, porque tendremos la perspectiva desde el mar, la r\u00eda de Betanzos y el r\u00edo Mandeo. \u00bfNos acompa\u00f1as a descubrirlo?<\/p>\n\n\n\n<p><strong>La importancia del agua<\/strong><\/p>\n\n\n<div class=\"wp-block-image\">\n<figure class=\"aligncenter size-large\"><img loading=\"lazy\" decoding=\"async\" width=\"1024\" height=\"683\" src=\"https:\/\/www.soyecoturista.com\/asociacion\/wp-content\/uploads\/2025\/02\/JRP_1464-1024x683.jpg\" alt=\"\" class=\"wp-image-46376\" srcset=\"https:\/\/www.soyecoturista.com\/asociacion\/wp-content\/uploads\/2025\/02\/JRP_1464-1024x683.jpg 1024w, https:\/\/www.soyecoturista.com\/asociacion\/wp-content\/uploads\/2025\/02\/JRP_1464-300x200.jpg 300w, https:\/\/www.soyecoturista.com\/asociacion\/wp-content\/uploads\/2025\/02\/JRP_1464-768x512.jpg 768w, https:\/\/www.soyecoturista.com\/asociacion\/wp-content\/uploads\/2025\/02\/JRP_1464-1536x1024.jpg 1536w, https:\/\/www.soyecoturista.com\/asociacion\/wp-content\/uploads\/2025\/02\/JRP_1464-2048x1365.jpg 2048w\" sizes=\"auto, (max-width: 1024px) 100vw, 1024px\" \/><\/figure>\n<\/div>\n\n\n<p>Paula Mart\u00ednez y Lolo Mosteiro, propietarios del restaurante A Artesa da Moza Crecha, nos reciben en Betanzos frente al amarre del catamar\u00e1n el\u00e9ctrico de la Reserva de Biosfera. All\u00ed nos encontramos tambi\u00e9n con Jos\u00e9 \u00c1ngel Paz, gu\u00eda de 77 Turismo Betanzos, quien resalta la importancia de que el catamar\u00e1n sea el\u00e9ctrico. Y es que, seg\u00fan nos dice, \u201cadem\u00e1s de eliminar las emisiones, permite no solo una mejor observaci\u00f3n, sino lo m\u00e1s importante: el bienestar de la fauna del r\u00edo\u201d. As\u00ed, la experiencia se abre paso a trav\u00e9s del patrimonio natural del r\u00edo Mandeo, mientras Jos\u00e9 \u00c1ngel nos habla de la innumerable flora y fauna que lo habita, destacado un gran n\u00famero de aves, que pueden verse con gafas de realidad aumentada 360\u00ba al tiempo que se degustan productos locales que se convierten, estos \u00faltimos, en el hilo conductor de lo que vemos a trav\u00e9s de todo el cauce del r\u00edo Mandeo y de la r\u00eda de Betanzos\u201d.<\/p>\n\n\n\n<p>Y es que el agua ha condicionado la vida de los habitantes de esta Reserva de la Biosfera desde hace siglos. En el r\u00edo Pelamios, afluente del Mandeo a la altura de Betanzos, la T\u00e9cnica de Turismo Elena Carro viaja al pasado para explicarnos lo que hay detr\u00e1s de los 25 molinos harineros, f\u00e1bricas de curtidos y lavaderos que enriquecen sus m\u00e1rgenes. \u201cEs una experiencia perfecta para toda la familia, pero especialmente para los ni\u00f1os, que pueden ver un modo de vida tradicional que casi se ha perdido\u201d, nos comenta.&nbsp;<\/p>\n\n\n\n<figure class=\"wp-block-image size-large\"><img loading=\"lazy\" decoding=\"async\" width=\"1024\" height=\"683\" src=\"https:\/\/www.soyecoturista.com\/asociacion\/wp-content\/uploads\/2025\/02\/JRP_1431-1-1024x683.jpg\" alt=\"\" class=\"wp-image-46381\" srcset=\"https:\/\/www.soyecoturista.com\/asociacion\/wp-content\/uploads\/2025\/02\/JRP_1431-1-1024x683.jpg 1024w, https:\/\/www.soyecoturista.com\/asociacion\/wp-content\/uploads\/2025\/02\/JRP_1431-1-300x200.jpg 300w, https:\/\/www.soyecoturista.com\/asociacion\/wp-content\/uploads\/2025\/02\/JRP_1431-1-768x512.jpg 768w, https:\/\/www.soyecoturista.com\/asociacion\/wp-content\/uploads\/2025\/02\/JRP_1431-1-1536x1024.jpg 1536w, https:\/\/www.soyecoturista.com\/asociacion\/wp-content\/uploads\/2025\/02\/JRP_1431-1-2048x1365.jpg 2048w\" sizes=\"auto, (max-width: 1024px) 100vw, 1024px\" \/><\/figure>\n\n\n\n<p>A orillas del embalse de Abegondo-Cecebre, llegamos a un puesto de observaci\u00f3n donde ornit\u00f3logos y aficionados anillan y estudian las aves de este ecosistema. Jos\u00e9 \u00c1ngel Paz nos cuenta en esta ocasi\u00f3n, que \u201ces sorprendente que en un espacio tan reducido podamos ver m\u00e1s 200 especies, entre las que hay petirrojos, mart\u00edn pescador, o el cuervo marino (cormor\u00e1n real), entre otras especies\u201d. Y a\u00f1ade que \u201crealizar esta experiencia en una de las zonas n\u00facleo de Mari\u00f1as Coru\u00f1esas, en un grupo peque\u00f1o y acompa\u00f1ado de un gu\u00eda, nos permite ser respetuosos con todas las especies, tanto de flora como de fauna, y poder conocer tanto la historia como la evoluci\u00f3n del lugar\u201d.&nbsp;<\/p>\n\n\n\n<p>La opci\u00f3n, y tambi\u00e9n la convicci\u00f3n, de viajar respetando y conservando nuestro destino viene, muchas veces, desde el conocimiento. Y como todo viaje junto al agua, la \u00faltima parada es la l\u00f3gica: el mar. As\u00ed, nuestro siguiente destino es el Aula do Mar, que se ubica en la antigua casa del farero de Los Faros de Mera. \u201cAll\u00ed se pueden ver todas las especies que pueblan una costa acantilada como la de Dexo\u201d, nos explica el bi\u00f3logo Sergio Par\u00eds. Aunque la fauna es casi inabarcable, comenta Sergio, \u201cla m\u00e1s representativa de estos acantilados, y especie amenazada, es el cormor\u00e1n mo\u00f1udo. Aunque pasa la mayor parte del tiempo en el mar, estos acantilados albergan las mayores colonias de cr\u00edas de esta especie en la pen\u00ednsula ib\u00e9rica\u201d. Seg\u00fan nos explica Sergio, \u201cla permanencia de estas especies est\u00e1 \u00edntimamente ligada a las medidas de gesti\u00f3n y desarrollo del territorio\u201d, de ah\u00ed su importancia.<\/p>\n\n\n\n<p>Desde ese conocimiento adquirido en el Aula do Mar, Xo\u00e1n Fonta\u00ed\u00f1a, gu\u00eda de la Cooperativa de Educaci\u00f3n Medioambiental, nos muestra ese h\u00e1bitat de los acantilados que se erigen sobre un oc\u00e9ano Atl\u00e1ntico que rompe con la torre de H\u00e9rcules de fondo. A lo largo de la experiencia, nos topamos con las llamadas \u2018furnas\u2019, que son unas peque\u00f1as cuevas marinas que se comunican con la superficie a modo de sif\u00f3n y que realmente llaman mucho la atenci\u00f3n. Pero, sobre todo, vamos descubriendo las innumerables especies que habitan esta zona, y nos explica Xo\u00e1n que \u201cotro aspecto diferencial de esta costa es un curioso fen\u00f3meno geol\u00f3gico, el Seixo Branco, que es una veta de cuarzo blanco que se extiende desde el fondo marino hasta la superficie, y que, durante muchos a\u00f1os, ha servido de referencia a pescadores que faenaban estas costas\u201d.<\/p>\n\n\n\n<p><strong>Educando en la Biosfera&nbsp;<\/strong><\/p>\n\n\n<div class=\"wp-block-image\">\n<figure class=\"aligncenter size-large\"><img loading=\"lazy\" decoding=\"async\" width=\"1024\" height=\"683\" src=\"https:\/\/www.soyecoturista.com\/asociacion\/wp-content\/uploads\/2025\/02\/JRP_8368-1-1024x683.jpg\" alt=\"\" class=\"wp-image-46375\" srcset=\"https:\/\/www.soyecoturista.com\/asociacion\/wp-content\/uploads\/2025\/02\/JRP_8368-1-1024x683.jpg 1024w, https:\/\/www.soyecoturista.com\/asociacion\/wp-content\/uploads\/2025\/02\/JRP_8368-1-300x200.jpg 300w, https:\/\/www.soyecoturista.com\/asociacion\/wp-content\/uploads\/2025\/02\/JRP_8368-1-768x512.jpg 768w, https:\/\/www.soyecoturista.com\/asociacion\/wp-content\/uploads\/2025\/02\/JRP_8368-1-1536x1024.jpg 1536w, https:\/\/www.soyecoturista.com\/asociacion\/wp-content\/uploads\/2025\/02\/JRP_8368-1-2048x1365.jpg 2048w\" sizes=\"auto, (max-width: 1024px) 100vw, 1024px\" \/><\/figure>\n<\/div>\n\n\n<p>Conocimiento del entorno, de su naturaleza y de sus ra\u00edces. Respeto y aprecio de los patrimonios culturales, inmateriales y naturales. Avistamiento de aves. Comida saludable y de proximidad. Parece un listado de conceptos ecoturistas reflejados en la Reserva de la Biosfera de Mari\u00f1as Coru\u00f1esas durante nuestro viaje, pero se trata de las l\u00edneas de actuaci\u00f3n de un proyecto: Educando na Biosfera.&nbsp;<\/p>\n\n\n\n<p>En palabras de Ignacio Garc\u00eda, t\u00e9cnico de Mari\u00f1as Coru\u00f1esas, \u201cse trata de un programa de actividades dirigidas a los centros educativos del territorio que pretende poner en valor los recursos naturales, culturales y etnogr\u00e1ficos\u201d. Desde que este programa comenzara en el a\u00f1o 2015, ha evolucionado pasando de charlas puntuales a talleres y salidas por el territorio con un gran n\u00famero de centros educativos. El objetivo es educar a los ni\u00f1os en el respeto, la conservaci\u00f3n y el desarrollo del medio en el que viven porque, asegura \u201clos m\u00e1s peque\u00f1os son los mejores transmisores de estos conceptos al resto de la sociedad\u201d.<\/p>\n\n\n<div class=\"wp-block-image\">\n<figure class=\"aligncenter size-large\"><img loading=\"lazy\" decoding=\"async\" width=\"1024\" height=\"683\" src=\"https:\/\/www.soyecoturista.com\/asociacion\/wp-content\/uploads\/2025\/02\/JRP_8441-1024x683.jpg\" alt=\"\" class=\"wp-image-46380\" srcset=\"https:\/\/www.soyecoturista.com\/asociacion\/wp-content\/uploads\/2025\/02\/JRP_8441-1024x683.jpg 1024w, https:\/\/www.soyecoturista.com\/asociacion\/wp-content\/uploads\/2025\/02\/JRP_8441-300x200.jpg 300w, https:\/\/www.soyecoturista.com\/asociacion\/wp-content\/uploads\/2025\/02\/JRP_8441-768x512.jpg 768w, https:\/\/www.soyecoturista.com\/asociacion\/wp-content\/uploads\/2025\/02\/JRP_8441-1536x1024.jpg 1536w, https:\/\/www.soyecoturista.com\/asociacion\/wp-content\/uploads\/2025\/02\/JRP_8441-2048x1365.jpg 2048w\" sizes=\"auto, (max-width: 1024px) 100vw, 1024px\" \/><\/figure>\n<\/div>\n\n\n<p>Pasado, presente y, sobre todo, futuro de un destino que deja a\u00fan, esperando entre sus naturales transcursos del agua, muchas otras experiencias que descubrir. Todas ellas, vinculadas en una impresionante red de empresas adheridas a Soy Ecoturista, que ha creado un ecosistema digno de la mejor definici\u00f3n de una Reserva de Biosfera.<\/p>\n\n\n\n<figure class=\"wp-block-embed is-type-video is-provider-youtube wp-block-embed-youtube wp-embed-aspect-16-9 wp-has-aspect-ratio\"><div class=\"wp-block-embed__wrapper\">\n<iframe loading=\"lazy\" title=\"Educando na Biosfera de Mari\u00f1as Coru\u00f1esas\" width=\"500\" height=\"281\" src=\"https:\/\/www.youtube.com\/embed\/vtlzlVYDDf8?feature=oembed&#038;enablejsapi=1&#038;origin=https:\/\/www.soyecoturista.com\" frameborder=\"0\" allow=\"accelerometer; autoplay; clipboard-write; encrypted-media; gyroscope; picture-in-picture; web-share\" referrerpolicy=\"strict-origin-when-cross-origin\" allowfullscreen><\/iframe>\n<\/div><\/figure>\n\n\n\n<p>No dejes escapar la oportunidad de descubrir este maravilloso territorio que es la Reserva de la Biosfera Mari\u00f1as Coru\u00f1esas y, ante todo, no dejes de involucrarte con los locales, que son quienes mejor conocen el territorio y te transmitir\u00e1n su pasi\u00f3n por \u00e9l.<\/p>\n","protected":false},"excerpt":{"rendered":"<p>Probablemente recuerdes el post que all\u00e1 por el mes de agosto te llevaba a descubrir las Mari\u00f1as Coru\u00f1esas a trav\u00e9s de sus gentes. Si te gust\u00f3 esa primera parte, en [&hellip;]<\/p>\n","protected":false},"author":5,"featured_media":46377,"comment_status":"closed","ping_status":"closed","sticky":false,"template":"","format":"standard","meta":{"_acf_changed":false,"footnotes":""},"categories":[3],"tags":[39,1221,11,33,82,1219,131,16,1223],"class_list":["post-46373","post","type-post","status-publish","format-standard","has-post-thumbnail","hentry","category-blog","tag-soyecoturista","tag-agua","tag-ecoturismo","tag-espacios-protegidos","tag-experiencias","tag-marinas","tag-marinas-corunesas-es","tag-naturaleza","tag-restaurante"],"acf":[],"_links":{"self":[{"href":"https:\/\/www.soyecoturista.com\/asociacion\/wp-json\/wp\/v2\/posts\/46373","targetHints":{"allow":["GET"]}}],"collection":[{"href":"https:\/\/www.soyecoturista.com\/asociacion\/wp-json\/wp\/v2\/posts"}],"about":[{"href":"https:\/\/www.soyecoturista.com\/asociacion\/wp-json\/wp\/v2\/types\/post"}],"author":[{"embeddable":true,"href":"https:\/\/www.soyecoturista.com\/asociacion\/wp-json\/wp\/v2\/users\/5"}],"replies":[{"embeddable":true,"href":"https:\/\/www.soyecoturista.com\/asociacion\/wp-json\/wp\/v2\/comments?post=46373"}],"version-history":[{"count":3,"href":"https:\/\/www.soyecoturista.com\/asociacion\/wp-json\/wp\/v2\/posts\/46373\/revisions"}],"predecessor-version":[{"id":46499,"href":"https:\/\/www.soyecoturista.com\/asociacion\/wp-json\/wp\/v2\/posts\/46373\/revisions\/46499"}],"wp:featuredmedia":[{"embeddable":true,"href":"https:\/\/www.soyecoturista.com\/asociacion\/wp-json\/wp\/v2\/media\/46377"}],"wp:attachment":[{"href":"https:\/\/www.soyecoturista.com\/asociacion\/wp-json\/wp\/v2\/media?parent=46373"}],"wp:term":[{"taxonomy":"category","embeddable":true,"href":"https:\/\/www.soyecoturista.com\/asociacion\/wp-json\/wp\/v2\/categories?post=46373"},{"taxonomy":"post_tag","embeddable":true,"href":"https:\/\/www.soyecoturista.com\/asociacion\/wp-json\/wp\/v2\/tags?post=46373"}],"curies":[{"name":"wp","href":"https:\/\/api.w.org\/{rel}","templated":true}]}}