{"id":46333,"date":"2025-01-31T09:11:23","date_gmt":"2025-01-31T08:11:23","guid":{"rendered":"https:\/\/www.soyecoturista.com\/asociacion\/?p=46333"},"modified":"2025-01-31T09:59:47","modified_gmt":"2025-01-31T08:59:47","slug":"eventos-diciembre-2025-aee","status":"publish","type":"post","link":"https:\/\/www.soyecoturista.com\/asociacion\/eventos-diciembre-2025-aee\/","title":{"rendered":"La Asociaci\u00f3n de Ecoturismo en Espa\u00f1a cierra el a\u00f1o con su presencia en dos eventos del sector."},"content":{"rendered":"\n<p><strong><strong>Expo AIRE &#8211; Feria Internacional de Espacios Naturales<\/strong><\/strong><\/p>\n\n\n\n<p>La segunda edici\u00f3n de la Feria Expo AIRE se celebr\u00f3 el 11&nbsp; y 12 de diciembre en C\u00f3rdoba, con un completo programa de conferencias y mesas de debate relacionadas con el \u00e1mbito de la conservaci\u00f3n de la naturaleza y el desarrollo econ\u00f3mico de los espacios protegidos. Amanda Guzm\u00e1n, Gerente de la Asociaci\u00f3n de Ecoturismo en Espa\u00f1a, particip\u00f3 en la mesa redonda titulada \u201cDescubriendo el ma\u00f1ana del turismo rural\u201d en el que se expusieron tres iniciativas innovadoras y sostenibles, y se plantearon los principales retos que tiene que enfrentar el sector. Compartiendo mesa con las mujeres al frente de la Asociaci\u00f3n Nacional de Coliving y Coworking y RUSTICAE, Amanda Guzm\u00e1n respondi\u00f3 a preguntas c\u00f3mo qu\u00e9 puede aportar el ecoturismo al turismo rural o si todo el turismo rural puede ser ecoturismo.&nbsp;<\/p>\n\n\n\n<p>Durante el debate se puso de manifiesto que uno de los principales retos del turismo rural ante la globalizaci\u00f3n, homogeneizaci\u00f3n y la impersonalizaci\u00f3n de algunas practicas tur\u00edsticas, es que mantenga su esencia y que los pueblos se mantengan vivos, es decir, mantentan su gente, sus tradiciones y otras actividades econ\u00f3micas. En este sentido, los principios del ecoturismo pueden ser la clave para mantener esa esencia, poniendo en valor l singularidad de su naturaleza, de sus paisajes, y contribuyendo a conservarla, as\u00ed como tratando de mejorar la forma de vida y econom\u00eda de sus pobladores. El ecoturismo es adem\u00e1s un potencial para la gran mayoria de las zonas rurales.<\/p>\n\n\n\n<p>Por otro lado, el otro gran reto destacado fue la comercializaci\u00f3n, la necesidad de profesionalizar, digitalizar y comercializar de forma directa el turismo rural, todos los servicios que lo componen, no s\u00f3lo el alojamiento. Esa es una batalla en la que se est\u00e1 centrando la Asociaci\u00f3n de Ecoturismo en Espa\u00f1a con su nueva plataforma de comercializaci\u00f3n <a href=\"http:\/\/www.soyecoturista.com\">www.soyecoturista.com<\/a>.<\/p>\n\n\n\n<p>Pr\u00f3ximamente se podr\u00e1 acceder a los v\u00eddeos de las conferencias y mesas de debate en la web del evento: <a href=\"https:\/\/expoaire.es\/\" target=\"_blank\" rel=\"noopener\">https:\/\/expoaire.es\/<\/a><\/p>\n\n\n\n<figure class=\"wp-block-gallery has-nested-images columns-default is-cropped wp-block-gallery-1 is-layout-flex wp-block-gallery-is-layout-flex\">\n<figure class=\"wp-block-image size-large\"><img loading=\"lazy\" decoding=\"async\" width=\"1024\" height=\"768\" data-id=\"46335\" src=\"https:\/\/www.soyecoturista.com\/asociacion\/wp-content\/uploads\/2025\/01\/AIRE_2025_02-1024x768.jpeg\" alt=\"\" class=\"wp-image-46335\" srcset=\"https:\/\/www.soyecoturista.com\/asociacion\/wp-content\/uploads\/2025\/01\/AIRE_2025_02-1024x768.jpeg 1024w, https:\/\/www.soyecoturista.com\/asociacion\/wp-content\/uploads\/2025\/01\/AIRE_2025_02-300x225.jpeg 300w, https:\/\/www.soyecoturista.com\/asociacion\/wp-content\/uploads\/2025\/01\/AIRE_2025_02-768x576.jpeg 768w, https:\/\/www.soyecoturista.com\/asociacion\/wp-content\/uploads\/2025\/01\/AIRE_2025_02-1536x1152.jpeg 1536w, https:\/\/www.soyecoturista.com\/asociacion\/wp-content\/uploads\/2025\/01\/AIRE_2025_02.jpeg 1600w\" sizes=\"auto, (max-width: 1024px) 100vw, 1024px\" \/><\/figure>\n\n\n\n<figure class=\"wp-block-image size-large\"><img loading=\"lazy\" decoding=\"async\" width=\"1024\" height=\"683\" data-id=\"46334\" src=\"https:\/\/www.soyecoturista.com\/asociacion\/wp-content\/uploads\/2025\/01\/Aire-2024_DSC0740-1024x683.jpg\" alt=\"\" class=\"wp-image-46334\" srcset=\"https:\/\/www.soyecoturista.com\/asociacion\/wp-content\/uploads\/2025\/01\/Aire-2024_DSC0740-1024x683.jpg 1024w, https:\/\/www.soyecoturista.com\/asociacion\/wp-content\/uploads\/2025\/01\/Aire-2024_DSC0740-300x200.jpg 300w, https:\/\/www.soyecoturista.com\/asociacion\/wp-content\/uploads\/2025\/01\/Aire-2024_DSC0740-768x512.jpg 768w, https:\/\/www.soyecoturista.com\/asociacion\/wp-content\/uploads\/2025\/01\/Aire-2024_DSC0740-1536x1024.jpg 1536w, https:\/\/www.soyecoturista.com\/asociacion\/wp-content\/uploads\/2025\/01\/Aire-2024_DSC0740-2048x1365.jpg 2048w\" sizes=\"auto, (max-width: 1024px) 100vw, 1024px\" \/><\/figure>\n<\/figure>\n\n\n\n<p><strong>Gala de experiencias tur\u00edsticas de Arag\u00f3n<\/strong><\/p>\n\n\n\n<p>El Palacio de Congresos de Zaragoza acogi\u00f3 el pasado 19 de diciembre la VIII Gala de Experiencias Tur\u00edsticas de Arag\u00f3n, en la que Ana Llano, Presidenta de la Asociaci\u00f3n de Ecoturismo en Espa\u00f1a, entreg\u00f3 el premio especial a la mejor experiencia de ecoturismo a&nbsp; \u2018Oleoturismo entre olivos recuperados de Oliete\u2018, una actividad inmersiva entre los olivares de la asociaci\u00f3n <a href=\"http:\/\/apadrinaunolivo.org\" target=\"_blank\" rel=\"noopener\">apadrinaunolivo.org<\/a>.&nbsp;&nbsp;<\/p>\n\n\n\n<p>Ana Llano aprovecho para recordar que el ecoturismo es la forma de turismo que permite mantener viva la espa\u00f1a rural, adem\u00e1s de ayudar a conservar su paisaje y su naturaleza, en las zonas d\u00f3nde el mayor valor son sus gentes, cultura y tradiciones, y agradece al Gobierno de Arag\u00f3n que reconozca e impulse el ecoturismo con una categor\u00eda espec\u00edfica en su entrega de premios anual a las mejores experiencias tur\u00edsticas de Arag\u00f3n.<\/p>\n\n\n\n<p>Puedes ver la gala completa <a href=\"https:\/\/www.youtube.com\/watch?v=gI15WgN7FZQ\" target=\"_blank\" rel=\"noopener\">AQUI <\/a>(Premio a la mejor experiencia de ecoturismo de Arag\u00f3n en el minuto 1:39)<\/p>\n\n\n\n<figure class=\"wp-block-gallery has-nested-images columns-default is-cropped wp-block-gallery-2 is-layout-flex wp-block-gallery-is-layout-flex\">\n<figure class=\"wp-block-image\"><img loading=\"lazy\" decoding=\"async\" width=\"1211\" height=\"720\" data-id=\"46337\" src=\"https:\/\/www.soyecoturista.com\/asociacion\/wp-content\/uploads\/2025\/01\/Premio_Experiencia_Ecoturismo_Aragon_2025.png\" alt=\"\" class=\"wp-image-46337\" srcset=\"https:\/\/www.soyecoturista.com\/asociacion\/wp-content\/uploads\/2025\/01\/Premio_Experiencia_Ecoturismo_Aragon_2025.png 1211w, https:\/\/www.soyecoturista.com\/asociacion\/wp-content\/uploads\/2025\/01\/Premio_Experiencia_Ecoturismo_Aragon_2025-300x178.png 300w, https:\/\/www.soyecoturista.com\/asociacion\/wp-content\/uploads\/2025\/01\/Premio_Experiencia_Ecoturismo_Aragon_2025-1024x609.png 1024w, https:\/\/www.soyecoturista.com\/asociacion\/wp-content\/uploads\/2025\/01\/Premio_Experiencia_Ecoturismo_Aragon_2025-768x457.png 768w\" sizes=\"auto, (max-width: 1211px) 100vw, 1211px\" \/><\/figure>\n\n\n\n<figure class=\"wp-block-image\"><img loading=\"lazy\" decoding=\"async\" width=\"1080\" height=\"675\" data-id=\"46336\" src=\"https:\/\/www.soyecoturista.com\/asociacion\/wp-content\/uploads\/2025\/01\/gala-experiencia-turistica-2024.jpg\" alt=\"\" class=\"wp-image-46336\" srcset=\"https:\/\/www.soyecoturista.com\/asociacion\/wp-content\/uploads\/2025\/01\/gala-experiencia-turistica-2024.jpg 1080w, https:\/\/www.soyecoturista.com\/asociacion\/wp-content\/uploads\/2025\/01\/gala-experiencia-turistica-2024-300x188.jpg 300w, https:\/\/www.soyecoturista.com\/asociacion\/wp-content\/uploads\/2025\/01\/gala-experiencia-turistica-2024-1024x640.jpg 1024w, https:\/\/www.soyecoturista.com\/asociacion\/wp-content\/uploads\/2025\/01\/gala-experiencia-turistica-2024-768x480.jpg 768w\" sizes=\"auto, (max-width: 1080px) 100vw, 1080px\" \/><\/figure>\n<\/figure>\n\n\n\n<hr class=\"wp-block-separator has-alpha-channel-opacity\"\/>\n\n\n\n<p><strong>Sobre la Asociaci\u00f3n de Ecoturismo en Espa\u00f1a<\/strong><\/p>\n\n\n\n<p>La&nbsp;<a href=\"https:\/\/www.soyecoturista.com\/asociacion\/\" target=\"_blank\" rel=\"noreferrer noopener\">Asociaci\u00f3n de Ecoturismo en Espa\u00f1a<\/a>&nbsp;(AEE) es una asociaci\u00f3n sin \u00e1nimo de lucro y de car\u00e1cter p\u00fablico-privado creada en 2010 para fomentar el ecoturismo en los espacios protegidos y compuesta principalmente por asociaciones de empresarios de turismo ubicadas en espacios naturales, entidades gestoras de espacios protegidos, administraciones p\u00fablicas implicadas en la gesti\u00f3n tur\u00edstica de \u00e9stos, grupos de desarrollo rural, entidades de conservaci\u00f3n de la naturaleza, universidades y empresas especializadas en turismo.<\/p>\n\n\n\n<p>La AEE es la entidad que gestiona el club de producto Ecoturismo en Espa\u00f1a, con apoyo de la Secretar\u00eda de Estado de Turismo. Es una iniciativa pionera que ofrece experiencias de ecoturismo en espacios naturales protegidos, garantizando al viajero su contribuci\u00f3n al desarrollo local y a la conservaci\u00f3n de la biodiversidad. Actualmente agrupa 51 destinos y m\u00e1s de 800 empresas que, bajo la marca&nbsp;<a href=\"http:\/\/www.soyecoturista.com\/\" target=\"_blank\" rel=\"noreferrer noopener\">Soy Ecoturista<\/a>, asumen su compromiso con el desarrollo sostenible.<\/p>\n","protected":false},"excerpt":{"rendered":"<p>Expo AIRE &#8211; Feria Internacional de Espacios Naturales La segunda edici\u00f3n de la Feria Expo AIRE se celebr\u00f3 el 11&nbsp; y 12 de diciembre en C\u00f3rdoba, con un completo programa [&hellip;]<\/p>\n","protected":false},"author":7,"featured_media":46334,"comment_status":"closed","ping_status":"closed","sticky":false,"template":"","format":"standard","meta":{"_acf_changed":false,"footnotes":""},"categories":[4],"tags":[39,203,9,11,1205],"class_list":["post-46333","post","type-post","status-publish","format-standard","has-post-thumbnail","hentry","category-noticias","tag-soyecoturista","tag-aragon","tag-club-ecoturismo","tag-ecoturismo","tag-feria-aire-2"],"acf":[],"_links":{"self":[{"href":"https:\/\/www.soyecoturista.com\/asociacion\/wp-json\/wp\/v2\/posts\/46333","targetHints":{"allow":["GET"]}}],"collection":[{"href":"https:\/\/www.soyecoturista.com\/asociacion\/wp-json\/wp\/v2\/posts"}],"about":[{"href":"https:\/\/www.soyecoturista.com\/asociacion\/wp-json\/wp\/v2\/types\/post"}],"author":[{"embeddable":true,"href":"https:\/\/www.soyecoturista.com\/asociacion\/wp-json\/wp\/v2\/users\/7"}],"replies":[{"embeddable":true,"href":"https:\/\/www.soyecoturista.com\/asociacion\/wp-json\/wp\/v2\/comments?post=46333"}],"version-history":[{"count":2,"href":"https:\/\/www.soyecoturista.com\/asociacion\/wp-json\/wp\/v2\/posts\/46333\/revisions"}],"predecessor-version":[{"id":46340,"href":"https:\/\/www.soyecoturista.com\/asociacion\/wp-json\/wp\/v2\/posts\/46333\/revisions\/46340"}],"wp:featuredmedia":[{"embeddable":true,"href":"https:\/\/www.soyecoturista.com\/asociacion\/wp-json\/wp\/v2\/media\/46334"}],"wp:attachment":[{"href":"https:\/\/www.soyecoturista.com\/asociacion\/wp-json\/wp\/v2\/media?parent=46333"}],"wp:term":[{"taxonomy":"category","embeddable":true,"href":"https:\/\/www.soyecoturista.com\/asociacion\/wp-json\/wp\/v2\/categories?post=46333"},{"taxonomy":"post_tag","embeddable":true,"href":"https:\/\/www.soyecoturista.com\/asociacion\/wp-json\/wp\/v2\/tags?post=46333"}],"curies":[{"name":"wp","href":"https:\/\/api.w.org\/{rel}","templated":true}]}}