{"id":46311,"date":"2025-01-30T13:32:03","date_gmt":"2025-01-30T12:32:03","guid":{"rendered":"https:\/\/www.soyecoturista.com\/asociacion\/?p=46311"},"modified":"2025-01-31T08:14:18","modified_gmt":"2025-01-31T07:14:18","slug":"novedades-presentadas-en-fitur-2025","status":"publish","type":"post","link":"https:\/\/www.soyecoturista.com\/asociacion\/novedades-presentadas-en-fitur-2025\/","title":{"rendered":"Novedades presentadas en FITUR 2025: avances del club de producto Ecoturismo en Espa\u00f1a y su plataforma de comercializaci\u00f3n."},"content":{"rendered":"\n<p>Este a\u00f1o, FITUR ha sido nuevamente fundamental para la Asociaci\u00f3n de Ecoturismo en Espa\u00f1a, donde pudieron presentar los avances y novedades del club de Producto Ecoturismo en Espa\u00f1a y su marca Soy Ecoturista, as\u00ed como mantener reuniones clave para seguir tejiendo colaboraciones que contribuyan a su impulso.<\/p>\n\n\n\n<p>El evento principal de la Asociaci\u00f3n se celebr\u00f3 en el stand de Turespa\u00f1a, esta vez en la sala \u00c1gora, con un aforo para 90 personas, que se complet\u00f3, dejando incluso a algunas personas sin poder acceder, lo que demuestra la importancia y el inter\u00e9s que despierta el producto Ecoturismo en Espa\u00f1a.<\/p>\n\n\n\n<p>Desde la Asociaci\u00f3n, agradecemos la colaboraci\u00f3n y el apoyo constante de la Secretar\u00eda de Estado de Turismo, as\u00ed como la oportunidad de presentar nuestros avances y novedades cada a\u00f1o en FITUR, en el stand de Turespa\u00f1a.<\/p>\n\n\n\n<div class=\"wp-block-buttons is-content-justification-center is-layout-flex wp-container-core-buttons-is-layout-16018d1d wp-block-buttons-is-layout-flex\">\n<div class=\"wp-block-button\"><a class=\"wp-block-button__link has-text-align-center wp-element-button\" href=\"https:\/\/www.youtube.com\/watch?v=c9q69V91SMM\" target=\"_blank\" rel=\"noreferrer noopener\">VIDEO DEL ACTO<\/a><\/div>\n<\/div>\n\n\n\n<p>Este apoyo se manifest\u00f3 tambi\u00e9n con la presencia de<strong> Ana Mu\u00f1oz, Directora General de Pol\u00edticas Tur\u00edsticas de la Secretar\u00eda de Estado de Turismo<\/strong>. Ana Mu\u00f1oz enfatiz\u00f3 la colaboraci\u00f3n fluida que, desde hace muchos a\u00f1os, mantiene la Secretar\u00eda con la Asociaci\u00f3n de Ecoturismo en Espa\u00f1a y c\u00f3mo este producto contribuye a desestacionalizar y desconcentrar el turismo, fortaleciendo las zonas rurales y la colaboraci\u00f3n p\u00fablico-privada.<\/p>\n\n\n\n<p>Asimismo, destac\u00f3 que el club de Producto Ecoturismo en Espa\u00f1a es una herramienta fundamental para demostrar el compromiso de Espa\u00f1a con la sostenibilidad y la conservaci\u00f3n del patrimonio natural. Adem\u00e1s, se\u00f1al\u00f3 que el perfil del ecoturista eleva el gasto tur\u00edstico medio y mejora la rentabilidad de los alojamientos de turismo rural, as\u00ed como de toda la cadena de valor de este producto, en la que predominan peque\u00f1os empresarios, resaltando la importancia de sus redes.<\/p>\n\n\n\n<p>Por \u00faltimo, manifest\u00f3 su gran satisfacci\u00f3n al ver c\u00f3mo los fondos Next Generation est\u00e1n sirviendo para impulsar iniciativas como esta, que generan resultados tangibles y contribuyen al fortalecimiento de estas redes y sus logros.<\/p>\n\n\n\n<p>A continuaci\u00f3n<strong>, Ana Llano, presidenta de la Asociaci\u00f3n de Ecoturismo en Espa\u00f1a<\/strong>, present\u00f3 algunos de los principales<strong> avances del club de Producto<\/strong>, una red en continuo crecimiento que ya alcanza los 51 destinos de ecoturismo y m\u00e1s de 800 empresas adheridas. A trav\u00e9s de su marca Soy Ecoturista, esta red ofrece el mayor escaparate de experiencias de ecoturismo certificado en espacios protegidos de Espa\u00f1a, garantizando que, al disfrutarlas, se contribuye a su conservaci\u00f3n y al desarrollo local.<\/p>\n\n\n\n<p>La Asociaci\u00f3n sigue incorporando nuevos socios con paso firme y ha renovado recientemente su Junta Directiva, manteniendo a empresarios al frente. Ana Llano tambi\u00e9n record\u00f3 la importancia de diversas l\u00edneas de trabajo que se desarrollan con el apoyo de la Secretar\u00eda de Estado de Turismo, como el Observatorio de Ecoturismo en Espa\u00f1a, que publicar\u00e1 sus informes con los datos de 2024 en febrero; el Congreso Nacional de Ecoturismo, cuyas ponencias, mesas redondas y presentaciones de experiencias de su s\u00e9ptima edici\u00f3n, celebrada en octubre en el Geoparque de la Costa Vasca, ya est\u00e1n disponibles en su web; y el plan de promoci\u00f3n internacional en colaboraci\u00f3n con Turespa\u00f1a, que permite dar visibilidad al producto mediante marketing online, viajes de operadores y prensa, as\u00ed como eventos de difusi\u00f3n y contrataci\u00f3n con operadores especializados.<\/p>\n\n\n\n<p>Finalmente, destac\u00f3 dos proyectos de la convocatoria de Experiencias Turismo Espa\u00f1a que tambi\u00e9n contribuir\u00e1n al impulso del ecoturismo. El primero es el <strong>Corredor de Ecoturismo de la Espa\u00f1a Verde<\/strong>, impulsado por cuatro comunidades aut\u00f3nomas (Asturias, Cantabria, Galicia y Pa\u00eds Vasco), que se ha convertido en la mayor ruta de ecoturismo de Europa, con la participaci\u00f3n de 267 empresas adheridas a &#8220;Soy Ecoturista&#8221;. El segundo es el proyecto de <strong>Experiencias de Ecoturismo Cient\u00edfico en Espa\u00f1a<\/strong>, que ya ha dise\u00f1ado 24 experiencias en 15 espacios protegidos. Estas experiencias permiten conocer historias de \u00e9xito en la conservaci\u00f3n de cinco especies emblem\u00e1ticas y diversos h\u00e1bitats de Espa\u00f1a, de la mano de sus protagonistas: fundaciones dedicadas a la conservaci\u00f3n de la naturaleza y empresas comprometidas de forma pr\u00e1ctica con su preservaci\u00f3n. Toda la informaci\u00f3n est\u00e1 disponible en la web y en la app del proyecto.<\/p>\n\n\n\n<p>Por \u00faltimo,<strong> Amanda Guzm\u00e1n, gerente de la Asociaci\u00f3n de Ecoturismo en Espa\u00f1a<\/strong>, present\u00f3 los resultados alcanzados hasta el momento con el proyecto <strong>&#8220;Sostenibilidad y Digitalizaci\u00f3n de la Red de Experiencias Ecoturismo en Espa\u00f1a&#8221;<\/strong>, financiado con fondos Next Generation a trav\u00e9s de la convocatoria de Experiencias Ecoturismo Espa\u00f1a de la Secretar\u00eda de Estado de Turismo, que est\u00e1 contribuyendo a la digitalizaci\u00f3n y mejora del trabajo en red, del sistema de garant\u00edas y de la visibilidad de la Asociaci\u00f3n. Destac\u00f3 la nueva imagen de marca, as\u00ed como los nuevos materiales y herramientas de comunicaci\u00f3n, y sobre todo la plataforma web que, por fin, permitir\u00e1 tambi\u00e9n la comercializaci\u00f3n de las experiencias de aut\u00e9ntico ecoturismo en Espa\u00f1a.<\/p>\n\n\n\n<p>El principal resultado es la plataforma de comercializaci\u00f3n<a href=\"http:\/\/www.soyecoturista.com\"> <strong>www.soyecoturista.com<\/strong><\/a>, que se lanz\u00f3 en febrero de 2024 y, desde entonces, se ha estado trabajando en su desarrollo, estructura y carga de contenidos y producto. Actualmente, ya cuenta con informaci\u00f3n de utilidad para los ecoturistas sobre 38 destinos de ecoturismo certificados, adem\u00e1s de la posibilidad de reservar directamente con empresas certificadas los servicios de 148 alojamientos, 295 actividades de ecoturismo, 13 escapadas y 17 restaurantes.<\/p>\n\n\n\n<p>El siguiente reto en el que se va a trabajar, y que se espera mejorar considerablemente al finalizar el proyecto, es la oferta de producto reservable online, que actualmente alcanza el 45 % en los alojamientos y el 25 % en las actividades. La digitalizaci\u00f3n sigue siendo un desaf\u00edo tanto para el club de producto Ecoturismo en Espa\u00f1a como para el sector en general.<\/p>\n\n\n\n<p>Sin embargo, lo m\u00e1s importante es que <strong>Soy Ecoturista ha dado el salto de la promoci\u00f3n a la venta<\/strong>, logrando sus primeras reservas incluso en pleno proceso de desarrollo de la plataforma. Tambi\u00e9n se han destacado los buenos resultados del plan de marketing financiado con el proyecto, que ha aumentado el alcance y la visibilidad de la marca y la plataforma mediante acciones de comunicaci\u00f3n y marketing online. En esta l\u00ednea, se continuar\u00e1 trabajando para incrementar las reservas, siendo conscientes de la complejidad del mercado y de la competencia con grandes marcas y OTAs.<\/p>\n\n\n\n<p>Por ello, para lograr un buen posicionamiento, ser\u00e1 clave reforzar la implicaci\u00f3n de toda la red p\u00fablico-privada del club de producto.<\/p>\n\n\n\n<p>Tambi\u00e9n se ha trabajado internamente con la red de empresas, gestores de destinos y espacios protegidos en la definici\u00f3n de qu\u00e9 actividades pueden incorporarse a la plataforma y en los criterios de sostenibilidad que deben cumplir las experiencias para poder ofrecerse en <strong>Soy Ecoturista<\/strong> como aut\u00e9ntico ecoturismo. Estas directrices ser\u00e1n recogidas en una gu\u00eda que la Asociaci\u00f3n de Ecoturismo en Espa\u00f1a publicar\u00e1 como resultado del proyecto y que servir\u00e1 de referencia para todo el sector. En un momento en el que todo se vende como ecoturismo porque est\u00e1 de moda, es m\u00e1s necesario que nunca garantizar al consumidor m\u00e1s comprometido la autenticidad y las garant\u00edas adecuadas.<\/p>\n\n\n\n<p>El proyecto finaliza en junio de 2025, pero no ser\u00e1 un cierre, sino un nuevo comienzo. La Asociaci\u00f3n de Ecoturismo en Espa\u00f1a enfocar\u00e1 todos sus esfuerzos y las herramientas desarrolladas en la consecuci\u00f3n de su principal objetivo: lograr que este producto sea verdaderamente rentable para las empresas y, al mismo tiempo, beneficioso para la conservaci\u00f3n de la naturaleza y el desarrollo local en nuestros espacios protegidos.<\/p>\n\n\n\n<h3 class=\"wp-block-heading\"><strong>Sistema de Reconocimiento de la Sostenibilidad del Turismo de Naturaleza en la Red Natura 2000<\/strong><\/h3>\n\n\n\n<p>En el marco de este sistema de reconocimiento, el 22 de enero, de 18:00 a 18:30, se celebr\u00f3 en el stand de TURESPA\u00d1A el <strong>acto de entrega de certificados de adhesi\u00f3n de empresas<\/strong> al <strong>Sistema de Reconocimiento de la Sostenibilidad del Turismo de Naturaleza en la Red Natura 2000<\/strong>, organizado por el Ministerio para la Transici\u00f3n Ecol\u00f3gica y el Reto Demogr\u00e1fico (MITECO) y la Secretar\u00eda de Estado de Turismo. La Asociaci\u00f3n de Ecoturismo en Espa\u00f1a estuvo presente en el evento, apoyando a las empresas adheridas y poniendo en valor su compromiso con la sostenibilidad y el ecoturismo. En este acto, se otorgaron los distintivos a 19 empresas de destinos adheridos a Soy Ecoturista: 15 de Euskadi, pertenecientes a los parques naturales de Izki, Gorbeia y Valderejo, y 4 de la Sierra Norte de Guadalajara.<\/p>\n\n\n\n<p>A continuaci\u00f3n se comparte una galer\u00eda de im\u00e1genes que muestra la actividad de la Asociaci\u00f3n de Ecoturismo en Espa\u00f1a y sus socios en FITUR 2025.&nbsp;<\/p>\n\n\n\n<figure class=\"wp-block-gallery has-nested-images columns-default is-cropped wp-block-gallery-1 is-layout-flex wp-block-gallery-is-layout-flex\">\n<figure class=\"wp-block-image size-large\"><img loading=\"lazy\" decoding=\"async\" width=\"1024\" height=\"768\" data-id=\"46325\" src=\"https:\/\/www.soyecoturista.com\/asociacion\/wp-content\/uploads\/2025\/01\/Acto_FITUR_2025_AEE_01-1024x768.jpg\" alt=\"\" class=\"wp-image-46325\" srcset=\"https:\/\/www.soyecoturista.com\/asociacion\/wp-content\/uploads\/2025\/01\/Acto_FITUR_2025_AEE_01-1024x768.jpg 1024w, https:\/\/www.soyecoturista.com\/asociacion\/wp-content\/uploads\/2025\/01\/Acto_FITUR_2025_AEE_01-300x225.jpg 300w, https:\/\/www.soyecoturista.com\/asociacion\/wp-content\/uploads\/2025\/01\/Acto_FITUR_2025_AEE_01-768x576.jpg 768w, https:\/\/www.soyecoturista.com\/asociacion\/wp-content\/uploads\/2025\/01\/Acto_FITUR_2025_AEE_01-1536x1152.jpg 1536w, https:\/\/www.soyecoturista.com\/asociacion\/wp-content\/uploads\/2025\/01\/Acto_FITUR_2025_AEE_01-2048x1536.jpg 2048w\" sizes=\"auto, (max-width: 1024px) 100vw, 1024px\" \/><\/figure>\n\n\n\n<figure class=\"wp-block-image size-large\"><img loading=\"lazy\" decoding=\"async\" width=\"1024\" height=\"768\" data-id=\"46326\" src=\"https:\/\/www.soyecoturista.com\/asociacion\/wp-content\/uploads\/2025\/01\/Acto_FITUR_2025_AEE_02-1024x768.jpg\" alt=\"\" class=\"wp-image-46326\" srcset=\"https:\/\/www.soyecoturista.com\/asociacion\/wp-content\/uploads\/2025\/01\/Acto_FITUR_2025_AEE_02-1024x768.jpg 1024w, https:\/\/www.soyecoturista.com\/asociacion\/wp-content\/uploads\/2025\/01\/Acto_FITUR_2025_AEE_02-300x225.jpg 300w, https:\/\/www.soyecoturista.com\/asociacion\/wp-content\/uploads\/2025\/01\/Acto_FITUR_2025_AEE_02-768x576.jpg 768w, https:\/\/www.soyecoturista.com\/asociacion\/wp-content\/uploads\/2025\/01\/Acto_FITUR_2025_AEE_02-1536x1152.jpg 1536w, https:\/\/www.soyecoturista.com\/asociacion\/wp-content\/uploads\/2025\/01\/Acto_FITUR_2025_AEE_02-2048x1536.jpg 2048w\" sizes=\"auto, (max-width: 1024px) 100vw, 1024px\" \/><\/figure>\n\n\n\n<figure class=\"wp-block-image size-large\"><img loading=\"lazy\" decoding=\"async\" width=\"1024\" height=\"768\" data-id=\"46327\" src=\"https:\/\/www.soyecoturista.com\/asociacion\/wp-content\/uploads\/2025\/01\/Acto_FITUR_2025_AEE_03-1024x768.jpg\" alt=\"\" class=\"wp-image-46327\" srcset=\"https:\/\/www.soyecoturista.com\/asociacion\/wp-content\/uploads\/2025\/01\/Acto_FITUR_2025_AEE_03-1024x768.jpg 1024w, https:\/\/www.soyecoturista.com\/asociacion\/wp-content\/uploads\/2025\/01\/Acto_FITUR_2025_AEE_03-300x225.jpg 300w, https:\/\/www.soyecoturista.com\/asociacion\/wp-content\/uploads\/2025\/01\/Acto_FITUR_2025_AEE_03-768x576.jpg 768w, https:\/\/www.soyecoturista.com\/asociacion\/wp-content\/uploads\/2025\/01\/Acto_FITUR_2025_AEE_03-1536x1152.jpg 1536w, https:\/\/www.soyecoturista.com\/asociacion\/wp-content\/uploads\/2025\/01\/Acto_FITUR_2025_AEE_03-2048x1536.jpg 2048w\" sizes=\"auto, (max-width: 1024px) 100vw, 1024px\" \/><\/figure>\n\n\n\n<figure class=\"wp-block-image size-large\"><img loading=\"lazy\" decoding=\"async\" width=\"1024\" height=\"768\" data-id=\"46324\" src=\"https:\/\/www.soyecoturista.com\/asociacion\/wp-content\/uploads\/2025\/01\/FITUR2025_Reunion_AEE_RBMarinas_01-1024x768.jpeg\" alt=\"\" class=\"wp-image-46324\" srcset=\"https:\/\/www.soyecoturista.com\/asociacion\/wp-content\/uploads\/2025\/01\/FITUR2025_Reunion_AEE_RBMarinas_01-1024x768.jpeg 1024w, https:\/\/www.soyecoturista.com\/asociacion\/wp-content\/uploads\/2025\/01\/FITUR2025_Reunion_AEE_RBMarinas_01-300x225.jpeg 300w, https:\/\/www.soyecoturista.com\/asociacion\/wp-content\/uploads\/2025\/01\/FITUR2025_Reunion_AEE_RBMarinas_01-768x576.jpeg 768w, https:\/\/www.soyecoturista.com\/asociacion\/wp-content\/uploads\/2025\/01\/FITUR2025_Reunion_AEE_RBMarinas_01-1536x1152.jpeg 1536w, https:\/\/www.soyecoturista.com\/asociacion\/wp-content\/uploads\/2025\/01\/FITUR2025_Reunion_AEE_RBMarinas_01.jpeg 2048w\" sizes=\"auto, (max-width: 1024px) 100vw, 1024px\" \/><\/figure>\n\n\n\n<figure class=\"wp-block-image size-large\"><img loading=\"lazy\" decoding=\"async\" width=\"1024\" height=\"683\" data-id=\"46323\" src=\"https:\/\/www.soyecoturista.com\/asociacion\/wp-content\/uploads\/2025\/01\/FITUR2025_Presentacion_Marinas_01-1024x683.jpg\" alt=\"\" class=\"wp-image-46323\" srcset=\"https:\/\/www.soyecoturista.com\/asociacion\/wp-content\/uploads\/2025\/01\/FITUR2025_Presentacion_Marinas_01-1024x683.jpg 1024w, https:\/\/www.soyecoturista.com\/asociacion\/wp-content\/uploads\/2025\/01\/FITUR2025_Presentacion_Marinas_01-300x200.jpg 300w, https:\/\/www.soyecoturista.com\/asociacion\/wp-content\/uploads\/2025\/01\/FITUR2025_Presentacion_Marinas_01-768x512.jpg 768w, https:\/\/www.soyecoturista.com\/asociacion\/wp-content\/uploads\/2025\/01\/FITUR2025_Presentacion_Marinas_01.jpg 1080w\" sizes=\"auto, (max-width: 1024px) 100vw, 1024px\" \/><\/figure>\n\n\n\n<figure class=\"wp-block-image size-large\"><img loading=\"lazy\" decoding=\"async\" width=\"1024\" height=\"576\" data-id=\"46322\" src=\"https:\/\/www.soyecoturista.com\/asociacion\/wp-content\/uploads\/2025\/01\/FITUR2025_Presentacion_LaSiberia_01-1024x576.jpg\" alt=\"\" class=\"wp-image-46322\" srcset=\"https:\/\/www.soyecoturista.com\/asociacion\/wp-content\/uploads\/2025\/01\/FITUR2025_Presentacion_LaSiberia_01-1024x576.jpg 1024w, https:\/\/www.soyecoturista.com\/asociacion\/wp-content\/uploads\/2025\/01\/FITUR2025_Presentacion_LaSiberia_01-300x169.jpg 300w, https:\/\/www.soyecoturista.com\/asociacion\/wp-content\/uploads\/2025\/01\/FITUR2025_Presentacion_LaSiberia_01-768x432.jpg 768w, https:\/\/www.soyecoturista.com\/asociacion\/wp-content\/uploads\/2025\/01\/FITUR2025_Presentacion_LaSiberia_01-1536x864.jpg 1536w, https:\/\/www.soyecoturista.com\/asociacion\/wp-content\/uploads\/2025\/01\/FITUR2025_Presentacion_LaSiberia_01-2048x1152.jpg 2048w\" sizes=\"auto, (max-width: 1024px) 100vw, 1024px\" \/><\/figure>\n\n\n\n<figure class=\"wp-block-image size-large\"><img loading=\"lazy\" decoding=\"async\" width=\"1024\" height=\"576\" data-id=\"46321\" src=\"https:\/\/www.soyecoturista.com\/asociacion\/wp-content\/uploads\/2025\/01\/FITUR2025_Desayuno_Lebaniego_02-1024x576.jpg\" alt=\"\" class=\"wp-image-46321\" srcset=\"https:\/\/www.soyecoturista.com\/asociacion\/wp-content\/uploads\/2025\/01\/FITUR2025_Desayuno_Lebaniego_02-1024x576.jpg 1024w, https:\/\/www.soyecoturista.com\/asociacion\/wp-content\/uploads\/2025\/01\/FITUR2025_Desayuno_Lebaniego_02-300x169.jpg 300w, https:\/\/www.soyecoturista.com\/asociacion\/wp-content\/uploads\/2025\/01\/FITUR2025_Desayuno_Lebaniego_02-768x432.jpg 768w, https:\/\/www.soyecoturista.com\/asociacion\/wp-content\/uploads\/2025\/01\/FITUR2025_Desayuno_Lebaniego_02-1536x864.jpg 1536w, https:\/\/www.soyecoturista.com\/asociacion\/wp-content\/uploads\/2025\/01\/FITUR2025_Desayuno_Lebaniego_02-2048x1152.jpg 2048w\" sizes=\"auto, (max-width: 1024px) 100vw, 1024px\" \/><\/figure>\n\n\n\n<figure class=\"wp-block-image size-large\"><img loading=\"lazy\" decoding=\"async\" width=\"1024\" height=\"576\" data-id=\"46320\" src=\"https:\/\/www.soyecoturista.com\/asociacion\/wp-content\/uploads\/2025\/01\/FITUR2025_Acto_SRSTNRN2000_16-1024x576.jpg\" alt=\"\" class=\"wp-image-46320\" srcset=\"https:\/\/www.soyecoturista.com\/asociacion\/wp-content\/uploads\/2025\/01\/FITUR2025_Acto_SRSTNRN2000_16-1024x576.jpg 1024w, https:\/\/www.soyecoturista.com\/asociacion\/wp-content\/uploads\/2025\/01\/FITUR2025_Acto_SRSTNRN2000_16-300x169.jpg 300w, https:\/\/www.soyecoturista.com\/asociacion\/wp-content\/uploads\/2025\/01\/FITUR2025_Acto_SRSTNRN2000_16-768x432.jpg 768w, https:\/\/www.soyecoturista.com\/asociacion\/wp-content\/uploads\/2025\/01\/FITUR2025_Acto_SRSTNRN2000_16-1536x864.jpg 1536w, https:\/\/www.soyecoturista.com\/asociacion\/wp-content\/uploads\/2025\/01\/FITUR2025_Acto_SRSTNRN2000_16-2048x1152.jpg 2048w\" sizes=\"auto, (max-width: 1024px) 100vw, 1024px\" \/><\/figure>\n\n\n\n<figure class=\"wp-block-image size-large\"><img loading=\"lazy\" decoding=\"async\" width=\"1024\" height=\"768\" data-id=\"46319\" src=\"https:\/\/www.soyecoturista.com\/asociacion\/wp-content\/uploads\/2025\/01\/FITUR_2025_Reunion_MPNA_AEE_01-1-1024x768.jpeg\" alt=\"\" class=\"wp-image-46319\" srcset=\"https:\/\/www.soyecoturista.com\/asociacion\/wp-content\/uploads\/2025\/01\/FITUR_2025_Reunion_MPNA_AEE_01-1-1024x768.jpeg 1024w, https:\/\/www.soyecoturista.com\/asociacion\/wp-content\/uploads\/2025\/01\/FITUR_2025_Reunion_MPNA_AEE_01-1-300x225.jpeg 300w, https:\/\/www.soyecoturista.com\/asociacion\/wp-content\/uploads\/2025\/01\/FITUR_2025_Reunion_MPNA_AEE_01-1-768x576.jpeg 768w, https:\/\/www.soyecoturista.com\/asociacion\/wp-content\/uploads\/2025\/01\/FITUR_2025_Reunion_MPNA_AEE_01-1-1536x1152.jpeg 1536w, https:\/\/www.soyecoturista.com\/asociacion\/wp-content\/uploads\/2025\/01\/FITUR_2025_Reunion_MPNA_AEE_01-1.jpeg 2000w\" sizes=\"auto, (max-width: 1024px) 100vw, 1024px\" \/><\/figure>\n\n\n\n<figure class=\"wp-block-image size-large\"><img loading=\"lazy\" decoding=\"async\" width=\"1024\" height=\"768\" data-id=\"46318\" src=\"https:\/\/www.soyecoturista.com\/asociacion\/wp-content\/uploads\/2025\/01\/FITUR_2025_Reunion_AEE_ITREM_Murcia-1-1024x768.jpeg\" alt=\"\" class=\"wp-image-46318\" srcset=\"https:\/\/www.soyecoturista.com\/asociacion\/wp-content\/uploads\/2025\/01\/FITUR_2025_Reunion_AEE_ITREM_Murcia-1-1024x768.jpeg 1024w, https:\/\/www.soyecoturista.com\/asociacion\/wp-content\/uploads\/2025\/01\/FITUR_2025_Reunion_AEE_ITREM_Murcia-1-300x225.jpeg 300w, https:\/\/www.soyecoturista.com\/asociacion\/wp-content\/uploads\/2025\/01\/FITUR_2025_Reunion_AEE_ITREM_Murcia-1-768x576.jpeg 768w, https:\/\/www.soyecoturista.com\/asociacion\/wp-content\/uploads\/2025\/01\/FITUR_2025_Reunion_AEE_ITREM_Murcia-1.jpeg 1288w\" sizes=\"auto, (max-width: 1024px) 100vw, 1024px\" \/><\/figure>\n\n\n\n<figure class=\"wp-block-image size-large\"><img loading=\"lazy\" decoding=\"async\" width=\"1020\" height=\"542\" data-id=\"46317\" src=\"https:\/\/www.soyecoturista.com\/asociacion\/wp-content\/uploads\/2025\/01\/Acto_RN2000_SierraNorteGuadalajara.jpeg\" alt=\"\" class=\"wp-image-46317\" srcset=\"https:\/\/www.soyecoturista.com\/asociacion\/wp-content\/uploads\/2025\/01\/Acto_RN2000_SierraNorteGuadalajara.jpeg 1020w, https:\/\/www.soyecoturista.com\/asociacion\/wp-content\/uploads\/2025\/01\/Acto_RN2000_SierraNorteGuadalajara-300x159.jpeg 300w, https:\/\/www.soyecoturista.com\/asociacion\/wp-content\/uploads\/2025\/01\/Acto_RN2000_SierraNorteGuadalajara-768x408.jpeg 768w\" sizes=\"auto, (max-width: 1020px) 100vw, 1020px\" \/><\/figure>\n\n\n\n<figure class=\"wp-block-image size-large\"><img loading=\"lazy\" decoding=\"async\" width=\"1024\" height=\"576\" data-id=\"46316\" src=\"https:\/\/www.soyecoturista.com\/asociacion\/wp-content\/uploads\/2025\/01\/Acto_RN2000_Euskadi-1024x576.jpeg\" alt=\"\" class=\"wp-image-46316\" srcset=\"https:\/\/www.soyecoturista.com\/asociacion\/wp-content\/uploads\/2025\/01\/Acto_RN2000_Euskadi-1024x576.jpeg 1024w, https:\/\/www.soyecoturista.com\/asociacion\/wp-content\/uploads\/2025\/01\/Acto_RN2000_Euskadi-300x169.jpeg 300w, https:\/\/www.soyecoturista.com\/asociacion\/wp-content\/uploads\/2025\/01\/Acto_RN2000_Euskadi-768x432.jpeg 768w, https:\/\/www.soyecoturista.com\/asociacion\/wp-content\/uploads\/2025\/01\/Acto_RN2000_Euskadi-1536x864.jpeg 1536w, https:\/\/www.soyecoturista.com\/asociacion\/wp-content\/uploads\/2025\/01\/Acto_RN2000_Euskadi.jpeg 1600w\" sizes=\"auto, (max-width: 1024px) 100vw, 1024px\" \/><\/figure>\n<\/figure>\n\n\n\n<p><strong>Sobre la Asociaci\u00f3n de Ecoturismo en Espa\u00f1a<\/strong><\/p>\n\n\n\n<p>La&nbsp;<a href=\"https:\/\/www.soyecoturista.com\/asociacion\/\" target=\"_blank\" rel=\"noreferrer noopener\">Asociaci\u00f3n de Ecoturismo en Espa\u00f1a<\/a>&nbsp;(AEE) es una asociaci\u00f3n sin \u00e1nimo de lucro y de car\u00e1cter p\u00fablico-privado creada en 2010 para fomentar el ecoturismo en los espacios protegidos y compuesta principalmente por asociaciones de empresarios de turismo ubicadas en espacios naturales, entidades gestoras de espacios protegidos, administraciones p\u00fablicas implicadas en la gesti\u00f3n tur\u00edstica de \u00e9stos, grupos de desarrollo rural, entidades de conservaci\u00f3n de la naturaleza, universidades y empresas especializadas en turismo.<\/p>\n\n\n\n<p>La AEE es la entidad que gestiona el club de producto Ecoturismo en Espa\u00f1a, con apoyo de la Secretar\u00eda de Estado de Turismo. Es una iniciativa pionera que ofrece experiencias de ecoturismo en espacios naturales protegidos, garantizando al viajero su contribuci\u00f3n al desarrollo local y a la conservaci\u00f3n de la biodiversidad. Actualmente agrupa 51 destinos y m\u00e1s de 800 empresas que, bajo la marca&nbsp;<a href=\"http:\/\/www.soyecoturista.com\/\" target=\"_blank\" rel=\"noreferrer noopener\">Soy Ecoturista<\/a>, asumen su compromiso con el desarrollo sostenible.<\/p>\n","protected":false},"excerpt":{"rendered":"<p>Este a\u00f1o, FITUR ha sido nuevamente fundamental para la Asociaci\u00f3n de Ecoturismo en Espa\u00f1a, donde pudieron presentar los avances y novedades del club de Producto Ecoturismo en Espa\u00f1a y su [&hellip;]<\/p>\n","protected":false},"author":7,"featured_media":46327,"comment_status":"closed","ping_status":"closed","sticky":false,"template":"","format":"standard","meta":{"_acf_changed":false,"footnotes":""},"categories":[4],"tags":[39,9,11,29],"class_list":["post-46311","post","type-post","status-publish","format-standard","has-post-thumbnail","hentry","category-noticias","tag-soyecoturista","tag-club-ecoturismo","tag-ecoturismo","tag-fitur"],"acf":[],"_links":{"self":[{"href":"https:\/\/www.soyecoturista.com\/asociacion\/wp-json\/wp\/v2\/posts\/46311","targetHints":{"allow":["GET"]}}],"collection":[{"href":"https:\/\/www.soyecoturista.com\/asociacion\/wp-json\/wp\/v2\/posts"}],"about":[{"href":"https:\/\/www.soyecoturista.com\/asociacion\/wp-json\/wp\/v2\/types\/post"}],"author":[{"embeddable":true,"href":"https:\/\/www.soyecoturista.com\/asociacion\/wp-json\/wp\/v2\/users\/7"}],"replies":[{"embeddable":true,"href":"https:\/\/www.soyecoturista.com\/asociacion\/wp-json\/wp\/v2\/comments?post=46311"}],"version-history":[{"count":3,"href":"https:\/\/www.soyecoturista.com\/asociacion\/wp-json\/wp\/v2\/posts\/46311\/revisions"}],"predecessor-version":[{"id":46331,"href":"https:\/\/www.soyecoturista.com\/asociacion\/wp-json\/wp\/v2\/posts\/46311\/revisions\/46331"}],"wp:featuredmedia":[{"embeddable":true,"href":"https:\/\/www.soyecoturista.com\/asociacion\/wp-json\/wp\/v2\/media\/46327"}],"wp:attachment":[{"href":"https:\/\/www.soyecoturista.com\/asociacion\/wp-json\/wp\/v2\/media?parent=46311"}],"wp:term":[{"taxonomy":"category","embeddable":true,"href":"https:\/\/www.soyecoturista.com\/asociacion\/wp-json\/wp\/v2\/categories?post=46311"},{"taxonomy":"post_tag","embeddable":true,"href":"https:\/\/www.soyecoturista.com\/asociacion\/wp-json\/wp\/v2\/tags?post=46311"}],"curies":[{"name":"wp","href":"https:\/\/api.w.org\/{rel}","templated":true}]}}