{"id":46279,"date":"2024-12-20T15:16:55","date_gmt":"2024-12-20T14:16:55","guid":{"rendered":"https:\/\/www.soyecoturista.com\/asociacion\/?p=46279"},"modified":"2025-01-29T15:35:41","modified_gmt":"2025-01-29T14:35:41","slug":"renovacion-junta-directiva-aee","status":"publish","type":"post","link":"https:\/\/www.soyecoturista.com\/asociacion\/renovacion-junta-directiva-aee\/","title":{"rendered":"Se renueva la Junta Directiva de la Asociaci\u00f3n de Ecoturismo en Espa\u00f1a"},"content":{"rendered":"\n<p>El pasado 27 de noviembre tuvo lugar la&nbsp; asamblea extraordinaria de la Asociaci\u00f3n de Ecoturismo en Espa\u00f1a (AEE), entidad que gestiona el club de producto Ecoturismo en Espa\u00f1a y su marca Soy Ecoturista, en la que se procedi\u00f3 a renovar los cargos de su Junta Directiva despu\u00e9s de sus dos a\u00f1os de mandato, y que est\u00e1 compuesta por un total 13 miembros, representantes de entidades socias de la AEE de 10 comunidades aut\u00f3nomas diferentes, de los cuales 9 representan a asociaciones tur\u00edsticas regionales y\/o locales, y 4 a entidades p\u00fablicas.&nbsp;<\/p>\n\n\n\n<p>Los socios aprobaron por unanimidad la nueva composici\u00f3n del \u00f3rgano de gobierno, marcada por la continuidad en sus principales cargos:<\/p>\n\n\n\n<ul class=\"wp-block-list\">\n<li><strong>Ana Llano<\/strong>, como <strong>presidenta<\/strong>, representante de la Asociaci\u00f3n de Turismo Rural de Fuentes del Narcea,&nbsp;<\/li>\n\n\n\n<li><strong>Jes\u00fas Pozuelo<\/strong>, como <strong>vicepresidente<\/strong>, representante del socio Asociaci\u00f3n Castellano MAnchega de Turismo Activo y Ecoturismo (ACMETAE),&nbsp;<\/li>\n\n\n\n<li>y <strong>Friederike Ther<\/strong>, como <strong>Secretaria-Tesorera<\/strong>, representante en la AEE de la Asociaci\u00f3n Foro CETS de Sierra Nevada.&nbsp;<\/li>\n<\/ul>\n\n\n\n<figure class=\"wp-block-image size-large\"><img loading=\"lazy\" decoding=\"async\" width=\"1024\" height=\"476\" src=\"https:\/\/www.soyecoturista.com\/asociacion\/wp-content\/uploads\/2025\/01\/Presidenncia_JD_AEE_20241127-1024x476.png\" alt=\"\" class=\"wp-image-46283\" srcset=\"https:\/\/www.soyecoturista.com\/asociacion\/wp-content\/uploads\/2025\/01\/Presidenncia_JD_AEE_20241127-1024x476.png 1024w, https:\/\/www.soyecoturista.com\/asociacion\/wp-content\/uploads\/2025\/01\/Presidenncia_JD_AEE_20241127-300x139.png 300w, https:\/\/www.soyecoturista.com\/asociacion\/wp-content\/uploads\/2025\/01\/Presidenncia_JD_AEE_20241127-768x357.png 768w, https:\/\/www.soyecoturista.com\/asociacion\/wp-content\/uploads\/2025\/01\/Presidenncia_JD_AEE_20241127-1536x713.png 1536w, https:\/\/www.soyecoturista.com\/asociacion\/wp-content\/uploads\/2025\/01\/Presidenncia_JD_AEE_20241127.png 1886w\" sizes=\"auto, (max-width: 1024px) 100vw, 1024px\" \/><\/figure>\n\n\n\n<p>Los tres son empresarios de ecoturismo certificados, lo que refuerza&nbsp; el compromiso y la importancia de la AEE por seguir representando y mirando por los empresarios que apuestan por este producto tur\u00edstico, que colaboran con la conservaci\u00f3n de la naturaleza, ayudan a fijar poblaci\u00f3n e impulsan el desarrollo econ\u00f3mico de nuestros espacios protegidos.. Adem\u00e1s, la AEE sigue contando con la imprescindible implicaci\u00f3n de representantes de administraciones p\u00fablicas, gestores de espacios protegidos y grupos de desarrollo rural.&nbsp;<\/p>\n\n\n\n<p>Los vocales son representantes de las siguientes entidades socias de la AEE:<\/p>\n\n\n\n<ul class=\"wp-block-list\">\n<li>Andaluc\u00eda Ecoactiva (Andaluc\u00eda)<\/li>\n\n\n\n<li>Turisme Garrotxa (Catalu\u00f1a)<\/li>\n\n\n\n<li>Asociaci\u00f3n de Empresas de Ecoturismo del Delta del Ebro (Catalu\u00f1a)<\/li>\n\n\n\n<li>Asociaci\u00f3n de Turismo de las Cinco Villas \u2013 CIVITUR (Arag\u00f3n)<\/li>\n\n\n\n<li>Asociaci\u00f3n para un Turismo Sostenible en La Gomera &#8211; ATUSOS (Islas Canarias)<\/li>\n\n\n\n<li>de Empresarios Tur\u00edsticos de Sierra Espu\u00f1a &#8211; Espu\u00f1a Tur\u00edstica (Murcia)<\/li>\n\n\n\n<li>BASQUETOUR (Euskadi)<\/li>\n\n\n\n<li>ADR Mari\u00f1as-Betanzos, ente gestor de la Reserva de la Biosfera (Galicia)<\/li>\n\n\n\n<li>APRODERVI, entidad implicada en la gesti\u00f3n del Geoparque Villuercas-Ibores-Jara (Extremadura)<\/li>\n\n\n\n<li>Geoparque Comarca de Molina &#8211; Alto Tajo, gestionado por la Comunidad del Real Se\u00f1or\u00edo de Molina y su Tierra (Castilla-La Mancha)<\/li>\n<\/ul>\n\n\n\n<div class=\"wp-block-buttons is-layout-flex wp-block-buttons-is-layout-flex\">\n<div class=\"wp-block-button\"><a class=\"wp-block-button__link wp-element-button\" href=\"https:\/\/www.soyecoturista.com\/asociacion\/junta-directiva\/\" target=\"_blank\" rel=\"noreferrer noopener\">Ver composici\u00f3n de la Junta Directiva de la AEE.<\/a><\/div>\n<\/div>\n\n\n\n<p>Ana Llano agradeci\u00f3 a los socios la confianza y a los miembros salientes y entrantes su dedicaci\u00f3n, y se\u00f1al\u00f3 que \u201cla Junta Directiva seguir\u00e1 trabajando para que todo funcione como hasta ahora, con el apoyo incondicional de las t\u00e9cnicas, pues seguimos por muy buen camino, cada vez hay m\u00e1s destinos y empresas que quien formar parte de lo que hacemos, aprender y compartir\u201d.&nbsp;<\/p>\n\n\n\n<p>En el seno de la Asamblea se ratific\u00f3 tambi\u00e9n la <a href=\"https:\/\/www.soyecoturista.com\/asociacion\/cinco-entidades-nuevas-aee\/\" target=\"_blank\" data-type=\"link\" data-id=\"https:\/\/www.soyecoturista.com\/asociacion\/cinco-entidades-nuevas-aee\/\" rel=\"noreferrer noopener\">incorporaci\u00f3n de 5 nuevas entidades socias<\/a>, cuya filosof\u00eda y actividades son afines a la l\u00ednea de trabajo que persigue la AEE: la Cuadrilla Monta\u00f1a Alavesa (\u00c1lava, Euskadi), la Cuadrilla de Gorbeialdea (\u00c1lava, Euskadi), la Asociaci\u00f3n de Desarrollo Rural Gorbeialde (Gorbeialde Bizkaia, Euskadi), la Cuadrilla de A\u00f1ana (\u00c1lava, Euskadi) y Asociaci\u00f3n Promoci\u00f3n y Desarrollo Serrano \u2013 PRODESE (Cuenca, Castilla-La Mancha).\u00a0<\/p>\n\n\n\n<p>Esta asamblea tambi\u00e9n ha servido para dar cuenta de los principales avances de la Asociaci\u00f3n desde abril, de los que cabe destacar la incorporaci\u00f3n de 4 nuevos destinos a Soy Ecoturista: Ponga (Asturias), Sabinares del Arlanza &#8211; La Yecla (Castilla y Le\u00f3n), Montseny (Catalu\u00f1a) y Ancares Terras de Buron (Galicia), a los que se suman los 4 destinos que se incorporan con los nuevos socios: Parque Natural de Gorbeia, Parque Natural de Izki, Parque Natural de Valderejo y la Serran\u00eda de Cuenca, alcanzando as\u00ed los 51 destinos de ecoturismo adheridos a Soy Ecoturista de 13 Comunidades Aut\u00f3nomas, as\u00ed como la incorporaci\u00f3n de m\u00e1s empresas adheridas, superando ya las 800.<\/p>\n\n\n\n<figure class=\"wp-block-gallery has-nested-images columns-default is-cropped wp-block-gallery-1 is-layout-flex wp-block-gallery-is-layout-flex\">\n<figure class=\"wp-block-image size-large\"><img loading=\"lazy\" decoding=\"async\" width=\"839\" height=\"1024\" data-id=\"46280\" src=\"https:\/\/www.soyecoturista.com\/asociacion\/wp-content\/uploads\/2025\/01\/Destinos_SoyEcoturista_listado_202501-1-839x1024.jpg\" alt=\"\" class=\"wp-image-46280\" srcset=\"https:\/\/www.soyecoturista.com\/asociacion\/wp-content\/uploads\/2025\/01\/Destinos_SoyEcoturista_listado_202501-1-839x1024.jpg 839w, https:\/\/www.soyecoturista.com\/asociacion\/wp-content\/uploads\/2025\/01\/Destinos_SoyEcoturista_listado_202501-1-246x300.jpg 246w, https:\/\/www.soyecoturista.com\/asociacion\/wp-content\/uploads\/2025\/01\/Destinos_SoyEcoturista_listado_202501-1-768x937.jpg 768w, https:\/\/www.soyecoturista.com\/asociacion\/wp-content\/uploads\/2025\/01\/Destinos_SoyEcoturista_listado_202501-1-1259x1536.jpg 1259w, https:\/\/www.soyecoturista.com\/asociacion\/wp-content\/uploads\/2025\/01\/Destinos_SoyEcoturista_listado_202501-1-1679x2048.jpg 1679w\" sizes=\"auto, (max-width: 839px) 100vw, 839px\" \/><\/figure>\n\n\n\n<figure class=\"wp-block-image size-large\"><img loading=\"lazy\" decoding=\"async\" width=\"1024\" height=\"1024\" data-id=\"46281\" src=\"https:\/\/www.soyecoturista.com\/asociacion\/wp-content\/uploads\/2025\/01\/Destinos_SoyEcoturista_mapa_202501-1-1024x1024.jpg\" alt=\"\" class=\"wp-image-46281\" srcset=\"https:\/\/www.soyecoturista.com\/asociacion\/wp-content\/uploads\/2025\/01\/Destinos_SoyEcoturista_mapa_202501-1-1024x1024.jpg 1024w, https:\/\/www.soyecoturista.com\/asociacion\/wp-content\/uploads\/2025\/01\/Destinos_SoyEcoturista_mapa_202501-1-300x300.jpg 300w, https:\/\/www.soyecoturista.com\/asociacion\/wp-content\/uploads\/2025\/01\/Destinos_SoyEcoturista_mapa_202501-1-150x150.jpg 150w, https:\/\/www.soyecoturista.com\/asociacion\/wp-content\/uploads\/2025\/01\/Destinos_SoyEcoturista_mapa_202501-1-768x768.jpg 768w, https:\/\/www.soyecoturista.com\/asociacion\/wp-content\/uploads\/2025\/01\/Destinos_SoyEcoturista_mapa_202501-1-1536x1536.jpg 1536w, https:\/\/www.soyecoturista.com\/asociacion\/wp-content\/uploads\/2025\/01\/Destinos_SoyEcoturista_mapa_202501-1-2048x2048.jpg 2048w\" sizes=\"auto, (max-width: 1024px) 100vw, 1024px\" \/><\/figure>\n<\/figure>\n\n\n\n<p>Tambi\u00e9n se destacaron los avances logrados con el <strong>proyecto Experiencias de Ecoturismo en Espa\u00f1a<\/strong>, especialmente en lo referente a la plataforma de comercializaci\u00f3n <a href=\"http:\/\/www.soyecoturista.com\">www.soyecoturista.com<\/a>, que ya cuenta con los contenidos de 38 destinos adheridos, y producto reservable de 148 alojamientos, 295 actividades, 13 escapadas y 17 restaurantes.&nbsp;<\/p>\n\n\n\n<p>Tambi\u00e9n cabe destacar&nbsp; los resultados hasta el momento del proyecto del <a href=\"https:\/\/www.soyecoturista.com\/asociacion\/corredor-de-ecoturismo\/\"><strong>Corredor de Ecoturismo de la Espa\u00f1a Verde<\/strong><\/a>, con el que se han certificado 93 empresas con los requisitos del club de producto Ecoturismo en Espa\u00f1a y en el que finalmente participan 331 empresas, de las cuales 267 son empresas adheridas a Soy Ecoturista, de las 4 Comunidades Aut\u00f3nomas que impulsan el proyecto: Galicia, Asturias, Cantabria y Euskadi..&nbsp;<\/p>\n\n\n\n<p>Como parte de la Asamblea tambi\u00e9n se avanzaron algunas de las l\u00edneas de trabajo para 2025, algunas ya habituales como el plan de acciones de promoci\u00f3n internacional en colaboraci\u00f3n con Turespa\u00f1a, el Observatorio de Ecoturismo en Espa\u00f1a y el plan de marketing y comunicaci\u00f3n, y otras espec\u00edficas de proyectos, como la finalizaci\u00f3n del proyecto Experiencias de Ecoturismo en Espa\u00f1a con herramientas que ayuden a mejorar el trabajo en red, el intercambio de experiencias y el seguimiento del impacto positivo del proyecto, o el nuevo proyecto presentado a la convocatoria Empleaverde+ de la Fundaci\u00f3n Biodiversidad \u201cEmprende Ecoturismo\u201d que consistir\u00e1 en una bater\u00eda de acciones de formaci\u00f3n a los destinos y empresas adheridas a Soy Ecoturista para el buen uso y aprovechamiento de las herramientas de comunicaci\u00f3n, promoci\u00f3n y comercializaci\u00f3n del club de producto.<\/p>\n\n\n\n<hr class=\"wp-block-separator has-alpha-channel-opacity\"\/>\n\n\n\n<p><strong>Sobre la Asociaci\u00f3n de Ecoturismo en Espa\u00f1a<\/strong><\/p>\n\n\n\n<p>La&nbsp;<a href=\"https:\/\/www.soyecoturista.com\/asociacion\/\" target=\"_blank\" rel=\"noreferrer noopener\">Asociaci\u00f3n de Ecoturismo en Espa\u00f1a<\/a>&nbsp;(AEE) es una asociaci\u00f3n sin \u00e1nimo de lucro y de car\u00e1cter p\u00fablico-privado creada en 2010 para fomentar el ecoturismo en los espacios protegidos y compuesta principalmente por asociaciones de empresarios de turismo ubicadas en espacios naturales, entidades gestoras de espacios protegidos, administraciones p\u00fablicas implicadas en la gesti\u00f3n tur\u00edstica de \u00e9stos, grupos de desarrollo rural, entidades de conservaci\u00f3n de la naturaleza, universidades y empresas especializadas en turismo.<\/p>\n\n\n\n<p>La AEE es la entidad que gestiona el club de producto Ecoturismo en Espa\u00f1a, con apoyo de la Secretar\u00eda de Estado de Turismo. Es una iniciativa pionera que ofrece experiencias de ecoturismo en espacios naturales protegidos, garantizando al viajero su contribuci\u00f3n al desarrollo local y a la conservaci\u00f3n de la biodiversidad. Actualmente agrupa 51 destinos y m\u00e1s de 800 empresas que, bajo la marca&nbsp;<a href=\"http:\/\/www.soyecoturista.com\/\" target=\"_blank\" rel=\"noreferrer noopener\">Soy Ecoturista<\/a>, asumen su compromiso con el desarrollo sostenible.<\/p>\n","protected":false},"excerpt":{"rendered":"<p>El pasado 27 de noviembre tuvo lugar la&nbsp; asamblea extraordinaria de la Asociaci\u00f3n de Ecoturismo en Espa\u00f1a (AEE), entidad que gestiona el club de producto Ecoturismo en Espa\u00f1a y su [&hellip;]<\/p>\n","protected":false},"author":6,"featured_media":46285,"comment_status":"closed","ping_status":"closed","sticky":false,"template":"","format":"standard","meta":{"_acf_changed":false,"footnotes":""},"categories":[4],"tags":[39,9,11,1201],"class_list":["post-46279","post","type-post","status-publish","format-standard","has-post-thumbnail","hentry","category-noticias","tag-soyecoturista","tag-club-ecoturismo","tag-ecoturismo","tag-junta-directiva"],"acf":[],"_links":{"self":[{"href":"https:\/\/www.soyecoturista.com\/asociacion\/wp-json\/wp\/v2\/posts\/46279","targetHints":{"allow":["GET"]}}],"collection":[{"href":"https:\/\/www.soyecoturista.com\/asociacion\/wp-json\/wp\/v2\/posts"}],"about":[{"href":"https:\/\/www.soyecoturista.com\/asociacion\/wp-json\/wp\/v2\/types\/post"}],"author":[{"embeddable":true,"href":"https:\/\/www.soyecoturista.com\/asociacion\/wp-json\/wp\/v2\/users\/6"}],"replies":[{"embeddable":true,"href":"https:\/\/www.soyecoturista.com\/asociacion\/wp-json\/wp\/v2\/comments?post=46279"}],"version-history":[{"count":3,"href":"https:\/\/www.soyecoturista.com\/asociacion\/wp-json\/wp\/v2\/posts\/46279\/revisions"}],"predecessor-version":[{"id":46297,"href":"https:\/\/www.soyecoturista.com\/asociacion\/wp-json\/wp\/v2\/posts\/46279\/revisions\/46297"}],"wp:featuredmedia":[{"embeddable":true,"href":"https:\/\/www.soyecoturista.com\/asociacion\/wp-json\/wp\/v2\/media\/46285"}],"wp:attachment":[{"href":"https:\/\/www.soyecoturista.com\/asociacion\/wp-json\/wp\/v2\/media?parent=46279"}],"wp:term":[{"taxonomy":"category","embeddable":true,"href":"https:\/\/www.soyecoturista.com\/asociacion\/wp-json\/wp\/v2\/categories?post=46279"},{"taxonomy":"post_tag","embeddable":true,"href":"https:\/\/www.soyecoturista.com\/asociacion\/wp-json\/wp\/v2\/tags?post=46279"}],"curies":[{"name":"wp","href":"https:\/\/api.w.org\/{rel}","templated":true}]}}