{"id":46164,"date":"2025-01-15T14:42:19","date_gmt":"2025-01-15T13:42:19","guid":{"rendered":"https:\/\/www.soyecoturista.com\/asociacion\/?p=46164"},"modified":"2025-01-30T14:27:04","modified_gmt":"2025-01-30T13:27:04","slug":"soy-ecoturista-fitur-2025","status":"publish","type":"post","link":"https:\/\/www.soyecoturista.com\/asociacion\/soy-ecoturista-fitur-2025\/","title":{"rendered":"Novedades de Soy Ecoturista y su plataforma de comercializaci\u00f3n en FITUR 2025"},"content":{"rendered":"\n<h3 class=\"wp-block-heading\"><strong>La Asociaci\u00f3n de Ecoturismo en Espa\u00f1a y sus socios dar\u00e1n a conocer sus avances y novedades FITUR 2025<\/strong><\/h3>\n\n\n\n<p>La Asociaci\u00f3n de Ecoturismo en Espa\u00f1a, con el apoyo de la Secretar\u00eda de Estado de Turismo y Turespa\u00f1a, presentar\u00e1 las novedades y perspectivas del club de producto Ecoturismo en Espa\u00f1a as\u00ed como los resultados del proyecto \u201cSostenibilidad y Digitalizaci\u00f3n de la Red de Experiencias Ecoturismo en Espa\u00f1a\u201d, financiado con fondos europeos Next Generation en el marco del Programa de Experiencias del Ministerio de Industria y Turismo. Ser\u00e1 el 23 de enero a las 15:30 h en el stand de Turespa\u00f1a en el pabell\u00f3n 9. En este acto se presentar\u00e1n avances y retos de la plataforma de comercializaci\u00f3n <a href=\"http:\/\/www.soyecoturista.com\" target=\"_blank\" rel=\"noreferrer noopener\">www.soyecoturista.com<\/a> as\u00ed como el impulso de la marca Soy Ecoturista. En definitiva, las principales herramientas del club de producto Ecoturismo en Espa\u00f1a para lograr que los viajeros puedan reservar aut\u00e9nticas experiencias de ecoturismo con las empresas certificadas en los destinos con espacios protegidos comprometidos con la sostenibilidad tur\u00edstica.<\/p>\n\n\n\n<p>A continuaci\u00f3n, se detallan las diversas actividades organizadas por la Asociaci\u00f3n de Ecoturismo en Espa\u00f1a, junto con un completo programa de presentaciones de los destinos adheridos a Soy Ecoturista durante FITUR 2025.<\/p>\n\n\n\n<p>\u00a1Nos vemos en FITUR!<\/p>\n\n\n\n<hr class=\"wp-block-separator has-alpha-channel-opacity\"\/>\n\n\n\n<h4 class=\"wp-block-heading\"><strong>ECOTURISMO EN ESPA\u00d1A. Novedades y plataforma Soy Ecoturista.<\/strong><\/h4>\n\n\n\n<p><strong>Jueves 23 de enero, de 15:30h a 16:30h. Sala \u00c1gora (Pabell\u00f3n 9).<\/strong><\/p>\n\n\n\n<ul class=\"wp-block-list\">\n<li><strong>Presentaci\u00f3n. <\/strong>Ana Mu\u00f1oz, Directora General de Pol\u00edticas Tur\u00edsticas. Secretar\u00eda de Estado de Turismo.<\/li>\n\n\n\n<li><strong>Novedades del club de producto Ecoturismo en Espa\u00f1a.<\/strong> Ana Llano, Presidenta de la Asociaci\u00f3n de Ecoturismo en Espa\u00f1a.<\/li>\n\n\n\n<li><strong>Resultados del proyecto Sostenibilidad y Digitalizaci\u00f3n de la Red de Experiencias Ecoturismo en Espa\u00f1a \u2013 plataforma Soy Ecoturista.<\/strong> Amanda Guzm\u00e1n, Gerente de la Asociaci\u00f3n de Ecoturismo en Espa\u00f1a.<\/li>\n<\/ul>\n\n\n\n<p>Se ruega confirmaci\u00f3n de asistencia mediante el siguiente <strong><a href=\"https:\/\/forms.gle\/Bk8342DDgZwsjam88\" target=\"_blank\" rel=\"noopener\">formulario<\/a> <\/strong>por motivos de aforo (90 personas).<\/p>\n\n\n\n<p>El acto podr\u00e1 seguirse en&nbsp;<em>streaming<\/em>&nbsp;<a href=\"https:\/\/www.tourspainfitur.es\/streaming\" target=\"_blank\" rel=\"noreferrer noopener\"><strong>AQU\u00cd<\/strong><\/a>.<\/p>\n\n\n\n<figure class=\"wp-block-image size-large is-resized\"><img loading=\"lazy\" decoding=\"async\" width=\"724\" height=\"1024\" src=\"https:\/\/www.soyecoturista.com\/asociacion\/wp-content\/uploads\/2025\/01\/SoyEcoturista_FITUR-2025-724x1024.png\" alt=\"\" class=\"wp-image-46170\" style=\"width:832px;height:auto\" srcset=\"https:\/\/www.soyecoturista.com\/asociacion\/wp-content\/uploads\/2025\/01\/SoyEcoturista_FITUR-2025-724x1024.png 724w, https:\/\/www.soyecoturista.com\/asociacion\/wp-content\/uploads\/2025\/01\/SoyEcoturista_FITUR-2025-212x300.png 212w, https:\/\/www.soyecoturista.com\/asociacion\/wp-content\/uploads\/2025\/01\/SoyEcoturista_FITUR-2025-768x1086.png 768w, https:\/\/www.soyecoturista.com\/asociacion\/wp-content\/uploads\/2025\/01\/SoyEcoturista_FITUR-2025-1086x1536.png 1086w, https:\/\/www.soyecoturista.com\/asociacion\/wp-content\/uploads\/2025\/01\/SoyEcoturista_FITUR-2025-1448x2048.png 1448w, https:\/\/www.soyecoturista.com\/asociacion\/wp-content\/uploads\/2025\/01\/SoyEcoturista_FITUR-2025.png 1587w\" sizes=\"auto, (max-width: 724px) 100vw, 724px\" \/><\/figure>\n\n\n\n<p><a href=\"https:\/\/www.soyecoturista.com\/asociacion\/wp-content\/uploads\/2025\/01\/SoyEcoturista_FITUR-2025.pdf\" target=\"_blank\" rel=\"noreferrer noopener\">DESCARGAR PROGRAMA (pdf)<\/a><\/p>\n\n\n\n<hr class=\"wp-block-separator has-alpha-channel-opacity\"\/>\n\n\n\n<h3 class=\"wp-block-heading\"><strong><strong>ECOTURISMO EN FITUR 2025. Actividades de los socios de la Asociaci\u00f3n de Ecoturismo en Espa\u00f1a y destinos adheridos a Soy Ecoturista<\/strong><\/strong><\/h3>\n\n\n\n<p>Algunos de nuestros socios tambi\u00e9n estar\u00e1n presentes en FITUR presentando sus iniciativas, propuestas y progresos en ecoturismo:<\/p>\n\n\n\n<ul class=\"wp-block-list\">\n<li><strong>Mi\u00e9rcoles 22 de enero:<\/strong>\n<ul class=\"wp-block-list\">\n<li><strong>12:00 &#8211; 12:30 Presentaci\u00f3n &#8220;Ecoturismo ligado al patrimonio natural y cultural de la Comarca de Li\u00e9bana&#8221;<\/strong>. Stand de Cantabria (Pabell\u00f3n 9, stand C08)<\/li>\n\n\n\n<li><strong>14:00 \u2013 14:30 Acto de inauguraci\u00f3n del Stand de Geoparques en Fitur y degustaci\u00f3n de productos. <\/strong>Stand de Geoparques Espa\u00f1oles (Pabell\u00f3n 7, Stand 19A).<\/li>\n\n\n\n<li><strong>14:30 \u2013 15:00 Tradici\u00f3n y vanguardia en las Mari\u00f1as Coru\u00f1esas. Presentaci\u00f3n \u201cPuesta en marcha de las Sendas Ecoturistas de la Biosfera\u201d. <\/strong>Reserva de Biosfera Mari\u00f1as Coru\u00f1esas. Stand de Galicia (Pabell\u00f3n 9, Stand 9C07).<\/li>\n\n\n\n<li><strong>16:30-17:00 Presentaci\u00f3n de Ecoli\u00e9bana<\/strong>. Asociaci\u00f3n de Ecoturismo y Desarrollo Sostenible de Li\u00e9bana. Stand de Cantabria (Pabell\u00f3n 9, stand C08)<\/li>\n\n\n\n<li><strong>17:00 \u2013 17:30 Presentaci\u00f3n \u201cDescubre Nuevas Experiencias Tur\u00edsticas de la comarca de la Subb\u00e9tica\u201d. Mancomunidad de la Subb\u00e9tica cordobesa. <\/strong>Stand de C\u00f3rdoba (Pabell\u00f3n 5, Stand 5B03).<\/li>\n\n\n\n<li><strong>17:45 \u2013 18:15 Presentaci\u00f3n \u201cSabores de la Reserva de la Biosfera de La Siberia Extreme\u00f1a: un viaje gastron\u00f3mico sostenible\u201d.<\/strong> Reserva de la Biosfera de La Siberia Extreme\u00f1a. Stand de Extremadura (Pabell\u00f3n 7 &#8211; Stand 7B09).\u00a0<\/li>\n\n\n\n<li><strong>18:00 \u2013 18:30 Acto de entrega de certificados de adhesi\u00f3n de empresas al Sistema de Reconocimiento de la sostenibilidad del turismo de naturaleza en Red Natura 2000. <\/strong>MITECO y SETUR. Stand de TURESPA\u00d1A (Pabell\u00f3n 9, Stand 9C02).<\/li>\n\n\n\n<li><strong>18:30 \u2013 19:00 Presentaci\u00f3n \u201cRB La Siberia, una mirada hacia el futuro\u201d. <\/strong>Reserva de la Biosfera de La Siberia Extreme\u00f1a<strong>. <\/strong>Stand de Extremadura (Pabell\u00f3n 7 &#8211; Stand 7B09).<\/li>\n<\/ul>\n<\/li>\n\n\n\n<li><strong>Jueves, 23 de enero:<\/strong>\n<ul class=\"wp-block-list\">\n<li><strong>10:00 \u2013 10:30 Desayuno Lebaniego con productos de Li\u00e9bana, <\/strong>abanderados por nuestras tres denominaciones de origen: Pic\u00f3n Bejes-Tresviso; Quesucos de Li\u00e9bana y Miel de Li\u00e9bana, junto con la Indicaci\u00f3n Geogr\u00e1ficafica Protegida Vinos de la Tierra de Li\u00e9bana<strong>. <\/strong>Grupo Acci\u00f3n Local Li\u00e9bana. Stand de Miradas Viajeras (Pabell\u00f3n 9, Stand 9A10)<\/li>\n\n\n\n<li><strong>10:00 \u2013 10:30 Presentaci\u00f3n \u201cVuelta a Geoparkea\u201d. <\/strong>Geoparque de la Costa Vasca.<strong> <\/strong>Stand de Euskadi Basque Country (Pabell\u00f3n 9, Stand 9C06).<\/li>\n\n\n\n<li><strong>11:15 \u2013 11:45 Presentaci\u00f3n del Oto\u00f1o M\u00e1gico en el Valle del Ambroz, Fiesta de Inter\u00e9s Tur\u00edstico Internacional. <\/strong>Stand de Extremadura (Pabell\u00f3n 7 &#8211; Stand 7B09).<\/li>\n\n\n\n<li><strong>12:30 -13:00 Presentaci\u00f3n \u201cRutas hacia el anillo verde&#8221; de Vitoria-Gasteiz<\/strong>. Stand de Euskadi Basque Country (Pabell\u00f3n 9, Stand 9C06)<\/li>\n\n\n\n<li><strong>12:00 \u2013 12:30&nbsp; Presentaci\u00f3n de Experiencias de Geoturismo en el Geoparque Villuercas, Ibores, Jara. <\/strong>Stand de Geoparques Espa\u00f1oles (Pabell\u00f3n 7, Stand 19A).<\/li>\n\n\n\n<li><strong>13:00 \u2013 13:30 Presentaci\u00f3n \u201cVuelta a Geoparkea\u201d.<\/strong> Geoparque de la Costa Vasca. Stand de Geoparques Espa\u00f1oles (Pabell\u00f3n 7, Stand 19A).<\/li>\n\n\n\n<li><strong>14:00 \u2013 14:30 Degustaci\u00f3n de productos de los geoparques.<\/strong> Stand de Geoparques Espa\u00f1oles (Pabell\u00f3n 7, Stand 19A).<\/li>\n\n\n\n<li><strong>14:30 &#8211; 15:00 Experiencias de Geoturismo en el Geoparque Villuercas, Ibores, Jara. GEODISEA. <\/strong>Stand de Extremadura (Pabell\u00f3n 7 &#8211; Stand 7B09).<\/li>\n\n\n\n<li><strong>15:30 \u2013 16:00 Presentaci\u00f3n del Oto\u00f1o M\u00e1gico en el Valle del Ambroz, Fiesta de Inter\u00e9s Tur\u00edstico Internacional. <\/strong>Asociaci\u00f3n para el Desarrollo Integral de Valle del Ambroz (DIVA). Stand del Ministerio de Agricultura, Pesca y Alimentaci\u00f3n (Pabell\u00f3n 9, Stand 9C14).<\/li>\n<\/ul>\n<\/li>\n\n\n\n<li><strong>Viernes, 24 de enero:<\/strong>\n<ul class=\"wp-block-list\">\n<li><strong>15:00 \u2013 15:30 Presentaci\u00f3n \u201cLa Siberia: Patrimonio Vivo y Sostenible\u201d. CEDER La Siberia. <\/strong>Stand de Extremadura (Pabell\u00f3n 7 &#8211; Stand 7B09)<\/li>\n\n\n\n<li><strong>15:40 &#8211; 16:00 Presentaci\u00f3n del producto &#8220;Bra\u00f1as de Somiedo&#8221;<\/strong>. Ayuntamiento de Somiedo. Stand de Asturias (Pabell\u00f3n 9, Stand 9C11)<\/li>\n<\/ul>\n<\/li>\n\n\n\n<li><strong>S\u00e1bado, 25 de enero:<\/strong>\n<ul class=\"wp-block-list\">\n<li><strong>11:00 \u2013 11:30 Presentaci\u00f3n \u201cEcoturismo en la Red Natura 2000 en Castilla \u2013 La Mancha\u201d. <\/strong>GDR del Valle de Alcudia.<strong> <\/strong>Stand del Ministerio de Agricultura, Pesca y Alimentaci\u00f3n (Pabell\u00f3n 9, Stand 9C14).<\/li>\n<\/ul>\n<\/li>\n<\/ul>\n\n\n\n<hr class=\"wp-block-separator has-alpha-channel-opacity\"\/>\n\n\n\n<p><strong>Sobre la Asociaci\u00f3n de Ecoturismo en Espa\u00f1a<\/strong><\/p>\n\n\n\n<p>La&nbsp;<a href=\"https:\/\/www.soyecoturista.com\/asociacion\/\" target=\"_blank\" rel=\"noreferrer noopener\">Asociaci\u00f3n de Ecoturismo en Espa\u00f1a<\/a>&nbsp;(AEE) es una asociaci\u00f3n sin \u00e1nimo de lucro y de car\u00e1cter p\u00fablico-privado creada en 2010 para fomentar el ecoturismo en los espacios protegidos y compuesta principalmente por asociaciones de empresarios de turismo ubicadas en espacios naturales, entidades gestoras de espacios protegidos, administraciones p\u00fablicas implicadas en la gesti\u00f3n tur\u00edstica de \u00e9stos, grupos de desarrollo rural, entidades de conservaci\u00f3n de la naturaleza, universidades y empresas especializadas en turismo.<\/p>\n\n\n\n<p>La AEE es la entidad que gestiona el club de producto Ecoturismo en Espa\u00f1a, con apoyo de la Secretar\u00eda de Estado de Turismo. Es una iniciativa pionera que ofrece experiencias de ecoturismo en espacios naturales protegidos, garantizando al viajero su contribuci\u00f3n al desarrollo local y a la conservaci\u00f3n de la biodiversidad. Actualmente agrupa 51 destinos y m\u00e1s de 800 empresas que, bajo la marca&nbsp;<a href=\"http:\/\/www.soyecoturista.com\/\" target=\"_blank\" rel=\"noreferrer noopener\">Soy Ecoturista<\/a>, asumen su compromiso con el desarrollo sostenible.<\/p>\n","protected":false},"excerpt":{"rendered":"<p>La Asociaci\u00f3n de Ecoturismo en Espa\u00f1a y sus socios dar\u00e1n a conocer sus avances y novedades FITUR 2025 La Asociaci\u00f3n de Ecoturismo en Espa\u00f1a, con el apoyo de la Secretar\u00eda [&hellip;]<\/p>\n","protected":false},"author":6,"featured_media":46167,"comment_status":"closed","ping_status":"closed","sticky":false,"template":"","format":"standard","meta":{"_acf_changed":false,"footnotes":""},"categories":[4],"tags":[39,9,11,29],"class_list":["post-46164","post","type-post","status-publish","format-standard","has-post-thumbnail","hentry","category-noticias","tag-soyecoturista","tag-club-ecoturismo","tag-ecoturismo","tag-fitur"],"acf":[],"_links":{"self":[{"href":"https:\/\/www.soyecoturista.com\/asociacion\/wp-json\/wp\/v2\/posts\/46164","targetHints":{"allow":["GET"]}}],"collection":[{"href":"https:\/\/www.soyecoturista.com\/asociacion\/wp-json\/wp\/v2\/posts"}],"about":[{"href":"https:\/\/www.soyecoturista.com\/asociacion\/wp-json\/wp\/v2\/types\/post"}],"author":[{"embeddable":true,"href":"https:\/\/www.soyecoturista.com\/asociacion\/wp-json\/wp\/v2\/users\/6"}],"replies":[{"embeddable":true,"href":"https:\/\/www.soyecoturista.com\/asociacion\/wp-json\/wp\/v2\/comments?post=46164"}],"version-history":[{"count":12,"href":"https:\/\/www.soyecoturista.com\/asociacion\/wp-json\/wp\/v2\/posts\/46164\/revisions"}],"predecessor-version":[{"id":46222,"href":"https:\/\/www.soyecoturista.com\/asociacion\/wp-json\/wp\/v2\/posts\/46164\/revisions\/46222"}],"wp:featuredmedia":[{"embeddable":true,"href":"https:\/\/www.soyecoturista.com\/asociacion\/wp-json\/wp\/v2\/media\/46167"}],"wp:attachment":[{"href":"https:\/\/www.soyecoturista.com\/asociacion\/wp-json\/wp\/v2\/media?parent=46164"}],"wp:term":[{"taxonomy":"category","embeddable":true,"href":"https:\/\/www.soyecoturista.com\/asociacion\/wp-json\/wp\/v2\/categories?post=46164"},{"taxonomy":"post_tag","embeddable":true,"href":"https:\/\/www.soyecoturista.com\/asociacion\/wp-json\/wp\/v2\/tags?post=46164"}],"curies":[{"name":"wp","href":"https:\/\/api.w.org\/{rel}","templated":true}]}}