{"id":46039,"date":"2024-12-03T16:17:11","date_gmt":"2024-12-03T15:17:11","guid":{"rendered":"https:\/\/www.soyecoturista.com\/asociacion\/?p=46039"},"modified":"2024-12-03T22:54:34","modified_gmt":"2024-12-03T21:54:34","slug":"noviembre-2024-eventos-asociacion-ecoturismo","status":"publish","type":"post","link":"https:\/\/www.soyecoturista.com\/asociacion\/noviembre-2024-eventos-asociacion-ecoturismo\/","title":{"rendered":"Un noviembre repleto de eventos para la Asociaci\u00f3n de Ecoturismo en Espa\u00f1a"},"content":{"rendered":"\n<p>La Asociaci\u00f3n de Ecoturismo en Espa\u00f1a ha tenido un mes de noviembre muy activo, participando en destacados y numerosos eventos del sector tur\u00edstico. A trav\u00e9s de su presencia en estas actividades, la asociaci\u00f3n contin\u00faa difundiendo su trabajo,&nbsp; promoviendo las mejores pr\u00e1cticas de ecoturismo e impulsando y participando en el intercambio de experiencias entre profesionales del sector.<\/p>\n\n\n\n<p><strong><strong>II Congreso Internacional de las Monta\u00f1as de Sierra Nevada<\/strong><\/strong><\/p>\n\n\n\n<p>La Asociaci\u00f3n de Ecoturismo en Espa\u00f1a (AEE) estuvo presente en el <a href=\"https:\/\/www.sierranevada25aniversario.es\/congreso\/\" target=\"_blank\" rel=\"noopener\">II Congreso Internacional de las Monta\u00f1as de Sierra Nevada CIMAS<\/a>, que se celebr\u00f3 entre el 28 y 30 de noviembre de 2024 en Granada. Este evento organizado por la Consejer\u00eda de Sostenibilidad y Medio Ambiente de la Junta de Andaluc\u00eda y el Parque Nacional y Natural de Sierra Nevada en el marco del <a href=\"https:\/\/www.sierranevada25aniversario.es\/\" target=\"_blank\" rel=\"noopener\">25 aniversario del Parque Naciona<\/a>l,&nbsp; reuni\u00f3 a expertos, empresas, y organizaciones para debatir sobre la importancia de las monta\u00f1as, de cambio global, del uso p\u00fablico, de los deportes de monta\u00f1a, de los aprovechamientos y de la vida que se desarrolla en el entorno.&nbsp;<\/p>\n\n\n\n<p>En este congreso particip\u00f3 Amanda Guzm\u00e1n, gerente de la Asociaci\u00f3n de Ecoturismo en Espa\u00f1a, en la mesa redonda sobre \u201cEcoturismo en las Monta\u00f1as\u201d presentaci\u00f3n donde se destac\u00f3 la importancia de apostar por el ecoturismo en espacios tan valiosos y fr\u00e1giles como las monta\u00f1as. En particular, se enfatiz\u00f3 c\u00f3mo el ecoturismo no solo ayuda a preservar los valores naturales de estos paisajes, sino que tambi\u00e9n contribuye al desarrollo local y genera empleo en \u00e1reas afectadas por la despoblaci\u00f3n rural. Las monta\u00f1as, como territorios que enfrentan importantes desaf\u00edos, requieren una apuesta por un turismo responsable que valore a las empresas del sector y apoye la conservaci\u00f3n del medio ambiente. Con datos del <a href=\"https:\/\/www.soyecoturista.com\/asociacion\/observatorio-ecoturismo\/\">Observatorio de Ecoturismo en Espa\u00f1a<\/a>, Amanda Guzm\u00e1n aval\u00f3 con datos estas afirmaciones. En la mesa redonda, moderada por Maria Teresa Madrona, Presidenta de la la Asociaci\u00f3n Foro de la Carta Europea de Turismo Sostenible de Sierra Nevada, tambi\u00e9n participaron Pablo Martino, Presidente&nbsp; de la Asociaci\u00f3n Ecopicos y Ricardo Blanco, de la Secretar\u00eda de Estado de Turismo.<\/p>\n\n\n\n<div class=\"wp-block-buttons is-content-justification-center is-layout-flex wp-container-core-buttons-is-layout-16018d1d wp-block-buttons-is-layout-flex\">\n<div class=\"wp-block-button\"><a class=\"wp-block-button__link has-text-align-center wp-element-button\">DESCARGAR PROGRAMA<\/a><\/div>\n<\/div>\n\n\n\n<figure class=\"wp-block-gallery has-nested-images columns-default is-cropped wp-block-gallery-1 is-layout-flex wp-block-gallery-is-layout-flex\">\n<figure class=\"wp-block-image size-large\"><img loading=\"lazy\" decoding=\"async\" width=\"1479\" height=\"815\" data-id=\"46089\" src=\"https:\/\/www.soyecoturista.com\/asociacion\/wp-content\/uploads\/2024\/12\/CIMAS_2024_01-2-edited.jpeg\" alt=\"\" class=\"wp-image-46089\" srcset=\"https:\/\/www.soyecoturista.com\/asociacion\/wp-content\/uploads\/2024\/12\/CIMAS_2024_01-2-edited.jpeg 1479w, https:\/\/www.soyecoturista.com\/asociacion\/wp-content\/uploads\/2024\/12\/CIMAS_2024_01-2-edited-300x165.jpeg 300w, https:\/\/www.soyecoturista.com\/asociacion\/wp-content\/uploads\/2024\/12\/CIMAS_2024_01-2-edited-1024x564.jpeg 1024w, https:\/\/www.soyecoturista.com\/asociacion\/wp-content\/uploads\/2024\/12\/CIMAS_2024_01-2-edited-768x423.jpeg 768w\" sizes=\"auto, (max-width: 1479px) 100vw, 1479px\" \/><\/figure>\n\n\n\n<figure class=\"wp-block-image size-large\"><img loading=\"lazy\" decoding=\"async\" width=\"966\" height=\"725\" data-id=\"46087\" src=\"https:\/\/www.soyecoturista.com\/asociacion\/wp-content\/uploads\/2024\/12\/CIMAS_2024_02-2-edited-2.jpeg\" alt=\"\" class=\"wp-image-46087\" srcset=\"https:\/\/www.soyecoturista.com\/asociacion\/wp-content\/uploads\/2024\/12\/CIMAS_2024_02-2-edited-2.jpeg 966w, https:\/\/www.soyecoturista.com\/asociacion\/wp-content\/uploads\/2024\/12\/CIMAS_2024_02-2-edited-2-300x225.jpeg 300w, https:\/\/www.soyecoturista.com\/asociacion\/wp-content\/uploads\/2024\/12\/CIMAS_2024_02-2-edited-2-768x576.jpeg 768w\" sizes=\"auto, (max-width: 966px) 100vw, 966px\" \/><\/figure>\n<\/figure>\n\n\n\n<p><\/p>\n\n\n\n<p><strong><strong>VIII Encuentro Nacional de Turismo de Observaci\u00f3n de la Naturaleza: Ja\u00e9n Territorio Lince (NatureWatch)<\/strong><\/strong><\/p>\n\n\n\n<p>Del 28 al 30 de noviembre de 2024, el Territorio Lince en la Sierra Morena Jiennense acogi\u00f3 la VIII edici\u00f3n del <a href=\"https:\/\/www.encuentronaturewatch.com\/\" target=\"_blank\" rel=\"noopener\">Encuentro Nacional de Turismo de Observaci\u00f3n de la Naturaleza<\/a> (natureWatch), que en esta edici\u00f3n se ha centrado en el lince ib\u00e9rico, el turismo ornitol\u00f3gico y el astroturismo. Este evento fue patrocinado por el Plan de Sostenibilidad Tur\u00edstica en Destino Territorio Lince Sierra Morena Jiennense, impulsado y financiado por la Secretar\u00eda de Estado de Turismo, la Junta de Andaluc\u00eda y la Diputaci\u00f3n de Ja\u00e9n. Tambi\u00e9n cont\u00f3 con la colaboraci\u00f3n de entidades clave como el Parque Natural Sierra de And\u00fajar, el Parque Natural Despe\u00f1aperros, los ayuntamientos de Ba\u00f1os de la Encina y Aldeaquemada, y la Asociaci\u00f3n de Ecoturismo en Espa\u00f1a (Soy Ecoturista).<\/p>\n\n\n\n<p>Durante este evento, Amanda Guzm\u00e1n, gerente de la Asociaci\u00f3n de Ecoturismo en Espa\u00f1a (AEE), present\u00f3 el club de producto Ecoturismo en Espa\u00f1a y su marca Soy Ecoturista, as\u00ed como los avances que est\u00e1n realizando en el trabajo en red y en el impulso de la comercializaci\u00f3n de aut\u00e9nticas experiencias de Ecoturismo a trav\u00e9s de la nueva plataforma <a href=\"http:\/\/www.soyecoturista.com\">www.soyecoturista.com<\/a>. Amanda Guzm\u00e1n resalt\u00f3 c\u00f3mo esta red de empresas y destinos comprometidos con la conservaci\u00f3n de la naturaleza y el desarrollo local es clave para impulsar el turismo responsable en espacios protegidos y su entorno, como es el caso del Territorio Lince en la Sierra Morena Jienense.&nbsp;<\/p>\n\n\n\n<p>Tambi\u00e9n tuvo ocasi\u00f3n participar Vanesa Ruiz, Presidenta de la Asociaci\u00f3n de Turismo Sostenible del Parque Natural de las Sierras de Cazorla y Las Villas, explicando la trayectoria de su asociaci\u00f3n y la importancia de una buena gobernanza basada en la colaboraci\u00f3n entre las entidades p\u00fablicas y las empresas privadas, para poder impulsar un turismo m\u00e1s respetuoso y beneficioso en el territorio.&nbsp; Se trata de un destino adherido a Soy Ecoturista desde&nbsp; 2018.<\/p>\n\n\n\n<div class=\"wp-block-buttons is-content-justification-center is-layout-flex wp-container-core-buttons-is-layout-16018d1d wp-block-buttons-is-layout-flex\">\n<div class=\"wp-block-button\"><a class=\"wp-block-button__link has-text-align-center wp-element-button\">DESCARGAR PROGRAMA<\/a><\/div>\n<\/div>\n\n\n\n<figure class=\"wp-block-gallery has-nested-images columns-default is-cropped wp-block-gallery-2 is-layout-flex wp-block-gallery-is-layout-flex\">\n<figure class=\"wp-block-image size-large\"><img loading=\"lazy\" decoding=\"async\" width=\"1024\" height=\"768\" data-id=\"46067\" src=\"https:\/\/www.soyecoturista.com\/asociacion\/wp-content\/uploads\/2024\/12\/Naturewatch_Jaen_01-2-1024x768.jpeg\" alt=\"\" class=\"wp-image-46067\" srcset=\"https:\/\/www.soyecoturista.com\/asociacion\/wp-content\/uploads\/2024\/12\/Naturewatch_Jaen_01-2-1024x768.jpeg 1024w, https:\/\/www.soyecoturista.com\/asociacion\/wp-content\/uploads\/2024\/12\/Naturewatch_Jaen_01-2-300x225.jpeg 300w, https:\/\/www.soyecoturista.com\/asociacion\/wp-content\/uploads\/2024\/12\/Naturewatch_Jaen_01-2-768x576.jpeg 768w, https:\/\/www.soyecoturista.com\/asociacion\/wp-content\/uploads\/2024\/12\/Naturewatch_Jaen_01-2-1536x1152.jpeg 1536w, https:\/\/www.soyecoturista.com\/asociacion\/wp-content\/uploads\/2024\/12\/Naturewatch_Jaen_01-2.jpeg 1600w\" sizes=\"auto, (max-width: 1024px) 100vw, 1024px\" \/><\/figure>\n\n\n\n<figure class=\"wp-block-image size-large\"><img loading=\"lazy\" decoding=\"async\" width=\"1024\" height=\"768\" data-id=\"46066\" src=\"https:\/\/www.soyecoturista.com\/asociacion\/wp-content\/uploads\/2024\/12\/Naturewatch_Jaen_02-2-1024x768.jpg\" alt=\"\" class=\"wp-image-46066\" srcset=\"https:\/\/www.soyecoturista.com\/asociacion\/wp-content\/uploads\/2024\/12\/Naturewatch_Jaen_02-2-1024x768.jpg 1024w, https:\/\/www.soyecoturista.com\/asociacion\/wp-content\/uploads\/2024\/12\/Naturewatch_Jaen_02-2-300x225.jpg 300w, https:\/\/www.soyecoturista.com\/asociacion\/wp-content\/uploads\/2024\/12\/Naturewatch_Jaen_02-2-768x576.jpg 768w, https:\/\/www.soyecoturista.com\/asociacion\/wp-content\/uploads\/2024\/12\/Naturewatch_Jaen_02-2.jpg 1280w\" sizes=\"auto, (max-width: 1024px) 100vw, 1024px\" \/><\/figure>\n<\/figure>\n\n\n\n<p><\/p>\n\n\n\n<p><strong>Mesa de Turismo en Asturias: \u201cDe escuchar a hacer juntos: un turismo mejor\u201d<\/strong><\/p>\n\n\n\n<p>El pasado 11 de noviembre, Ana Llano, presidenta de la Asociaci\u00f3n de Ecoturismo en Espa\u00f1a, particip\u00f3 en una sesi\u00f3n de la Mesa de Turismo de la Federaci\u00f3n Asturiana de Empresarios (FADE) que organizaba en colaboraci\u00f3n con la Confederaci\u00f3n Espa\u00f1ola de Organizaciones de Empresarios (CEOE), y que ten\u00eda como objetivo presentar iniciativas y experiencias que permiten conciliar la actividad tur\u00edstica con la calidad de vida de los habitantes de los destinos.&nbsp;<\/p>\n\n\n\n<p>Ana Llano concretamente particip\u00f3 en la mesa de debate sobre \u201cEl turismo como motor de desarrollo local\u201d en la que pudo destacar c\u00f3mo el ecoturismo es una forma de ofrecer y hacer turismo que prioriza la conservaci\u00f3n de la naturaleza y el bienestar de las poblaciones locales, as\u00ed como trata de desestacionalizar el turismo a trav\u00e9s de eventos de la naturaleza o eventos organizados por los empresarios tur\u00edsticos en colaboraci\u00f3n con las administraciones locales. Pudo tambi\u00e9n dar a conocer el club de producto Ecoturismo en Espa\u00f1a y su marca Soy Ecoturista, y c\u00f3mo los destinos y empresas adheridos han de cumplir una serie de requisitos para asegurar que se cumplen los principios del ecoturismo, entre ellos, la contribuci\u00f3n al desarrollo local.<\/p>\n\n\n\n<div class=\"wp-block-buttons is-content-justification-center is-layout-flex wp-container-core-buttons-is-layout-16018d1d wp-block-buttons-is-layout-flex\">\n<div class=\"wp-block-button\"><a class=\"wp-block-button__link has-text-align-center wp-element-button\">DESCARGAR PROGRAMA<\/a><\/div>\n<\/div>\n\n\n\n<figure class=\"wp-block-gallery has-nested-images columns-default is-cropped wp-block-gallery-3 is-layout-flex wp-block-gallery-is-layout-flex\">\n<figure class=\"wp-block-image size-large\"><img loading=\"lazy\" decoding=\"async\" width=\"1024\" height=\"722\" data-id=\"46068\" src=\"https:\/\/www.soyecoturista.com\/asociacion\/wp-content\/uploads\/2024\/12\/MesaTurismo-CEOE-2024-3-1024x722.jpeg\" alt=\"\" class=\"wp-image-46068\" srcset=\"https:\/\/www.soyecoturista.com\/asociacion\/wp-content\/uploads\/2024\/12\/MesaTurismo-CEOE-2024-3-1024x722.jpeg 1024w, https:\/\/www.soyecoturista.com\/asociacion\/wp-content\/uploads\/2024\/12\/MesaTurismo-CEOE-2024-3-300x212.jpeg 300w, https:\/\/www.soyecoturista.com\/asociacion\/wp-content\/uploads\/2024\/12\/MesaTurismo-CEOE-2024-3-768x542.jpeg 768w, https:\/\/www.soyecoturista.com\/asociacion\/wp-content\/uploads\/2024\/12\/MesaTurismo-CEOE-2024-3.jpeg 1280w\" sizes=\"auto, (max-width: 1024px) 100vw, 1024px\" \/><\/figure>\n<\/figure>\n\n\n\n<p><\/p>\n\n\n\n<p><strong><strong>Jornada sobre turismo sostenible y ecoturismo en el Parque Nacional de las Islas Atl\u00e1nticas de Galicia<\/strong><\/strong><\/p>\n\n\n\n<p>El 21 de noviembre el Parque Nacional de las Islas Atl\u00e1nticas de Galicia organiz\u00f3 una jornada dirigida fundamentalmente a los m\u00e1s de 50 gu\u00edas acreditados del Parque Nacional. En esta Jornada, en la que se cont\u00f3 con la presencia de \u00c1ngeles V\u00e1zquez, Consejera de Medio Ambiente y Cambio Clim\u00e1tico de la Xunta de Galicia, se dieron a conocer las claves de la Carta Europea de Turismo Sostenible, acreditaci\u00f3n con la que cuenta este espacio protegido desde 2015, as\u00ed como las claves del club de producto Ecoturismo en Espa\u00f1a y su marca Soy Ecoturista a la que tambi\u00e9n est\u00e1 adherido desde 2023.<\/p>\n\n\n\n<p>Ana Llano, presidenta de la Asociaci\u00f3n de Ecoturismo en Espa\u00f1a pudo explicar en detalle en qu\u00e9 consiste el aut\u00e9ntico ecoturismo, c\u00f3mo podemos garantizar que lo ofrecen los destinos y empresas adheridos, y los avances en el \u00e1mbito de la promoci\u00f3n y la comercializaci\u00f3n, destacando la nueva plataforma de comercializaci\u00f3n en la que ya est\u00e1 presente Islas Atl\u00e1nticas de Galicia y la oferta de alguna de sus empresas adheridas.<\/p>\n\n\n\n<div class=\"wp-block-buttons is-content-justification-center is-layout-flex wp-container-core-buttons-is-layout-16018d1d wp-block-buttons-is-layout-flex\">\n<div class=\"wp-block-button\"><a class=\"wp-block-button__link has-text-align-center wp-element-button\">DESCARGAR PROGRAMA<\/a><\/div>\n<\/div>\n\n\n\n<figure class=\"wp-block-gallery has-nested-images columns-default is-cropped wp-block-gallery-4 is-layout-flex wp-block-gallery-is-layout-flex\">\n<figure class=\"wp-block-image size-large\"><img loading=\"lazy\" decoding=\"async\" width=\"1024\" height=\"682\" data-id=\"46069\" src=\"https:\/\/www.soyecoturista.com\/asociacion\/wp-content\/uploads\/2024\/12\/Jornada_IslasAtlanticas_2024_01-2-1024x682.jpeg\" alt=\"\" class=\"wp-image-46069\" srcset=\"https:\/\/www.soyecoturista.com\/asociacion\/wp-content\/uploads\/2024\/12\/Jornada_IslasAtlanticas_2024_01-2-1024x682.jpeg 1024w, https:\/\/www.soyecoturista.com\/asociacion\/wp-content\/uploads\/2024\/12\/Jornada_IslasAtlanticas_2024_01-2-300x200.jpeg 300w, https:\/\/www.soyecoturista.com\/asociacion\/wp-content\/uploads\/2024\/12\/Jornada_IslasAtlanticas_2024_01-2-768x512.jpeg 768w, https:\/\/www.soyecoturista.com\/asociacion\/wp-content\/uploads\/2024\/12\/Jornada_IslasAtlanticas_2024_01-2-1536x1024.jpeg 1536w, https:\/\/www.soyecoturista.com\/asociacion\/wp-content\/uploads\/2024\/12\/Jornada_IslasAtlanticas_2024_01-2.jpeg 1772w\" sizes=\"auto, (max-width: 1024px) 100vw, 1024px\" \/><\/figure>\n\n\n\n<figure class=\"wp-block-image size-large\"><img loading=\"lazy\" decoding=\"async\" width=\"768\" height=\"1024\" data-id=\"46070\" src=\"https:\/\/www.soyecoturista.com\/asociacion\/wp-content\/uploads\/2024\/12\/Jornada_IslasAtlanticas_2024_02-2-768x1024.jpeg\" alt=\"\" class=\"wp-image-46070\" srcset=\"https:\/\/www.soyecoturista.com\/asociacion\/wp-content\/uploads\/2024\/12\/Jornada_IslasAtlanticas_2024_02-2-768x1024.jpeg 768w, https:\/\/www.soyecoturista.com\/asociacion\/wp-content\/uploads\/2024\/12\/Jornada_IslasAtlanticas_2024_02-2-225x300.jpeg 225w, https:\/\/www.soyecoturista.com\/asociacion\/wp-content\/uploads\/2024\/12\/Jornada_IslasAtlanticas_2024_02-2-1152x1536.jpeg 1152w, https:\/\/www.soyecoturista.com\/asociacion\/wp-content\/uploads\/2024\/12\/Jornada_IslasAtlanticas_2024_02-2.jpeg 1536w\" sizes=\"auto, (max-width: 768px) 100vw, 768px\" \/><\/figure>\n<\/figure>\n\n\n\n<p><\/p>\n\n\n\n<p><strong>I Congreso T\u00e9cnico de Ecoturismo de Fi\u00f1ana<\/strong><\/p>\n\n\n\n<p>La Asociaci\u00f3n de Ecoturismo en Espa\u00f1a tambi\u00e9n tuvo la ocasi\u00f3n de participar en el I Congreso T\u00e9cnico de Ecoturismo organizado por el Ayuntamiento de Fi\u00f1ana (Almer\u00eda) los d\u00edas 21 y 22 de noviembre con el lema \u201cEstrategia local, visi\u00f3n comarcal\u201d. Los objetivos del evento fueron dar a conocer los fundamentos del ecoturismo; sensibilizar y promover actitudes positivas relacionadas con la conservaci\u00f3n de la naturaleza en Sierra Nevada; favorecer la participaci\u00f3n de la ciudadan\u00eda de forma consciente y cr\u00edtica con su entorno; fomentar el turismo responsable; y generar espacios de concienciaci\u00f3n entre los participantes sobre la necesidad de poner en valor las comunidades locales.<\/p>\n\n\n\n<p>Friederike Ther, Secretaria de la Asociaci\u00f3n de Ecoturismo en Espa\u00f1a, intervino en el evento con la ponencia \u201cSoy Ecoturista, la red de destinos de ecoturismo certificado\u201d, dando a conocer los objetivos, funcionamiento y avances del club de producto Ecoturismo en Espa\u00f1a y su marca Soy Ecotrista. Fi\u00f1ana es un municipio del destino Sierra Nevada, y por tanto tambi\u00e9n fue de especial relevancia la intervenci\u00f3n de Mar\u00eda Teresa Madrona Moreno, Presidenta de la Asociaci\u00f3n de Empresas del Foro de la CETS de Sierra Nevada titulada \u201cEcoturismo en Sierra Nevada, una red multiempresarial\u201d, destacando la importancia de la colaboraci\u00f3n y la participaci\u00f3n. <\/p>\n\n\n\n<div class=\"wp-block-buttons is-content-justification-center is-layout-flex wp-container-core-buttons-is-layout-16018d1d wp-block-buttons-is-layout-flex\">\n<div class=\"wp-block-button\"><a class=\"wp-block-button__link has-text-align-center wp-element-button\">DESCARGAR CONCLUSIONES<\/a><\/div>\n<\/div>\n\n\n\n<figure class=\"wp-block-gallery has-nested-images columns-default is-cropped wp-block-gallery-5 is-layout-flex wp-block-gallery-is-layout-flex\">\n<figure class=\"wp-block-image size-large\"><img loading=\"lazy\" decoding=\"async\" width=\"768\" height=\"1024\" data-id=\"46071\" src=\"https:\/\/www.soyecoturista.com\/asociacion\/wp-content\/uploads\/2024\/12\/Congreso_Finana_Federica_01-2-768x1024.jpg\" alt=\"\" class=\"wp-image-46071\" srcset=\"https:\/\/www.soyecoturista.com\/asociacion\/wp-content\/uploads\/2024\/12\/Congreso_Finana_Federica_01-2-768x1024.jpg 768w, https:\/\/www.soyecoturista.com\/asociacion\/wp-content\/uploads\/2024\/12\/Congreso_Finana_Federica_01-2-225x300.jpg 225w, https:\/\/www.soyecoturista.com\/asociacion\/wp-content\/uploads\/2024\/12\/Congreso_Finana_Federica_01-2-1152x1536.jpg 1152w, https:\/\/www.soyecoturista.com\/asociacion\/wp-content\/uploads\/2024\/12\/Congreso_Finana_Federica_01-2.jpg 1512w\" sizes=\"auto, (max-width: 768px) 100vw, 768px\" \/><\/figure>\n\n\n\n<figure class=\"wp-block-image size-large\"><img loading=\"lazy\" decoding=\"async\" width=\"1024\" height=\"771\" data-id=\"46072\" src=\"https:\/\/www.soyecoturista.com\/asociacion\/wp-content\/uploads\/2024\/12\/Ecoturismo-Finana_2-2-1024x771.jpg\" alt=\"\" class=\"wp-image-46072\" srcset=\"https:\/\/www.soyecoturista.com\/asociacion\/wp-content\/uploads\/2024\/12\/Ecoturismo-Finana_2-2-1024x771.jpg 1024w, https:\/\/www.soyecoturista.com\/asociacion\/wp-content\/uploads\/2024\/12\/Ecoturismo-Finana_2-2-300x226.jpg 300w, https:\/\/www.soyecoturista.com\/asociacion\/wp-content\/uploads\/2024\/12\/Ecoturismo-Finana_2-2-768x578.jpg 768w, https:\/\/www.soyecoturista.com\/asociacion\/wp-content\/uploads\/2024\/12\/Ecoturismo-Finana_2-2-1536x1157.jpg 1536w, https:\/\/www.soyecoturista.com\/asociacion\/wp-content\/uploads\/2024\/12\/Ecoturismo-Finana_2-2.jpg 2040w\" sizes=\"auto, (max-width: 1024px) 100vw, 1024px\" \/><\/figure>\n<\/figure>\n\n\n\n<p><\/p>\n\n\n\n<p><strong>IX Jornadas Abiertas del Foro Espa\u00f1ol de Geoparques<\/strong><\/p>\n\n\n\n<p>La Asociaci\u00f3n de Ecoturismo en Espa\u00f1a (Soy Ecoturista) tambi\u00e9n asisti\u00f3 a la novena edici\u00f3n de las <a href=\"https:\/\/www.geoparquedegranada.com\/ix-jornadas-abiertas-del-foro-espanol-de-geoparques\/\" target=\"_blank\" rel=\"noopener\">Jornadas Abiertas de los Geoparques Espa\u00f1oles<\/a>, celebrada el 28 de noviembre en el Teatro Oscense de Hu\u00e9scar, municipio del Geoparque de Granada. En esta edici\u00f3n, se tuvo la oportunidad de conocer de primera mano las propuestas cient\u00edficas, los planes de conservaci\u00f3n, las buenas pr\u00e1cticas&nbsp; y estrategias de desarrollo sostenible presentadas por los diferentes representantes t\u00e9cnicos e instituciones invitadas.<\/p>\n\n\n\n<div class=\"wp-block-buttons is-content-justification-center is-layout-flex wp-container-core-buttons-is-layout-16018d1d wp-block-buttons-is-layout-flex\">\n<div class=\"wp-block-button\"><a class=\"wp-block-button__link has-text-align-center wp-element-button\">DESCARGAR PROGRAMA<\/a><\/div>\n<\/div>\n\n\n\n<figure class=\"wp-block-gallery has-nested-images columns-default is-cropped wp-block-gallery-6 is-layout-flex wp-block-gallery-is-layout-flex\">\n<figure class=\"wp-block-image size-large\"><img loading=\"lazy\" decoding=\"async\" width=\"901\" height=\"508\" data-id=\"46073\" src=\"https:\/\/www.soyecoturista.com\/asociacion\/wp-content\/uploads\/2024\/12\/Foro_Geoparques_2024_01-2.jpg\" alt=\"\" class=\"wp-image-46073\" srcset=\"https:\/\/www.soyecoturista.com\/asociacion\/wp-content\/uploads\/2024\/12\/Foro_Geoparques_2024_01-2.jpg 901w, https:\/\/www.soyecoturista.com\/asociacion\/wp-content\/uploads\/2024\/12\/Foro_Geoparques_2024_01-2-300x169.jpg 300w, https:\/\/www.soyecoturista.com\/asociacion\/wp-content\/uploads\/2024\/12\/Foro_Geoparques_2024_01-2-768x433.jpg 768w\" sizes=\"auto, (max-width: 901px) 100vw, 901px\" \/><\/figure>\n\n\n\n<figure class=\"wp-block-image size-large\"><img loading=\"lazy\" decoding=\"async\" width=\"902\" height=\"509\" data-id=\"46074\" src=\"https:\/\/www.soyecoturista.com\/asociacion\/wp-content\/uploads\/2024\/12\/Foro_Geoparques_2024_02-2.jpg\" alt=\"\" class=\"wp-image-46074\" srcset=\"https:\/\/www.soyecoturista.com\/asociacion\/wp-content\/uploads\/2024\/12\/Foro_Geoparques_2024_02-2.jpg 902w, https:\/\/www.soyecoturista.com\/asociacion\/wp-content\/uploads\/2024\/12\/Foro_Geoparques_2024_02-2-300x169.jpg 300w, https:\/\/www.soyecoturista.com\/asociacion\/wp-content\/uploads\/2024\/12\/Foro_Geoparques_2024_02-2-768x433.jpg 768w\" sizes=\"auto, (max-width: 902px) 100vw, 902px\" \/><\/figure>\n<\/figure>\n\n\n\n<hr class=\"wp-block-separator has-alpha-channel-opacity\"\/>\n\n\n\n<p><strong>Sobre la Asociaci\u00f3n de Ecoturismo en Espa\u00f1a<\/strong><\/p>\n\n\n\n<p>La <a href=\"https:\/\/www.soyecoturista.com\/asociacion\/\" target=\"_blank\" rel=\"noreferrer noopener\">Asociaci\u00f3n de Ecoturismo en Espa\u00f1a<\/a> (AEE) es una asociaci\u00f3n sin \u00e1nimo de lucro y de car\u00e1cter p\u00fablico-privado creada en 2010 para fomentar el ecoturismo en los espacios protegidos y compuesta principalmente por asociaciones de empresarios de turismo ubicadas en espacios naturales, entidades gestoras de espacios protegidos, administraciones p\u00fablicas implicadas en la gesti\u00f3n tur\u00edstica de \u00e9stos, grupos de desarrollo rural, entidades de conservaci\u00f3n de la naturaleza, universidades y empresas especializadas en turismo.<\/p>\n\n\n\n<p>La AEE es la entidad que gestiona el club de producto Ecoturismo en Espa\u00f1a, con apoyo de la Secretar\u00eda de Estado de Turismo. Es una iniciativa pionera que ofrece experiencias de ecoturismo en espacios naturales protegidos, garantizando al viajero su contribuci\u00f3n al desarrollo local y a la conservaci\u00f3n de la biodiversidad. Actualmente agrupa 42 destinos y m\u00e1s de 700 empresas que, bajo la marca <a href=\"http:\/\/www.soyecoturista.com\" target=\"_blank\" rel=\"noreferrer noopener\">Soy Ecoturista<\/a>, asumen su compromiso con el desarrollo sostenible.<\/p>\n","protected":false},"excerpt":{"rendered":"<p>La Asociaci\u00f3n de Ecoturismo en Espa\u00f1a ha tenido un mes de noviembre muy activo, participando en destacados y numerosos eventos del sector tur\u00edstico. A trav\u00e9s de su presencia en estas [&hellip;]<\/p>\n","protected":false},"author":7,"featured_media":46067,"comment_status":"closed","ping_status":"closed","sticky":false,"template":"","format":"standard","meta":{"_acf_changed":false,"footnotes":""},"categories":[4],"tags":[11,14],"class_list":["post-46039","post","type-post","status-publish","format-standard","has-post-thumbnail","hentry","category-noticias","tag-ecoturismo","tag-ecoturismo-en-espana"],"acf":[],"_links":{"self":[{"href":"https:\/\/www.soyecoturista.com\/asociacion\/wp-json\/wp\/v2\/posts\/46039","targetHints":{"allow":["GET"]}}],"collection":[{"href":"https:\/\/www.soyecoturista.com\/asociacion\/wp-json\/wp\/v2\/posts"}],"about":[{"href":"https:\/\/www.soyecoturista.com\/asociacion\/wp-json\/wp\/v2\/types\/post"}],"author":[{"embeddable":true,"href":"https:\/\/www.soyecoturista.com\/asociacion\/wp-json\/wp\/v2\/users\/7"}],"replies":[{"embeddable":true,"href":"https:\/\/www.soyecoturista.com\/asociacion\/wp-json\/wp\/v2\/comments?post=46039"}],"version-history":[{"count":6,"href":"https:\/\/www.soyecoturista.com\/asociacion\/wp-json\/wp\/v2\/posts\/46039\/revisions"}],"predecessor-version":[{"id":46094,"href":"https:\/\/www.soyecoturista.com\/asociacion\/wp-json\/wp\/v2\/posts\/46039\/revisions\/46094"}],"wp:featuredmedia":[{"embeddable":true,"href":"https:\/\/www.soyecoturista.com\/asociacion\/wp-json\/wp\/v2\/media\/46067"}],"wp:attachment":[{"href":"https:\/\/www.soyecoturista.com\/asociacion\/wp-json\/wp\/v2\/media?parent=46039"}],"wp:term":[{"taxonomy":"category","embeddable":true,"href":"https:\/\/www.soyecoturista.com\/asociacion\/wp-json\/wp\/v2\/categories?post=46039"},{"taxonomy":"post_tag","embeddable":true,"href":"https:\/\/www.soyecoturista.com\/asociacion\/wp-json\/wp\/v2\/tags?post=46039"}],"curies":[{"name":"wp","href":"https:\/\/api.w.org\/{rel}","templated":true}]}}