{"id":45975,"date":"2024-11-13T14:19:43","date_gmt":"2024-11-13T13:19:43","guid":{"rendered":"https:\/\/www.soyecoturista.com\/asociacion\/?p=45975"},"modified":"2024-11-14T19:35:52","modified_gmt":"2024-11-14T18:35:52","slug":"presstrip-la-garrotxa-soy-ecoturista-2024","status":"publish","type":"post","link":"https:\/\/www.soyecoturista.com\/asociacion\/presstrip-la-garrotxa-soy-ecoturista-2024\/","title":{"rendered":"Tres periodistas danesas descubren la oferta de ecoturismo de la Garrotxa, destino adherido a Soy Ecoturista"},"content":{"rendered":"\n<figure class=\"wp-block-image size-large\"><img loading=\"lazy\" decoding=\"async\" width=\"1024\" height=\"258\" src=\"https:\/\/www.soyecoturista.com\/asociacion\/wp-content\/uploads\/2024\/11\/encabezado_LaGarrotxa_SoyEcoturista-1024x258.png\" alt=\"\" class=\"wp-image-45983\" srcset=\"https:\/\/www.soyecoturista.com\/asociacion\/wp-content\/uploads\/2024\/11\/encabezado_LaGarrotxa_SoyEcoturista-1024x258.png 1024w, https:\/\/www.soyecoturista.com\/asociacion\/wp-content\/uploads\/2024\/11\/encabezado_LaGarrotxa_SoyEcoturista-300x76.png 300w, https:\/\/www.soyecoturista.com\/asociacion\/wp-content\/uploads\/2024\/11\/encabezado_LaGarrotxa_SoyEcoturista-768x194.png 768w, https:\/\/www.soyecoturista.com\/asociacion\/wp-content\/uploads\/2024\/11\/encabezado_LaGarrotxa_SoyEcoturista.png 1280w\" sizes=\"auto, (max-width: 1024px) 100vw, 1024px\" \/><\/figure>\n\n\n\n<p>Del 8 al 10 de noviembre Turisme Garrotxa, junto con el Consell Comarcal de la Garrotxa, organizaron un viaje de prensa que llev\u00f3 a la Garrotxa tres periodistas danesas: Karin M\u00f8ller-Olsen, del diario Politiken; Parastou Booyash, de la agencia de noticias Ritzaus Bureau; y Dorte Mosbaek, del diario Berlingske, acompa\u00f1adas de la responsable de comunicaci\u00f3n y marketing de la Oficina Espanyola de turismo de Copenhagen.<\/p>\n\n\n\n<p>Con esta acci\u00f3n, impulsada por la Asociaci\u00f3n de Ecoturismo en Espa\u00f1a (Soy Ecoturista) y con la colaboraci\u00f3n de Turespa\u00f1a y el Patronat de Turisme Costa Brava Girona, se pretende dar a conocer una parte de la oferta de ecoturismo certificada de la Garrotxa a medios de comunicaci\u00f3n daneses sensibilizados en este segmento de mercado.&nbsp; Durante su estancia, las periodistas, aparte de degustar la Cocina Volc\u00e1nica y los diferentes productos locales, visitaron el centro hist\u00f3rico de Olot con un recorrido por las fachadas modernistas, el mercado, los comercios tradicionales, el centro de interpretaci\u00f3n de les volcanes (Espai Cr\u00e0ter), y el festival de luz y fuego Llu\u00e8rnia; hicieron una ruta a pie por la parte central del Parque Natural de la Zona Volc\u00e1nica de la Garrotxa, y la villa medieval de Santa Pau. Tambi\u00e9n tuvieron la oportunidad de conocer alguno de los pueblos empedrados de la Vall d\u2019en Bas y las coladas bas\u00e1lticas de Castellfollit de la Roca y de Sant Joan les Fonts.&nbsp;<\/p>\n\n\n\n<p>La atenci\u00f3n a medios de comunicaci\u00f3n especializados en ecoturismo es una de las acciones habituales de Turisme Garrotxa que se enmarca dentro de la estrategia comarcal de la Carta Europea de Turismo Sostenible 2020-2025 y tiene por objetivo por un lado que los medios de comunicaci\u00f3n, tanto nacionales como internacionales, publiquen reportajes de calidad sobre la oferta de la comarca, y por otra desestacionalizar y descentralizar la demanda.&nbsp;<\/p>\n\n\n\n<p>La Garrotxa es un destino adherido a Soy Ecoturista y las empresas locales que prestaron los servicios durante el viaje de prensa tambi\u00e9n est\u00e1n adheridas, por lo que este viaje ha permitido mostrar un ejemplo real de la oferta de ecoturismo certificada del club de producto Ecoturismo en Espa\u00f1a bajo su marca Soy Ecoturista, explicando que cumple criterios de sostenibilidad y contribuyen a la conservaci\u00f3n de la naturaleza y al desarrollo local. Esta actuaci\u00f3n forma parte del plan de acci\u00f3n anual de colaboraci\u00f3n entre la Asociaci\u00f3n de Ecoturismo en Espa\u00f1a y Turespa\u00f1a. para la promoci\u00f3n internacional del producto Ecoturismo en Espa\u00f1a.<\/p>\n\n\n\n<figure class=\"wp-block-gallery has-nested-images columns-default is-cropped wp-block-gallery-1 is-layout-flex wp-block-gallery-is-layout-flex\">\n<figure class=\"wp-block-image size-large\"><img loading=\"lazy\" decoding=\"async\" width=\"1024\" height=\"768\" data-id=\"45976\" src=\"https:\/\/www.soyecoturista.com\/asociacion\/wp-content\/uploads\/2024\/11\/FT_Garrotxa_SoyEcoturista_07-1024x768.jpeg\" alt=\"\" class=\"wp-image-45976\" srcset=\"https:\/\/www.soyecoturista.com\/asociacion\/wp-content\/uploads\/2024\/11\/FT_Garrotxa_SoyEcoturista_07-1024x768.jpeg 1024w, https:\/\/www.soyecoturista.com\/asociacion\/wp-content\/uploads\/2024\/11\/FT_Garrotxa_SoyEcoturista_07-300x225.jpeg 300w, https:\/\/www.soyecoturista.com\/asociacion\/wp-content\/uploads\/2024\/11\/FT_Garrotxa_SoyEcoturista_07-768x576.jpeg 768w, https:\/\/www.soyecoturista.com\/asociacion\/wp-content\/uploads\/2024\/11\/FT_Garrotxa_SoyEcoturista_07-1536x1152.jpeg 1536w, https:\/\/www.soyecoturista.com\/asociacion\/wp-content\/uploads\/2024\/11\/FT_Garrotxa_SoyEcoturista_07.jpeg 1600w\" sizes=\"auto, (max-width: 1024px) 100vw, 1024px\" \/><\/figure>\n\n\n\n<figure class=\"wp-block-image size-large\"><img loading=\"lazy\" decoding=\"async\" width=\"1024\" height=\"768\" data-id=\"45978\" src=\"https:\/\/www.soyecoturista.com\/asociacion\/wp-content\/uploads\/2024\/11\/FT_Garrotxa_SoyEcoturista_11-1024x768.jpeg\" alt=\"\" class=\"wp-image-45978\" srcset=\"https:\/\/www.soyecoturista.com\/asociacion\/wp-content\/uploads\/2024\/11\/FT_Garrotxa_SoyEcoturista_11-1024x768.jpeg 1024w, https:\/\/www.soyecoturista.com\/asociacion\/wp-content\/uploads\/2024\/11\/FT_Garrotxa_SoyEcoturista_11-300x225.jpeg 300w, https:\/\/www.soyecoturista.com\/asociacion\/wp-content\/uploads\/2024\/11\/FT_Garrotxa_SoyEcoturista_11-768x576.jpeg 768w, https:\/\/www.soyecoturista.com\/asociacion\/wp-content\/uploads\/2024\/11\/FT_Garrotxa_SoyEcoturista_11-1536x1152.jpeg 1536w, https:\/\/www.soyecoturista.com\/asociacion\/wp-content\/uploads\/2024\/11\/FT_Garrotxa_SoyEcoturista_11.jpeg 2040w\" sizes=\"auto, (max-width: 1024px) 100vw, 1024px\" \/><\/figure>\n\n\n\n<figure class=\"wp-block-image size-large\"><img loading=\"lazy\" decoding=\"async\" width=\"1024\" height=\"768\" data-id=\"45979\" src=\"https:\/\/www.soyecoturista.com\/asociacion\/wp-content\/uploads\/2024\/11\/FT_Garrotxa_SoyEcoturista_17-1024x768.jpeg\" alt=\"\" class=\"wp-image-45979\" srcset=\"https:\/\/www.soyecoturista.com\/asociacion\/wp-content\/uploads\/2024\/11\/FT_Garrotxa_SoyEcoturista_17-1024x768.jpeg 1024w, https:\/\/www.soyecoturista.com\/asociacion\/wp-content\/uploads\/2024\/11\/FT_Garrotxa_SoyEcoturista_17-300x225.jpeg 300w, https:\/\/www.soyecoturista.com\/asociacion\/wp-content\/uploads\/2024\/11\/FT_Garrotxa_SoyEcoturista_17-768x576.jpeg 768w, https:\/\/www.soyecoturista.com\/asociacion\/wp-content\/uploads\/2024\/11\/FT_Garrotxa_SoyEcoturista_17-1536x1152.jpeg 1536w, https:\/\/www.soyecoturista.com\/asociacion\/wp-content\/uploads\/2024\/11\/FT_Garrotxa_SoyEcoturista_17.jpeg 2040w\" sizes=\"auto, (max-width: 1024px) 100vw, 1024px\" \/><\/figure>\n\n\n\n<figure class=\"wp-block-image size-large\"><img loading=\"lazy\" decoding=\"async\" width=\"1024\" height=\"768\" data-id=\"45977\" src=\"https:\/\/www.soyecoturista.com\/asociacion\/wp-content\/uploads\/2024\/11\/FT_Garrotxa_SoyEcoturista_19-1024x768.jpeg\" alt=\"\" class=\"wp-image-45977\" srcset=\"https:\/\/www.soyecoturista.com\/asociacion\/wp-content\/uploads\/2024\/11\/FT_Garrotxa_SoyEcoturista_19-1024x768.jpeg 1024w, https:\/\/www.soyecoturista.com\/asociacion\/wp-content\/uploads\/2024\/11\/FT_Garrotxa_SoyEcoturista_19-300x225.jpeg 300w, https:\/\/www.soyecoturista.com\/asociacion\/wp-content\/uploads\/2024\/11\/FT_Garrotxa_SoyEcoturista_19-768x576.jpeg 768w, https:\/\/www.soyecoturista.com\/asociacion\/wp-content\/uploads\/2024\/11\/FT_Garrotxa_SoyEcoturista_19-1536x1152.jpeg 1536w, https:\/\/www.soyecoturista.com\/asociacion\/wp-content\/uploads\/2024\/11\/FT_Garrotxa_SoyEcoturista_19.jpeg 2000w\" sizes=\"auto, (max-width: 1024px) 100vw, 1024px\" \/><\/figure>\n\n\n\n<figure class=\"wp-block-image size-large\"><img loading=\"lazy\" decoding=\"async\" width=\"1024\" height=\"768\" data-id=\"45981\" src=\"https:\/\/www.soyecoturista.com\/asociacion\/wp-content\/uploads\/2024\/11\/FT_Garrotxa_SoyEcoturista_23-1024x768.jpeg\" alt=\"\" class=\"wp-image-45981\" srcset=\"https:\/\/www.soyecoturista.com\/asociacion\/wp-content\/uploads\/2024\/11\/FT_Garrotxa_SoyEcoturista_23-1024x768.jpeg 1024w, https:\/\/www.soyecoturista.com\/asociacion\/wp-content\/uploads\/2024\/11\/FT_Garrotxa_SoyEcoturista_23-300x225.jpeg 300w, https:\/\/www.soyecoturista.com\/asociacion\/wp-content\/uploads\/2024\/11\/FT_Garrotxa_SoyEcoturista_23-768x576.jpeg 768w, https:\/\/www.soyecoturista.com\/asociacion\/wp-content\/uploads\/2024\/11\/FT_Garrotxa_SoyEcoturista_23-1536x1152.jpeg 1536w, https:\/\/www.soyecoturista.com\/asociacion\/wp-content\/uploads\/2024\/11\/FT_Garrotxa_SoyEcoturista_23.jpeg 2048w\" sizes=\"auto, (max-width: 1024px) 100vw, 1024px\" \/><\/figure>\n\n\n\n<figure class=\"wp-block-image size-large\"><img loading=\"lazy\" decoding=\"async\" width=\"1024\" height=\"768\" data-id=\"45980\" src=\"https:\/\/www.soyecoturista.com\/asociacion\/wp-content\/uploads\/2024\/11\/FT_Garrotxa_SoyEcoturista_26-1024x768.jpeg\" alt=\"\" class=\"wp-image-45980\" srcset=\"https:\/\/www.soyecoturista.com\/asociacion\/wp-content\/uploads\/2024\/11\/FT_Garrotxa_SoyEcoturista_26-1024x768.jpeg 1024w, https:\/\/www.soyecoturista.com\/asociacion\/wp-content\/uploads\/2024\/11\/FT_Garrotxa_SoyEcoturista_26-300x225.jpeg 300w, https:\/\/www.soyecoturista.com\/asociacion\/wp-content\/uploads\/2024\/11\/FT_Garrotxa_SoyEcoturista_26-768x576.jpeg 768w, https:\/\/www.soyecoturista.com\/asociacion\/wp-content\/uploads\/2024\/11\/FT_Garrotxa_SoyEcoturista_26-1536x1152.jpeg 1536w, https:\/\/www.soyecoturista.com\/asociacion\/wp-content\/uploads\/2024\/11\/FT_Garrotxa_SoyEcoturista_26.jpeg 2000w\" sizes=\"auto, (max-width: 1024px) 100vw, 1024px\" \/><\/figure>\n<\/figure>\n\n\n\n<hr class=\"wp-block-separator has-alpha-channel-opacity\"\/>\n\n\n\n<p><strong>Sobre la Asociaci\u00f3n de Ecoturismo en Espa\u00f1a<\/strong><\/p>\n\n\n\n<p>La <a href=\"https:\/\/www.soyecoturista.com\/asociacion\/\" target=\"_blank\" rel=\"noreferrer noopener\">Asociaci\u00f3n de Ecoturismo en Espa\u00f1a<\/a> (AEE) es una asociaci\u00f3n sin \u00e1nimo de lucro y de car\u00e1cter p\u00fablico-privado creada en 2010 para fomentar el ecoturismo en los espacios protegidos y compuesta principalmente por asociaciones de empresarios de turismo ubicadas en espacios naturales, entidades gestoras de espacios protegidos, administraciones p\u00fablicas implicadas en la gesti\u00f3n tur\u00edstica de \u00e9stos, grupos de desarrollo rural, entidades de conservaci\u00f3n de la naturaleza, universidades y empresas especializadas en turismo.<\/p>\n\n\n\n<p>La AEE es la entidad que gestiona el club de producto Ecoturismo en Espa\u00f1a, con apoyo de la Secretar\u00eda de Estado de Turismo. Es una iniciativa pionera que ofrece experiencias de ecoturismo en espacios naturales protegidos, garantizando al viajero su contribuci\u00f3n al desarrollo local y a la conservaci\u00f3n de la biodiversidad. Actualmente agrupa 42 destinos y m\u00e1s de 700 empresas que, bajo la marca <a href=\"http:\/\/www.soyecoturista.com\" target=\"_blank\" rel=\"noreferrer noopener\">Soy Ecoturista<\/a>, asumen su compromiso con el desarrollo sostenible.<\/p>\n\n\n\n<div class=\"wp-block-buttons is-content-justification-center is-layout-flex wp-container-core-buttons-is-layout-16018d1d wp-block-buttons-is-layout-flex\"><\/div>\n","protected":false},"excerpt":{"rendered":"<p>Del 8 al 10 de noviembre Turisme Garrotxa, junto con el Consell Comarcal de la Garrotxa, organizaron un viaje de prensa que llev\u00f3 a la Garrotxa tres periodistas danesas: Karin [&hellip;]<\/p>\n","protected":false},"author":6,"featured_media":45982,"comment_status":"closed","ping_status":"closed","sticky":false,"template":"","format":"standard","meta":{"_acf_changed":false,"footnotes":""},"categories":[4],"tags":[11,14,114,1181,172],"class_list":["post-45975","post","type-post","status-publish","format-standard","has-post-thumbnail","hentry","category-noticias","tag-ecoturismo","tag-ecoturismo-en-espana","tag-la-garrotxa","tag-presstrip","tag-soy-ecoturista"],"acf":[],"_links":{"self":[{"href":"https:\/\/www.soyecoturista.com\/asociacion\/wp-json\/wp\/v2\/posts\/45975","targetHints":{"allow":["GET"]}}],"collection":[{"href":"https:\/\/www.soyecoturista.com\/asociacion\/wp-json\/wp\/v2\/posts"}],"about":[{"href":"https:\/\/www.soyecoturista.com\/asociacion\/wp-json\/wp\/v2\/types\/post"}],"author":[{"embeddable":true,"href":"https:\/\/www.soyecoturista.com\/asociacion\/wp-json\/wp\/v2\/users\/6"}],"replies":[{"embeddable":true,"href":"https:\/\/www.soyecoturista.com\/asociacion\/wp-json\/wp\/v2\/comments?post=45975"}],"version-history":[{"count":5,"href":"https:\/\/www.soyecoturista.com\/asociacion\/wp-json\/wp\/v2\/posts\/45975\/revisions"}],"predecessor-version":[{"id":46000,"href":"https:\/\/www.soyecoturista.com\/asociacion\/wp-json\/wp\/v2\/posts\/45975\/revisions\/46000"}],"wp:featuredmedia":[{"embeddable":true,"href":"https:\/\/www.soyecoturista.com\/asociacion\/wp-json\/wp\/v2\/media\/45982"}],"wp:attachment":[{"href":"https:\/\/www.soyecoturista.com\/asociacion\/wp-json\/wp\/v2\/media?parent=45975"}],"wp:term":[{"taxonomy":"category","embeddable":true,"href":"https:\/\/www.soyecoturista.com\/asociacion\/wp-json\/wp\/v2\/categories?post=45975"},{"taxonomy":"post_tag","embeddable":true,"href":"https:\/\/www.soyecoturista.com\/asociacion\/wp-json\/wp\/v2\/tags?post=45975"}],"curies":[{"name":"wp","href":"https:\/\/api.w.org\/{rel}","templated":true}]}}