{"id":45855,"date":"2024-10-25T12:54:20","date_gmt":"2024-10-25T10:54:20","guid":{"rendered":"https:\/\/www.soyecoturista.com\/asociacion\/?p=45855"},"modified":"2024-10-31T13:06:37","modified_gmt":"2024-10-31T12:06:37","slug":"garrotxa-cets-14-empresas","status":"publish","type":"post","link":"https:\/\/www.soyecoturista.com\/asociacion\/garrotxa-cets-14-empresas\/","title":{"rendered":"La Garrotxa sigue impulsando el ecoturismo a trav\u00e9s de la acreditaci\u00f3n con las CETS de tres nuevas empresas y con la renovaci\u00f3n de otras catorce"},"content":{"rendered":"\n<p>El mi\u00e9rcoles 16 de octubre tuvo lugar en el Monasterio de Sant Joan les Fonts, en la Garrotxa, la s\u00e9ptima edici\u00f3n de la Jornada &#8220;Territorio Socialmente Responsable&#8221;, este a\u00f1o centrada en la tem\u00e1tica: &#8220;Sostenibilidad y cambio clim\u00e1tico: un nuevo reto para la empresa&#8221;, d\u00f3nde tuvo lugar la entrega de los certificados de la Carta Europea de Turismo Sostenible a 3 nuevas empresas y a 14 m\u00e1s por su renovaci\u00f3n.&nbsp;<\/p>\n\n\n\n<p>Durante la jornada, se presentaron tres casos de buenas pr\u00e1cticas de empresas de diferentes tipolog\u00edas que, sin duda, inspiraron a los asistentes en su compromiso con la sostenibilidad. Entre los ponentes, destacaron Esteve Guerra, del Camping Bassegoda Park, Miguel P\u00e9rez, director de I+D+i de Resol Group y Laia Ventura, de Turismo Rural Mas Pineda.<\/p>\n\n\n\n<p>La Garrotxa impulsa un modelo de gesti\u00f3n responsable para todo el tejido empresarial y econ\u00f3mico del territorio, basado en el trabajo en red y la colaboraci\u00f3n con varios organismos: Din\u00e1miG, Turisme Garrotxa, el Parque Natural de la Zona Volc\u00e1nica de la Garrotxa y el Servicio de Catal\u00e1n de Olot-La Garrotxa (Consorcio para la Normalizaci\u00f3n Ling\u00fc\u00edstica). Este trabajo conjunto permite aplicar una responsabilidad corporativa desde sus perspectivas medioambiental, econ\u00f3mica, social y ling\u00fc\u00edstica.<\/p>\n\n\n\n<p>Empresas que se han acreditado o renovado la (CETS):<\/p>\n\n\n\n<ul class=\"wp-block-list\">\n<li>Les Brides<\/li>\n\n\n\n<li>Les Cols Pavellons<\/li>\n\n\n\n<li>Can Trona, centre de Cultura i Natura de la Vall d\u2019en Bas (oficina de turismo y auditorio)<\/li>\n\n\n\n<li>Apartamentos y restaurante l\u2019Arcada de Fares<\/li>\n\n\n\n<li>Cafeteria Ferrer Xocolata<\/li>\n\n\n\n<li>Hotel Mas la Ferreria<\/li>\n\n\n\n<li>Hotel Riu Fluvi\u00e0<\/li>\n\n\n\n<li>Hotel Vall de Bas<\/li>\n\n\n\n<li>Hotel- apartaments La Perla<\/li>\n\n\n\n<li>Turismo rural Mas Rubi\u00f3<\/li>\n\n\n\n<li>Turismo rural Mas Pineda<\/li>\n\n\n\n<li>Restaurante Hostal dels Ossos<\/li>\n\n\n\n<li>Restaurante La Moixina<\/li>\n\n\n\n<li>Restaurante La Quinta Justa<\/li>\n\n\n\n<li>Tosca, serveis ambientals d\u2019educaci\u00f3 i turisme<\/li>\n\n\n\n<li>Corriol, serveis educatius\u00a0<\/li>\n\n\n\n<li>Oficina de turisme de Olot<\/li>\n<\/ul>\n\n\n\n<p>La jornada finaliz\u00f3 con un aperitivo de productos locales, de la mano de un productor de quesos ecol\u00f3gicos y otro de embutido, un momento id\u00f3neo para hacer red y compartir experiencias entre empresas y profesionales del sector.<\/p>\n\n\n\n<p>La Garrotxa quiere consolidar un modelo de gesti\u00f3n responsable para su tejido empresarial y econ\u00f3mico. Desde 2018, la jornada &#8220;Garrotxa, territorio socialmente responsable&#8221; busca acercar este modelo a las organizaciones y promover la responsabilidad social empresarial. El objetivo es fomentar las buenas pr\u00e1cticas, reconocer los esfuerzos realizados y crear espacios de encuentro en los que los valores de la responsabilidad social sean fundamentales.<\/p>\n\n\n\n<figure class=\"wp-block-image size-full\"><img loading=\"lazy\" decoding=\"async\" width=\"1000\" height=\"666\" src=\"https:\/\/www.soyecoturista.com\/asociacion\/wp-content\/uploads\/2024\/10\/la-garrotxa-cets.jpg\" alt=\"\" class=\"wp-image-45864\" srcset=\"https:\/\/www.soyecoturista.com\/asociacion\/wp-content\/uploads\/2024\/10\/la-garrotxa-cets.jpg 1000w, https:\/\/www.soyecoturista.com\/asociacion\/wp-content\/uploads\/2024\/10\/la-garrotxa-cets-300x200.jpg 300w, https:\/\/www.soyecoturista.com\/asociacion\/wp-content\/uploads\/2024\/10\/la-garrotxa-cets-768x511.jpg 768w\" sizes=\"auto, (max-width: 1000px) 100vw, 1000px\" \/><\/figure>\n\n\n\n<hr class=\"wp-block-separator has-alpha-channel-opacity\"\/>\n\n\n\n<p><strong>Sobre la Asociaci\u00f3n de Ecoturismo en Espa\u00f1a<\/strong><\/p>\n\n\n\n<p>La <a href=\"https:\/\/www.soyecoturista.com\/asociacion\/\" target=\"_blank\" rel=\"noreferrer noopener\">Asociaci\u00f3n de Ecoturismo en Espa\u00f1a<\/a> (AEE) es una asociaci\u00f3n sin \u00e1nimo de lucro y de car\u00e1cter p\u00fablico-privado creada en 2010 para fomentar el ecoturismo en los espacios protegidos y compuesta principalmente por asociaciones de empresarios de turismo ubicadas en espacios naturales, entidades gestoras de espacios protegidos, administraciones p\u00fablicas implicadas en la gesti\u00f3n tur\u00edstica de \u00e9stos, grupos de desarrollo rural, entidades de conservaci\u00f3n de la naturaleza, universidades y empresas especializadas en turismo.<\/p>\n\n\n\n<p>La AEE es la entidad que gestiona el club de producto Ecoturismo en Espa\u00f1a, con apoyo de la Secretar\u00eda de Estado de Turismo. Es una iniciativa pionera que ofrece experiencias de ecoturismo en espacios naturales protegidos, garantizando al viajero su contribuci\u00f3n al desarrollo local y a la conservaci\u00f3n de la biodiversidad. Actualmente agrupa 42 destinos y m\u00e1s de 700 empresas que, bajo la marca <a href=\"http:\/\/www.soyecoturista.com\" target=\"_blank\" rel=\"noreferrer noopener\">Soy Ecoturista<\/a>, asumen su compromiso con el desarrollo sostenible.<\/p>\n\n\n\n<div class=\"wp-block-buttons is-content-justification-center is-layout-flex wp-container-core-buttons-is-layout-16018d1d wp-block-buttons-is-layout-flex\"><\/div>\n","protected":false},"excerpt":{"rendered":"<p>El mi\u00e9rcoles 16 de octubre tuvo lugar en el Monasterio de Sant Joan les Fonts, en la Garrotxa, la s\u00e9ptima edici\u00f3n de la Jornada &#8220;Territorio Socialmente Responsable&#8221;, este a\u00f1o centrada [&hellip;]<\/p>\n","protected":false},"author":6,"featured_media":45860,"comment_status":"closed","ping_status":"closed","sticky":false,"template":"","format":"standard","meta":{"_acf_changed":false,"footnotes":""},"categories":[4],"tags":[11,14],"class_list":["post-45855","post","type-post","status-publish","format-standard","has-post-thumbnail","hentry","category-noticias","tag-ecoturismo","tag-ecoturismo-en-espana"],"acf":[],"_links":{"self":[{"href":"https:\/\/www.soyecoturista.com\/asociacion\/wp-json\/wp\/v2\/posts\/45855","targetHints":{"allow":["GET"]}}],"collection":[{"href":"https:\/\/www.soyecoturista.com\/asociacion\/wp-json\/wp\/v2\/posts"}],"about":[{"href":"https:\/\/www.soyecoturista.com\/asociacion\/wp-json\/wp\/v2\/types\/post"}],"author":[{"embeddable":true,"href":"https:\/\/www.soyecoturista.com\/asociacion\/wp-json\/wp\/v2\/users\/6"}],"replies":[{"embeddable":true,"href":"https:\/\/www.soyecoturista.com\/asociacion\/wp-json\/wp\/v2\/comments?post=45855"}],"version-history":[{"count":3,"href":"https:\/\/www.soyecoturista.com\/asociacion\/wp-json\/wp\/v2\/posts\/45855\/revisions"}],"predecessor-version":[{"id":45865,"href":"https:\/\/www.soyecoturista.com\/asociacion\/wp-json\/wp\/v2\/posts\/45855\/revisions\/45865"}],"wp:featuredmedia":[{"embeddable":true,"href":"https:\/\/www.soyecoturista.com\/asociacion\/wp-json\/wp\/v2\/media\/45860"}],"wp:attachment":[{"href":"https:\/\/www.soyecoturista.com\/asociacion\/wp-json\/wp\/v2\/media?parent=45855"}],"wp:term":[{"taxonomy":"category","embeddable":true,"href":"https:\/\/www.soyecoturista.com\/asociacion\/wp-json\/wp\/v2\/categories?post=45855"},{"taxonomy":"post_tag","embeddable":true,"href":"https:\/\/www.soyecoturista.com\/asociacion\/wp-json\/wp\/v2\/tags?post=45855"}],"curies":[{"name":"wp","href":"https:\/\/api.w.org\/{rel}","templated":true}]}}