{"id":45756,"date":"2024-10-31T11:23:41","date_gmt":"2024-10-31T10:23:41","guid":{"rendered":"https:\/\/www.soyecoturista.com\/asociacion\/?p=45756"},"modified":"2024-10-31T11:46:56","modified_gmt":"2024-10-31T10:46:56","slug":"celebrada-septima-edicion-congreso-nacional-ecoturismo","status":"publish","type":"post","link":"https:\/\/www.soyecoturista.com\/asociacion\/celebrada-septima-edicion-congreso-nacional-ecoturismo\/","title":{"rendered":"Celebrada con \u00e9xito la s\u00e9ptima edici\u00f3n del Congreso Nacional de Ecoturismo"},"content":{"rendered":"\n<p><strong>Gran expectaci\u00f3n y alta participaci\u00f3n<\/strong><\/p>\n\n\n\n<p>El VII Congreso Nacional de Ecoturismo, celebrado del 22 al 24 de octubre en el Geoparque de la Costa Vasca, Euskadi, se confirma nuevamente como el encuentro profesional de referencia en Espa\u00f1a para el impulso del ecoturismo. Este encuentro, que tuvo lugar bajo el lema \u201cClaves del \u00e9xito en destinos y experiencias de ecoturismo\u201d, levant\u00f3 una enorme expectaci\u00f3n desde el momento de la apertura de preinscripciones y en menos de tres semanas complet\u00f3 todas sus plazas disponibles. Casi 300 profesionales mostraron su inter\u00e9s en participar y finalmente la organizaci\u00f3n ha admitido 214 asistentes en un evento que, como es habitual, cuenta con plazas limitadas y que se agotaron con celeridad. Los congresistas proced\u00edan de 14 comunidades aut\u00f3nomas, siendo un 72% de asistentes procedentes de fuera de Euskadi. El 73% de ellos corresponden a entidades y empresas de fuera de Euskadi, con un perfil profesional dominado por un 29,4% que representan a empresas del sector y sus asociaciones, un 32,2% a administraciones tur\u00edsticas y locales, un 9,8% a grupos de desarrollo rural y un 18,2% a administraciones ambientales, gestores de espacios protegidos (tambi\u00e9n Geoparques y Reservas de la Biosfera) y entidades de conservaci\u00f3n. Un 10,3% corresponde a universidades, centros de investigaci\u00f3n, profesionales de la comunicaci\u00f3n, consultoras especializadas, etc.<\/p>\n\n\n\n<figure class=\"wp-block-image size-large\"><img loading=\"lazy\" decoding=\"async\" width=\"1024\" height=\"497\" src=\"https:\/\/www.soyecoturista.com\/asociacion\/wp-content\/uploads\/2024\/10\/VII_CongresoEcoturismo_Grupo_01-min-1024x497.jpg\" alt=\"\" class=\"wp-image-45780\" srcset=\"https:\/\/www.soyecoturista.com\/asociacion\/wp-content\/uploads\/2024\/10\/VII_CongresoEcoturismo_Grupo_01-min-1024x497.jpg 1024w, https:\/\/www.soyecoturista.com\/asociacion\/wp-content\/uploads\/2024\/10\/VII_CongresoEcoturismo_Grupo_01-min-300x146.jpg 300w, https:\/\/www.soyecoturista.com\/asociacion\/wp-content\/uploads\/2024\/10\/VII_CongresoEcoturismo_Grupo_01-min-768x373.jpg 768w, https:\/\/www.soyecoturista.com\/asociacion\/wp-content\/uploads\/2024\/10\/VII_CongresoEcoturismo_Grupo_01-min-1536x745.jpg 1536w, https:\/\/www.soyecoturista.com\/asociacion\/wp-content\/uploads\/2024\/10\/VII_CongresoEcoturismo_Grupo_01-min-2048x993.jpg 2048w\" sizes=\"auto, (max-width: 1024px) 100vw, 1024px\" \/><\/figure>\n\n\n\n<p><strong>Autoridades y la importancia del ecoturismo<\/strong><\/p>\n\n\n\n<p>En el acto inaugural participaron D. I\u00f1aki Ostolaza Esnal, Presidente del Geoparque de la Costa Vasca y Alcalde de Zumaia, D\u00f1a. Ana Llano Men\u00e9ndez, Presidenta de la Asociaci\u00f3n de Ecoturismo de Espa\u00f1a, D\u00f1a. Azahara Dom\u00ednguez Urtizberea, Diputada Foral de Movilidad, Turismo y Ordenaci\u00f3n del Territorio de la Diputaci\u00f3n Foral de Gipuzkoa, D. Javier Hurtado Dom\u00ednguez, Consejero de Turismo, Comercio y Consumo del Gobierno Vasco y D\u00f1a. Ana Mu\u00f1oz Llabr\u00e9s, Directora General de Pol\u00edticas Tur\u00edsticas de la Secretar\u00eda de Estado de Turismo. Ministerio de Industria y Turismo.<\/p>\n\n\n\n<p>En su intervenci\u00f3n, D. I\u00f1aki Ostolaza destac\u00f3 el papel del ecoturismo en su compromiso con un turismo responsable y sostenible, la importancia de reivindicar lo local y el trabajo interinstitucional que lo hace posible.<\/p>\n\n\n\n<p>D\u00f1a. Ana Llano, por su parte, se mostr\u00f3 agradecida de realizar este congreso en Euskadi, la primera comunidad aut\u00f3noma en formar parte de la Asociaci\u00f3n de Ecoturismo en Espa\u00f1a, y en el Geoparque de la Costa Vasca, el primer destino de Euskadi en adherirse al club de producto Ecoturismo en Espa\u00f1a (Soy Ecoturista) y que cuenta ya con 47 destinos y cerca de 800 empresas certificadas.<\/p>\n\n\n\n<p>D\u00f1a. Azahara Dom\u00ednguez se\u00f1al\u00f3 que el turismo supone el 7,1% del PIB de Euskadi y por ello hay que trabajar para que su impacto sea el menor posible. \u201cHay que buscar un turismo equilibrado\u201d y este congreso en Gipuzkoa es sin duda una oportunidad para ello.<\/p>\n\n\n\n<p>D. Javier Hurtado situ\u00f3 la Costa Vasca como un claro ejemplo de destino ecotur\u00edstico para Euskadi, que es Geoparque Mundial UNESCO y que cumple el c\u00f3digo \u00e9tico del turismo de Euskadi. El consejero ha indicado que Euskadi ha gestionado 80 millones de euros a trav\u00e9s de tres Planes de Sostenibilidad Tur\u00edstica en Destino y destac\u00f3 el formar parte del Corredor de Ecoturismo de la Espa\u00f1a Verde, que ser\u00e1 la primera gran ruta de ecotouring de Espa\u00f1a.<\/p>\n\n\n\n<p>Continuando con los fondes europeos, D\u00f1a. Ana Mu\u00f1oz indic\u00f3 que de los 1.858 millones de euros gestionados en 635 destinos nacionales desde la Secretar\u00eda de Estado de Turismo, 45 millones corresponden a 17 de los planes ejecutados en destinos de ecoturismo en Espa\u00f1a. Do\u00f1a Ana Mu\u00f1oz comparti\u00f3 tambi\u00e9n c\u00f3mo apoyan desde su instituci\u00f3n el ecoturismo: a trav\u00e9s del Observatorio de Ecoturismo en Espa\u00f1a, una herramienta anual fundamental; a trav\u00e9s de la cooperaci\u00f3n p\u00fablica-privada en especial en lo relativo a la conservaci\u00f3n, lo que ayuda a los gestores ambientales a cumplir sus objetivos de conservaci\u00f3n, y mejorando la visibilidad entre la demanda gracias, entre otras cosas, a los comentados fondos europeos.<\/p>\n\n\n\n<figure class=\"wp-block-image size-large\"><img loading=\"lazy\" decoding=\"async\" width=\"1024\" height=\"663\" src=\"https:\/\/www.soyecoturista.com\/asociacion\/wp-content\/uploads\/2024\/10\/Inauguracion-del-VII-Congreso-Nacional-Ecoturismo-min-1024x663.jpeg\" alt=\"\" class=\"wp-image-45782\" srcset=\"https:\/\/www.soyecoturista.com\/asociacion\/wp-content\/uploads\/2024\/10\/Inauguracion-del-VII-Congreso-Nacional-Ecoturismo-min-1024x663.jpeg 1024w, https:\/\/www.soyecoturista.com\/asociacion\/wp-content\/uploads\/2024\/10\/Inauguracion-del-VII-Congreso-Nacional-Ecoturismo-min-300x194.jpeg 300w, https:\/\/www.soyecoturista.com\/asociacion\/wp-content\/uploads\/2024\/10\/Inauguracion-del-VII-Congreso-Nacional-Ecoturismo-min-768x497.jpeg 768w, https:\/\/www.soyecoturista.com\/asociacion\/wp-content\/uploads\/2024\/10\/Inauguracion-del-VII-Congreso-Nacional-Ecoturismo-min.jpeg 1312w\" sizes=\"auto, (max-width: 1024px) 100vw, 1024px\" \/><\/figure>\n\n\n\n<p><strong>Principales tem\u00e1ticas tratadas y conclusiones<\/strong><\/p>\n\n\n\n<p>En las ponencias y mesas redondas desarrolladas en el Teatro Aita Mari, los expertos abordaron temas clave para la gesti\u00f3n sostenible de destinos ecotur\u00edsticos, tales como la capacidad de acogida y la movilidad de los visitantes en estos espacios.&nbsp;<\/p>\n\n\n\n<p>Gracias a las ponencias iniciales del congreso se ha podido ver c\u00f3mo la estrategia del impulso del ecoturismo est\u00e1 avanzando en todos los niveles (estatal, regional y comarcal, como es el caso de Geoparkea) y, gracias al trabajo en red, a la colaboraci\u00f3n p\u00fablico-privada y al importante motor que han supuesto y siguen suponiendo los fondos europeos, que han permitido acelerar los muchos a\u00f1os de trabajo a las espaldas. En concreto una inyecci\u00f3n de 1.858 millones de euros gestionados en 635 destinos nacionales desde la Secretar\u00eda de Estado de Turismo (Planes de Sostenibilidad Tur\u00edstica en Destino y Experiencias Turismo Espa\u00f1a); 45 millones corresponden a 17 de los planes ejecutados en destinos de ecoturismo en Espa\u00f1a. Uno de los proyectos m\u00e1s relevantes es el Corredor de Ecoturismo de la Espa\u00f1a Verde.<\/p>\n\n\n\n<figure class=\"wp-block-image size-large\"><img loading=\"lazy\" decoding=\"async\" width=\"1024\" height=\"683\" src=\"https:\/\/www.soyecoturista.com\/asociacion\/wp-content\/uploads\/2024\/10\/El-VII-CNE-cuenta-con-214-participantes.-Teatro-Aita-Mari-min-1024x683.jpeg\" alt=\"\" class=\"wp-image-45785\" srcset=\"https:\/\/www.soyecoturista.com\/asociacion\/wp-content\/uploads\/2024\/10\/El-VII-CNE-cuenta-con-214-participantes.-Teatro-Aita-Mari-min-1024x683.jpeg 1024w, https:\/\/www.soyecoturista.com\/asociacion\/wp-content\/uploads\/2024\/10\/El-VII-CNE-cuenta-con-214-participantes.-Teatro-Aita-Mari-min-300x200.jpeg 300w, https:\/\/www.soyecoturista.com\/asociacion\/wp-content\/uploads\/2024\/10\/El-VII-CNE-cuenta-con-214-participantes.-Teatro-Aita-Mari-min-768x512.jpeg 768w, https:\/\/www.soyecoturista.com\/asociacion\/wp-content\/uploads\/2024\/10\/El-VII-CNE-cuenta-con-214-participantes.-Teatro-Aita-Mari-min-1536x1024.jpeg 1536w, https:\/\/www.soyecoturista.com\/asociacion\/wp-content\/uploads\/2024\/10\/El-VII-CNE-cuenta-con-214-participantes.-Teatro-Aita-Mari-min.jpeg 1620w\" sizes=\"auto, (max-width: 1024px) 100vw, 1024px\" \/><\/figure>\n\n\n\n<p>Las diferentes exposiciones en la mesa redonda de \u201cGeoturismo y Geoparques\u201d coincidieron en que un geoparque no se entiende ni tiene sentido sin la poblaci\u00f3n local, sin sus recursos culturales y etnogr\u00e1ficos, gastron\u00f3micos, hist\u00f3ricos y sin el resto de recursos naturales que completan el cat\u00e1logo de importancia mundial que atesoran estos enclaves UNESCO. El objetivo del geoturismo depende de la tem\u00e1tica local a resolver: frenar la despoblaci\u00f3n, lanzar un mensaje de respeto al medio y a los modos de vida, etc. y puede servir para gestionar los posibles problemas de saturaci\u00f3n en ciertos lugares y la desestacionalizaci\u00f3n.<\/p>\n\n\n\n<p>Tambi\u00e9n de enorme inter\u00e9s result\u00f3 la mesa sobre \u201cGesti\u00f3n de la capacidad de carga y movilidad sostenible\u201d, surgida para identificar retos nuevos y necesarios: regular la capacidad para la mejora de experiencias de ecoturismo, disminuir impactos, mejorar la relaci\u00f3n con los residentes y mejorar accesibilidad y movilidad sostenible. Tambi\u00e9n para diferenciar el impacto entre turista\/visitante\/excursionista. Entre los retos resultantes se pueden destacar el de mejorar la calidad y sostenibilidad de las experiencias de ecoturismo para hacerlas m\u00e1s rentables pudiendo integrar servicios de pago; transformar flujos de visitas en consumidores de experiencias que se conviertan en prescriptores; disminuir los impactos ambientales de las actividades tur\u00edsticas cuando estos se produzcan, sobre todo en los recursos m\u00e1s fr\u00e1giles de los destinos de ecoturismo; mejorar la relaci\u00f3n con los residentes con la implantaci\u00f3n de medidas de gesti\u00f3n de la capacidad y de sensibilizaci\u00f3n sobre la importancia del turismo en la calidad de vida; mejorar accesibilidad y movilidad sostenible como parte de la experiencia de ecoturismo, al mismo tiempo que se dan soluciones de transporte a la poblaci\u00f3n local, sobre todo en \u00e1reas en despoblaci\u00f3n; coordinar las actuaciones de gesti\u00f3n con todos los actores implicados y encajar las necesidades de gesti\u00f3n de los destinos en los instrumentos financieros dirigidos a mejorar la sostenibilidad tur\u00edstica. El miedo a limitar ha de dejar de ser un freno en muchos casos.<\/p>\n\n\n\n<p>De igual modo se extrajeron durante el congreso interesantes conclusiones sobre \u201cLa importancia de la Interpretaci\u00f3n en el ecoturismo\u201d. Qued\u00f3 de manifiesto el papel clave de la comunicaci\u00f3n emocional basada en las neurociencias, que es preciso conocer al p\u00fablico y saber en todo momento qu\u00e9 se quiere comunicar. Para ello, un buen guion es indispensable en el storytelling. Las nuevas tecnolog\u00edas son una herramienta fabulosa si se usan adecuadamente como tuvieron ocasi\u00f3n de mostrar algunos casos de \u00e9xito que han permitido, a partir de la teleinterpretaci\u00f3n, conseguir la atracci\u00f3n online y convertirla en visita f\u00edsica en el destino y c\u00f3mo la tecnolog\u00eda puede apoyar a la interpretaci\u00f3n en accesibilidad, conexi\u00f3n y atractivo. Se ha constatado que la interpretaci\u00f3n ha de tener por otra parte un mayor peso espec\u00edfico en los programas de formaci\u00f3n de los gu\u00edas.<\/p>\n\n\n\n<figure class=\"wp-block-image size-large\"><img loading=\"lazy\" decoding=\"async\" width=\"1024\" height=\"667\" src=\"https:\/\/www.soyecoturista.com\/asociacion\/wp-content\/uploads\/2024\/10\/VII_CongresoEcoturismo_Mesa_Geoturismo-min-1024x667.jpg\" alt=\"\" class=\"wp-image-45787\" srcset=\"https:\/\/www.soyecoturista.com\/asociacion\/wp-content\/uploads\/2024\/10\/VII_CongresoEcoturismo_Mesa_Geoturismo-min-1024x667.jpg 1024w, https:\/\/www.soyecoturista.com\/asociacion\/wp-content\/uploads\/2024\/10\/VII_CongresoEcoturismo_Mesa_Geoturismo-min-300x195.jpg 300w, https:\/\/www.soyecoturista.com\/asociacion\/wp-content\/uploads\/2024\/10\/VII_CongresoEcoturismo_Mesa_Geoturismo-min-768x500.jpg 768w, https:\/\/www.soyecoturista.com\/asociacion\/wp-content\/uploads\/2024\/10\/VII_CongresoEcoturismo_Mesa_Geoturismo-min-1536x1001.jpg 1536w, https:\/\/www.soyecoturista.com\/asociacion\/wp-content\/uploads\/2024\/10\/VII_CongresoEcoturismo_Mesa_Geoturismo-min-2048x1334.jpg 2048w\" sizes=\"auto, (max-width: 1024px) 100vw, 1024px\" \/><\/figure>\n\n\n\n<p>Todas las presentaciones y videos de las ponencias estar\u00e1n en breve disponibles en la <a href=\"https:\/\/www.congresonacionaldeecoturismo.es\/\" target=\"_blank\" rel=\"noopener\">p\u00e1gina web del Congreso<\/a> y su <a href=\"https:\/\/www.youtube.com\/channel\/UCnGepNDWPInszbc0DMiElxw\" target=\"_blank\" rel=\"noopener\">canal de youtube<\/a>.<\/p>\n\n\n\n<p><strong>Fam trip y mesa de contrataci\u00f3n<\/strong><\/p>\n\n\n\n<p>En los d\u00edas previos al Congreso tuvo lugar un viaje de familiarizaci\u00f3n para operadores tur\u00edsticos interesados en incluir en su cat\u00e1logo de producto experiencias de ecoturismo y turismo de naturaleza en Espa\u00f1a que han podido descubrir las posibilidades del Geoparque de la Costa Vasca, la Reserva de la Biosfera de Urdaibai y Vitoria-Gasteiz como destinos de ecoturismo certificados de Euskadi. Participaron 11 operadores tur\u00edsticos internacionales provenientes de Reino Unido, Alemania, Noruega, Francia, Italia y Canad\u00e1 han recorrido durante varios d\u00edas este destino.<\/p>\n\n\n\n<p>Estos mismos touroperadores participaron el 21 de octubre en una mesa de contrataci\u00f3n con representantes de un total de 20 destinos, asociaciones, agencias de viaje y empresas del sector participantes en el Congreso.\u00a0<\/p>\n\n\n\n<figure class=\"wp-block-image size-large\"><img loading=\"lazy\" decoding=\"async\" width=\"1024\" height=\"570\" src=\"https:\/\/www.soyecoturista.com\/asociacion\/wp-content\/uploads\/2024\/10\/Mesa-de-Contratacion-touroperadores-min-1024x570.jpeg\" alt=\"\" class=\"wp-image-45786\" srcset=\"https:\/\/www.soyecoturista.com\/asociacion\/wp-content\/uploads\/2024\/10\/Mesa-de-Contratacion-touroperadores-min-1024x570.jpeg 1024w, https:\/\/www.soyecoturista.com\/asociacion\/wp-content\/uploads\/2024\/10\/Mesa-de-Contratacion-touroperadores-min-300x167.jpeg 300w, https:\/\/www.soyecoturista.com\/asociacion\/wp-content\/uploads\/2024\/10\/Mesa-de-Contratacion-touroperadores-min-768x428.jpeg 768w, https:\/\/www.soyecoturista.com\/asociacion\/wp-content\/uploads\/2024\/10\/Mesa-de-Contratacion-touroperadores-min-1536x855.jpeg 1536w, https:\/\/www.soyecoturista.com\/asociacion\/wp-content\/uploads\/2024\/10\/Mesa-de-Contratacion-touroperadores-min.jpeg 1600w\" sizes=\"auto, (max-width: 1024px) 100vw, 1024px\" \/><\/figure>\n\n\n\n<p><strong>Actividades y visitas guiadas al Geoparque de la Costa Vasca<\/strong><\/p>\n\n\n\n<p>Las jornadas del congreso alternaron adem\u00e1s de estas sesiones t\u00e9cnicas en el teatro Aita Mari actividades en distintos puntos del Geoparque de la Costa Vasca, que incluyeron, adem\u00e1s de un evento de bienvenida donde disfrutar de productos locales y una sesi\u00f3n de txalaparta, una serie de visitas guiadas a sitios emblem\u00e1ticos como el gran santuario geol\u00f3gico de Zumaia, el valle de la Prehistoria en Deba y el casco hist\u00f3rico de Mutriku en las que los asistentes tuvieron la oportunidad de explorar los paisajes singulares de este geoparque, cuya riqueza geol\u00f3gica y cultural lo convierte en un destino de alto valor ecotur\u00edstico. Estos recorridos, m\u00e1s all\u00e1 de ser visitas informativas, demostraron la integraci\u00f3n de recursos naturales y culturales, presentando un modelo de turismo que combina patrimonio geol\u00f3gico con identidad cultural y etnogr\u00e1fica. Los asistentes pudieron presenciar c\u00f3mo el geoturismo no solo enriquece la experiencia del visitante, sino que tambi\u00e9n fomenta la conciencia ambiental y contribuye a enfrentar problemas como la despoblaci\u00f3n, ya que promueve el respeto y la conservaci\u00f3n de la identidad de las comunidades locales.<\/p>\n\n\n\n<figure class=\"wp-block-image size-large\"><img loading=\"lazy\" decoding=\"async\" width=\"1024\" height=\"683\" src=\"https:\/\/www.soyecoturista.com\/asociacion\/wp-content\/uploads\/2024\/10\/VII_CongresoEcoturismo_Zumaia-min-1024x683.jpg\" alt=\"\" class=\"wp-image-45791\" srcset=\"https:\/\/www.soyecoturista.com\/asociacion\/wp-content\/uploads\/2024\/10\/VII_CongresoEcoturismo_Zumaia-min-1024x683.jpg 1024w, https:\/\/www.soyecoturista.com\/asociacion\/wp-content\/uploads\/2024\/10\/VII_CongresoEcoturismo_Zumaia-min-300x200.jpg 300w, https:\/\/www.soyecoturista.com\/asociacion\/wp-content\/uploads\/2024\/10\/VII_CongresoEcoturismo_Zumaia-min-768x512.jpg 768w, https:\/\/www.soyecoturista.com\/asociacion\/wp-content\/uploads\/2024\/10\/VII_CongresoEcoturismo_Zumaia-min-1536x1024.jpg 1536w, https:\/\/www.soyecoturista.com\/asociacion\/wp-content\/uploads\/2024\/10\/VII_CongresoEcoturismo_Zumaia-min-2048x1365.jpg 2048w\" sizes=\"auto, (max-width: 1024px) 100vw, 1024px\" \/><\/figure>\n\n\n\n<p><strong>Visita a Vitoria-Gasteiz, primer destino de ecoturismo urbano certificado.<\/strong><\/p>\n\n\n\n<p>La \u00faltima jornada del congreso se celebr\u00f3 en Vitoria-Gasteiz, el primer destino urbano de ecoturismo certificado. Los asistentes recorrieron en una salida de campo el Anillo Verde, una red de parques y humedales que rodea la ciudad, deteni\u00e9ndose en el Centro de Interpretaci\u00f3n de la Naturaleza Ataria y los humedales de Salbur\u00faa, un espacio protegido dentro de la Red Natura 2000. Esta visita ofreci\u00f3 una muestra concreta del modelo de ecoturismo urbano que ha posicionado a Vitoria-Gasteiz como referente en sostenibilidad y calidad de vida. Finalmente, los asistentes pasearon por el casco hist\u00f3rico medieval de la ciudad y disfrutaron de una degustaci\u00f3n de la oferta gastron\u00f3mica local, una manera de experimentar la conexi\u00f3n entre la sostenibilidad y el respeto por el entorno urbano y cultural.<\/p>\n\n\n\n<figure class=\"wp-block-image size-large\"><img loading=\"lazy\" decoding=\"async\" width=\"1024\" height=\"523\" src=\"https:\/\/www.soyecoturista.com\/asociacion\/wp-content\/uploads\/2024\/10\/VII_CongresoEcoturismo_Vitoria_01-min-1024x523.jpg\" alt=\"\" class=\"wp-image-45789\" srcset=\"https:\/\/www.soyecoturista.com\/asociacion\/wp-content\/uploads\/2024\/10\/VII_CongresoEcoturismo_Vitoria_01-min-1024x523.jpg 1024w, https:\/\/www.soyecoturista.com\/asociacion\/wp-content\/uploads\/2024\/10\/VII_CongresoEcoturismo_Vitoria_01-min-300x153.jpg 300w, https:\/\/www.soyecoturista.com\/asociacion\/wp-content\/uploads\/2024\/10\/VII_CongresoEcoturismo_Vitoria_01-min-768x392.jpg 768w, https:\/\/www.soyecoturista.com\/asociacion\/wp-content\/uploads\/2024\/10\/VII_CongresoEcoturismo_Vitoria_01-min-1536x784.jpg 1536w, https:\/\/www.soyecoturista.com\/asociacion\/wp-content\/uploads\/2024\/10\/VII_CongresoEcoturismo_Vitoria_01-min-2048x1046.jpg 2048w\" sizes=\"auto, (max-width: 1024px) 100vw, 1024px\" \/><\/figure>\n\n\n\n<p><strong>Clausura y pr\u00f3xima cita<\/strong><\/p>\n\n\n\n<p>Durante la clausura, Libe Otegi, Directora de Turismo de la Diputaci\u00f3n Foral de Gipuzkoa, agradeci\u00f3 la participaci\u00f3n y las aportaciones de los asistentes, subrayando que el \u00e9xito de este tipo de encuentros radica en la creaci\u00f3n de redes de colaboraci\u00f3n, tanto p\u00fablicas como privadas, para que el ecoturismo pueda avanzar con fuerza en sus distintas \u00e1reas. En este sentido, se destac\u00f3 el papel de los fondos europeos destinados a los planes de sostenibilidad, con 1.858 millones de euros gestionados a nivel estatal y 45 millones destinados espec\u00edficamente a proyectos de ecoturismo en Espa\u00f1a, entre los cuales destaca el ambicioso proyecto del Corredor de Ecoturismo de la Espa\u00f1a Verde.<\/p>\n\n\n\n<figure class=\"wp-block-image size-large\"><img loading=\"lazy\" decoding=\"async\" width=\"1024\" height=\"683\" src=\"https:\/\/www.soyecoturista.com\/asociacion\/wp-content\/uploads\/2024\/10\/VII_CongresoEcoturismo_LibeOtegi_DFGipuzkoa-min-1024x683.jpg\" alt=\"\" class=\"wp-image-45794\" srcset=\"https:\/\/www.soyecoturista.com\/asociacion\/wp-content\/uploads\/2024\/10\/VII_CongresoEcoturismo_LibeOtegi_DFGipuzkoa-min-1024x683.jpg 1024w, https:\/\/www.soyecoturista.com\/asociacion\/wp-content\/uploads\/2024\/10\/VII_CongresoEcoturismo_LibeOtegi_DFGipuzkoa-min-300x200.jpg 300w, https:\/\/www.soyecoturista.com\/asociacion\/wp-content\/uploads\/2024\/10\/VII_CongresoEcoturismo_LibeOtegi_DFGipuzkoa-min-768x512.jpg 768w, https:\/\/www.soyecoturista.com\/asociacion\/wp-content\/uploads\/2024\/10\/VII_CongresoEcoturismo_LibeOtegi_DFGipuzkoa-min-1536x1024.jpg 1536w, https:\/\/www.soyecoturista.com\/asociacion\/wp-content\/uploads\/2024\/10\/VII_CongresoEcoturismo_LibeOtegi_DFGipuzkoa-min-2048x1365.jpg 2048w\" sizes=\"auto, (max-width: 1024px) 100vw, 1024px\" \/><\/figure>\n\n\n\n<p>La pr\u00f3xima cita ser\u00e1 el <a href=\"https:\/\/gef2025.org\/\" target=\"_blank\" rel=\"noopener\">Global Ecotourism Forum<\/a>, un evento internacional que tendr\u00e1 lugar en Catalu\u00f1a en octubre de 2025, donde se espera la participaci\u00f3n de m\u00e1s de 1.000 profesionales de todo el mundo, que se reunir\u00e1n para seguir impulsando el ecoturismo a nivel global y consolidar las redes de cooperaci\u00f3n y buenas pr\u00e1cticas en el sector.<\/p>\n\n\n\n<p><strong>Organizadores y colaboradores<\/strong><\/p>\n\n\n\n<p>El Congreso Nacional de Ecoturismo es una iniciativa impulsada por la Asociaci\u00f3n Ecoturismo en Espa\u00f1a, entidad que gestiona el club de producto Ecoturismo en Espa\u00f1a (Soy Ecoturista) y que desde hace 14 a\u00f1os promueve iniciativas de referencia para todos los profesionales implicados en fomentar el ecoturismo. En esta s\u00e9ptima edici\u00f3n los organizadores anfitriones han sido el Geoparque de la Costa Vasca, Basquetour (la Agencia de Turismo de Euskadi. Departamento de Turismo, Comercio y Consumo) y la Diputaci\u00f3n Foral de Gipuzkoa. Han participado tambi\u00e9n como organizadores del Congreso la Secretar\u00eda de Estado de Turismo (MINTUR) y el Organismo Aut\u00f3nomo de Parques Nacionales (MITECORD), y ha contado con la colaboraci\u00f3n de Turespa\u00f1a y el ayuntamiento de Vitoria-Gasteiz. Todas estas entidades forman parte del Comit\u00e9 Organizador del Congreso.<\/p>\n\n\n\n<hr class=\"wp-block-separator has-alpha-channel-opacity\"\/>\n\n\n\n<p><strong>Sobre la Asociaci\u00f3n de Ecoturismo en Espa\u00f1a<\/strong><\/p>\n\n\n\n<p>La <a href=\"https:\/\/www.soyecoturista.com\/asociacion\/\" target=\"_blank\" rel=\"noreferrer noopener\">Asociaci\u00f3n de Ecoturismo en Espa\u00f1a<\/a> (AEE) es una asociaci\u00f3n sin \u00e1nimo de lucro y de car\u00e1cter p\u00fablico-privado creada en 2010 para fomentar el ecoturismo en los espacios protegidos y compuesta principalmente por asociaciones de empresarios de turismo ubicadas en espacios naturales, entidades gestoras de espacios protegidos, administraciones p\u00fablicas implicadas en la gesti\u00f3n tur\u00edstica de \u00e9stos, grupos de desarrollo rural, entidades de conservaci\u00f3n de la naturaleza, universidades y empresas especializadas en turismo.<\/p>\n\n\n\n<p>La AEE es la entidad que gestiona el club de producto Ecoturismo en Espa\u00f1a, con apoyo de la Secretar\u00eda de Estado de Turismo. Es una iniciativa pionera que ofrece experiencias de ecoturismo en espacios naturales protegidos, garantizando al viajero su contribuci\u00f3n al desarrollo local y a la conservaci\u00f3n de la biodiversidad. Actualmente agrupa 42 destinos y m\u00e1s de 700 empresas que, bajo la marca <a href=\"http:\/\/www.soyecoturista.com\" target=\"_blank\" rel=\"noreferrer noopener\">Soy Ecoturista<\/a>, asumen su compromiso con el desarrollo sostenible.<\/p>\n\n\n\n<div class=\"wp-block-buttons is-content-justification-center is-layout-flex wp-container-core-buttons-is-layout-16018d1d wp-block-buttons-is-layout-flex\"><\/div>\n","protected":false},"excerpt":{"rendered":"<p>Gran expectaci\u00f3n y alta participaci\u00f3n El VII Congreso Nacional de Ecoturismo, celebrado del 22 al 24 de octubre en el Geoparque de la Costa Vasca, Euskadi, se confirma nuevamente como [&hellip;]<\/p>\n","protected":false},"author":7,"featured_media":45780,"comment_status":"closed","ping_status":"closed","sticky":false,"template":"","format":"standard","meta":{"_acf_changed":false,"footnotes":""},"categories":[4],"tags":[10,11,14],"class_list":["post-45756","post","type-post","status-publish","format-standard","has-post-thumbnail","hentry","category-noticias","tag-congreso-nacional-de-ecoturismo","tag-ecoturismo","tag-ecoturismo-en-espana"],"acf":[],"_links":{"self":[{"href":"https:\/\/www.soyecoturista.com\/asociacion\/wp-json\/wp\/v2\/posts\/45756","targetHints":{"allow":["GET"]}}],"collection":[{"href":"https:\/\/www.soyecoturista.com\/asociacion\/wp-json\/wp\/v2\/posts"}],"about":[{"href":"https:\/\/www.soyecoturista.com\/asociacion\/wp-json\/wp\/v2\/types\/post"}],"author":[{"embeddable":true,"href":"https:\/\/www.soyecoturista.com\/asociacion\/wp-json\/wp\/v2\/users\/7"}],"replies":[{"embeddable":true,"href":"https:\/\/www.soyecoturista.com\/asociacion\/wp-json\/wp\/v2\/comments?post=45756"}],"version-history":[{"count":2,"href":"https:\/\/www.soyecoturista.com\/asociacion\/wp-json\/wp\/v2\/posts\/45756\/revisions"}],"predecessor-version":[{"id":45797,"href":"https:\/\/www.soyecoturista.com\/asociacion\/wp-json\/wp\/v2\/posts\/45756\/revisions\/45797"}],"wp:featuredmedia":[{"embeddable":true,"href":"https:\/\/www.soyecoturista.com\/asociacion\/wp-json\/wp\/v2\/media\/45780"}],"wp:attachment":[{"href":"https:\/\/www.soyecoturista.com\/asociacion\/wp-json\/wp\/v2\/media?parent=45756"}],"wp:term":[{"taxonomy":"category","embeddable":true,"href":"https:\/\/www.soyecoturista.com\/asociacion\/wp-json\/wp\/v2\/categories?post=45756"},{"taxonomy":"post_tag","embeddable":true,"href":"https:\/\/www.soyecoturista.com\/asociacion\/wp-json\/wp\/v2\/tags?post=45756"}],"curies":[{"name":"wp","href":"https:\/\/api.w.org\/{rel}","templated":true}]}}