{"id":45704,"date":"2024-10-15T09:30:53","date_gmt":"2024-10-15T07:30:53","guid":{"rendered":"https:\/\/www.soyecoturista.com\/asociacion\/?p=45704"},"modified":"2024-10-31T10:04:13","modified_gmt":"2024-10-31T09:04:13","slug":"aee-congreso-andalucia-ecoactiva","status":"publish","type":"post","link":"https:\/\/www.soyecoturista.com\/asociacion\/aee-congreso-andalucia-ecoactiva\/","title":{"rendered":"La Asociaci\u00f3n de Ecoturismo en Espa\u00f1a participa en el Congreso de Turimo Activo y Ecoturismo organizado por Andaluc\u00eda Ecoactiva"},"content":{"rendered":"\n<p>En el marco de la 22\u00aa edici\u00f3n de la feria Tierra Adentro de Ja\u00e9n, se celebr\u00f3 el Congreso de Turismo Activo y Ecoturismo los d\u00edas 4 y 5 de octubre, organizado por la Asociaci\u00f3n Profesional de Empresarios de Turismo Activo y Ecoturismo \u201cAndaluc\u00eda Ecoactiva\u201d. Esta organizaci\u00f3n fundada en 2006, agrupa ya a 60 empresas del sector y su finalidad es&nbsp; potenciar&nbsp; el&nbsp; turismo&nbsp; activo&nbsp; sostenible medioambientalmente y defender los intereses de las empresas de turismo activo y ecoturismo.<\/p>\n\n\n\n<p>El Congreso se plante\u00f3 desde la necesidad del sector de di\u00e1logo, encuentro y debate de los aspectos de m\u00e1s inter\u00e9s en el desarrollo sus actividades, y ha contado con la colaboraci\u00f3n de la Junta de Andaluc\u00eda y la Diputaci\u00f3n de Ja\u00e9n. Participaron en el acto de apertura D.\u00aa Isabel Uceda Cantero, Diputada de Medio Ambiente y Lucha contra el Cambio Clim\u00e1tico, que destac\u00f3 la apuesta importante por el turismo activo y el ecoturismo desde los planes de sostenibilidad en destino que se est\u00e1n desarrollando en la provincia de Ja\u00e9n, as\u00ed como D.\u00aa Yolanda de Aguilar, Secretaria General de Turismo de la Consejer\u00eda de Turismo y Andaluc\u00eda Exterior, que destac\u00f3 los beneficios e importancia de este tipo de turismo en Andaluc\u00eda.&nbsp;<\/p>\n\n\n\n<p>D.\u00aa Catalina Moral Ca\u00f1ete, Presidenta de la Asociaci\u00f3n Andaluc\u00eda Ecoactiva, adem\u00e1s de participar en el acto de inauguraci\u00f3n agradeciendo a las entidades que han hecho posible el Congreso, intervino en la siguiente mesa ofreciendo interesantes datos de la Asociaci\u00f3n y el sector.<\/p>\n\n\n\n<p>Amanda Guzm\u00e1n, Gerente de la Asociaci\u00f3n de Ecoturismo en Espa\u00f1a, aprovech\u00f3 la oportunidad para volver a recordar el concepto de ecoturismo recogido en la declaraci\u00f3n de Daimiel y las garant\u00edas que ofrece el club de producto Ecoturismo en Espa\u00f1a&nbsp; y su marca Soy Ecoturista, aplicando los principios del ecoturismo y ofreciendo herramientas de trabajo en red y promoci\u00f3n a los destinos y empresas que forman parte. Destac\u00f3 tambi\u00e9n durante su intervenci\u00f3n algunos datos de la oferta y la demanda del ecoturismo obtenidos gracias al <a href=\"https:\/\/www.soyecoturista.com\/asociacion\/observatorio-ecoturismo\/\" target=\"_blank\" rel=\"noreferrer noopener\">Observatorio de Ecoturismo en Espa\u00f1a<\/a>, entre los que cabe destacar la contribuci\u00f3n positiva de este producto en cuanto a n\u00famero de clientes, empleo y facturaci\u00f3n. Estos datos demuestran que el ecoturismo es una herramienta eficaz de desarrollo socioecon\u00f3mico que ayuda a luchar contra la despoblaci\u00f3n en las zonas rurales, al tiempo que contribuye a poner en valor y conservar la naturaleza que los hace \u00fanicos.<\/p>\n\n\n\n<p>Cabe destacar una de las mesas del Congreso en la que se mostraron iniciativas y casos de \u00e9xito para asegurar la sostenibilidad del turismo activo y el ecoturismo frente a las amenazas de la masificaic\u00f3n. En esta mesa participaron empresas veteranas como Al Mihras y Subparke que desarrollan sus actividades desde hace m\u00e1s de 20 a\u00f1os en el Parque Nacional y Natural de Sierra Nevada y en el Parque Natural de Cabo de Gata, respectivamente. Ambos participantes expusieron la importancia de aplicar criterios de sostenibilidad en el desarrollo de las actividades, as\u00ed como asegurar una adecuada gesti\u00f3n y regulaci\u00f3n de las empresas y las actividades en el destino con un enfoque participativo.<\/p>\n\n\n\n<p>Adem\u00e1s de los aspectos comentados, se abordaron tem\u00e1ticas de especial relevancia para el sector como la formaci\u00f3n, la digitalizaci\u00f3n, los seguros y las relaciones laborales.&nbsp;<\/p>\n\n\n\n<p>Todas las ponencias se encuentran disponibles en la p\u00e1gina web del Congreso: <a href=\"https:\/\/andalucia-ecoactiva.com\/congreso-de-turismo-activo-y-ecoturismo\/\" target=\"_blank\" rel=\"noreferrer noopener\">https:\/\/andalucia-ecoactiva.com\/congreso-de-turismo-activo-y-ecoturismo\/\u00a0<\/a><\/p>\n\n\n\n<figure class=\"wp-block-gallery has-nested-images columns-default is-cropped wp-block-gallery-1 is-layout-flex wp-block-gallery-is-layout-flex\">\n<figure class=\"wp-block-image size-large\"><img loading=\"lazy\" decoding=\"async\" width=\"1024\" height=\"769\" data-id=\"45741\" src=\"https:\/\/www.soyecoturista.com\/asociacion\/wp-content\/uploads\/2024\/10\/06_AEE_Ecoactiva-1-1024x769.jpeg\" alt=\"\" class=\"wp-image-45741\" srcset=\"https:\/\/www.soyecoturista.com\/asociacion\/wp-content\/uploads\/2024\/10\/06_AEE_Ecoactiva-1-1024x769.jpeg 1024w, https:\/\/www.soyecoturista.com\/asociacion\/wp-content\/uploads\/2024\/10\/06_AEE_Ecoactiva-1-300x225.jpeg 300w, https:\/\/www.soyecoturista.com\/asociacion\/wp-content\/uploads\/2024\/10\/06_AEE_Ecoactiva-1-768x576.jpeg 768w, https:\/\/www.soyecoturista.com\/asociacion\/wp-content\/uploads\/2024\/10\/06_AEE_Ecoactiva-1-1536x1153.jpeg 1536w, https:\/\/www.soyecoturista.com\/asociacion\/wp-content\/uploads\/2024\/10\/06_AEE_Ecoactiva-1.jpeg 2048w\" sizes=\"auto, (max-width: 1024px) 100vw, 1024px\" \/><\/figure>\n\n\n\n<figure class=\"wp-block-image size-large\"><img loading=\"lazy\" decoding=\"async\" width=\"1024\" height=\"768\" data-id=\"45744\" src=\"https:\/\/www.soyecoturista.com\/asociacion\/wp-content\/uploads\/2024\/10\/05_Premios-Ecoactiva-1-1024x768.webp\" alt=\"\" class=\"wp-image-45744\" srcset=\"https:\/\/www.soyecoturista.com\/asociacion\/wp-content\/uploads\/2024\/10\/05_Premios-Ecoactiva-1-1024x768.webp 1024w, https:\/\/www.soyecoturista.com\/asociacion\/wp-content\/uploads\/2024\/10\/05_Premios-Ecoactiva-1-300x225.webp 300w, https:\/\/www.soyecoturista.com\/asociacion\/wp-content\/uploads\/2024\/10\/05_Premios-Ecoactiva-1-768x576.webp 768w, https:\/\/www.soyecoturista.com\/asociacion\/wp-content\/uploads\/2024\/10\/05_Premios-Ecoactiva-1-1536x1152.webp 1536w, https:\/\/www.soyecoturista.com\/asociacion\/wp-content\/uploads\/2024\/10\/05_Premios-Ecoactiva-1.webp 1600w\" sizes=\"auto, (max-width: 1024px) 100vw, 1024px\" \/><\/figure>\n\n\n\n<figure class=\"wp-block-image size-large\"><img loading=\"lazy\" decoding=\"async\" width=\"1024\" height=\"768\" data-id=\"45746\" src=\"https:\/\/www.soyecoturista.com\/asociacion\/wp-content\/uploads\/2024\/10\/04_Photocall_Ecoactiva-1-1024x768.webp\" alt=\"\" class=\"wp-image-45746\" srcset=\"https:\/\/www.soyecoturista.com\/asociacion\/wp-content\/uploads\/2024\/10\/04_Photocall_Ecoactiva-1-1024x768.webp 1024w, https:\/\/www.soyecoturista.com\/asociacion\/wp-content\/uploads\/2024\/10\/04_Photocall_Ecoactiva-1-300x225.webp 300w, https:\/\/www.soyecoturista.com\/asociacion\/wp-content\/uploads\/2024\/10\/04_Photocall_Ecoactiva-1-768x576.webp 768w, https:\/\/www.soyecoturista.com\/asociacion\/wp-content\/uploads\/2024\/10\/04_Photocall_Ecoactiva-1-1536x1152.webp 1536w, https:\/\/www.soyecoturista.com\/asociacion\/wp-content\/uploads\/2024\/10\/04_Photocall_Ecoactiva-1.webp 1600w\" sizes=\"auto, (max-width: 1024px) 100vw, 1024px\" \/><\/figure>\n\n\n\n<figure class=\"wp-block-image size-large\"><img loading=\"lazy\" decoding=\"async\" width=\"1024\" height=\"576\" data-id=\"45745\" src=\"https:\/\/www.soyecoturista.com\/asociacion\/wp-content\/uploads\/2024\/10\/03_Presentaciones-Ecoactiva-1-1024x576.jpg\" alt=\"\" class=\"wp-image-45745\" srcset=\"https:\/\/www.soyecoturista.com\/asociacion\/wp-content\/uploads\/2024\/10\/03_Presentaciones-Ecoactiva-1-1024x576.jpg 1024w, https:\/\/www.soyecoturista.com\/asociacion\/wp-content\/uploads\/2024\/10\/03_Presentaciones-Ecoactiva-1-300x169.jpg 300w, https:\/\/www.soyecoturista.com\/asociacion\/wp-content\/uploads\/2024\/10\/03_Presentaciones-Ecoactiva-1-768x432.jpg 768w, https:\/\/www.soyecoturista.com\/asociacion\/wp-content\/uploads\/2024\/10\/03_Presentaciones-Ecoactiva-1-1536x864.jpg 1536w, https:\/\/www.soyecoturista.com\/asociacion\/wp-content\/uploads\/2024\/10\/03_Presentaciones-Ecoactiva-1-2048x1152.jpg 2048w\" sizes=\"auto, (max-width: 1024px) 100vw, 1024px\" \/><\/figure>\n\n\n\n<figure class=\"wp-block-image size-large\"><img loading=\"lazy\" decoding=\"async\" width=\"1024\" height=\"768\" data-id=\"45742\" src=\"https:\/\/www.soyecoturista.com\/asociacion\/wp-content\/uploads\/2024\/10\/02_Ponencias-Ecoactiva-1-1024x768.webp\" alt=\"\" class=\"wp-image-45742\" srcset=\"https:\/\/www.soyecoturista.com\/asociacion\/wp-content\/uploads\/2024\/10\/02_Ponencias-Ecoactiva-1-1024x768.webp 1024w, https:\/\/www.soyecoturista.com\/asociacion\/wp-content\/uploads\/2024\/10\/02_Ponencias-Ecoactiva-1-300x225.webp 300w, https:\/\/www.soyecoturista.com\/asociacion\/wp-content\/uploads\/2024\/10\/02_Ponencias-Ecoactiva-1-768x576.webp 768w, https:\/\/www.soyecoturista.com\/asociacion\/wp-content\/uploads\/2024\/10\/02_Ponencias-Ecoactiva-1-1536x1152.webp 1536w, https:\/\/www.soyecoturista.com\/asociacion\/wp-content\/uploads\/2024\/10\/02_Ponencias-Ecoactiva-1.webp 1600w\" sizes=\"auto, (max-width: 1024px) 100vw, 1024px\" \/><\/figure>\n\n\n\n<figure class=\"wp-block-image size-large\"><img loading=\"lazy\" decoding=\"async\" width=\"1024\" height=\"769\" data-id=\"45743\" src=\"https:\/\/www.soyecoturista.com\/asociacion\/wp-content\/uploads\/2024\/10\/01_Congreso-Ecoactiva-1-1024x769.jpeg\" alt=\"\" class=\"wp-image-45743\" srcset=\"https:\/\/www.soyecoturista.com\/asociacion\/wp-content\/uploads\/2024\/10\/01_Congreso-Ecoactiva-1-1024x769.jpeg 1024w, https:\/\/www.soyecoturista.com\/asociacion\/wp-content\/uploads\/2024\/10\/01_Congreso-Ecoactiva-1-300x225.jpeg 300w, https:\/\/www.soyecoturista.com\/asociacion\/wp-content\/uploads\/2024\/10\/01_Congreso-Ecoactiva-1-768x576.jpeg 768w, https:\/\/www.soyecoturista.com\/asociacion\/wp-content\/uploads\/2024\/10\/01_Congreso-Ecoactiva-1-1536x1153.jpeg 1536w, https:\/\/www.soyecoturista.com\/asociacion\/wp-content\/uploads\/2024\/10\/01_Congreso-Ecoactiva-1.jpeg 2048w\" sizes=\"auto, (max-width: 1024px) 100vw, 1024px\" \/><\/figure>\n<\/figure>\n\n\n\n<p><strong>Sobre la Asociaci\u00f3n de Ecoturismo en Espa\u00f1a<\/strong><\/p>\n\n\n\n<p>La <a href=\"https:\/\/www.soyecoturista.com\/asociacion\/\" target=\"_blank\" rel=\"noreferrer noopener\">Asociaci\u00f3n de Ecoturismo en Espa\u00f1a<\/a> (AEE) es una asociaci\u00f3n sin \u00e1nimo de lucro y de car\u00e1cter p\u00fablico-privado creada en 2010 para fomentar el ecoturismo en los espacios protegidos y compuesta principalmente por asociaciones de empresarios de turismo ubicadas en espacios naturales, entidades gestoras de espacios protegidos, administraciones p\u00fablicas implicadas en la gesti\u00f3n tur\u00edstica de \u00e9stos, grupos de desarrollo rural, entidades de conservaci\u00f3n de la naturaleza, universidades y empresas especializadas en turismo.<\/p>\n\n\n\n<p>La AEE es la entidad que gestiona el club de producto Ecoturismo en Espa\u00f1a, con apoyo de la Secretar\u00eda de Estado de Turismo. Es una iniciativa pionera que ofrece experiencias de ecoturismo en espacios naturales protegidos, garantizando al viajero su contribuci\u00f3n al desarrollo local y a la conservaci\u00f3n de la biodiversidad. Actualmente agrupa 42 destinos y m\u00e1s de 700 empresas que, bajo la marca <a href=\"http:\/\/www.soyecoturista.com\" target=\"_blank\" rel=\"noreferrer noopener\">Soy Ecoturista<\/a>, asumen su compromiso con el desarrollo sostenible.<\/p>\n\n\n\n<p><\/p>\n\n\n\n<div class=\"wp-block-buttons is-content-justification-center is-layout-flex wp-container-core-buttons-is-layout-16018d1d wp-block-buttons-is-layout-flex\"><\/div>\n","protected":false},"excerpt":{"rendered":"<p>En el marco de la 22\u00aa edici\u00f3n de la feria Tierra Adentro de Ja\u00e9n, se celebr\u00f3 el Congreso de Turismo Activo y Ecoturismo los d\u00edas 4 y 5 de octubre, [&hellip;]<\/p>\n","protected":false},"author":6,"featured_media":45743,"comment_status":"closed","ping_status":"closed","sticky":false,"template":"","format":"standard","meta":{"_acf_changed":false,"footnotes":""},"categories":[4],"tags":[11,14],"class_list":["post-45704","post","type-post","status-publish","format-standard","has-post-thumbnail","hentry","category-noticias","tag-ecoturismo","tag-ecoturismo-en-espana"],"acf":[],"_links":{"self":[{"href":"https:\/\/www.soyecoturista.com\/asociacion\/wp-json\/wp\/v2\/posts\/45704","targetHints":{"allow":["GET"]}}],"collection":[{"href":"https:\/\/www.soyecoturista.com\/asociacion\/wp-json\/wp\/v2\/posts"}],"about":[{"href":"https:\/\/www.soyecoturista.com\/asociacion\/wp-json\/wp\/v2\/types\/post"}],"author":[{"embeddable":true,"href":"https:\/\/www.soyecoturista.com\/asociacion\/wp-json\/wp\/v2\/users\/6"}],"replies":[{"embeddable":true,"href":"https:\/\/www.soyecoturista.com\/asociacion\/wp-json\/wp\/v2\/comments?post=45704"}],"version-history":[{"count":3,"href":"https:\/\/www.soyecoturista.com\/asociacion\/wp-json\/wp\/v2\/posts\/45704\/revisions"}],"predecessor-version":[{"id":45748,"href":"https:\/\/www.soyecoturista.com\/asociacion\/wp-json\/wp\/v2\/posts\/45704\/revisions\/45748"}],"wp:featuredmedia":[{"embeddable":true,"href":"https:\/\/www.soyecoturista.com\/asociacion\/wp-json\/wp\/v2\/media\/45743"}],"wp:attachment":[{"href":"https:\/\/www.soyecoturista.com\/asociacion\/wp-json\/wp\/v2\/media?parent=45704"}],"wp:term":[{"taxonomy":"category","embeddable":true,"href":"https:\/\/www.soyecoturista.com\/asociacion\/wp-json\/wp\/v2\/categories?post=45704"},{"taxonomy":"post_tag","embeddable":true,"href":"https:\/\/www.soyecoturista.com\/asociacion\/wp-json\/wp\/v2\/tags?post=45704"}],"curies":[{"name":"wp","href":"https:\/\/api.w.org\/{rel}","templated":true}]}}