{"id":45168,"date":"2024-09-23T12:36:04","date_gmt":"2024-09-23T10:36:04","guid":{"rendered":"https:\/\/www.soyecoturista.com\/asociacion\/?p=45168"},"modified":"2024-10-01T13:17:47","modified_gmt":"2024-10-01T11:17:47","slug":"vii-naturcyl-2024","status":"publish","type":"post","link":"https:\/\/www.soyecoturista.com\/asociacion\/vii-naturcyl-2024\/","title":{"rendered":"Celebrada la VII edici\u00f3n de NATURCYL, feria de referencia del sector"},"content":{"rendered":"\n<ul class=\"wp-block-list\">\n<li>NATURCYL 2024 se celebr\u00f3 en un nuevo emplazamiento y con presencia de destinos adheridos a Soy Ecoturista.<\/li>\n\n\n\n<li>LA Direcci\u00f3n General de Turismo de Castilla y Le\u00f3n present\u00f3 algunos avances del futuro decreto de turismo de naturaleza.<\/li>\n<\/ul>\n\n\n\n<figure class=\"wp-block-image size-large\"><img loading=\"lazy\" decoding=\"async\" width=\"1024\" height=\"336\" src=\"https:\/\/www.soyecoturista.com\/asociacion\/wp-content\/uploads\/2024\/10\/00_Naturcyl_Portada-1024x336.jpg\" alt=\"\" class=\"wp-image-45169\" srcset=\"https:\/\/www.soyecoturista.com\/asociacion\/wp-content\/uploads\/2024\/10\/00_Naturcyl_Portada-1024x336.jpg 1024w, https:\/\/www.soyecoturista.com\/asociacion\/wp-content\/uploads\/2024\/10\/00_Naturcyl_Portada-300x99.jpg 300w, https:\/\/www.soyecoturista.com\/asociacion\/wp-content\/uploads\/2024\/10\/00_Naturcyl_Portada-768x252.jpg 768w, https:\/\/www.soyecoturista.com\/asociacion\/wp-content\/uploads\/2024\/10\/00_Naturcyl_Portada-1536x505.jpg 1536w, https:\/\/www.soyecoturista.com\/asociacion\/wp-content\/uploads\/2024\/10\/00_Naturcyl_Portada-2048x673.jpg 2048w\" sizes=\"auto, (max-width: 1024px) 100vw, 1024px\" \/><\/figure>\n\n\n\n<p><\/p>\n\n\n\n<p><strong>Magn\u00edfico escaparate para destinos y experiencias de Soy Ecoturista<\/strong><\/p>\n\n\n\n<p>Este a\u00f1o la feria estren\u00f3 nueva localizaci\u00f3n, en el Real Sitio de San Ildefonso (Segovia), un emplazamiento privilegiado a 20 minutos de Segovia y una hora de Madrid, y con las magn\u00edficas monta\u00f1as del Parque Nacional de la Sierra de Guadarrama en el horizonte. El amplio espacio que ofrece elCampo de Polo en el que se ubica, ofrece muchas posibilidades de crecimiento a la feria en pr\u00f3ximas ediciones.<\/p>\n\n\n\n<p>Este evento que ha llegado a recibir m\u00e1s de 10.000 visitantes que tienen en com\u00fan un claro inter\u00e9s por la naturaleza, es un escaparate ideal para los destinos que apuestan firmemente por el ecoturismo. En esta edici\u00f3n estuvieron presentes varios destinos adheridos a Soy Ecoturista, que ayudaron tambi\u00e9n a difundir su marca y materiales, ya que la mayor fuerza que tenemos en Soy Ecoturista es el trabajo en red:<\/p>\n\n\n\n<ul class=\"wp-block-list\">\n<li>Li\u00e9bana (Cantabria)<\/li>\n\n\n\n<li>Valle del Ambroz (Extremadira)<\/li>\n\n\n\n<li>La Reserva de la Biosfera de La Siberia (Extremadura)<\/li>\n\n\n\n<li>La Reserva Mundial de la Biosfera de la Palma (Islas Canarias)<\/li>\n\n\n\n<li>Sierras de Cazorla, Segura y las Villas (Andauc\u00eda)<\/li>\n\n\n\n<li>Guara Somontano (Arag\u00f3n)<\/li>\n\n\n\n<li>Euskadi, con su producto y materiales espec\u00edficos de ecoturismo, entre los que se encuentran destinos adheridos a Soy Ecoturista como el Geoparque de la Costa Vasca, Urdaibai o Vitoria-Gasteiz.&nbsp;<\/li>\n<\/ul>\n\n\n\n<p>Tambi\u00e9n cont\u00f3 con un stand el proyecto <a href=\"https:\/\/soyecoturista.com\/ecoturismocientifico\/\" target=\"_blank\" rel=\"noreferrer noopener\">Experiencias de Ecoturismo Cient\u00edfico en Espa\u00f1a<\/a>, pudiendo as\u00ed dar a conocer las propuestas que han sido dise\u00f1adas desde fundaciones de conservaci\u00f3n de la naturaleza con empresarios locales comprometidos con la sostenibildad, y que ya est\u00e1n disponibles para ser disfrutados por los ecoturistas. Una magn\u00edfica puesta de largo de los avances del proyecto.<\/p>\n\n\n\n<p>Importante presencia tuvieron tambi\u00e9n, por supuesto, los destinos de ecoturismo de Castilla y L\u00e9on, como destino anfitri\u00f3n, y Arag\u00f3n, como destino invitado.<\/p>\n\n\n\n<p>Soy Ecoturista tambi\u00e9n tuvo presencia en la mesa redonda: \u201cReservas de la Biosfera, Parques Naturales, y Red Natura 2000. Estrategias de continuidad e integraci\u00f3n territorial\u201d, en la que Ricardo Blanco expuso, entre otras cuestiones, c\u00f3mo el club de producto Ecoturismo en Espa\u00f1a trabaja para impulsar este tipo de turismo beneficioso para los territorios con espacios protegidos, entre los que se encuentran de forma significativa las Reservas de la Biosfera.<\/p>\n\n\n\n<p>Pero en lo que fundamentalmente destaca <a href=\"https:\/\/www.naturcyl.es\/\" target=\"_blank\" data-type=\"link\" data-id=\"https:\/\/www.naturcyl.es\/\" rel=\"noreferrer noopener\">Naturcyl <\/a>es en su inmenso programa de actividades, tanto para profesionales como para todo el p\u00fablico amante de la naturaleza que se pase a visitar la feria. En definitiva, todo un evento de referencia que contribuye a impulsar el ecoturismo en Espa\u00f1a.&nbsp;<\/p>\n\n\n\n<p><strong>Avances sobre el futuro decreto de actividades de turismo de naturaleza de Castilla y Le\u00f3n<\/strong><\/p>\n\n\n\n<p>En el marco programa de conferencias de la feria, tuvo lugar una intervenci\u00f3n de especial inter\u00e9s para el sector del ecoturismo: D. \u00c1ngel Gonz\u00e1lez Pieras, Director General de Turismo de Castilla y Le\u00f3n, imparti\u00f3 una conferencia con el t\u00edtulo \u201cEl Turismo de Naturaleza en Castilla y Le\u00f3n\u201d, en la que adem\u00e1s de exponer el potencial del sector y las estrategias de la direcci\u00f3n general, comparti\u00f3 algunos avances sobre el Decreto de Turismo de Naturaleza que llevan tiempo redactando desde la administraci\u00f3n con la participaci\u00f3n del sector empresarial y que se espera que se apruebe en los pr\u00f3ximos meses.<\/p>\n\n\n\n<p>A continuaci\u00f3n resumimos algunos aspectos que se expusieronsobre el discreto, todav\u00eda en fase de elaboraci\u00f3, y que lo distancian ligera o completamente de algunos decretos publicados anteriormente por otras Comunidades Aut\u00f3nomas como Castilla-La Mancha o Valencia en los que se regula de forma espec\u00edfica el ecoturismo.<\/p>\n\n\n\n<ul class=\"wp-block-list\">\n<li><strong>Decreto espec\u00edfico<\/strong>: Se trata de un decreto exclusivo para las actividades de turismo de naturaleza, distinto al decreto que regula las actividades de turismo activo.<\/li>\n\n\n\n<li><strong>Concepto<\/strong>: Las actividades de turismo de naturaleza son aquellas que se desarrollan dentro de \u00e1reas aturales con la finalidad de conocer, interpretar y contribuir a la conservaci\u00f3n del territorio, del patrimonio etnogr\u00e1fico, rural y natural, a la educaci\u00f3n ambienta y a la observaci\u00f3n de especies de flora y fauna, u otra actividad vinculada a os recursos naturales que sea acompatibe con la protecci\u00f3n del territorio y el patrimonio natural, por las que se recibe una contraprestaci\u00f3n econ\u00f3mica., y se publicitan como tales actividades. Por lo tanto,\n<ul class=\"wp-block-list\">\n<li>No se limita a espacios naturales protegidos, si bien, cuando se desarrolla en ellos se exigir\u00e1 siempre una autorizaci\u00f3n del \u00f3rgano de gesti\u00f3n del espacio (administraci\u00f3n ambiental).<\/li>\n\n\n\n<li>Se considera una actividad de turismo de naturaleza siempre que haya una contraprestaci\u00f3n econ\u00f3mica, se publicite como tal y se ofrece por una empresa o persona f\u00edsica dada de alta como tal y al d\u00eda de sus obligaciones fiscales y laborales. Por tanto se excluyen actividades ofrecidas por las administraciones p\u00fablicas, sociedades deportivas o centros docentes, o actividades de animaci\u00f3n juveni en la naturaleza, por ejemplo.&nbsp;<\/li>\n\n\n\n<li>Se diferencia de las actividades de turismo activo en que no son actividades que impliquen destreza para aminorar el riesgo.<\/li>\n<\/ul>\n<\/li>\n<\/ul>\n\n\n\n<ul class=\"wp-block-list\">\n<li><strong>Titulaci\u00f3n: <\/strong>aunque habr\u00e1 que esperar a que se publique el decreto para tener informaci\u00f3n detallada de este aspecto, s\u00ed se adelant\u00f3 durante la conferencia que este particular ser\u00e1 regulado por un decreto espec\u00edfico de gu\u00edas de turismo y que se ajustar\u00e1 a las caracter\u00edsticas esec\u00edficas de este tipo de actividades, diferentes de las de turismo activo. Se detallar\u00e1n las necesidades de cualificaci\u00f3n espec\u00edficas para el personal t\u00e9cnico que desarrolla las actividades y el responsable de la actividad.&nbsp;<\/li>\n<\/ul>\n\n\n\n<ul class=\"wp-block-list\">\n<li><strong>Seguros: <\/strong>al parecer, no ser\u00e1 obligatorio suscribir el seguro de responsabilidad civil u otro de asistencia o accidentes. Se deja a voluntad de la empresa.&nbsp;<\/li>\n<\/ul>\n\n\n\n<p>Estos son algunos de los aspectos comentados durante la conferencia en NATURCYL y que, sin duda, suponen una importante novedad en el \u00e1mbito de la necesaria regulaci\u00f3n de las actividades de ecoturismo, de forma diferenciada a las de turismo activo, y ajustadas a la singularidad de estas actividades y a la realidad de las empresas y gu\u00edas de naturaleza que las ofrecen.<\/p>\n\n\n\n<div class=\"wp-block-columns is-layout-flex wp-container-core-columns-is-layout-9d6595d7 wp-block-columns-is-layout-flex\">\n<div class=\"wp-block-column is-layout-flow wp-block-column-is-layout-flow\" style=\"flex-basis:100%\">\n<figure class=\"wp-block-gallery has-nested-images columns-default is-cropped wp-block-gallery-1 is-layout-flex wp-block-gallery-is-layout-flex\">\n<figure class=\"wp-block-image size-large\"><img loading=\"lazy\" decoding=\"async\" width=\"1024\" height=\"768\" data-id=\"45181\" src=\"https:\/\/www.soyecoturista.com\/asociacion\/wp-content\/uploads\/2024\/10\/02_Naturcyl_Liebana-1024x768.jpeg\" alt=\"\" class=\"wp-image-45181\" srcset=\"https:\/\/www.soyecoturista.com\/asociacion\/wp-content\/uploads\/2024\/10\/02_Naturcyl_Liebana-1024x768.jpeg 1024w, https:\/\/www.soyecoturista.com\/asociacion\/wp-content\/uploads\/2024\/10\/02_Naturcyl_Liebana-300x225.jpeg 300w, https:\/\/www.soyecoturista.com\/asociacion\/wp-content\/uploads\/2024\/10\/02_Naturcyl_Liebana-768x576.jpeg 768w, https:\/\/www.soyecoturista.com\/asociacion\/wp-content\/uploads\/2024\/10\/02_Naturcyl_Liebana-1536x1152.jpeg 1536w, https:\/\/www.soyecoturista.com\/asociacion\/wp-content\/uploads\/2024\/10\/02_Naturcyl_Liebana.jpeg 1600w\" sizes=\"auto, (max-width: 1024px) 100vw, 1024px\" \/><\/figure>\n\n\n\n<figure class=\"wp-block-image size-large\"><img loading=\"lazy\" decoding=\"async\" width=\"1024\" height=\"576\" data-id=\"45179\" src=\"https:\/\/www.soyecoturista.com\/asociacion\/wp-content\/uploads\/2024\/10\/03_Naturcyl_ValledelAmbroz-1024x576.jpg\" alt=\"\" class=\"wp-image-45179\" srcset=\"https:\/\/www.soyecoturista.com\/asociacion\/wp-content\/uploads\/2024\/10\/03_Naturcyl_ValledelAmbroz-1024x576.jpg 1024w, https:\/\/www.soyecoturista.com\/asociacion\/wp-content\/uploads\/2024\/10\/03_Naturcyl_ValledelAmbroz-300x169.jpg 300w, https:\/\/www.soyecoturista.com\/asociacion\/wp-content\/uploads\/2024\/10\/03_Naturcyl_ValledelAmbroz-768x432.jpg 768w, https:\/\/www.soyecoturista.com\/asociacion\/wp-content\/uploads\/2024\/10\/03_Naturcyl_ValledelAmbroz-1536x864.jpg 1536w, https:\/\/www.soyecoturista.com\/asociacion\/wp-content\/uploads\/2024\/10\/03_Naturcyl_ValledelAmbroz-2048x1152.jpg 2048w\" sizes=\"auto, (max-width: 1024px) 100vw, 1024px\" \/><\/figure>\n\n\n\n<figure class=\"wp-block-image size-large\"><img loading=\"lazy\" decoding=\"async\" width=\"1024\" height=\"835\" data-id=\"45180\" src=\"https:\/\/www.soyecoturista.com\/asociacion\/wp-content\/uploads\/2024\/10\/04_Naturcyl_CazorlaSeguraVillas-1024x835.jpg\" alt=\"\" class=\"wp-image-45180\" srcset=\"https:\/\/www.soyecoturista.com\/asociacion\/wp-content\/uploads\/2024\/10\/04_Naturcyl_CazorlaSeguraVillas-1024x835.jpg 1024w, https:\/\/www.soyecoturista.com\/asociacion\/wp-content\/uploads\/2024\/10\/04_Naturcyl_CazorlaSeguraVillas-300x245.jpg 300w, https:\/\/www.soyecoturista.com\/asociacion\/wp-content\/uploads\/2024\/10\/04_Naturcyl_CazorlaSeguraVillas-768x626.jpg 768w, https:\/\/www.soyecoturista.com\/asociacion\/wp-content\/uploads\/2024\/10\/04_Naturcyl_CazorlaSeguraVillas-1536x1252.jpg 1536w, https:\/\/www.soyecoturista.com\/asociacion\/wp-content\/uploads\/2024\/10\/04_Naturcyl_CazorlaSeguraVillas-2048x1670.jpg 2048w\" sizes=\"auto, (max-width: 1024px) 100vw, 1024px\" \/><\/figure>\n\n\n\n<figure class=\"wp-block-image size-large\"><img loading=\"lazy\" decoding=\"async\" width=\"1024\" height=\"576\" data-id=\"45174\" src=\"https:\/\/www.soyecoturista.com\/asociacion\/wp-content\/uploads\/2024\/10\/05_Naturcyl_GuaraSomontano-1024x576.jpg\" alt=\"\" class=\"wp-image-45174\" srcset=\"https:\/\/www.soyecoturista.com\/asociacion\/wp-content\/uploads\/2024\/10\/05_Naturcyl_GuaraSomontano-1024x576.jpg 1024w, https:\/\/www.soyecoturista.com\/asociacion\/wp-content\/uploads\/2024\/10\/05_Naturcyl_GuaraSomontano-300x169.jpg 300w, https:\/\/www.soyecoturista.com\/asociacion\/wp-content\/uploads\/2024\/10\/05_Naturcyl_GuaraSomontano-768x432.jpg 768w, https:\/\/www.soyecoturista.com\/asociacion\/wp-content\/uploads\/2024\/10\/05_Naturcyl_GuaraSomontano-1536x864.jpg 1536w, https:\/\/www.soyecoturista.com\/asociacion\/wp-content\/uploads\/2024\/10\/05_Naturcyl_GuaraSomontano-2048x1152.jpg 2048w\" sizes=\"auto, (max-width: 1024px) 100vw, 1024px\" \/><\/figure>\n\n\n\n<figure class=\"wp-block-image size-large\"><img loading=\"lazy\" decoding=\"async\" width=\"1024\" height=\"576\" data-id=\"45172\" src=\"https:\/\/www.soyecoturista.com\/asociacion\/wp-content\/uploads\/2024\/10\/06_Naturcyl_LaSiberia-1024x576.jpg\" alt=\"\" class=\"wp-image-45172\" srcset=\"https:\/\/www.soyecoturista.com\/asociacion\/wp-content\/uploads\/2024\/10\/06_Naturcyl_LaSiberia-1024x576.jpg 1024w, https:\/\/www.soyecoturista.com\/asociacion\/wp-content\/uploads\/2024\/10\/06_Naturcyl_LaSiberia-300x169.jpg 300w, https:\/\/www.soyecoturista.com\/asociacion\/wp-content\/uploads\/2024\/10\/06_Naturcyl_LaSiberia-768x432.jpg 768w, https:\/\/www.soyecoturista.com\/asociacion\/wp-content\/uploads\/2024\/10\/06_Naturcyl_LaSiberia-1536x864.jpg 1536w, https:\/\/www.soyecoturista.com\/asociacion\/wp-content\/uploads\/2024\/10\/06_Naturcyl_LaSiberia-2048x1152.jpg 2048w\" sizes=\"auto, (max-width: 1024px) 100vw, 1024px\" \/><\/figure>\n\n\n\n<figure class=\"wp-block-image size-large\"><img loading=\"lazy\" decoding=\"async\" width=\"1024\" height=\"688\" data-id=\"45183\" src=\"https:\/\/www.soyecoturista.com\/asociacion\/wp-content\/uploads\/2024\/10\/07_Naturcyl_RMB_LaPalma_2-2-1024x688.jpeg\" alt=\"\" class=\"wp-image-45183\" srcset=\"https:\/\/www.soyecoturista.com\/asociacion\/wp-content\/uploads\/2024\/10\/07_Naturcyl_RMB_LaPalma_2-2-1024x688.jpeg 1024w, https:\/\/www.soyecoturista.com\/asociacion\/wp-content\/uploads\/2024\/10\/07_Naturcyl_RMB_LaPalma_2-2-300x202.jpeg 300w, https:\/\/www.soyecoturista.com\/asociacion\/wp-content\/uploads\/2024\/10\/07_Naturcyl_RMB_LaPalma_2-2-768x516.jpeg 768w, https:\/\/www.soyecoturista.com\/asociacion\/wp-content\/uploads\/2024\/10\/07_Naturcyl_RMB_LaPalma_2-2-1536x1032.jpeg 1536w, https:\/\/www.soyecoturista.com\/asociacion\/wp-content\/uploads\/2024\/10\/07_Naturcyl_RMB_LaPalma_2-2-2048x1376.jpeg 2048w\" sizes=\"auto, (max-width: 1024px) 100vw, 1024px\" \/><\/figure>\n\n\n\n<figure class=\"wp-block-image size-large\"><img loading=\"lazy\" decoding=\"async\" width=\"1024\" height=\"576\" data-id=\"45171\" src=\"https:\/\/www.soyecoturista.com\/asociacion\/wp-content\/uploads\/2024\/10\/08_Naturcyl_EuskadiEcoturismo-1024x576.jpg\" alt=\"\" class=\"wp-image-45171\" srcset=\"https:\/\/www.soyecoturista.com\/asociacion\/wp-content\/uploads\/2024\/10\/08_Naturcyl_EuskadiEcoturismo-1024x576.jpg 1024w, https:\/\/www.soyecoturista.com\/asociacion\/wp-content\/uploads\/2024\/10\/08_Naturcyl_EuskadiEcoturismo-300x169.jpg 300w, https:\/\/www.soyecoturista.com\/asociacion\/wp-content\/uploads\/2024\/10\/08_Naturcyl_EuskadiEcoturismo-768x432.jpg 768w, https:\/\/www.soyecoturista.com\/asociacion\/wp-content\/uploads\/2024\/10\/08_Naturcyl_EuskadiEcoturismo-1536x864.jpg 1536w, https:\/\/www.soyecoturista.com\/asociacion\/wp-content\/uploads\/2024\/10\/08_Naturcyl_EuskadiEcoturismo-2048x1152.jpg 2048w\" sizes=\"auto, (max-width: 1024px) 100vw, 1024px\" \/><\/figure>\n\n\n\n<figure class=\"wp-block-image size-large\"><img loading=\"lazy\" decoding=\"async\" width=\"1024\" height=\"576\" data-id=\"45176\" src=\"https:\/\/www.soyecoturista.com\/asociacion\/wp-content\/uploads\/2024\/10\/09_Naturcyl_EcoturismoCientifico-1024x576.jpg\" alt=\"\" class=\"wp-image-45176\" srcset=\"https:\/\/www.soyecoturista.com\/asociacion\/wp-content\/uploads\/2024\/10\/09_Naturcyl_EcoturismoCientifico-1024x576.jpg 1024w, https:\/\/www.soyecoturista.com\/asociacion\/wp-content\/uploads\/2024\/10\/09_Naturcyl_EcoturismoCientifico-300x169.jpg 300w, https:\/\/www.soyecoturista.com\/asociacion\/wp-content\/uploads\/2024\/10\/09_Naturcyl_EcoturismoCientifico-768x432.jpg 768w, https:\/\/www.soyecoturista.com\/asociacion\/wp-content\/uploads\/2024\/10\/09_Naturcyl_EcoturismoCientifico-1536x864.jpg 1536w, https:\/\/www.soyecoturista.com\/asociacion\/wp-content\/uploads\/2024\/10\/09_Naturcyl_EcoturismoCientifico-2048x1152.jpg 2048w\" sizes=\"auto, (max-width: 1024px) 100vw, 1024px\" \/><\/figure>\n\n\n\n<figure class=\"wp-block-image size-large\"><img loading=\"lazy\" decoding=\"async\" width=\"1024\" height=\"576\" data-id=\"45197\" src=\"https:\/\/www.soyecoturista.com\/asociacion\/wp-content\/uploads\/2024\/09\/10_Naturcyl-1-1024x576.jpg\" alt=\"\" class=\"wp-image-45197\" srcset=\"https:\/\/www.soyecoturista.com\/asociacion\/wp-content\/uploads\/2024\/09\/10_Naturcyl-1-1024x576.jpg 1024w, https:\/\/www.soyecoturista.com\/asociacion\/wp-content\/uploads\/2024\/09\/10_Naturcyl-1-300x169.jpg 300w, https:\/\/www.soyecoturista.com\/asociacion\/wp-content\/uploads\/2024\/09\/10_Naturcyl-1-768x432.jpg 768w, https:\/\/www.soyecoturista.com\/asociacion\/wp-content\/uploads\/2024\/09\/10_Naturcyl-1-1536x864.jpg 1536w, https:\/\/www.soyecoturista.com\/asociacion\/wp-content\/uploads\/2024\/09\/10_Naturcyl-1-2048x1152.jpg 2048w\" sizes=\"auto, (max-width: 1024px) 100vw, 1024px\" \/><\/figure>\n<\/figure>\n<\/div>\n<\/div>\n\n\n\n<p>M\u00e1s informaci\u00f3n: <a href=\"https:\/\/www.naturcyl.es\/\" target=\"_blank\" rel=\"noreferrer noopener\">https:\/\/www.naturcyl.es\/ <\/a><\/p>\n\n\n\n<p><strong>Sobre la Asociaci\u00f3n de Ecoturismo en Espa\u00f1a<\/strong><\/p>\n\n\n\n<p>La <a href=\"https:\/\/www.soyecoturista.com\/asociacion\/\" target=\"_blank\" rel=\"noreferrer noopener\">Asociaci\u00f3n de Ecoturismo en Espa\u00f1a<\/a> (AEE) es una asociaci\u00f3n sin \u00e1nimo de lucro y de car\u00e1cter p\u00fablico-privado creada en 2010 para fomentar el ecoturismo en los espacios protegidos y compuesta principalmente por asociaciones de empresarios de turismo ubicadas en espacios naturales, entidades gestoras de espacios protegidos, administraciones p\u00fablicas implicadas en la gesti\u00f3n tur\u00edstica de \u00e9stos, grupos de desarrollo rural, entidades de conservaci\u00f3n de la naturaleza, universidades y empresas especializadas en turismo.<\/p>\n\n\n\n<p>La AEE es la entidad que gestiona el club de producto Ecoturismo en Espa\u00f1a, con apoyo de la Secretar\u00eda de Estado de Turismo. Es una iniciativa pionera que ofrece experiencias de ecoturismo en espacios naturales protegidos, garantizando al viajero su contribuci\u00f3n al desarrollo local y a la conservaci\u00f3n de la biodiversidad. Actualmente agrupa 42 destinos y m\u00e1s de 700 empresas que, bajo la marca <a href=\"http:\/\/www.soyecoturista.com\" target=\"_blank\" rel=\"noreferrer noopener\">Soy Ecoturista<\/a>, asumen su compromiso con el desarrollo sostenible.<\/p>\n\n\n\n<div class=\"wp-block-buttons is-content-justification-center is-layout-flex wp-container-core-buttons-is-layout-16018d1d wp-block-buttons-is-layout-flex\"><\/div>\n","protected":false},"excerpt":{"rendered":"<p>Magn\u00edfico escaparate para destinos y experiencias de Soy Ecoturista Este a\u00f1o la feria estren\u00f3 nueva localizaci\u00f3n, en el Real Sitio de San Ildefonso (Segovia), un emplazamiento privilegiado a 20 minutos [&hellip;]<\/p>\n","protected":false},"author":6,"featured_media":45170,"comment_status":"closed","ping_status":"closed","sticky":false,"template":"","format":"standard","meta":{"_acf_changed":false,"footnotes":""},"categories":[4],"tags":[11,14,207,221],"class_list":["post-45168","post","type-post","status-publish","format-standard","has-post-thumbnail","hentry","category-noticias","tag-ecoturismo","tag-ecoturismo-en-espana","tag-madrid","tag-naturewatch"],"acf":[],"_links":{"self":[{"href":"https:\/\/www.soyecoturista.com\/asociacion\/wp-json\/wp\/v2\/posts\/45168","targetHints":{"allow":["GET"]}}],"collection":[{"href":"https:\/\/www.soyecoturista.com\/asociacion\/wp-json\/wp\/v2\/posts"}],"about":[{"href":"https:\/\/www.soyecoturista.com\/asociacion\/wp-json\/wp\/v2\/types\/post"}],"author":[{"embeddable":true,"href":"https:\/\/www.soyecoturista.com\/asociacion\/wp-json\/wp\/v2\/users\/6"}],"replies":[{"embeddable":true,"href":"https:\/\/www.soyecoturista.com\/asociacion\/wp-json\/wp\/v2\/comments?post=45168"}],"version-history":[{"count":9,"href":"https:\/\/www.soyecoturista.com\/asociacion\/wp-json\/wp\/v2\/posts\/45168\/revisions"}],"predecessor-version":[{"id":45198,"href":"https:\/\/www.soyecoturista.com\/asociacion\/wp-json\/wp\/v2\/posts\/45168\/revisions\/45198"}],"wp:featuredmedia":[{"embeddable":true,"href":"https:\/\/www.soyecoturista.com\/asociacion\/wp-json\/wp\/v2\/media\/45170"}],"wp:attachment":[{"href":"https:\/\/www.soyecoturista.com\/asociacion\/wp-json\/wp\/v2\/media?parent=45168"}],"wp:term":[{"taxonomy":"category","embeddable":true,"href":"https:\/\/www.soyecoturista.com\/asociacion\/wp-json\/wp\/v2\/categories?post=45168"},{"taxonomy":"post_tag","embeddable":true,"href":"https:\/\/www.soyecoturista.com\/asociacion\/wp-json\/wp\/v2\/tags?post=45168"}],"curies":[{"name":"wp","href":"https:\/\/api.w.org\/{rel}","templated":true}]}}