{"id":45160,"date":"2024-09-27T11:24:02","date_gmt":"2024-09-27T09:24:02","guid":{"rendered":"https:\/\/www.soyecoturista.com\/asociacion\/?p=45160"},"modified":"2024-10-01T13:26:19","modified_gmt":"2024-10-01T11:26:19","slug":"empresas-ecoturismo-alava-formacion-adhesion-sistema-reconocimiento-sostenibilidad-turismo-naturaleza-red-natura-2000","status":"publish","type":"post","link":"https:\/\/www.soyecoturista.com\/asociacion\/empresas-ecoturismo-alava-formacion-adhesion-sistema-reconocimiento-sostenibilidad-turismo-naturaleza-red-natura-2000\/","title":{"rendered":"Empresas de ecoturismo en los Parques Naturales de Gorbeia, Izki y Valderejo avanzan en su adhesi\u00f3n al Sistema de Reconocimiento de la Sostenibilidad del Turismo de Naturaleza en la Red Natura 2000"},"content":{"rendered":"\n<p>La Biblioteca Ignacio Aldecoa, en Vitoria-Gasteiz, acogi\u00f3 ayer, 26 de septiembre, una formaci\u00f3n clave para avanzar en el proceso de certificaci\u00f3n de alojamientos tur\u00edsticos y empresas de actividades guiadas de ecoturismo que operan en los Parques Naturales de Gorbeia, Izki y Valderejo al <strong><a href=\"https:\/\/www.miteco.gob.es\/es\/biodiversidad\/temas\/conservacion-de-la-biodiversidad\/conservacion-de-la-biodiversidad-en-espana\/cb_esp_plan_sect_turismo_n2k.html\" target=\"_blank\" rel=\"noopener\">Sistema de Reconocimiento de Sostenibilidad del Turismo de Naturaleza de la Red Natura 2000<\/a><\/strong> (SRSTNRN2000), que otorga el Ministerio para la Transici\u00f3n Ecol\u00f3gica y el Reto Demogr\u00e1fico y cuyo fin es impulsar un mejor desarrollo y gesti\u00f3n sostenible de las actividades vinculadas con el ecoturismo en los espacios Red Natura 2000.<\/p>\n\n\n\n<p>Un total de <strong>18 empresas<\/strong> participaron en esta jornada formativa, cuya asistencia es un requisito indispensable para que las empresas puedan acceder a esta importante acreditaci\u00f3n. Esta iniciativa cuenta con el respaldo de Basquetour y las Diputaciones Forales de \u00c1lava y Bizkaia.<\/p>\n\n\n\n<p><strong>Las empresas que decidan voluntariamente sumarse al SRSTNRN2000 contar\u00e1n con la asistencia t\u00e9cnica de la Asociaci\u00f3n de Ecoturismo en Espa\u00f1a, <\/strong>y adem\u00e1s de obtener el distintivo de Turismo Sostenible en la Red Natura 2000, <strong>tendr\u00e1n la oportunidad de formar parte de Soy Ecoturista<\/strong>, la mayor red de destinos y empresas de ecoturismo certificados en Espa\u00f1a.<\/p>\n\n\n\n<p>Esta iniciativa comenz\u00f3 el pasado a\u00f1o cuando la Diputaci\u00f3n Foral de \u00c1lava, como gestora de estos tres espacios naturales antes indicados (Gorbeia, Izki y Valderejo), inici\u00f3 su propio proceso de certificaci\u00f3n. Este esfuerzo fue reconocido a principios de 2024 con la entrega oficial de la certificaci\u00f3n en FITUR.<\/p>\n\n\n\n<figure class=\"wp-block-image size-large\"><img loading=\"lazy\" decoding=\"async\" width=\"1024\" height=\"576\" src=\"https:\/\/www.soyecoturista.com\/asociacion\/wp-content\/uploads\/2024\/09\/WhatsApp-Image-2024-09-30-at-09.56.10-14-1024x576.jpeg\" alt=\"\" class=\"wp-image-45164\" srcset=\"https:\/\/www.soyecoturista.com\/asociacion\/wp-content\/uploads\/2024\/09\/WhatsApp-Image-2024-09-30-at-09.56.10-14-1024x576.jpeg 1024w, https:\/\/www.soyecoturista.com\/asociacion\/wp-content\/uploads\/2024\/09\/WhatsApp-Image-2024-09-30-at-09.56.10-14-300x169.jpeg 300w, https:\/\/www.soyecoturista.com\/asociacion\/wp-content\/uploads\/2024\/09\/WhatsApp-Image-2024-09-30-at-09.56.10-14-768x432.jpeg 768w, https:\/\/www.soyecoturista.com\/asociacion\/wp-content\/uploads\/2024\/09\/WhatsApp-Image-2024-09-30-at-09.56.10-14-1536x864.jpeg 1536w, https:\/\/www.soyecoturista.com\/asociacion\/wp-content\/uploads\/2024\/09\/WhatsApp-Image-2024-09-30-at-09.56.10-14.jpeg 1600w\" sizes=\"auto, (max-width: 1024px) 100vw, 1024px\" \/><\/figure>\n\n\n\n<div class=\"wp-block-buttons is-content-justification-left is-layout-flex wp-container-core-buttons-is-layout-fdcfc74e wp-block-buttons-is-layout-flex\"><\/div>\n\n\n\n<p><strong>Sobre la Asociaci\u00f3n de Ecoturismo en Espa\u00f1a<\/strong><\/p>\n\n\n\n<p>La <a href=\"https:\/\/www.soyecoturista.com\/asociacion\/\" target=\"_blank\" rel=\"noreferrer noopener\">Asociaci\u00f3n de Ecoturismo en Espa\u00f1a<\/a> (AEE) es una asociaci\u00f3n sin \u00e1nimo de lucro y de car\u00e1cter p\u00fablico-privado creada en 2010 para fomentar el ecoturismo en los espacios protegidos y compuesta principalmente por asociaciones de empresarios de turismo ubicadas en espacios naturales, entidades gestoras de espacios protegidos, administraciones p\u00fablicas implicadas en la gesti\u00f3n tur\u00edstica de \u00e9stos, grupos de desarrollo rural, entidades de conservaci\u00f3n de la naturaleza, universidades y empresas especializadas en turismo.<\/p>\n\n\n\n<p>La AEE es la entidad que gestiona el club de producto Ecoturismo en Espa\u00f1a, con apoyo de la Secretar\u00eda de Estado de Turismo. Es una iniciativa pionera que ofrece experiencias de ecoturismo en espacios naturales protegidos, garantizando al viajero su contribuci\u00f3n al desarrollo local y a la conservaci\u00f3n de la biodiversidad. Actualmente agrupa 42 destinos y m\u00e1s de 700 empresas que, bajo la marca <a href=\"http:\/\/www.soyecoturista.com\" target=\"_blank\" rel=\"noreferrer noopener\">Soy Ecoturista<\/a>, asumen su compromiso con el desarrollo sostenible.<\/p>\n\n\n\n<p><\/p>\n\n\n\n<div class=\"wp-block-buttons is-content-justification-center is-layout-flex wp-container-core-buttons-is-layout-16018d1d wp-block-buttons-is-layout-flex\"><\/div>\n","protected":false},"excerpt":{"rendered":"<p>La Biblioteca Ignacio Aldecoa, en Vitoria-Gasteiz, acogi\u00f3 ayer, 26 de septiembre, una formaci\u00f3n clave para avanzar en el proceso de certificaci\u00f3n de alojamientos tur\u00edsticos y empresas de actividades guiadas de [&hellip;]<\/p>\n","protected":false},"author":8,"featured_media":45161,"comment_status":"closed","ping_status":"closed","sticky":false,"template":"","format":"standard","meta":{"_acf_changed":false,"footnotes":""},"categories":[4],"tags":[11,14],"class_list":["post-45160","post","type-post","status-publish","format-standard","has-post-thumbnail","hentry","category-noticias","tag-ecoturismo","tag-ecoturismo-en-espana"],"acf":[],"_links":{"self":[{"href":"https:\/\/www.soyecoturista.com\/asociacion\/wp-json\/wp\/v2\/posts\/45160","targetHints":{"allow":["GET"]}}],"collection":[{"href":"https:\/\/www.soyecoturista.com\/asociacion\/wp-json\/wp\/v2\/posts"}],"about":[{"href":"https:\/\/www.soyecoturista.com\/asociacion\/wp-json\/wp\/v2\/types\/post"}],"author":[{"embeddable":true,"href":"https:\/\/www.soyecoturista.com\/asociacion\/wp-json\/wp\/v2\/users\/8"}],"replies":[{"embeddable":true,"href":"https:\/\/www.soyecoturista.com\/asociacion\/wp-json\/wp\/v2\/comments?post=45160"}],"version-history":[{"count":4,"href":"https:\/\/www.soyecoturista.com\/asociacion\/wp-json\/wp\/v2\/posts\/45160\/revisions"}],"predecessor-version":[{"id":45200,"href":"https:\/\/www.soyecoturista.com\/asociacion\/wp-json\/wp\/v2\/posts\/45160\/revisions\/45200"}],"wp:featuredmedia":[{"embeddable":true,"href":"https:\/\/www.soyecoturista.com\/asociacion\/wp-json\/wp\/v2\/media\/45161"}],"wp:attachment":[{"href":"https:\/\/www.soyecoturista.com\/asociacion\/wp-json\/wp\/v2\/media?parent=45160"}],"wp:term":[{"taxonomy":"category","embeddable":true,"href":"https:\/\/www.soyecoturista.com\/asociacion\/wp-json\/wp\/v2\/categories?post=45160"},{"taxonomy":"post_tag","embeddable":true,"href":"https:\/\/www.soyecoturista.com\/asociacion\/wp-json\/wp\/v2\/tags?post=45160"}],"curies":[{"name":"wp","href":"https:\/\/api.w.org\/{rel}","templated":true}]}}