{"id":45107,"date":"2024-10-07T12:00:00","date_gmt":"2024-10-07T10:00:00","guid":{"rendered":"https:\/\/www.soyecoturista.com\/asociacion\/?p=45107"},"modified":"2024-09-26T14:35:10","modified_gmt":"2024-09-26T12:35:10","slug":"descubre-geoparque-sobrarbe-pirineos","status":"publish","type":"post","link":"https:\/\/www.soyecoturista.com\/asociacion\/descubre-geoparque-sobrarbe-pirineos\/","title":{"rendered":"Descubre el Geoparque Sobrarbe Pirineos a trav\u00e9s de sus gentes (parte I)"},"content":{"rendered":"\n<p>En este recorrido por los espacios protegidos adheridos a Soy Ecoturista a trav\u00e9s de los que hacen posible que podamos vivir experiencias \u00fanicas, llega el momento del <a href=\"https:\/\/soyecoturista.com\/es\/ecoturismo-sobrarbe\/espacios-naturales\" target=\"_blank\" rel=\"noreferrer noopener\">Geoparque Sobrarbe \u2013 Pirineos<\/a> aprovechando que cada 6 de octubre se celebra el D\u00eda Internacional de la geodiversidad. Una efem\u00e9ride con la que se pretende promover la conservaci\u00f3n del patrimonio geol\u00f3gico del planeta y reivindicar el papel de la geolog\u00eda en la sociedad actual.<\/p>\n\n\n<div class=\"wp-block-image\">\n<figure class=\"aligncenter size-large\"><img loading=\"lazy\" decoding=\"async\" width=\"1024\" height=\"683\" src=\"https:\/\/www.soyecoturista.com\/asociacion\/wp-content\/uploads\/2024\/09\/JRP_4018-1-1024x683.jpg\" alt=\"\" class=\"wp-image-45148\" srcset=\"https:\/\/www.soyecoturista.com\/asociacion\/wp-content\/uploads\/2024\/09\/JRP_4018-1-1024x683.jpg 1024w, https:\/\/www.soyecoturista.com\/asociacion\/wp-content\/uploads\/2024\/09\/JRP_4018-1-300x200.jpg 300w, https:\/\/www.soyecoturista.com\/asociacion\/wp-content\/uploads\/2024\/09\/JRP_4018-1-768x512.jpg 768w, https:\/\/www.soyecoturista.com\/asociacion\/wp-content\/uploads\/2024\/09\/JRP_4018-1-1536x1024.jpg 1536w, https:\/\/www.soyecoturista.com\/asociacion\/wp-content\/uploads\/2024\/09\/JRP_4018-1-2048x1365.jpg 2048w\" sizes=\"auto, (max-width: 1024px) 100vw, 1024px\" \/><\/figure>\n<\/div>\n\n\n<p>Y es que en pocos sitios uno se siente tan peque\u00f1o frente a la majestuosidad de la naturaleza como en el Geoparque Mundial Sobrarbe-Pirineos. Un destino, como muy pocos en el mundo, que tiene las 4 coronas de la UNESCO: Patrimonio Mundial, Reserva de la Biosfera, Patrimonio Cultural Inmaterial de la Humanidad y Geoparque Mundial. Como nos cuenta \u00c1nchel Belmonte, Coordinador Cient\u00edfico de Sobrarbe-Pirineos, \u201cUn Geoparque es un territorio que tiene un patrimonio geol\u00f3gico de importancia internacional, que adem\u00e1s conserva y pone en uso ese patrimonio al servicio del desarrollo sostenible\u201d.<\/p>\n\n\n\n<p>Una de las razones de la importancia internacional de este destino adherido a Soy Ecoturista, es que se trata de un libro abierto a la historia geol\u00f3gica. Lo especial de esta comarca, al norte de Arag\u00f3n, es que \u201cnos est\u00e1 narrando los \u00faltimos 550 millones de a\u00f1os de historia de la Tierra\u201d, explica \u00c1nchel. \u201cEn ese tiempo, se han sucedido paisajes como mares, cordilleras extintas, desiertos, nuevos mares y, finalmente, los Pirineos. Todos ellos los podemos leer en nuestras monta\u00f1as y, para conocer esta historia, la importancia de los gu\u00edas, es decir, alguien que traduzca e interprete lo que vemos, es m\u00e1s necesaria que nunca\u201d.&nbsp;<\/p>\n\n\n\n<p><strong>La importancia del gu\u00eda para descubrir la monta\u00f1a<\/strong><\/p>\n\n\n<div class=\"wp-block-image\">\n<figure class=\"aligncenter size-large\"><img loading=\"lazy\" decoding=\"async\" width=\"1024\" height=\"683\" src=\"https:\/\/www.soyecoturista.com\/asociacion\/wp-content\/uploads\/2024\/09\/JRP_2380-1024x683.jpg\" alt=\"\" class=\"wp-image-45142\" srcset=\"https:\/\/www.soyecoturista.com\/asociacion\/wp-content\/uploads\/2024\/09\/JRP_2380-1024x683.jpg 1024w, https:\/\/www.soyecoturista.com\/asociacion\/wp-content\/uploads\/2024\/09\/JRP_2380-300x200.jpg 300w, https:\/\/www.soyecoturista.com\/asociacion\/wp-content\/uploads\/2024\/09\/JRP_2380-768x512.jpg 768w, https:\/\/www.soyecoturista.com\/asociacion\/wp-content\/uploads\/2024\/09\/JRP_2380-1536x1024.jpg 1536w, https:\/\/www.soyecoturista.com\/asociacion\/wp-content\/uploads\/2024\/09\/JRP_2380-2048x1365.jpg 2048w\" sizes=\"auto, (max-width: 1024px) 100vw, 1024px\" \/><\/figure>\n<\/div>\n\n\n<p>Desde los Miradores del Ca\u00f1\u00f3n de A\u00f1isclo, en el Parque Nacional de Ordesa y Monte Perdido, Raquel Martos, directora y gu\u00eda de Solomonte, nos desvela que se trata de uno de los m\u00e1s profundos de Europa. \u201cCon 23 kil\u00f3metros de recorrido, ofrece unas paredes espectaculares. Con la ayuda de unos prism\u00e1ticos, en esas paredes podemos divisar quebrantahuesos, buitres leonados o rebecos. Es un mirador espectacular al que podemos acceder en un veh\u00edculo adaptado y tambi\u00e9n una actividad did\u00e1ctica para toda la familia\u201d. As\u00ed que, si queremos llegar a una de las joyas de la corona, toca ponerse las botas de monta\u00f1a. Junto a Raquel, podemos realizar otra experiencia, que nos permite ver el glaciar de Monte Perdido que, seg\u00fan nos cuenta Raquel, \u201cse sit\u00faa en la cara norte de una monta\u00f1a que se form\u00f3 en el mar, lo que la convierte en el macizo calc\u00e1reo m\u00e1s alto de Europa\u201d. Esta experiencia nos eleva, esta vez, a m\u00e1s de 2.100 metros y, bajo la cumbre que alcanza los 3.355 metros se puede ver el glaciar sobre el nacimiento del r\u00edo Cinca.&nbsp;<\/p>\n\n\n\n<p>Si seguimos al esp\u00edritu de la aventura un poco m\u00e1s, podemos hacer traves\u00edas de dos o tres d\u00edas, adaptadas a diferentes niveles\u201d. Xisco Villalonga, gu\u00eda de monta\u00f1a de Pyrene 365, nos cuenta que \u201cHay traves\u00edas en las que se hace noche en refugios que ofrecen cena y desayuno, lo que permite ir con una mochila muy ligera\u201d. Y a\u00f1ade que \u201cla opci\u00f3n para valientes es la modalidad de saco de dormir, tienda de campa\u00f1a y utensilios de cocina. Sea cual sea la que escojamos, llegamos a lugares que ser\u00edan mucho menos accesibles en una ruta de un solo d\u00eda. Porque mientras todo el mundo vuelve a su alojamiento, nosotros nos quedamos en las monta\u00f1as, pudiendo tener experiencias \u00fanicas como ver anochecer y amanecer desde las monta\u00f1as o disfrutar de la soledad y el contacto con la naturaleza\u201d.<\/p>\n\n\n<div class=\"wp-block-image\">\n<figure class=\"aligncenter size-large\"><img loading=\"lazy\" decoding=\"async\" width=\"1024\" height=\"683\" src=\"https:\/\/www.soyecoturista.com\/asociacion\/wp-content\/uploads\/2024\/09\/JRP_3448-1024x683.jpg\" alt=\"\" class=\"wp-image-45144\" srcset=\"https:\/\/www.soyecoturista.com\/asociacion\/wp-content\/uploads\/2024\/09\/JRP_3448-1024x683.jpg 1024w, https:\/\/www.soyecoturista.com\/asociacion\/wp-content\/uploads\/2024\/09\/JRP_3448-300x200.jpg 300w, https:\/\/www.soyecoturista.com\/asociacion\/wp-content\/uploads\/2024\/09\/JRP_3448-768x512.jpg 768w, https:\/\/www.soyecoturista.com\/asociacion\/wp-content\/uploads\/2024\/09\/JRP_3448-1536x1024.jpg 1536w, https:\/\/www.soyecoturista.com\/asociacion\/wp-content\/uploads\/2024\/09\/JRP_3448-2048x1365.jpg 2048w\" sizes=\"auto, (max-width: 1024px) 100vw, 1024px\" \/><\/figure>\n<\/div>\n\n\n<p>En cotas m\u00e1s bajas, desde la plaza del pueblo de Lecina, Alberto Mar\u00edn, educador ambiental y gu\u00eda de Senderos Ordesa, nos adentra en la cabecera del ca\u00f1\u00f3n del r\u00edo Vero, en el Parque Natural de la Sierra y Ca\u00f1ones de Guara, a trav\u00e9s de caminos milenarios, construidos a base de la t\u00e9cnica de \u2018piedra seca\u2019, inscrita en la Lista de Patrimonio Cultural Inmaterial de la Humanidad por la UNESCO. \u201cDurante la experiencia, la flora cambia dr\u00e1sticamente, desde los secanos de la parte superior a un peque\u00f1o oasis en el fondo del ca\u00f1\u00f3n\u201d, nos explica. Hasta llegar all\u00ed, Alberto nos enumera las especies de flora que van cambiando mientras avanzamos, nos descubre la formaci\u00f3n geol\u00f3gica del ca\u00f1\u00f3n y nos ayuda a divisar las aves rapaces que anidan en sus paredes verticales: buitres, quebrantahuesos, alimoches, cern\u00edcalos y halcones peregrinos vuelan a nuestro alrededor. Una vez en el fondo del ca\u00f1\u00f3n, Alberto nos confiesa que \u201ces un lugar cargado de historia, ya que hay constancia de la presencia del ser humano desde el Paleol\u00edtico, hace varios miles de a\u00f1os, a trav\u00e9s de los testimonios de las pinturas que aparecen en sus paredes, declaradas Patrimonio Mundial de la UNESCO\u201d.<\/p>\n\n\n\n<p><strong>Habitantes de ca\u00f1ones y monta\u00f1as<\/strong><\/p>\n\n\n\n<p>Avanzando varios miles de a\u00f1os a lo largo del valle de Chistau, Javier Villa, gu\u00eda de Pletas y Camins, nos descubre una de las muestras m\u00e1s representativas de la cultura de monta\u00f1a: la cultura pastoril, que ha servido de se\u00f1a de identidad de los pobladores de estas monta\u00f1as. Un claro ejemplo de siglos de convivencia entre el ser humano y la naturaleza que le rodea. \u201cUnos de los rasgos y testimonios m\u00e1s claros de esta cultura pastoril son las construcciones denominadas \u2018bordas\u2019, ubicadas en un inenarrable valle de Viad\u00f3s, a los pies del pico Posets, o Lardana, de 3.369 metros de altura\u201d, comenta Javier. Dentro de la modesta construcci\u00f3n, que pasaba de padres a hijos, mediante an\u00e9cdotas y vivencias, Javier relata una dura forma de vida que ha ayudado a conformar un car\u00e1cter y una cultura. Podemos ser testigos de ella en cualquier momento y lugar del valle, ya que muchos pastores siguen desempe\u00f1ando su trabajo hoy en d\u00eda, por lo que cruzarnos con reba\u00f1os de ovejas o charlar con uno de los pastores es una parte m\u00e1s de la experiencia.<\/p>\n\n\n<div class=\"wp-block-image\">\n<figure class=\"aligncenter size-large\"><img loading=\"lazy\" decoding=\"async\" width=\"1024\" height=\"683\" src=\"https:\/\/www.soyecoturista.com\/asociacion\/wp-content\/uploads\/2024\/09\/JRP_1309-1024x683.jpg\" alt=\"\" class=\"wp-image-45147\" srcset=\"https:\/\/www.soyecoturista.com\/asociacion\/wp-content\/uploads\/2024\/09\/JRP_1309-1024x683.jpg 1024w, https:\/\/www.soyecoturista.com\/asociacion\/wp-content\/uploads\/2024\/09\/JRP_1309-300x200.jpg 300w, https:\/\/www.soyecoturista.com\/asociacion\/wp-content\/uploads\/2024\/09\/JRP_1309-768x512.jpg 768w, https:\/\/www.soyecoturista.com\/asociacion\/wp-content\/uploads\/2024\/09\/JRP_1309-1536x1024.jpg 1536w, https:\/\/www.soyecoturista.com\/asociacion\/wp-content\/uploads\/2024\/09\/JRP_1309-2048x1365.jpg 2048w\" sizes=\"auto, (max-width: 1024px) 100vw, 1024px\" \/><\/figure>\n<\/div>\n\n\n<p>En lo alto de una escarpada loma se encuentra otra huella que los habitantes del extenso Geoparque Sobrarbe-Pirineos dejaron tras de s\u00ed. Muro de Roda domina, como buena fortaleza medieval, los valles colindantes: el valle de La Fueva y el valle del Cinca. \u201cA nivel de patrimonio, Muro de Roda lo es todo\u201d, explica Eva Garc\u00eda, gu\u00eda de Pyrene 365. \u201cHay dos iglesias rom\u00e1nicas y una del siglo XVI dentro de la fortaleza medieval del siglo XI, que forma parte de la l\u00ednea defensiva que estableci\u00f3 Sancho el Mayor en tiempos de frontera con los reinos almor\u00e1vides. Desde su altura est\u00e1 rodeada de caminos tradicionales, con el empedrado natural y con muros realizados con la t\u00e9cnica de \u2018piedra seca\u2019\u201d. Para volver al presente y poner el broche a la experiencia, Eva ofrece una degustaci\u00f3n de productores locales adheridos al Geoparque Sobrarbe-Pirineos y a Soy Ecoturista que, al igual que el resto de las empresas, mantienen un estrecho v\u00ednculo de colaboraci\u00f3n: \u201cqueremos poner en valor al producto y al artesano para que la gente los conozca y llegue a ellos\u201d, comenta.<\/p>\n\n\n<div class=\"wp-block-image\">\n<figure class=\"aligncenter size-large\"><img loading=\"lazy\" decoding=\"async\" width=\"1024\" height=\"683\" src=\"https:\/\/www.soyecoturista.com\/asociacion\/wp-content\/uploads\/2024\/09\/JRP_2761-1024x683.jpg\" alt=\"\" class=\"wp-image-45146\" srcset=\"https:\/\/www.soyecoturista.com\/asociacion\/wp-content\/uploads\/2024\/09\/JRP_2761-1024x683.jpg 1024w, https:\/\/www.soyecoturista.com\/asociacion\/wp-content\/uploads\/2024\/09\/JRP_2761-300x200.jpg 300w, https:\/\/www.soyecoturista.com\/asociacion\/wp-content\/uploads\/2024\/09\/JRP_2761-768x512.jpg 768w, https:\/\/www.soyecoturista.com\/asociacion\/wp-content\/uploads\/2024\/09\/JRP_2761-1536x1024.jpg 1536w, https:\/\/www.soyecoturista.com\/asociacion\/wp-content\/uploads\/2024\/09\/JRP_2761-2048x1365.jpg 2048w\" sizes=\"auto, (max-width: 1024px) 100vw, 1024px\" \/><\/figure>\n<\/div>\n\n\n<p>Estamos convencidos que con esta primera entrega ya estar\u00e1s planeando tu pr\u00f3xima escapada ecoturista al Geoparque Sobrarbe-Pirineos para que todos estos anfitriones tengan la oportunidad de mostrarte y hacerte part\u00edcipe por el amor a su territorio. Puedes planificar la escapada directamente en Soy Ecoturista, donde encontrar\u00e1s, <a href=\"https:\/\/soyecoturista.com\/es\/experiencias-en-sobrarbe\" target=\"_blank\" rel=\"noreferrer noopener\">actividades<\/a>, <a href=\"https:\/\/soyecoturista.com\/es\/alojamientos-en-sobrarbe\" target=\"_blank\" rel=\"noreferrer noopener\">alojamientos<\/a> y <a href=\"https:\/\/soyecoturista.com\/es\/escapadas-en-sobrarbe\" target=\"_blank\" rel=\"noreferrer noopener\">escapadas<\/a> completas de diferentes d\u00edas de duraci\u00f3n y que te llevar\u00e1n a descubrir lo mejor del Geoparque a un solo clic.\u00a0<\/p>\n","protected":false},"excerpt":{"rendered":"<p>En este recorrido por los espacios protegidos adheridos a Soy Ecoturista a trav\u00e9s de los que hacen posible que podamos vivir experiencias \u00fanicas, llega el momento del Geoparque Sobrarbe \u2013 [&hellip;]<\/p>\n","protected":false},"author":5,"featured_media":45109,"comment_status":"closed","ping_status":"closed","sticky":false,"template":"","format":"standard","meta":{"_acf_changed":false,"footnotes":""},"categories":[3],"tags":[39,164,165,9,1109,11,33,82,55,187,115],"class_list":["post-45107","post","type-post","status-publish","format-standard","has-post-thumbnail","hentry","category-blog","tag-soyecoturista","tag-actividades","tag-alojamientos","tag-club-ecoturismo","tag-destino-soy-ecoturista","tag-ecoturismo","tag-espacios-protegidos","tag-experiencias","tag-geoparque","tag-productores","tag-sobrarbe"],"acf":[],"_links":{"self":[{"href":"https:\/\/www.soyecoturista.com\/asociacion\/wp-json\/wp\/v2\/posts\/45107","targetHints":{"allow":["GET"]}}],"collection":[{"href":"https:\/\/www.soyecoturista.com\/asociacion\/wp-json\/wp\/v2\/posts"}],"about":[{"href":"https:\/\/www.soyecoturista.com\/asociacion\/wp-json\/wp\/v2\/types\/post"}],"author":[{"embeddable":true,"href":"https:\/\/www.soyecoturista.com\/asociacion\/wp-json\/wp\/v2\/users\/5"}],"replies":[{"embeddable":true,"href":"https:\/\/www.soyecoturista.com\/asociacion\/wp-json\/wp\/v2\/comments?post=45107"}],"version-history":[{"count":3,"href":"https:\/\/www.soyecoturista.com\/asociacion\/wp-json\/wp\/v2\/posts\/45107\/revisions"}],"predecessor-version":[{"id":45151,"href":"https:\/\/www.soyecoturista.com\/asociacion\/wp-json\/wp\/v2\/posts\/45107\/revisions\/45151"}],"wp:featuredmedia":[{"embeddable":true,"href":"https:\/\/www.soyecoturista.com\/asociacion\/wp-json\/wp\/v2\/media\/45109"}],"wp:attachment":[{"href":"https:\/\/www.soyecoturista.com\/asociacion\/wp-json\/wp\/v2\/media?parent=45107"}],"wp:term":[{"taxonomy":"category","embeddable":true,"href":"https:\/\/www.soyecoturista.com\/asociacion\/wp-json\/wp\/v2\/categories?post=45107"},{"taxonomy":"post_tag","embeddable":true,"href":"https:\/\/www.soyecoturista.com\/asociacion\/wp-json\/wp\/v2\/tags?post=45107"}],"curies":[{"name":"wp","href":"https:\/\/api.w.org\/{rel}","templated":true}]}}