{"id":45090,"date":"2024-09-24T10:56:41","date_gmt":"2024-09-24T08:56:41","guid":{"rendered":"https:\/\/www.soyecoturista.com\/asociacion\/?p=45090"},"modified":"2024-09-24T10:56:44","modified_gmt":"2024-09-24T08:56:44","slug":"otono-magico-valle-ambroz-fiesta-internacional","status":"publish","type":"post","link":"https:\/\/www.soyecoturista.com\/asociacion\/otono-magico-valle-ambroz-fiesta-internacional\/","title":{"rendered":"El Oto\u00f1o M\u00e1gico del Valle del Ambroz, nueva Fiesta de Inter\u00e9s Tur\u00edstico Internacional"},"content":{"rendered":"\n<p>Celebramos la llegada del oto\u00f1o con una fant\u00e1stica noticia que recibimos el pasado mes de agosto, y es que el Oto\u00f1o M\u00e1gico ha sido recientemente declarado Fiesta de Inter\u00e9s Tur\u00edstico Internacional. Con esta, son 81 las celebraciones en nuestro pa\u00eds con este reconocimiento que es fruto del esfuerzo colectivo de la comunidad por transformar el oto\u00f1o en una aut\u00e9ntica fiesta de la naturaleza, donde el turismo sostenible y la cultura se entrelazan para ofrecer una experiencia \u00fanica.<\/p>\n\n\n\n<p>Pero \u00bfqu\u00e9 hace al Oto\u00f1o M\u00e1gico merecedor de tal honor? Esta celebraci\u00f3n, que tiene lugar desde finales de octubre hasta principios de diciembre, transforma el <a href=\"https:\/\/soyecoturista.com\/es\/destino-valle-del-ambroz\">Valle del Ambroz<\/a> en un para\u00edso de colores, donde los frondosos bosques de casta\u00f1os, las cascadas y los r\u00edos crean un escenario natural inigualable. A lo largo de estos meses, se desarrollan numerosas actividades que promueven el respeto por el medio ambiente, destacan la riqueza patrimonial de este espacio natural, y celebran la gastronom\u00eda y las tradiciones locales.<\/p>\n\n\n<div class=\"wp-block-image\">\n<figure class=\"aligncenter size-large\"><img loading=\"lazy\" decoding=\"async\" width=\"1024\" height=\"683\" src=\"https:\/\/www.soyecoturista.com\/asociacion\/wp-content\/uploads\/2024\/09\/Senderismo-y-Barrio-Judio-Hervas-1-1-1-1-1-1024x683.jpg\" alt=\"\" class=\"wp-image-45096\" srcset=\"https:\/\/www.soyecoturista.com\/asociacion\/wp-content\/uploads\/2024\/09\/Senderismo-y-Barrio-Judio-Hervas-1-1-1-1-1-1024x683.jpg 1024w, https:\/\/www.soyecoturista.com\/asociacion\/wp-content\/uploads\/2024\/09\/Senderismo-y-Barrio-Judio-Hervas-1-1-1-1-1-300x200.jpg 300w, https:\/\/www.soyecoturista.com\/asociacion\/wp-content\/uploads\/2024\/09\/Senderismo-y-Barrio-Judio-Hervas-1-1-1-1-1-768x512.jpg 768w, https:\/\/www.soyecoturista.com\/asociacion\/wp-content\/uploads\/2024\/09\/Senderismo-y-Barrio-Judio-Hervas-1-1-1-1-1-1536x1024.jpg 1536w, https:\/\/www.soyecoturista.com\/asociacion\/wp-content\/uploads\/2024\/09\/Senderismo-y-Barrio-Judio-Hervas-1-1-1-1-1-2048x1365.jpg 2048w\" sizes=\"auto, (max-width: 1024px) 100vw, 1024px\" \/><\/figure>\n<\/div>\n\n\n<p>Adem\u00e1s, este reconocimiento pone en valor la importancia de iniciativas que, como esta, buscan la desestacionalizaci\u00f3n del turismo, atrayendo visitantes m\u00e1s all\u00e1 de los meses de primavera y verano.&nbsp;<\/p>\n\n\n\n<p><strong>El Valle del Ambroz, un tesoro de naturaleza y cultura<\/strong><\/p>\n\n\n\n<p>El Valle del Ambroz, situado en la provincia de C\u00e1ceres, es una mancomunidad formada por ocho municipios. Se trata de un destino ecoturista que invita a la desconexi\u00f3n y a la aventura en plena naturaleza. Y es que este peque\u00f1o territorio, con monta\u00f1as que superan los 2.000 metros y bosques que parecen sacados de un cuento, es el lugar perfecto para disfrutar del ecoturismo en su m\u00e1xima expresi\u00f3n. Aqu\u00ed, el 80% del territorio se encuentra bajo alguna figura de protecci\u00f3n, lo que asegura la conservaci\u00f3n de su impresionante biodiversidad.<\/p>\n\n\n<div class=\"wp-block-image\">\n<figure class=\"aligncenter size-large\"><img loading=\"lazy\" decoding=\"async\" width=\"1024\" height=\"683\" src=\"https:\/\/www.soyecoturista.com\/asociacion\/wp-content\/uploads\/2024\/09\/castanos-del-temblar-1-1024x683.jpg\" alt=\"\" class=\"wp-image-45097\" srcset=\"https:\/\/www.soyecoturista.com\/asociacion\/wp-content\/uploads\/2024\/09\/castanos-del-temblar-1-1024x683.jpg 1024w, https:\/\/www.soyecoturista.com\/asociacion\/wp-content\/uploads\/2024\/09\/castanos-del-temblar-1-300x200.jpg 300w, https:\/\/www.soyecoturista.com\/asociacion\/wp-content\/uploads\/2024\/09\/castanos-del-temblar-1-768x512.jpg 768w, https:\/\/www.soyecoturista.com\/asociacion\/wp-content\/uploads\/2024\/09\/castanos-del-temblar-1-1536x1024.jpg 1536w, https:\/\/www.soyecoturista.com\/asociacion\/wp-content\/uploads\/2024\/09\/castanos-del-temblar-1.jpg 1600w\" sizes=\"auto, (max-width: 1024px) 100vw, 1024px\" \/><\/figure>\n<\/div>\n\n\n<p>Entre sus rincones m\u00e1s emblem\u00e1ticos se encuentran los Casta\u00f1os del Temblar en Segura de Toro, \u00e1rboles centenarios que son testigos vivos de la historia, y las piscinas naturales de Casas del Monte y Abad\u00eda, que ofrecen un refrescante respiro en los meses m\u00e1s c\u00e1lidos. Los amantes de la historia pueden recorrer la milenaria V\u00eda de la Plata o perderse por las calles de la juder\u00eda de Herv\u00e1s, uno de los conjuntos hist\u00f3ricos mejor conservados de Espa\u00f1a.<\/p>\n\n\n\n<p>Para quienes buscan actividades en plena naturaleza, el Valle del Ambroz ofrece una amplia gama de opciones: senderismo, rutas a caballo, ciclismo por la V\u00eda Verde de la Plata, observaci\u00f3n de estrellas o simplemente disfrutar de su rica gastronom\u00eda de kil\u00f3metro cero en los restaurantes locales entre los que se cuenta alguno recomendado por la gu\u00eda Michelin. Y, por supuesto, la maravilla de disfrutar del <strong>Oto\u00f1o M\u00e1gico.<\/strong>\u00a0<\/p>\n\n\n<div class=\"wp-block-image\">\n<figure class=\"aligncenter size-large\"><img loading=\"lazy\" decoding=\"async\" width=\"1024\" height=\"683\" src=\"https:\/\/www.soyecoturista.com\/asociacion\/wp-content\/uploads\/2024\/09\/nevero-de-La-Garganta-1-1024x683.jpg\" alt=\"\" class=\"wp-image-45098\" srcset=\"https:\/\/www.soyecoturista.com\/asociacion\/wp-content\/uploads\/2024\/09\/nevero-de-La-Garganta-1-1024x683.jpg 1024w, https:\/\/www.soyecoturista.com\/asociacion\/wp-content\/uploads\/2024\/09\/nevero-de-La-Garganta-1-300x200.jpg 300w, https:\/\/www.soyecoturista.com\/asociacion\/wp-content\/uploads\/2024\/09\/nevero-de-La-Garganta-1-768x512.jpg 768w, https:\/\/www.soyecoturista.com\/asociacion\/wp-content\/uploads\/2024\/09\/nevero-de-La-Garganta-1-1536x1024.jpg 1536w, https:\/\/www.soyecoturista.com\/asociacion\/wp-content\/uploads\/2024\/09\/nevero-de-La-Garganta-1-2048x1365.jpg 2048w\" sizes=\"auto, (max-width: 1024px) 100vw, 1024px\" \/><\/figure>\n<\/div>\n\n\n<p>Este rinc\u00f3n de Extremadura, que combina naturaleza, historia y tradiciones, es un ejemplo de c\u00f3mo el turismo puede y debe ser sostenible, respetuoso y enriquecedor tanto para el visitante como para la comunidad local. Por ello, desde Soy Ecoturista, te invitamos a descubrir este tesoro natural, a sumergirte en la magia del oto\u00f1o y a ser parte de una celebraci\u00f3n que ya es reconocida en todo el mundo.&nbsp;<\/p>\n\n\n\n<p>\u00a1An\u00edmate y vive el Oto\u00f1o M\u00e1gico en el Valle del Ambroz, un destino que te sorprender\u00e1 en cada estaci\u00f3n del a\u00f1o!<\/p>\n","protected":false},"excerpt":{"rendered":"<p>Celebramos la llegada del oto\u00f1o con una fant\u00e1stica noticia que recibimos el pasado mes de agosto, y es que el Oto\u00f1o M\u00e1gico ha sido recientemente declarado Fiesta de Inter\u00e9s Tur\u00edstico [&hellip;]<\/p>\n","protected":false},"author":5,"featured_media":45094,"comment_status":"closed","ping_status":"closed","sticky":false,"template":"","format":"standard","meta":{"_acf_changed":false,"footnotes":""},"categories":[68,3],"tags":[39,11,33,1105,16,202,106,116],"class_list":["post-45090","post","type-post","status-publish","format-standard","has-post-thumbnail","hentry","category-sin-categoria-es","category-blog","tag-soyecoturista","tag-ecoturismo","tag-espacios-protegidos","tag-fiesta-de-interes-turistico-internacional","tag-naturaleza","tag-otono","tag-turismo-sostenible","tag-valle-del-ambroz"],"acf":[],"_links":{"self":[{"href":"https:\/\/www.soyecoturista.com\/asociacion\/wp-json\/wp\/v2\/posts\/45090","targetHints":{"allow":["GET"]}}],"collection":[{"href":"https:\/\/www.soyecoturista.com\/asociacion\/wp-json\/wp\/v2\/posts"}],"about":[{"href":"https:\/\/www.soyecoturista.com\/asociacion\/wp-json\/wp\/v2\/types\/post"}],"author":[{"embeddable":true,"href":"https:\/\/www.soyecoturista.com\/asociacion\/wp-json\/wp\/v2\/users\/5"}],"replies":[{"embeddable":true,"href":"https:\/\/www.soyecoturista.com\/asociacion\/wp-json\/wp\/v2\/comments?post=45090"}],"version-history":[{"count":2,"href":"https:\/\/www.soyecoturista.com\/asociacion\/wp-json\/wp\/v2\/posts\/45090\/revisions"}],"predecessor-version":[{"id":45099,"href":"https:\/\/www.soyecoturista.com\/asociacion\/wp-json\/wp\/v2\/posts\/45090\/revisions\/45099"}],"wp:featuredmedia":[{"embeddable":true,"href":"https:\/\/www.soyecoturista.com\/asociacion\/wp-json\/wp\/v2\/media\/45094"}],"wp:attachment":[{"href":"https:\/\/www.soyecoturista.com\/asociacion\/wp-json\/wp\/v2\/media?parent=45090"}],"wp:term":[{"taxonomy":"category","embeddable":true,"href":"https:\/\/www.soyecoturista.com\/asociacion\/wp-json\/wp\/v2\/categories?post=45090"},{"taxonomy":"post_tag","embeddable":true,"href":"https:\/\/www.soyecoturista.com\/asociacion\/wp-json\/wp\/v2\/tags?post=45090"}],"curies":[{"name":"wp","href":"https:\/\/api.w.org\/{rel}","templated":true}]}}