{"id":45034,"date":"2024-08-20T14:25:35","date_gmt":"2024-08-20T12:25:35","guid":{"rendered":"https:\/\/www.soyecoturista.com\/asociacion\/?p=45034"},"modified":"2024-09-03T16:13:28","modified_gmt":"2024-09-03T14:13:28","slug":"cineastas-italianos-visitaron-bosques-destinos","status":"publish","type":"post","link":"https:\/\/www.soyecoturista.com\/asociacion\/cineastas-italianos-visitaron-bosques-destinos\/","title":{"rendered":"Cineastas italianos visitaron algunos bosques de los destinos adheridos a Soy Ecoturista para un documental"},"content":{"rendered":"\n<p>Los cineastas italianos Marco Leopardi y Roberta Cortella recalaron este verano en varios destinos adheridos a Soy Ecoturista: Geoparque Molina-Alto Tajo, Fuentes del Narcea, Monta\u00f1a de Ria\u00f1o y Urdaibai, en busca de localizaciones y protagonistas para el proyecto documental\u00a0relacionado con los bosques cuyo t\u00edtulo provisional es &#8220;Voices from de woods&#8221;, para el que la productora Incipit Film tiene prevista una distribuci\u00f3n internacional, adem\u00e1s de una versi\u00f3n para la televisi\u00f3n italiana.<\/p>\n\n\n\n<p>Los productores tiene previsto incluir diversos bosques de Europa, mostr\u00e1ndolos como bienes naturales cuya protecci\u00f3n es crucial para garantizar la supervivencia del planeta y su biodiversidad, y todo ello contado a trav\u00e9s de personajes implicados en su estudio, protecci\u00f3n y aprovechamiento que transmitan su pasi\u00f3n y conocimiento de forma did\u00e1ctica.<\/p>\n\n\n\n<p>Con el objetivo de incluir alg\u00fan bosque de Espa\u00f1a contactaron con la Asociaci\u00f3n de Ecoturismo en Espa\u00f1a, que en colaboraci\u00f3n con sus socios, les propuso diversos destinos y personajes atendiendo a sus criterios y necesidades. Finalmente, eligieron algunas de las propuestas realizadas, que se sumaron a las localizaciones que ya ten\u00edan identificadas con anterioridad, y recorrieron durante un par de semanas los destinos mencionados, quedando gratamente impresionados por la calidad de nuestros bosques y paisajes, as\u00ed como la implicaci\u00f3n en su estudio y protecci\u00f3n por parte de diversos cient\u00edficos, empresarios y habitantes que tuvieron ocasi\u00f3n de entrevistar durante su viaje.<\/p>\n\n\n\n<figure class=\"wp-block-image size-large\"><img loading=\"lazy\" decoding=\"async\" width=\"1024\" height=\"576\" src=\"https:\/\/www.soyecoturista.com\/asociacion\/wp-content\/uploads\/2024\/09\/Leopardi_Cortella_01-1024x576.jpeg\" alt=\"\" class=\"wp-image-45035\" srcset=\"https:\/\/www.soyecoturista.com\/asociacion\/wp-content\/uploads\/2024\/09\/Leopardi_Cortella_01-1024x576.jpeg 1024w, https:\/\/www.soyecoturista.com\/asociacion\/wp-content\/uploads\/2024\/09\/Leopardi_Cortella_01-300x169.jpeg 300w, https:\/\/www.soyecoturista.com\/asociacion\/wp-content\/uploads\/2024\/09\/Leopardi_Cortella_01-768x432.jpeg 768w, https:\/\/www.soyecoturista.com\/asociacion\/wp-content\/uploads\/2024\/09\/Leopardi_Cortella_01-1536x864.jpeg 1536w, https:\/\/www.soyecoturista.com\/asociacion\/wp-content\/uploads\/2024\/09\/Leopardi_Cortella_01.jpeg 1600w\" sizes=\"auto, (max-width: 1024px) 100vw, 1024px\" \/><\/figure>\n\n\n\n<p>Aunque s\u00f3lo podr\u00e1n elegir uno o dos de los lugares visitados para el documental \u201cVoices from de woods\u201d que se empezar\u00e1 a rodar la pr\u00f3xima primavera, se han mostrado muy interesados en poder incluir m\u00e1s lugares, experiencias y personajes vinculados a Soy Ecoturista en futuros proyectos audiovisuales que los cineastas puedan poner en marcha relacionados con la puesta en valor y conservaci\u00f3n de la naturaleza. Desde la Asociaci\u00f3n de Ecoturismo en Espa\u00f1a estaremos encantados de poder colaborar nuevamente.<\/p>\n\n\n\n<p>Se trata de una de las muchas iniciativas que la Asociaci\u00f3n de Ecoturismo en Espa\u00f1a impulsa con la imprescindible\u00a0 colaboraci\u00f3n de sus socios, destinos y empresas adheridas a Soy Ecoturista, para posicionar Espa\u00f1a como destino de naturaleza de gran importancia y con enormes posibilidades para realizar aut\u00e9ntico ecoturismo, una forma de hacer turismo que contribuye a la conservaci\u00f3n demuestra biodiversidad.<\/p>\n\n\n\n<div class=\"wp-block-columns is-layout-flex wp-container-core-columns-is-layout-9d6595d7 wp-block-columns-is-layout-flex\">\n<div class=\"wp-block-column is-layout-flow wp-block-column-is-layout-flow\" style=\"flex-basis:100%\">\n<figure class=\"wp-block-gallery has-nested-images columns-default is-cropped wp-block-gallery-1 is-layout-flex wp-block-gallery-is-layout-flex\">\n<figure class=\"wp-block-image size-large\"><img loading=\"lazy\" decoding=\"async\" width=\"1024\" height=\"576\" data-id=\"45036\" src=\"https:\/\/www.soyecoturista.com\/asociacion\/wp-content\/uploads\/2024\/09\/Leopardi_Cortella_02-1024x576.jpeg\" alt=\"\" class=\"wp-image-45036\" srcset=\"https:\/\/www.soyecoturista.com\/asociacion\/wp-content\/uploads\/2024\/09\/Leopardi_Cortella_02-1024x576.jpeg 1024w, https:\/\/www.soyecoturista.com\/asociacion\/wp-content\/uploads\/2024\/09\/Leopardi_Cortella_02-300x169.jpeg 300w, https:\/\/www.soyecoturista.com\/asociacion\/wp-content\/uploads\/2024\/09\/Leopardi_Cortella_02-768x432.jpeg 768w, https:\/\/www.soyecoturista.com\/asociacion\/wp-content\/uploads\/2024\/09\/Leopardi_Cortella_02-1536x864.jpeg 1536w, https:\/\/www.soyecoturista.com\/asociacion\/wp-content\/uploads\/2024\/09\/Leopardi_Cortella_02.jpeg 1600w\" sizes=\"auto, (max-width: 1024px) 100vw, 1024px\" \/><\/figure>\n\n\n\n<figure class=\"wp-block-image size-large\"><img loading=\"lazy\" decoding=\"async\" width=\"1024\" height=\"576\" data-id=\"45037\" src=\"https:\/\/www.soyecoturista.com\/asociacion\/wp-content\/uploads\/2024\/09\/Leopardi_Cortella_03-1024x576.jpeg\" alt=\"\" class=\"wp-image-45037\" srcset=\"https:\/\/www.soyecoturista.com\/asociacion\/wp-content\/uploads\/2024\/09\/Leopardi_Cortella_03-1024x576.jpeg 1024w, https:\/\/www.soyecoturista.com\/asociacion\/wp-content\/uploads\/2024\/09\/Leopardi_Cortella_03-300x169.jpeg 300w, https:\/\/www.soyecoturista.com\/asociacion\/wp-content\/uploads\/2024\/09\/Leopardi_Cortella_03-768x432.jpeg 768w, https:\/\/www.soyecoturista.com\/asociacion\/wp-content\/uploads\/2024\/09\/Leopardi_Cortella_03-1536x864.jpeg 1536w, https:\/\/www.soyecoturista.com\/asociacion\/wp-content\/uploads\/2024\/09\/Leopardi_Cortella_03.jpeg 1600w\" sizes=\"auto, (max-width: 1024px) 100vw, 1024px\" \/><\/figure>\n\n\n\n<figure class=\"wp-block-image size-large\"><img loading=\"lazy\" decoding=\"async\" width=\"1024\" height=\"576\" data-id=\"45038\" src=\"https:\/\/www.soyecoturista.com\/asociacion\/wp-content\/uploads\/2024\/09\/Leopardi_Cortella_04-1024x576.jpeg\" alt=\"\" class=\"wp-image-45038\" srcset=\"https:\/\/www.soyecoturista.com\/asociacion\/wp-content\/uploads\/2024\/09\/Leopardi_Cortella_04-1024x576.jpeg 1024w, https:\/\/www.soyecoturista.com\/asociacion\/wp-content\/uploads\/2024\/09\/Leopardi_Cortella_04-300x169.jpeg 300w, https:\/\/www.soyecoturista.com\/asociacion\/wp-content\/uploads\/2024\/09\/Leopardi_Cortella_04-768x432.jpeg 768w, https:\/\/www.soyecoturista.com\/asociacion\/wp-content\/uploads\/2024\/09\/Leopardi_Cortella_04-1536x864.jpeg 1536w, https:\/\/www.soyecoturista.com\/asociacion\/wp-content\/uploads\/2024\/09\/Leopardi_Cortella_04.jpeg 1600w\" sizes=\"auto, (max-width: 1024px) 100vw, 1024px\" \/><\/figure>\n<\/figure>\n<\/div>\n<\/div>\n\n\n\n<div class=\"wp-block-buttons is-layout-flex wp-block-buttons-is-layout-flex\"><\/div>\n\n\n\n<hr class=\"wp-block-separator has-text-color has-black-color has-alpha-channel-opacity has-black-background-color has-background is-style-default\"\/>\n\n\n\n<p><strong><strong><strong>Sobre la Asociaci\u00f3n de Ecoturismo en Espa\u00f1a<\/strong><\/strong><\/strong><\/p>\n\n\n\n<p>La <a href=\"https:\/\/www.soyecoturista.com\/asociacion\/\" target=\"_blank\" rel=\"noreferrer noopener\">Asociaci\u00f3n de Ecoturismo en Espa\u00f1a<\/a> (AEE) es una asociaci\u00f3n sin \u00e1nimo de lucro y de car\u00e1cter p\u00fablico-privado creada en 2010 para fomentar el ecoturismo en los espacios protegidos y compuesta principalmente por asociaciones de empresarios de turismo ubicadas en espacios naturales, entidades gestoras de espacios protegidos, administraciones p\u00fablicas implicadas en la gesti\u00f3n tur\u00edstica de \u00e9stos, grupos de desarrollo rural, entidades de conservaci\u00f3n de la naturaleza, universidades y empresas especializadas en turismo.<\/p>\n\n\n\n<p>La AEE es la entidad que gestiona el club de producto Ecoturismo en Espa\u00f1a, con apoyo de la Secretar\u00eda de Estado de Turismo. Es una iniciativa pionera que ofrece experiencias de ecoturismo en espacios naturales protegidos, garantizando al viajero su contribuci\u00f3n al desarrollo local y a la conservaci\u00f3n de la biodiversidad. Actualmente agrupa 42 destinos y m\u00e1s de 700 empresas que, bajo la marca <a href=\"http:\/\/www.soyecoturista.com\" target=\"_blank\" rel=\"noreferrer noopener\">Soy Ecoturista<\/a>, asumen su compromiso con el desarrollo sostenible.<\/p>\n","protected":false},"excerpt":{"rendered":"<p>Los cineastas italianos Marco Leopardi y Roberta Cortella recalaron este verano en varios destinos adheridos a Soy Ecoturista: Geoparque Molina-Alto Tajo, Fuentes del Narcea, Monta\u00f1a de Ria\u00f1o y Urdaibai, en [&hellip;]<\/p>\n","protected":false},"author":6,"featured_media":45035,"comment_status":"closed","ping_status":"closed","sticky":false,"template":"","format":"standard","meta":{"_acf_changed":false,"footnotes":""},"categories":[4],"tags":[1093,11,14,1091,808],"class_list":["post-45034","post","type-post","status-publish","format-standard","has-post-thumbnail","hentry","category-noticias","tag-documental","tag-ecoturismo","tag-ecoturismo-en-espana","tag-italia","tag-soyecoturista-2"],"acf":[],"_links":{"self":[{"href":"https:\/\/www.soyecoturista.com\/asociacion\/wp-json\/wp\/v2\/posts\/45034","targetHints":{"allow":["GET"]}}],"collection":[{"href":"https:\/\/www.soyecoturista.com\/asociacion\/wp-json\/wp\/v2\/posts"}],"about":[{"href":"https:\/\/www.soyecoturista.com\/asociacion\/wp-json\/wp\/v2\/types\/post"}],"author":[{"embeddable":true,"href":"https:\/\/www.soyecoturista.com\/asociacion\/wp-json\/wp\/v2\/users\/6"}],"replies":[{"embeddable":true,"href":"https:\/\/www.soyecoturista.com\/asociacion\/wp-json\/wp\/v2\/comments?post=45034"}],"version-history":[{"count":3,"href":"https:\/\/www.soyecoturista.com\/asociacion\/wp-json\/wp\/v2\/posts\/45034\/revisions"}],"predecessor-version":[{"id":45046,"href":"https:\/\/www.soyecoturista.com\/asociacion\/wp-json\/wp\/v2\/posts\/45034\/revisions\/45046"}],"wp:featuredmedia":[{"embeddable":true,"href":"https:\/\/www.soyecoturista.com\/asociacion\/wp-json\/wp\/v2\/media\/45035"}],"wp:attachment":[{"href":"https:\/\/www.soyecoturista.com\/asociacion\/wp-json\/wp\/v2\/media?parent=45034"}],"wp:term":[{"taxonomy":"category","embeddable":true,"href":"https:\/\/www.soyecoturista.com\/asociacion\/wp-json\/wp\/v2\/categories?post=45034"},{"taxonomy":"post_tag","embeddable":true,"href":"https:\/\/www.soyecoturista.com\/asociacion\/wp-json\/wp\/v2\/tags?post=45034"}],"curies":[{"name":"wp","href":"https:\/\/api.w.org\/{rel}","templated":true}]}}