{"id":44941,"date":"2024-09-03T10:57:46","date_gmt":"2024-09-03T08:57:46","guid":{"rendered":"https:\/\/www.soyecoturista.com\/asociacion\/?p=44941"},"modified":"2024-09-03T11:16:18","modified_gmt":"2024-09-03T09:16:18","slug":"abiertas-inscripciones-vii-congreso-nacional-ecoturismo","status":"publish","type":"post","link":"https:\/\/www.soyecoturista.com\/asociacion\/abiertas-inscripciones-vii-congreso-nacional-ecoturismo\/","title":{"rendered":"Abierto el plazo de preinscripci\u00f3n para asistir al VII Congreso Nacional de Ecoturismo \u00a1No te quedes sin plaza!"},"content":{"rendered":"\n<ul class=\"wp-block-list\">\n<li>Desde hoy 3 de septiembre ya es posible preinscribirse en el VII Congreso Nacional de Ecoturismo que se celebrar\u00e1 del 22 al 24 de octubre bajo el lema &#8220;Claves del \u00e9xito en destinos y experiencias de ecoturismo\u201d.<\/li>\n\n\n\n<li>El evento, que tendr\u00e1 lugar en el Geoparque de la Costa Vasca (Geoparkea), es impulsado por la Asociaci\u00f3n de Ecoturismo en Espa\u00f1a, cuenta como organizadores anfitriones con el propio Geoparkea, Basquetour (la Agencia de Turismo de Euskadi) y la Diputaci\u00f3n Foral de Gipuzkoa, y como organizadores de \u00e1mbito estatal con la Secretar\u00eda de Estado de Turismo (MINTUR) y el Organismo Aut\u00f3nomo de Parques Nacionales (MITECORD).<\/li>\n<\/ul>\n\n\n\n<figure class=\"wp-block-image size-large\"><img loading=\"lazy\" decoding=\"async\" width=\"1024\" height=\"768\" src=\"https:\/\/www.soyecoturista.com\/asociacion\/wp-content\/uploads\/2024\/09\/CostaVasca_AP01-1024x768.jpg\" alt=\"\" class=\"wp-image-44950\" srcset=\"https:\/\/www.soyecoturista.com\/asociacion\/wp-content\/uploads\/2024\/09\/CostaVasca_AP01-1024x768.jpg 1024w, https:\/\/www.soyecoturista.com\/asociacion\/wp-content\/uploads\/2024\/09\/CostaVasca_AP01-300x225.jpg 300w, https:\/\/www.soyecoturista.com\/asociacion\/wp-content\/uploads\/2024\/09\/CostaVasca_AP01-768x576.jpg 768w, https:\/\/www.soyecoturista.com\/asociacion\/wp-content\/uploads\/2024\/09\/CostaVasca_AP01-1536x1152.jpg 1536w, https:\/\/www.soyecoturista.com\/asociacion\/wp-content\/uploads\/2024\/09\/CostaVasca_AP01-2048x1536.jpg 2048w\" sizes=\"auto, (max-width: 1024px) 100vw, 1024px\" \/><\/figure>\n\n\n\n<p>Desde hoy martes d\u00eda 3 de septiembre ya es posible preinscribirse en la s\u00e9ptima edici\u00f3n del Congreso Nacional de Ecoturismo. Este evento exclusivo para profesionales, se celebrar\u00e1 en el Geoparque de la Costa Vasca (Geoparkea), en Gipuzkoa, del 22 al 24 de octubre y para asistir es preciso preinscribirse a trav\u00e9s del habitual formulario, disponible en la web del congreso: <a href=\"http:\/\/www.congresonacionaldeecoturismo.es\" target=\"_blank\" rel=\"noopener\">www.congresonacionaldeecoturismo.es<\/a><\/p>\n\n\n\n<div class=\"wp-block-buttons is-content-justification-left is-layout-flex wp-container-core-buttons-is-layout-fdcfc74e wp-block-buttons-is-layout-flex\">\n<div class=\"wp-block-button\"><a class=\"wp-block-button__link has-text-align-center wp-element-button\" href=\"https:\/\/www.congresonacionaldeecoturismo.es\/inscripciones\/\" target=\"_blank\" rel=\"noreferrer noopener\">PREINSCRIPCIONES<\/a><\/div>\n<\/div>\n\n\n\n<p>Este evento se ha convertido en referente para el sector y congregar\u00e1 a 200 profesionales que expondr\u00e1n, aportar\u00e1n y debatir\u00e1n sobre claves del \u00e9xito en la gesti\u00f3n de destinos de ecoturismo y en el dise\u00f1o y promoci\u00f3n de experiencias aut\u00e9nticas, abordando la aplicaci\u00f3n de los fundamentos de este producto que lo posicionan como uno de los m\u00e1s beneficiosos para la puesta en valor y conservaci\u00f3n del patrimonio natural y cultural de los destinos con espacios naturales.<\/p>\n\n\n\n<p>Sobre esta crucial tem\u00e1tica girar\u00e1n los contenidos y apartados de esta s\u00e9ptima edici\u00f3n, que bajo el lema &#8220;Claves del \u00e9xito en destinos y experiencias de ecoturismo&#8221;, aunar\u00e1 ponencias, mesas redondas y espacios para que destinos y empresas compartan experiencias y casos de \u00e9xito.<\/p>\n\n\n\n<p>En los \u00faltimos meses est\u00e1n sonando con fuerza t\u00e9rminos como antiturismo, turismo responsable, masificaci\u00f3n, etc., corrientes que llevan impl\u00edcitos aspectos incluidos en el programa de este VII Congreso Nacional de Ecoturismo y que ser\u00e1n tratados con vital importancia en los diferentes bloques del evento gracias al completo <a href=\"https:\/\/www.congresonacionaldeecoturismo.es\/programa\/\" target=\"_blank\" data-type=\"link\" data-id=\"https:\/\/www.congresonacionaldeecoturismo.es\/programa\/\" rel=\"noreferrer noopener\">programa <\/a>confeccionado y que aborda las siguientes tem\u00e1ticas:<\/p>\n\n\n\n<ul class=\"wp-block-list\">\n<li>La evoluci\u00f3n, gesti\u00f3n e impulso del ecoturismo en Espa\u00f1a, Euskadi, la Espa\u00f1a Verde y el Geoparque de la Costa Vasca.&nbsp;<\/li>\n\n\n\n<li>Dise\u00f1o de experiencias de ecoturismo y c\u00f3mo alcanzar eficazmente la demanda. Resultados de iniciativas y proyectos desarrollados y en marcha.<\/li>\n\n\n\n<li>Geoturismo<\/li>\n\n\n\n<li>La gesti\u00f3n de la capacidad de acogida y movilidad sostenible en los destinos de ecoturismo.&nbsp;<\/li>\n\n\n\n<li>La importancia de la interpretaci\u00f3n en el ecoturismo. Herramientas y claves para una interpretaci\u00f3n efectiva.<\/li>\n<\/ul>\n\n\n\n<p><strong>Actividades del VII Congreso<\/strong> Nacional de Ecoturismo<\/p>\n\n\n\n<p>Adem\u00e1s de estas<strong> jornadas t\u00e9cnicas,<\/strong> que se desarrollar\u00e1n en el teatro Aita Mari de Zumaia, y para completar las cuestiones t\u00e9cnicas con aspectos m\u00e1s pr\u00e1cticos, se desarrollar\u00e1n<strong> visitas guiadas al Geoparque de la Costa Vasca<\/strong>, y una <strong>salida de campo a Vitoria-Gasteiz, primer destino de ecoturismo urbano certificado<\/strong>, para explorar el Anillo Verde y el espacio Red Natura 2000 de Salburua.<\/p>\n\n\n\n<p>No faltar\u00e1 tampoco la habitual <strong>mesa de contrataci\u00f3n<\/strong> para una selecci\u00f3n de congresistas que podr\u00e1n reunirse con operadores internacionales especializados que previamente recorrer\u00e1n varios destinos de ecoturismo de Euskadi, y en particular, el Geoparque de la Costa Vasca. Aspecto siempre importante para impulsar la comercializaci\u00f3n del Ecoturismo en Espa\u00f1a.<\/p>\n\n\n\n<p>Adem\u00e1s de participar en este importante punto de encuentro para profesionales y conocer este destino adherido al club de producto Ecoturismo en Espa\u00f1a (Soy Ecoturista), un espectacular muestrario de 60 millones de a\u00f1os de historia de la Tierra, los congresistas colaborar\u00e1n activamente con el verdadero ecoturismo mediante un porcentaje de la cuota de inscripci\u00f3n que ir\u00e1 destinado al <strong>proyecto de investigaci\u00f3n para la conservaci\u00f3n<\/strong> de la rana patilarga (<em>Rana iberica<\/em>) del Geoparque de la Costa Vasca -una especie end\u00e9mica de la pen\u00ednsula ib\u00e9rica catalogada como \u201cVulnerable\u201d-, adem\u00e1s de contribuir al c\u00e1lculo y compensaci\u00f3n de la huella de carbono de esta edici\u00f3n, que ser\u00e1 neutra en carbono.<\/p>\n\n\n\n<p>Como en a\u00f1os anteriores, es previsible que las plazas disponibles se agoten con celeridad, por lo que recomendamos a los interesados en asistir, efectuar la preinscripci\u00f3n cuanto antes rellenando el formulario disponible en <a href=\"http:\/\/www.congresonacionaldeecoturismo.es\" target=\"_blank\" rel=\"noopener\">www.congresonacionaldeecoturismo.es<\/a>.\u00a0<\/p>\n\n\n\n<div class=\"wp-block-columns is-layout-flex wp-container-core-columns-is-layout-9d6595d7 wp-block-columns-is-layout-flex\">\n<div class=\"wp-block-column is-layout-flow wp-block-column-is-layout-flow\" style=\"flex-basis:100%\">\n<figure class=\"wp-block-gallery has-nested-images columns-default is-cropped wp-block-gallery-1 is-layout-flex wp-block-gallery-is-layout-flex\">\n<figure class=\"wp-block-image size-large\"><img loading=\"lazy\" decoding=\"async\" width=\"1024\" height=\"576\" data-id=\"44945\" src=\"https:\/\/www.soyecoturista.com\/asociacion\/wp-content\/uploads\/2024\/09\/AnterioresCongresos_IILCNE_01-1-1024x576.jpg\" alt=\"\" class=\"wp-image-44945\" srcset=\"https:\/\/www.soyecoturista.com\/asociacion\/wp-content\/uploads\/2024\/09\/AnterioresCongresos_IILCNE_01-1-1024x576.jpg 1024w, https:\/\/www.soyecoturista.com\/asociacion\/wp-content\/uploads\/2024\/09\/AnterioresCongresos_IILCNE_01-1-300x169.jpg 300w, https:\/\/www.soyecoturista.com\/asociacion\/wp-content\/uploads\/2024\/09\/AnterioresCongresos_IILCNE_01-1-768x432.jpg 768w, https:\/\/www.soyecoturista.com\/asociacion\/wp-content\/uploads\/2024\/09\/AnterioresCongresos_IILCNE_01-1-1536x864.jpg 1536w, https:\/\/www.soyecoturista.com\/asociacion\/wp-content\/uploads\/2024\/09\/AnterioresCongresos_IILCNE_01-1-2048x1152.jpg 2048w\" sizes=\"auto, (max-width: 1024px) 100vw, 1024px\" \/><\/figure>\n\n\n\n<figure class=\"wp-block-image size-large\"><img loading=\"lazy\" decoding=\"async\" width=\"1024\" height=\"768\" data-id=\"44951\" src=\"https:\/\/www.soyecoturista.com\/asociacion\/wp-content\/uploads\/2024\/09\/CostaVasca_AP02-1024x768.jpg\" alt=\"\" class=\"wp-image-44951\" srcset=\"https:\/\/www.soyecoturista.com\/asociacion\/wp-content\/uploads\/2024\/09\/CostaVasca_AP02-1024x768.jpg 1024w, https:\/\/www.soyecoturista.com\/asociacion\/wp-content\/uploads\/2024\/09\/CostaVasca_AP02-300x225.jpg 300w, https:\/\/www.soyecoturista.com\/asociacion\/wp-content\/uploads\/2024\/09\/CostaVasca_AP02-768x576.jpg 768w, https:\/\/www.soyecoturista.com\/asociacion\/wp-content\/uploads\/2024\/09\/CostaVasca_AP02-1536x1152.jpg 1536w, https:\/\/www.soyecoturista.com\/asociacion\/wp-content\/uploads\/2024\/09\/CostaVasca_AP02-2048x1536.jpg 2048w\" sizes=\"auto, (max-width: 1024px) 100vw, 1024px\" \/><\/figure>\n<\/figure>\n\n\n\n<figure class=\"wp-block-gallery has-nested-images columns-default is-cropped wp-block-gallery-2 is-layout-flex wp-block-gallery-is-layout-flex\">\n<figure class=\"wp-block-image size-large\"><img loading=\"lazy\" decoding=\"async\" width=\"1024\" height=\"768\" data-id=\"44946\" src=\"https:\/\/www.soyecoturista.com\/asociacion\/wp-content\/uploads\/2024\/09\/Costa-Vasca-04-Mutriku-1024x768.jpg\" alt=\"\" class=\"wp-image-44946\" srcset=\"https:\/\/www.soyecoturista.com\/asociacion\/wp-content\/uploads\/2024\/09\/Costa-Vasca-04-Mutriku-1024x768.jpg 1024w, https:\/\/www.soyecoturista.com\/asociacion\/wp-content\/uploads\/2024\/09\/Costa-Vasca-04-Mutriku-300x225.jpg 300w, https:\/\/www.soyecoturista.com\/asociacion\/wp-content\/uploads\/2024\/09\/Costa-Vasca-04-Mutriku-768x576.jpg 768w, https:\/\/www.soyecoturista.com\/asociacion\/wp-content\/uploads\/2024\/09\/Costa-Vasca-04-Mutriku-1536x1152.jpg 1536w, https:\/\/www.soyecoturista.com\/asociacion\/wp-content\/uploads\/2024\/09\/Costa-Vasca-04-Mutriku.jpg 2048w\" sizes=\"auto, (max-width: 1024px) 100vw, 1024px\" \/><\/figure>\n\n\n\n<figure class=\"wp-block-image size-large\"><img loading=\"lazy\" decoding=\"async\" width=\"1024\" height=\"678\" data-id=\"44944\" src=\"https:\/\/www.soyecoturista.com\/asociacion\/wp-content\/uploads\/2024\/09\/AnterioresCongresos_IILCNE_02-1024x678.jpg\" alt=\"\" class=\"wp-image-44944\" srcset=\"https:\/\/www.soyecoturista.com\/asociacion\/wp-content\/uploads\/2024\/09\/AnterioresCongresos_IILCNE_02-1024x678.jpg 1024w, https:\/\/www.soyecoturista.com\/asociacion\/wp-content\/uploads\/2024\/09\/AnterioresCongresos_IILCNE_02-300x199.jpg 300w, https:\/\/www.soyecoturista.com\/asociacion\/wp-content\/uploads\/2024\/09\/AnterioresCongresos_IILCNE_02-768x508.jpg 768w, https:\/\/www.soyecoturista.com\/asociacion\/wp-content\/uploads\/2024\/09\/AnterioresCongresos_IILCNE_02.jpg 1500w\" sizes=\"auto, (max-width: 1024px) 100vw, 1024px\" \/><\/figure>\n<\/figure>\n<\/div>\n<\/div>\n\n\n\n<p><strong>Organizadores&nbsp;<\/strong><\/p>\n\n\n\n<p>El Congreso Nacional de Ecoturismo es una iniciativa impulsada por la Asociaci\u00f3n Ecoturismo en Espa\u00f1a, entidad que gestiona el club de producto Ecoturismo en Espa\u00f1a y que desde hace 14 a\u00f1os promueve iniciativas de referencia para todos los profesionales implicados en fomentar el ecoturismo. En esta s\u00e9ptima edici\u00f3n los organizadores anfitriones son el Geoparque de la Costa Vasca, Basquetour (la Agencia de Turismo de Euskadi) y la Diputaci\u00f3n Foral de Gipuzkoa. Participan tambi\u00e9n como organizadores del Congreso la Secretar\u00eda de Estado de Turismo (MINTUR) y el Organismo Aut\u00f3nomo de Parques Nacionales (MITECORD). Todas estas entidades forman parte del Comit\u00e9 Organizador del Congreso.<\/p>\n\n\n\n<div class=\"wp-block-buttons is-content-justification-center is-layout-flex wp-container-core-buttons-is-layout-16018d1d wp-block-buttons-is-layout-flex\">\n<div class=\"wp-block-button\"><a class=\"wp-block-button__link has-text-align-center wp-element-button\" href=\"https:\/\/www.congresonacionaldeecoturismo.es\/inscripciones\/\" target=\"_blank\" rel=\"noopener\">PREINSCR\u00cdBETE AQU\u00cd<\/a><\/div>\n<\/div>\n\n\n<div class=\"wp-block-image\">\n<figure class=\"aligncenter size-large is-resized\"><img loading=\"lazy\" decoding=\"async\" width=\"724\" height=\"1024\" src=\"https:\/\/www.soyecoturista.com\/asociacion\/wp-content\/uploads\/2024\/09\/2024-VII-CNE-CARTEL-ANUNCIO-FECHAS-WEB-03-724x1024.jpg\" alt=\"\" class=\"wp-image-44948\" style=\"width:516px;height:auto\" srcset=\"https:\/\/www.soyecoturista.com\/asociacion\/wp-content\/uploads\/2024\/09\/2024-VII-CNE-CARTEL-ANUNCIO-FECHAS-WEB-03-724x1024.jpg 724w, https:\/\/www.soyecoturista.com\/asociacion\/wp-content\/uploads\/2024\/09\/2024-VII-CNE-CARTEL-ANUNCIO-FECHAS-WEB-03-212x300.jpg 212w, https:\/\/www.soyecoturista.com\/asociacion\/wp-content\/uploads\/2024\/09\/2024-VII-CNE-CARTEL-ANUNCIO-FECHAS-WEB-03-768x1087.jpg 768w, https:\/\/www.soyecoturista.com\/asociacion\/wp-content\/uploads\/2024\/09\/2024-VII-CNE-CARTEL-ANUNCIO-FECHAS-WEB-03-1086x1536.jpg 1086w, https:\/\/www.soyecoturista.com\/asociacion\/wp-content\/uploads\/2024\/09\/2024-VII-CNE-CARTEL-ANUNCIO-FECHAS-WEB-03.jpg 1200w\" sizes=\"auto, (max-width: 724px) 100vw, 724px\" \/><\/figure>\n<\/div>\n\n\n<p><\/p>\n","protected":false},"excerpt":{"rendered":"<p>Desde hoy martes d\u00eda 3 de septiembre ya es posible preinscribirse en la s\u00e9ptima edici\u00f3n del Congreso Nacional de Ecoturismo. Este evento exclusivo para profesionales, se celebrar\u00e1 en el Geoparque [&hellip;]<\/p>\n","protected":false},"author":7,"featured_media":44950,"comment_status":"closed","ping_status":"closed","sticky":false,"template":"","format":"standard","meta":{"_acf_changed":false,"footnotes":""},"categories":[4],"tags":[80,140,1077,14,947],"class_list":["post-44941","post","type-post","status-publish","format-standard","has-post-thumbnail","hentry","category-noticias","tag-congreso","tag-costa-vasca","tag-ecoturiismo","tag-ecoturismo-en-espana","tag-ecoturismo-en-euskadi"],"acf":[],"_links":{"self":[{"href":"https:\/\/www.soyecoturista.com\/asociacion\/wp-json\/wp\/v2\/posts\/44941","targetHints":{"allow":["GET"]}}],"collection":[{"href":"https:\/\/www.soyecoturista.com\/asociacion\/wp-json\/wp\/v2\/posts"}],"about":[{"href":"https:\/\/www.soyecoturista.com\/asociacion\/wp-json\/wp\/v2\/types\/post"}],"author":[{"embeddable":true,"href":"https:\/\/www.soyecoturista.com\/asociacion\/wp-json\/wp\/v2\/users\/7"}],"replies":[{"embeddable":true,"href":"https:\/\/www.soyecoturista.com\/asociacion\/wp-json\/wp\/v2\/comments?post=44941"}],"version-history":[{"count":9,"href":"https:\/\/www.soyecoturista.com\/asociacion\/wp-json\/wp\/v2\/posts\/44941\/revisions"}],"predecessor-version":[{"id":44981,"href":"https:\/\/www.soyecoturista.com\/asociacion\/wp-json\/wp\/v2\/posts\/44941\/revisions\/44981"}],"wp:featuredmedia":[{"embeddable":true,"href":"https:\/\/www.soyecoturista.com\/asociacion\/wp-json\/wp\/v2\/media\/44950"}],"wp:attachment":[{"href":"https:\/\/www.soyecoturista.com\/asociacion\/wp-json\/wp\/v2\/media?parent=44941"}],"wp:term":[{"taxonomy":"category","embeddable":true,"href":"https:\/\/www.soyecoturista.com\/asociacion\/wp-json\/wp\/v2\/categories?post=44941"},{"taxonomy":"post_tag","embeddable":true,"href":"https:\/\/www.soyecoturista.com\/asociacion\/wp-json\/wp\/v2\/tags?post=44941"}],"curies":[{"name":"wp","href":"https:\/\/api.w.org\/{rel}","templated":true}]}}