{"id":44830,"date":"2024-07-01T15:24:00","date_gmt":"2024-07-01T13:24:00","guid":{"rendered":"https:\/\/www.soyecoturista.com\/asociacion\/?p=44830"},"modified":"2024-08-16T10:53:36","modified_gmt":"2024-08-16T08:53:36","slug":"participa-evento-spain-talks-de-turespana","status":"publish","type":"post","link":"https:\/\/www.soyecoturista.com\/asociacion\/participa-evento-spain-talks-de-turespana\/","title":{"rendered":"La Asociaci\u00f3n de Ecoturismo en Espa\u00f1a participa en Mil\u00e1n en el evento organizado por Turespa\u00f1a \u201cSpain Talks. Caring for the Future\u201d"},"content":{"rendered":"\n<figure class=\"wp-block-image size-full\"><img loading=\"lazy\" decoding=\"async\" width=\"880\" height=\"582\" src=\"https:\/\/www.soyecoturista.com\/asociacion\/wp-content\/uploads\/2024\/07\/ana-llano.jpg\" alt=\"\" class=\"wp-image-44831\" srcset=\"https:\/\/www.soyecoturista.com\/asociacion\/wp-content\/uploads\/2024\/07\/ana-llano.jpg 880w, https:\/\/www.soyecoturista.com\/asociacion\/wp-content\/uploads\/2024\/07\/ana-llano-300x198.jpg 300w, https:\/\/www.soyecoturista.com\/asociacion\/wp-content\/uploads\/2024\/07\/ana-llano-768x508.jpg 768w\" sizes=\"auto, (max-width: 880px) 100vw, 880px\" \/><\/figure>\n\n\n\n<p>El pasado 27 de junio, <strong>Turespa\u00f1a, a trav\u00e9s de la Consejer\u00eda de Turismo en Mil\u00e1n, organiz\u00f3 el evento \u2018Spain Talks. Caring for the Future\u2019<\/strong>, una iniciativa dedicada a resaltar la importancia de la sostenibilidad en el sector tur\u00edstico espa\u00f1ol. Este evento posiciona a Espa\u00f1a como un destino sostenible l\u00edder a nivel mundial.<\/p>\n\n\n\n<p>Ana Llano, Presidenta de la Asociaci\u00f3n de Ecoturismo en Espa\u00f1a y la Asociaci\u00f3n de Turismo Rural Fuentes del Narcea, particip\u00f3 en una mesa redonda sobre sostenibilidad, donde destac\u00f3 <strong>los valores y atributos de Soy Ecoturista<\/strong> para posicionarnos como la plataforma de referencia para reservar ecoturismo garantizado en espacios protegidos en Espa\u00f1a y con las empresas locales m\u00e1s comprometidas \u2013 directamente con ellas \u2013 y que garantizan una huella positiva en el territorio y en los viajeros.<\/p>\n\n\n\n<p>El programa comenz\u00f3 con el panel titulado \u00abEn el camino de la huella 0\u00bb, donde expertos en sostenibilidad compartieron sus experiencias sobre c\u00f3mo implementar iniciativas para alcanzar una huella de carbono neutral en el sector tur\u00edstico. Luego, la conferencia \u00abDestinos tur\u00edsticos inteligentes\u00bb explor\u00f3 c\u00f3mo la tecnolog\u00eda puede ayudar a crear destinos m\u00e1s sostenibles y eficientes. Posteriormente, se discutieron las estrategias para comunicar la sostenibilidad en el turismo, proporcionando a los asistentes herramientas efectivas para esta comunicaci\u00f3n.<\/p>\n\n\n\n<p>El segundo panel, titulado \u00abEl turismo como impacto positivo en las comunidades\u00bb, examin\u00f3 c\u00f3mo la industria tur\u00edstica puede generar beneficios econ\u00f3micos, sociales y ambientales en las comunidades locales.<\/p>\n\n\n\n<p>Para concluir la jornada, se entregaron los premios de las siguientes categor\u00edas: Media Awards, para la mejor cobertura de Espa\u00f1a como destino comprometido con la sostenibilidad; Ambassador Awards, para blogueros e influencers cuyo contenido ha destacado a Espa\u00f1a como destino sostenible; Experience Awards, para el mejor producto tur\u00edstico sostenible ofrecido por un turoperador; y Business Awards, para la empresa que m\u00e1s se ha comprometido con pr\u00e1cticas responsables, incluyendo programas de compensaci\u00f3n de la huella de carbono, reciclaje, accesibilidad e inclusi\u00f3n de trabajadores.<\/p>\n\n\n\n<p>\u201cSpain Talks. Caring for the Future\u201d, cuyo formato se puso en marcha el a\u00f1o pasado con el Spain\u2019s Sustainability Day de Londres, se consolida como un punto de encuentro para profesionales del sector tur\u00edstico, adem\u00e1s de una celebraci\u00f3n de los logros y compromisos de las empresas e iniciativas tanto italianas como espa\u00f1olas en el \u00e1mbito de la sostenibilidad. Adem\u00e1s, ofrece una plataforma para conocer las \u00faltimas tendencias en turismo sostenible y establecer colaboraciones estrat\u00e9gicas.<\/p>\n\n\n\n<p>Toda la informaci\u00f3n y v\u00eddeos del evento <a href=\"https:\/\/www.tourspain.es\/consejerias\/milan\/es\/spain-talks\/\" data-type=\"link\" data-id=\"https:\/\/www.tourspain.es\/consejerias\/milan\/es\/spain-talks\/\" target=\"_blank\" rel=\"noreferrer noopener\">AQU<\/a>\u00cd <\/p>\n\n\n\n<p><strong>Visit Valencia y Turismo Lanzarote: patrocinadores y l\u00edderes en sostenibilidad<\/strong><\/p>\n\n\n\n<p>Los patrocinadores oficiales de la edici\u00f3n de Mil\u00e1n, Visit Valencia y Turismo Lanzarote, cuentan ambos con amplia trayectoria y reconocimiento internacional en materia sostenible. As\u00ed, Valencia ha sido elegida por la Comisi\u00f3n Europea Capital Verde Europea en 2024 por su compromiso con la sostenibilidad, y Lanzarote, pionera en un modelo de desarrollo sostenible, fue declarada Reserva de la Biosfera por la UNESCO en 1993 y en 2015, primer destino certificado por Biosphere Responsible Tourism.<\/p>\n\n\n\n<figure class=\"wp-block-image size-full\"><img loading=\"lazy\" decoding=\"async\" width=\"576\" height=\"657\" src=\"https:\/\/www.soyecoturista.com\/asociacion\/wp-content\/uploads\/2024\/07\/ana-llano2.jpg\" alt=\"\" class=\"wp-image-44832\" srcset=\"https:\/\/www.soyecoturista.com\/asociacion\/wp-content\/uploads\/2024\/07\/ana-llano2.jpg 576w, https:\/\/www.soyecoturista.com\/asociacion\/wp-content\/uploads\/2024\/07\/ana-llano2-263x300.jpg 263w\" sizes=\"auto, (max-width: 576px) 100vw, 576px\" \/><\/figure>\n\n\n\n<p><strong>Sobre la Asociaci\u00f3n de Ecoturismo en Espa\u00f1a<br><\/strong>La Asociaci\u00f3n de Ecoturismo en Espa\u00f1a (AEE) es una asociaci\u00f3n sin \u00e1nimo de lucro y de car\u00e1cter p\u00fablico-privado creada en 2010 para fomentar el ecoturismo en los espacios protegidos y compuesta principalmente por asociaciones de empresarios de turismo ubicadas en espacios naturales, entidades gestoras de espacios protegidos, administraciones p\u00fablicas implicadas en la gesti\u00f3n tur\u00edstica de \u00e9stos, grupos de desarrollo rural, entidades de conservaci\u00f3n de la naturaleza, universidades y empresas especializadas en turismo.<\/p>\n\n\n\n<p>La AEE es la entidad que gestiona el club de producto Ecoturismo en Espa\u00f1a, con apoyo de la Secretar\u00eda de Estado de Turismo. Es una iniciativa pionera que ofrece experiencias de ecoturismo en espacios naturales protegidos, garantizando al viajero su contribuci\u00f3n al desarrollo local y a la conservaci\u00f3n de la biodiversidad. Actualmente agrupa 42 destinos y cerca de 800 empresas que, bajo la marca Soy Ecoturista, asumen su compromiso con el desarrollo sostenible.<\/p>\n","protected":false},"excerpt":{"rendered":"<p>El pasado 27 de junio, Turespa\u00f1a, a trav\u00e9s de la Consejer\u00eda de Turismo en Mil\u00e1n, organiz\u00f3 el evento \u2018Spain Talks. Caring for the Future\u2019, una iniciativa dedicada a resaltar la [&hellip;]<\/p>\n","protected":false},"author":8,"featured_media":44831,"comment_status":"closed","ping_status":"closed","sticky":false,"template":"","format":"standard","meta":{"_acf_changed":false,"footnotes":""},"categories":[4],"tags":[],"class_list":["post-44830","post","type-post","status-publish","format-standard","has-post-thumbnail","hentry","category-noticias"],"acf":[],"_links":{"self":[{"href":"https:\/\/www.soyecoturista.com\/asociacion\/wp-json\/wp\/v2\/posts\/44830","targetHints":{"allow":["GET"]}}],"collection":[{"href":"https:\/\/www.soyecoturista.com\/asociacion\/wp-json\/wp\/v2\/posts"}],"about":[{"href":"https:\/\/www.soyecoturista.com\/asociacion\/wp-json\/wp\/v2\/types\/post"}],"author":[{"embeddable":true,"href":"https:\/\/www.soyecoturista.com\/asociacion\/wp-json\/wp\/v2\/users\/8"}],"replies":[{"embeddable":true,"href":"https:\/\/www.soyecoturista.com\/asociacion\/wp-json\/wp\/v2\/comments?post=44830"}],"version-history":[{"count":3,"href":"https:\/\/www.soyecoturista.com\/asociacion\/wp-json\/wp\/v2\/posts\/44830\/revisions"}],"predecessor-version":[{"id":44890,"href":"https:\/\/www.soyecoturista.com\/asociacion\/wp-json\/wp\/v2\/posts\/44830\/revisions\/44890"}],"wp:featuredmedia":[{"embeddable":true,"href":"https:\/\/www.soyecoturista.com\/asociacion\/wp-json\/wp\/v2\/media\/44831"}],"wp:attachment":[{"href":"https:\/\/www.soyecoturista.com\/asociacion\/wp-json\/wp\/v2\/media?parent=44830"}],"wp:term":[{"taxonomy":"category","embeddable":true,"href":"https:\/\/www.soyecoturista.com\/asociacion\/wp-json\/wp\/v2\/categories?post=44830"},{"taxonomy":"post_tag","embeddable":true,"href":"https:\/\/www.soyecoturista.com\/asociacion\/wp-json\/wp\/v2\/tags?post=44830"}],"curies":[{"name":"wp","href":"https:\/\/api.w.org\/{rel}","templated":true}]}}