{"id":44742,"date":"2024-07-17T09:23:26","date_gmt":"2024-07-17T07:23:26","guid":{"rendered":"https:\/\/www.soyecoturista.com\/asociacion\/?p=44742"},"modified":"2024-07-22T19:53:52","modified_gmt":"2024-07-22T17:53:52","slug":"avances-vii-congreso-ecoturismo-fecha-preinscripciones-3-septiembre","status":"publish","type":"post","link":"https:\/\/www.soyecoturista.com\/asociacion\/avances-vii-congreso-ecoturismo-fecha-preinscripciones-3-septiembre\/","title":{"rendered":"Avances del VII Congreso Nacional de Ecoturismo: \u00a1Apertura de inscripciones el pr\u00f3ximo 3 de septiembre!"},"content":{"rendered":"\n<figure class=\"wp-block-image size-large\"><img loading=\"lazy\" decoding=\"async\" width=\"1024\" height=\"683\" src=\"https:\/\/www.soyecoturista.com\/asociacion\/wp-content\/uploads\/2024\/07\/Barco-1024x683.jpg\" alt=\"\" class=\"wp-image-44750\" srcset=\"https:\/\/www.soyecoturista.com\/asociacion\/wp-content\/uploads\/2024\/07\/Barco-1024x683.jpg 1024w, https:\/\/www.soyecoturista.com\/asociacion\/wp-content\/uploads\/2024\/07\/Barco-300x200.jpg 300w, https:\/\/www.soyecoturista.com\/asociacion\/wp-content\/uploads\/2024\/07\/Barco-768x512.jpg 768w, https:\/\/www.soyecoturista.com\/asociacion\/wp-content\/uploads\/2024\/07\/Barco-1536x1024.jpg 1536w, https:\/\/www.soyecoturista.com\/asociacion\/wp-content\/uploads\/2024\/07\/Barco-2048x1365.jpg 2048w\" sizes=\"auto, (max-width: 1024px) 100vw, 1024px\" \/><\/figure>\n\n\n\n<p>El VII Congreso Nacional de Ecoturismo se acerca y la <strong>apertura de inscripciones<\/strong> tendr\u00e1 lugar el pr\u00f3ximo <strong>3 de septiembre<\/strong>. A partir de esta fecha los interesados podr\u00e1n acceder al formulario de preinscripci\u00f3n que estar\u00e1 disponible en <a href=\"https:\/\/www.congresonacionaldeecoturismo.es\/\" target=\"_blank\" rel=\"noopener\">la web oficial del congreso<\/a>, d\u00f3nde ya se adelantan los detalles del proceso de inscripci\u00f3n.\u00a0<\/p>\n\n\n\n<p>La s\u00e9ptima edici\u00f3n de este evento de referencia para el sector se celebrar\u00e1 del 22 al 24 de octubre en el Geoparque de la Costa Vasca (Geoparkea) y reunir\u00e1 a 200 profesionales para explorar estrategias, compartir conocimientos y debatir sobre el presente y el futuro del ecoturismo en Espa\u00f1a. Por ello, se anima a los interesados a estar atentos a la fecha de apertura de inscripciones, pues en anteriores ediciones las plazas se agotaron en pocas semanas.<\/p>\n\n\n\n<p>El <strong>programa<\/strong> del Congreso est\u00e1 ya muy avanzado y disponible tambi\u00e9n en la web. Bajo el lema &#8220;Claves del \u00e9xito en destinos y experiencias de ecoturismo&#8221;, esta s\u00e9ptima edici\u00f3n tratar\u00e1 de identificar claves del \u00e9xito en la gesti\u00f3n de destinos de ecoturismo y en el dise\u00f1o y promoci\u00f3n de experiencias aut\u00e9nticas, abordando la aplicaci\u00f3n de los fundamentos de este producto que lo posicionan como uno de los m\u00e1s beneficiosos para la puesta en valor y conservaci\u00f3n del patrimonio natural y cultural de los destinos con espacios naturales. Para ello, las jornadas t\u00e9cnicas que consistir\u00e1n en ponencias, mesas redondas y espacios para compartir experiencias de destinos y empresas, abordar\u00e1n las siguientes tem\u00e1ticas:<\/p>\n\n\n\n<ul class=\"wp-block-list\">\n<li>La evoluci\u00f3n, gesti\u00f3n e impulso del ecoturismo en Espa\u00f1a, Euskadi, la Espa\u00f1a Verde y el Geoparque de la Costa Vasca.\u00a0\u00a0<\/li>\n\n\n\n<li>Dise\u00f1o de experiencias de ecoturismo y c\u00f3mo alcanzar eficazmente la demanda. Resultados de iniciativas y proyectos desarrollados y en marcha.<\/li>\n\n\n\n<li>El geoturismo.<\/li>\n\n\n\n<li>La gesti\u00f3n de la capacidad de acogida y movilidad sostenible en los destinos de ecoturismo.\u00a0\u00a0<\/li>\n\n\n\n<li>La importancia de la interpretaci\u00f3n en el ecoturismo. Herramientas y claves para una interpretaci\u00f3n efectiva.<\/li>\n<\/ul>\n\n\n\n<p>Estos aspectos tambi\u00e9n se abordar\u00e1n sobre el terreno, en las <strong>visitas guiadas<\/strong> al destino de ecoturismo anfitri\u00f3n del Congreso, el Geoparque de la Costa Vasca, y la<strong> salida de campo <\/strong>a Vitoria-Gasteiz, primer destino de ecoturismo urbano certificado, para explorar el Anillo Verde y el espacio Red Natura 2000 de Salburua.<\/p>\n\n\n\n<p>En su objetivo de impulsar la comercializaci\u00f3n del Ecoturismo en Espa\u00f1a, el Congreso tambi\u00e9n acoge una <strong>mesa de contrataci\u00f3n<\/strong> para una selecci\u00f3n de Congresistas que podr\u00e1n reunirse con operadores especializados que previamente recorrer\u00e1n varios destinos de ecoturismo de Euskadi, y en particular, el Geoparque de la Costa Vasca.<\/p>\n\n\n\n<p>Adem\u00e1s de ser una plataforma para el intercambio de ideas y el impulso del ecoturismo, el congreso reafirma nuevamente su compromiso con la <strong>conservaci\u00f3n de la biodiversidad<\/strong>. As\u00ed, una parte del importe de cada inscripci\u00f3n se destinar\u00e1 al proyecto de investigaci\u00f3n para la\u00a0 conservaci\u00f3n de la rana patilarga (<em>Rana iberica<\/em>) del Geoparque de la Costa Vasca, una especie end\u00e9mica de la pen\u00ednsula ib\u00e9rica catalogada como \u201cVulnerable\u201d.<\/p>\n\n\n\n<p>El VII Congreso Nacional de Ecoturismo promete ser una cita imprescindible para todos aquellos interesados en el desarrollo y la gesti\u00f3n del ecoturismo en Espa\u00f1a. Para m\u00e1s detalles sobre los avances del programa, ponentes y el proceso de inscripci\u00f3n, os invitamos a visitar<a href=\"https:\/\/www.congresonacionaldeecoturismo.es\/\" target=\"_blank\" rel=\"noopener\"> la web del congreso<\/a> y seguir las novedades a trav\u00e9s de Facebook, Instagram y X.<\/p>\n\n\n\n<figure class=\"wp-block-gallery has-nested-images columns-default is-cropped wp-block-gallery-1 is-layout-flex wp-block-gallery-is-layout-flex\">\n<figure class=\"wp-block-image size-large\"><img loading=\"lazy\" decoding=\"async\" width=\"1024\" height=\"679\" data-id=\"44753\" src=\"https:\/\/www.soyecoturista.com\/asociacion\/wp-content\/uploads\/2024\/07\/Costa-Vasca-1024x679.jpg\" alt=\"\" class=\"wp-image-44753\" srcset=\"https:\/\/www.soyecoturista.com\/asociacion\/wp-content\/uploads\/2024\/07\/Costa-Vasca-1024x679.jpg 1024w, https:\/\/www.soyecoturista.com\/asociacion\/wp-content\/uploads\/2024\/07\/Costa-Vasca-300x199.jpg 300w, https:\/\/www.soyecoturista.com\/asociacion\/wp-content\/uploads\/2024\/07\/Costa-Vasca-768x510.jpg 768w, https:\/\/www.soyecoturista.com\/asociacion\/wp-content\/uploads\/2024\/07\/Costa-Vasca-1536x1019.jpg 1536w, https:\/\/www.soyecoturista.com\/asociacion\/wp-content\/uploads\/2024\/07\/Costa-Vasca-2048x1359.jpg 2048w\" sizes=\"auto, (max-width: 1024px) 100vw, 1024px\" \/><\/figure>\n\n\n\n<figure class=\"wp-block-image size-large\"><img loading=\"lazy\" decoding=\"async\" width=\"1024\" height=\"576\" data-id=\"44756\" src=\"https:\/\/www.soyecoturista.com\/asociacion\/wp-content\/uploads\/2024\/07\/07_IIICNE2-1024x576.jpg\" alt=\"\" class=\"wp-image-44756\" srcset=\"https:\/\/www.soyecoturista.com\/asociacion\/wp-content\/uploads\/2024\/07\/07_IIICNE2-1024x576.jpg 1024w, https:\/\/www.soyecoturista.com\/asociacion\/wp-content\/uploads\/2024\/07\/07_IIICNE2-300x169.jpg 300w, https:\/\/www.soyecoturista.com\/asociacion\/wp-content\/uploads\/2024\/07\/07_IIICNE2-768x432.jpg 768w, https:\/\/www.soyecoturista.com\/asociacion\/wp-content\/uploads\/2024\/07\/07_IIICNE2-1536x864.jpg 1536w, https:\/\/www.soyecoturista.com\/asociacion\/wp-content\/uploads\/2024\/07\/07_IIICNE2-2048x1152.jpg 2048w\" sizes=\"auto, (max-width: 1024px) 100vw, 1024px\" \/><\/figure>\n\n\n\n<figure class=\"wp-block-image size-large\"><img loading=\"lazy\" decoding=\"async\" width=\"1024\" height=\"678\" data-id=\"44755\" src=\"https:\/\/www.soyecoturista.com\/asociacion\/wp-content\/uploads\/2024\/07\/06_IIIEcoturismoAsturias-119-1024x678.jpg\" alt=\"\" class=\"wp-image-44755\" srcset=\"https:\/\/www.soyecoturista.com\/asociacion\/wp-content\/uploads\/2024\/07\/06_IIIEcoturismoAsturias-119-1024x678.jpg 1024w, https:\/\/www.soyecoturista.com\/asociacion\/wp-content\/uploads\/2024\/07\/06_IIIEcoturismoAsturias-119-300x199.jpg 300w, https:\/\/www.soyecoturista.com\/asociacion\/wp-content\/uploads\/2024\/07\/06_IIIEcoturismoAsturias-119-768x508.jpg 768w, https:\/\/www.soyecoturista.com\/asociacion\/wp-content\/uploads\/2024\/07\/06_IIIEcoturismoAsturias-119.jpg 1500w\" sizes=\"auto, (max-width: 1024px) 100vw, 1024px\" \/><\/figure>\n\n\n\n<figure class=\"wp-block-image size-large\"><img loading=\"lazy\" decoding=\"async\" width=\"1024\" height=\"768\" data-id=\"44754\" src=\"https:\/\/www.soyecoturista.com\/asociacion\/wp-content\/uploads\/2024\/07\/Rana-patilarga-2-1024x768.jpg\" alt=\"\" class=\"wp-image-44754\" srcset=\"https:\/\/www.soyecoturista.com\/asociacion\/wp-content\/uploads\/2024\/07\/Rana-patilarga-2-1024x768.jpg 1024w, https:\/\/www.soyecoturista.com\/asociacion\/wp-content\/uploads\/2024\/07\/Rana-patilarga-2-300x225.jpg 300w, https:\/\/www.soyecoturista.com\/asociacion\/wp-content\/uploads\/2024\/07\/Rana-patilarga-2-768x576.jpg 768w, https:\/\/www.soyecoturista.com\/asociacion\/wp-content\/uploads\/2024\/07\/Rana-patilarga-2-1536x1152.jpg 1536w, https:\/\/www.soyecoturista.com\/asociacion\/wp-content\/uploads\/2024\/07\/Rana-patilarga-2-2048x1536.jpg 2048w\" sizes=\"auto, (max-width: 1024px) 100vw, 1024px\" \/><\/figure>\n\n\n\n<figure class=\"wp-block-image size-large\"><img loading=\"lazy\" decoding=\"async\" width=\"1024\" height=\"670\" data-id=\"44752\" src=\"https:\/\/www.soyecoturista.com\/asociacion\/wp-content\/uploads\/2024\/07\/Ciervo-Vitoria-1024x670.jpg\" alt=\"\" class=\"wp-image-44752\" srcset=\"https:\/\/www.soyecoturista.com\/asociacion\/wp-content\/uploads\/2024\/07\/Ciervo-Vitoria-1024x670.jpg 1024w, https:\/\/www.soyecoturista.com\/asociacion\/wp-content\/uploads\/2024\/07\/Ciervo-Vitoria-300x196.jpg 300w, https:\/\/www.soyecoturista.com\/asociacion\/wp-content\/uploads\/2024\/07\/Ciervo-Vitoria-768x503.jpg 768w, https:\/\/www.soyecoturista.com\/asociacion\/wp-content\/uploads\/2024\/07\/Ciervo-Vitoria-1536x1006.jpg 1536w, https:\/\/www.soyecoturista.com\/asociacion\/wp-content\/uploads\/2024\/07\/Ciervo-Vitoria-2048x1341.jpg 2048w\" sizes=\"auto, (max-width: 1024px) 100vw, 1024px\" \/><\/figure>\n\n\n\n<figure class=\"wp-block-image size-large\"><img loading=\"lazy\" decoding=\"async\" width=\"1024\" height=\"683\" data-id=\"44757\" src=\"https:\/\/www.soyecoturista.com\/asociacion\/wp-content\/uploads\/2024\/07\/Pintxos-1024x683.jpg\" alt=\"\" class=\"wp-image-44757\" srcset=\"https:\/\/www.soyecoturista.com\/asociacion\/wp-content\/uploads\/2024\/07\/Pintxos-1024x683.jpg 1024w, https:\/\/www.soyecoturista.com\/asociacion\/wp-content\/uploads\/2024\/07\/Pintxos-300x200.jpg 300w, https:\/\/www.soyecoturista.com\/asociacion\/wp-content\/uploads\/2024\/07\/Pintxos-768x512.jpg 768w, https:\/\/www.soyecoturista.com\/asociacion\/wp-content\/uploads\/2024\/07\/Pintxos-1536x1024.jpg 1536w, https:\/\/www.soyecoturista.com\/asociacion\/wp-content\/uploads\/2024\/07\/Pintxos-2048x1366.jpg 2048w\" sizes=\"auto, (max-width: 1024px) 100vw, 1024px\" \/><\/figure>\n<\/figure>\n\n\n\n<p><strong>Organizadores&nbsp;&nbsp;<\/strong><\/p>\n\n\n\n<p>El Congreso Nacional de Ecoturismo es una iniciativa impulsada por la Asociaci\u00f3n Ecoturismo en Espa\u00f1a, entidad que gestiona el club de producto Ecoturismo en Espa\u00f1a y que desde hace 14 a\u00f1os promueve iniciativas de referencia para todos los profesionales implicados en fomentar el ecoturismo. En esta s\u00e9ptima edici\u00f3n los organizadores anfitriones son el Geoparque de la Costa Vasca y Basquetour (la Agencia de Turismo de Euskadi). Participan tambi\u00e9n como organizadores del Congreso la Secretar\u00eda de Estado de Turismo (MINTUR), el Organismo Aut\u00f3nomo de Parques Nacionales (MITECORD), el Gobierno Vasco y la Diputaci\u00f3n Foral de Gipuzkoa. Todas estas entidades forman parte del Comit\u00e9 Organizador del Congreso.<\/p>\n\n\n<div class=\"wp-block-image\">\n<figure class=\"aligncenter size-large is-resized\"><a href=\"https:\/\/www.congresonacionaldeecoturismo.es\/\" target=\"_blank\" rel=\"noopener\"><img loading=\"lazy\" decoding=\"async\" width=\"724\" height=\"1024\" src=\"https:\/\/www.soyecoturista.com\/asociacion\/wp-content\/uploads\/2024\/07\/Apertura-Inscripciones-724x1024.jpg\" alt=\"\" class=\"wp-image-44767\" style=\"width:516px;height:auto\" srcset=\"https:\/\/www.soyecoturista.com\/asociacion\/wp-content\/uploads\/2024\/07\/Apertura-Inscripciones-724x1024.jpg 724w, https:\/\/www.soyecoturista.com\/asociacion\/wp-content\/uploads\/2024\/07\/Apertura-Inscripciones-212x300.jpg 212w, https:\/\/www.soyecoturista.com\/asociacion\/wp-content\/uploads\/2024\/07\/Apertura-Inscripciones-768x1087.jpg 768w, https:\/\/www.soyecoturista.com\/asociacion\/wp-content\/uploads\/2024\/07\/Apertura-Inscripciones-1086x1536.jpg 1086w, https:\/\/www.soyecoturista.com\/asociacion\/wp-content\/uploads\/2024\/07\/Apertura-Inscripciones.jpg 1200w\" sizes=\"auto, (max-width: 724px) 100vw, 724px\" \/><\/a><\/figure>\n<\/div>","protected":false},"excerpt":{"rendered":"<p>El VII Congreso Nacional de Ecoturismo se acerca y la apertura de inscripciones tendr\u00e1 lugar el pr\u00f3ximo 3 de septiembre. A partir de esta fecha los interesados podr\u00e1n acceder al [&hellip;]<\/p>\n","protected":false},"author":7,"featured_media":44750,"comment_status":"closed","ping_status":"closed","sticky":false,"template":"","format":"standard","meta":{"_acf_changed":false,"footnotes":""},"categories":[4],"tags":[],"class_list":["post-44742","post","type-post","status-publish","format-standard","has-post-thumbnail","hentry","category-noticias"],"acf":[],"_links":{"self":[{"href":"https:\/\/www.soyecoturista.com\/asociacion\/wp-json\/wp\/v2\/posts\/44742","targetHints":{"allow":["GET"]}}],"collection":[{"href":"https:\/\/www.soyecoturista.com\/asociacion\/wp-json\/wp\/v2\/posts"}],"about":[{"href":"https:\/\/www.soyecoturista.com\/asociacion\/wp-json\/wp\/v2\/types\/post"}],"author":[{"embeddable":true,"href":"https:\/\/www.soyecoturista.com\/asociacion\/wp-json\/wp\/v2\/users\/7"}],"replies":[{"embeddable":true,"href":"https:\/\/www.soyecoturista.com\/asociacion\/wp-json\/wp\/v2\/comments?post=44742"}],"version-history":[{"count":15,"href":"https:\/\/www.soyecoturista.com\/asociacion\/wp-json\/wp\/v2\/posts\/44742\/revisions"}],"predecessor-version":[{"id":44773,"href":"https:\/\/www.soyecoturista.com\/asociacion\/wp-json\/wp\/v2\/posts\/44742\/revisions\/44773"}],"wp:featuredmedia":[{"embeddable":true,"href":"https:\/\/www.soyecoturista.com\/asociacion\/wp-json\/wp\/v2\/media\/44750"}],"wp:attachment":[{"href":"https:\/\/www.soyecoturista.com\/asociacion\/wp-json\/wp\/v2\/media?parent=44742"}],"wp:term":[{"taxonomy":"category","embeddable":true,"href":"https:\/\/www.soyecoturista.com\/asociacion\/wp-json\/wp\/v2\/categories?post=44742"},{"taxonomy":"post_tag","embeddable":true,"href":"https:\/\/www.soyecoturista.com\/asociacion\/wp-json\/wp\/v2\/tags?post=44742"}],"curies":[{"name":"wp","href":"https:\/\/api.w.org\/{rel}","templated":true}]}}