{"id":44679,"date":"2024-07-02T13:17:29","date_gmt":"2024-07-02T11:17:29","guid":{"rendered":"https:\/\/www.soyecoturista.com\/asociacion\/?p=44679"},"modified":"2024-07-02T13:17:33","modified_gmt":"2024-07-02T11:17:33","slug":"verano-experiencias-ecoturismo","status":"publish","type":"post","link":"https:\/\/www.soyecoturista.com\/asociacion\/verano-experiencias-ecoturismo\/","title":{"rendered":"\u00a1Esc\u00e1pate este Verano a practicar aut\u00e9ntico ecoturismo!"},"content":{"rendered":"\n<p>Seas el tipo de ecoturista que seas, en Soy Ecoturista tenemos una experiencia pensada para ti para que este verano no dejes de realizar tus actividades favoritas. Y es que el verano es la estaci\u00f3n perfecta para aventurarse y descubrir la belleza de los paisajes naturales que tenemos. Desde Soy Ecoturista, te proponemos cuatro experiencias de aut\u00e9ntico ecoturismo que podr\u00e1s reservar directamente en la plataforma. Son experiencias que no s\u00f3lo te permitir\u00e1n conectarte con la naturaleza sino que, al realizarlas con empresas adheridas a Soy Ecoturista, tambi\u00e9n estar\u00e1s contribuyendo a la conservaci\u00f3n de nuestros valiosos espacios naturales.&nbsp;<\/p>\n\n\n\n<p><strong>Explora la fauna nocturna en La Garrotxa<\/strong><\/p>\n\n\n\n<p><a href=\"https:\/\/soyecoturista.com\/es\/ecoturismo-la-garrotxa\">El Parque Natural de la Zona Volc\u00e1nica de La Garrotxa<\/a> en la provincia de Girona, destaca por su impresionante paisaje volc\u00e1nico y frondosos bosques de robles y hayas. Es un destino perfecto para los amantes de la naturaleza y la aventura, con una gran variedad de rutas de senderismo y miradores panor\u00e1micos.<\/p>\n\n\n<div class=\"wp-block-image\">\n<figure class=\"aligncenter size-full\"><img loading=\"lazy\" decoding=\"async\" width=\"502\" height=\"677\" src=\"https:\/\/www.soyecoturista.com\/asociacion\/wp-content\/uploads\/2024\/07\/Experiencia-Animales-Nocturnos-Garrotxa.jpg\" alt=\"\" class=\"wp-image-44680\" style=\"aspect-ratio:1;object-fit:cover\" srcset=\"https:\/\/www.soyecoturista.com\/asociacion\/wp-content\/uploads\/2024\/07\/Experiencia-Animales-Nocturnos-Garrotxa.jpg 502w, https:\/\/www.soyecoturista.com\/asociacion\/wp-content\/uploads\/2024\/07\/Experiencia-Animales-Nocturnos-Garrotxa-222x300.jpg 222w\" sizes=\"auto, (max-width: 502px) 100vw, 502px\" \/><\/figure>\n<\/div>\n\n\n<p>Si eres de los que disfruta con la observaci\u00f3n de animales, el verano se configura como el momento ideal para descubrir los animales nocturnos que habitan el Parque. Con la experiencia <a href=\"https:\/\/soyecoturista.com\/es\/actividad\/animales-nocturnos\/experiencias-en-la-garrotxa\">Animales Nocturnos<\/a>, caminar\u00e1s por senderos silenciosos bajo la luz de la luna, descubriendo los secretos de la vida nocturna en los humedales de la Moixina, un espacio lleno de biodiversidad. Un gu\u00eda experto que te llevar\u00e1 a explorar el h\u00e1bitat de murci\u00e9lagos, b\u00fahos y otras criaturas nocturnas. Aprender\u00e1s a identificar sus sonidos y comportamientos en su entorno natural. Esta actividad es ideal para realizar en familia.<\/p>\n\n\n\n<p>Para sacar m\u00e1s partido a tu escapada ecoturista, La Garrotxa cuenta con <a href=\"https:\/\/soyecoturista.com\/es\/alojamientos-en-la-garrotxa\">13 alojamientos ecoturistas<\/a> disponibles en nuestra plataforma.<\/p>\n\n\n\n<p><strong>Observaci\u00f3n de aves en Mari\u00f1as Coru\u00f1esas<\/strong><\/p>\n\n\n\n<p>En la <a href=\"https:\/\/soyecoturista.com\/es\/ecoturismo-marinas-corunesas\">Reserva de la Biosfera Mari\u00f1as Coru\u00f1esas<\/a>, en Galicia, te espera un verdadero para\u00edso para los amantes de la biodiversidad. Con sus paisajes costeros y r\u00edos serenos, este destino es conocido por su rica avifauna y bellos senderos naturales.<\/p>\n\n\n<div class=\"wp-block-image\">\n<figure class=\"aligncenter size-large\"><img loading=\"lazy\" decoding=\"async\" width=\"1024\" height=\"683\" src=\"https:\/\/www.soyecoturista.com\/asociacion\/wp-content\/uploads\/2024\/07\/observacion-aves-Marinas-corunesas-1024x683.jpg\" alt=\"\" class=\"wp-image-44681\" srcset=\"https:\/\/www.soyecoturista.com\/asociacion\/wp-content\/uploads\/2024\/07\/observacion-aves-Marinas-corunesas-1024x683.jpg 1024w, https:\/\/www.soyecoturista.com\/asociacion\/wp-content\/uploads\/2024\/07\/observacion-aves-Marinas-corunesas-300x200.jpg 300w, https:\/\/www.soyecoturista.com\/asociacion\/wp-content\/uploads\/2024\/07\/observacion-aves-Marinas-corunesas-768x512.jpg 768w, https:\/\/www.soyecoturista.com\/asociacion\/wp-content\/uploads\/2024\/07\/observacion-aves-Marinas-corunesas-1536x1024.jpg 1536w, https:\/\/www.soyecoturista.com\/asociacion\/wp-content\/uploads\/2024\/07\/observacion-aves-Marinas-corunesas.jpg 1920w\" sizes=\"auto, (max-width: 1024px) 100vw, 1024px\" \/><\/figure>\n<\/div>\n\n\n<p>Una de las experiencias que puedes realizar este verano en la Reserva es la <a href=\"https:\/\/soyecoturista.com\/es\/actividad\/ruta-ornitologica-accesible-en-la-ria-del-burgo\/experiencias-en-marinas-corunesas\">Ruta Ornitol\u00f3gica Accesible en la R\u00eda del Burgo<\/a>. Si eres un apasionado de las aves, no lo dudes m\u00e1s. Coge tus prism\u00e1ticos y d\u00e9jate guiar por expertos en ornitolog\u00eda que te mostrar\u00e1n&nbsp; las aves acu\u00e1ticas y migratorias en su h\u00e1bitat natural, y seguro que disfrutar\u00e1s observando y escuchando los melodiosos y agradables reclamos de aves, tan interesantes y \u00fanicas como garzas, garcetas, mart\u00edn pescador, el peque\u00f1o zampull\u00edn, agujas colipintas, correlimos, vuelvepiedras, archibebes, ostreros, zarapitos, esp\u00e1tulas o gaviotas. La ruta est\u00e1 dise\u00f1ada para ser accesible para personas con movilidad reducida, lo que la convierte en una experiencia inclusiva y educativa.<\/p>\n\n\n\n<p>En Mari\u00f1as Coru\u00f1esas hay <a href=\"https:\/\/soyecoturista.com\/es\/alojamientos-en-marinas-corunesas\">12 alojamientos ecoturistas<\/a> listados en nuestra plataforma, desde encantadoras casas rurales hasta hoteles, pasando por caba\u00f1as y burbujas.<\/p>\n\n\n\n<p><strong>Yoga &amp; Mindfulness en Sierra Nevada<\/strong><\/p>\n\n\n\n<p>El <a href=\"https:\/\/soyecoturista.com\/es\/ecoturismo-sierra-nevada\">Parque Natural y Nacional de Sierra Nevada<\/a>, que abarca las provincias de Granada y Almer\u00eda, sorprende\u00a0 por sus majestuosas monta\u00f1as, sus variados ecosistemas y su clima excepcional, y es el lugar perfecto para los que buscan tranquilidad y contacto con la naturaleza.<\/p>\n\n\n<div class=\"wp-block-image\">\n<figure class=\"aligncenter size-full\"><img loading=\"lazy\" decoding=\"async\" width=\"740\" height=\"494\" src=\"https:\/\/www.soyecoturista.com\/asociacion\/wp-content\/uploads\/2024\/07\/sierra-nevada-yoga.png\" alt=\"\" class=\"wp-image-44682\" srcset=\"https:\/\/www.soyecoturista.com\/asociacion\/wp-content\/uploads\/2024\/07\/sierra-nevada-yoga.png 740w, https:\/\/www.soyecoturista.com\/asociacion\/wp-content\/uploads\/2024\/07\/sierra-nevada-yoga-300x200.png 300w\" sizes=\"auto, (max-width: 740px) 100vw, 740px\" \/><\/figure>\n<\/div>\n\n\n<p>As\u00ed, la experiencia <a href=\"https:\/\/soyecoturista.com\/es\/actividad\/yoga-amp-mindfulness-adaptado-a-todos-los-publicos\/experiencias-en-sierra-nevada\">Yoga &amp; Mindfulness adaptado a todos los p\u00fablicos<\/a> propone disfrutar del parque de un modo diferente, conect\u00e1ndote con la naturaleza y contigo mismo en un entorno sereno. Adaptada para todos los niveles, esta experiencia de Yoga &amp; Mindfulness es una invitaci\u00f3n a relajarse y rejuvenecer, mientras disfrutas de las vistas impresionantes y la paz de la naturaleza. Las sesiones se llevan a cabo al aire libre, e incluyen adem\u00e1s actividades de estimulaci\u00f3n sensorial para que puedas impregnarte de la naturaleza que te rodea a trav\u00e9s de ba\u00f1os de sonidos, la vista del paisaje, aromaterapia para el olfato e infusiones naturales para el gusto.<\/p>\n\n\n\n<p>La plataforma Soy Ecoturista cuenta actualmente con <a href=\"https:\/\/soyecoturista.com\/es\/alojamientos-en-sierra-nevada\">7 alojamientos<\/a> adheridos que pueden reservarse, entre los que encontrar\u00e1s casas rurales, casas cueva, y acogedores hoteles entre otros.<\/p>\n\n\n\n<p><strong>La tradici\u00f3n del pan en Sierra Espu\u00f1a<\/strong><\/p>\n\n\n\n<p>La \u00faltima propuesta nos lleva hasta Murcia, en concreto al <a href=\"https:\/\/soyecoturista.com\/es\/ecoturismo-sierra-espuna\">Parque Regional de Sierra Espu\u00f1a<\/a>, un destino de gran belleza natural con sus frondosos bosques y monta\u00f1as, ideal para quienes buscan actividades al aire libre y una conexi\u00f3n profunda con la cultura local.<\/p>\n\n\n\n<figure class=\"wp-block-image size-large\"><img loading=\"lazy\" decoding=\"async\" width=\"1024\" height=\"683\" src=\"https:\/\/www.soyecoturista.com\/asociacion\/wp-content\/uploads\/2024\/07\/Sierra-Espuna-1024x683.jpg\" alt=\"\" class=\"wp-image-44683\" srcset=\"https:\/\/www.soyecoturista.com\/asociacion\/wp-content\/uploads\/2024\/07\/Sierra-Espuna-1024x683.jpg 1024w, https:\/\/www.soyecoturista.com\/asociacion\/wp-content\/uploads\/2024\/07\/Sierra-Espuna-300x200.jpg 300w, https:\/\/www.soyecoturista.com\/asociacion\/wp-content\/uploads\/2024\/07\/Sierra-Espuna-768x512.jpg 768w, https:\/\/www.soyecoturista.com\/asociacion\/wp-content\/uploads\/2024\/07\/Sierra-Espuna-1536x1024.jpg 1536w, https:\/\/www.soyecoturista.com\/asociacion\/wp-content\/uploads\/2024\/07\/Sierra-Espuna.jpg 1920w\" sizes=\"auto, (max-width: 1024px) 100vw, 1024px\" \/><\/figure>\n\n\n\n<p>Y para sumergirse en las tradiciones locales, nada como reservar la experiencia<a href=\"https:\/\/soyecoturista.com\/es\/actividad\/un-dia-en-el-obrador\/experiencias-en-sierra-espuna\"> Un d\u00eda en el obrador<\/a>, con la que aprender\u00e1s todos los secretos para hacer un pan tan rico como el que caracteriza a esta zona, har\u00e1s la masa de la pizza que luego comer\u00e9is, y descubrir\u00e1s los trucos de repostero para elaborar deliciosos postres siguiendo la tradici\u00f3n gastron\u00f3mica que caracteriza a Sierra Espu\u00f1a. Esta actividad es perfecta para los amantes de la gastronom\u00eda y aquellos que deseen conocer m\u00e1s sobre la cultura local.&nbsp;<\/p>\n\n\n\n<p>Para dormir en Sierra Espu\u00f1a, puedes elegir entre alguno de los <a href=\"https:\/\/soyecoturista.com\/es\/alojamientos-en-sierra-espuna\">7 alojamientos<\/a> disponibles en la plataforma pudiendo elegir entre hoteles, casas rurales y camping, seg\u00fan sean tus necesidades.<\/p>\n\n\n\n<p>Como ves, este verano no vamos a dejar que te aburras y te animamos a vivir experiencias de ecoturismo en estos o en cualquiera de los dem\u00e1s destinos y espacios naturales adheridos a Soy Ecoturista. Seguro que encuentras la escapada y la actividad que se adapte a lo que buscas para tus vacaciones ya sea solo, en pareja, en familia o con amigos. El caso es que vivas con nosotros experiencias inolvidables de aut\u00e9ntico ecoturismo disfrutando de la naturaleza en su m\u00e1xima expresi\u00f3n y contribuyendo tambi\u00e9n a su preservaci\u00f3n. \u00a1Emb\u00e1rcate en estas aventuras y s\u00e9 parte de la protecci\u00f3n de nuestro entorno natural!<\/p>\n","protected":false},"excerpt":{"rendered":"<p>Seas el tipo de ecoturista que seas, en Soy Ecoturista tenemos una experiencia pensada para ti para que este verano no dejes de realizar tus actividades favoritas. Y es que [&hellip;]<\/p>\n","protected":false},"author":5,"featured_media":44684,"comment_status":"closed","ping_status":"closed","sticky":false,"template":"","format":"standard","meta":{"_acf_changed":false,"footnotes":""},"categories":[3],"tags":[39,11,33,82,114,131,16,822,50,106,156],"class_list":["post-44679","post","type-post","status-publish","format-standard","has-post-thumbnail","hentry","category-blog","tag-soyecoturista","tag-ecoturismo","tag-espacios-protegidos","tag-experiencias","tag-la-garrotxa","tag-marinas-corunesas-es","tag-naturaleza","tag-sierra-espuna-2","tag-sierra-nevada","tag-turismo-sostenible","tag-verano"],"acf":[],"_links":{"self":[{"href":"https:\/\/www.soyecoturista.com\/asociacion\/wp-json\/wp\/v2\/posts\/44679","targetHints":{"allow":["GET"]}}],"collection":[{"href":"https:\/\/www.soyecoturista.com\/asociacion\/wp-json\/wp\/v2\/posts"}],"about":[{"href":"https:\/\/www.soyecoturista.com\/asociacion\/wp-json\/wp\/v2\/types\/post"}],"author":[{"embeddable":true,"href":"https:\/\/www.soyecoturista.com\/asociacion\/wp-json\/wp\/v2\/users\/5"}],"replies":[{"embeddable":true,"href":"https:\/\/www.soyecoturista.com\/asociacion\/wp-json\/wp\/v2\/comments?post=44679"}],"version-history":[{"count":1,"href":"https:\/\/www.soyecoturista.com\/asociacion\/wp-json\/wp\/v2\/posts\/44679\/revisions"}],"predecessor-version":[{"id":44685,"href":"https:\/\/www.soyecoturista.com\/asociacion\/wp-json\/wp\/v2\/posts\/44679\/revisions\/44685"}],"wp:featuredmedia":[{"embeddable":true,"href":"https:\/\/www.soyecoturista.com\/asociacion\/wp-json\/wp\/v2\/media\/44684"}],"wp:attachment":[{"href":"https:\/\/www.soyecoturista.com\/asociacion\/wp-json\/wp\/v2\/media?parent=44679"}],"wp:term":[{"taxonomy":"category","embeddable":true,"href":"https:\/\/www.soyecoturista.com\/asociacion\/wp-json\/wp\/v2\/categories?post=44679"},{"taxonomy":"post_tag","embeddable":true,"href":"https:\/\/www.soyecoturista.com\/asociacion\/wp-json\/wp\/v2\/tags?post=44679"}],"curies":[{"name":"wp","href":"https:\/\/api.w.org\/{rel}","templated":true}]}}