{"id":44650,"date":"2024-06-17T12:02:00","date_gmt":"2024-06-17T10:02:00","guid":{"rendered":"https:\/\/www.soyecoturista.com\/asociacion\/?p=44650"},"modified":"2024-06-28T12:44:51","modified_gmt":"2024-06-28T10:44:51","slug":"se-celebra-xii-seminario-ecoturismo-espana","status":"publish","type":"post","link":"https:\/\/www.soyecoturista.com\/asociacion\/se-celebra-xii-seminario-ecoturismo-espana\/","title":{"rendered":"El XII Seminario Permanente Ecoturismo en Espa\u00f1a re\u00fane en Valsa\u00edn a gestores de destinos adheridos a Soy Ecoturista"},"content":{"rendered":"\n<p><\/p>\n\n\n<div class=\"wp-block-image\">\n<figure class=\"aligncenter size-large\"><img loading=\"lazy\" decoding=\"async\" width=\"1024\" height=\"768\" src=\"https:\/\/www.soyecoturista.com\/asociacion\/wp-content\/uploads\/2024\/06\/WhatsApp-Image-2024-06-13-at-12.02.54-1024x768.jpeg\" alt=\"\" class=\"wp-image-44651\" srcset=\"https:\/\/www.soyecoturista.com\/asociacion\/wp-content\/uploads\/2024\/06\/WhatsApp-Image-2024-06-13-at-12.02.54-1024x768.jpeg 1024w, https:\/\/www.soyecoturista.com\/asociacion\/wp-content\/uploads\/2024\/06\/WhatsApp-Image-2024-06-13-at-12.02.54-300x225.jpeg 300w, https:\/\/www.soyecoturista.com\/asociacion\/wp-content\/uploads\/2024\/06\/WhatsApp-Image-2024-06-13-at-12.02.54-768x576.jpeg 768w, https:\/\/www.soyecoturista.com\/asociacion\/wp-content\/uploads\/2024\/06\/WhatsApp-Image-2024-06-13-at-12.02.54-1536x1152.jpeg 1536w, https:\/\/www.soyecoturista.com\/asociacion\/wp-content\/uploads\/2024\/06\/WhatsApp-Image-2024-06-13-at-12.02.54-2048x1536.jpeg 2048w\" sizes=\"auto, (max-width: 1024px) 100vw, 1024px\" \/><\/figure>\n<\/div>\n\n\n<p>Los d\u00edas 12, 13 y 14 de junio se celebr\u00f3 en el Centro Nacional de Educaci\u00f3n Ambiental (CENEAM), en Valsa\u00edn, el <strong>XII Seminario Permanente de Ecoturismo en Espa\u00f1a<\/strong>. Organizado por la Secretar\u00eda de Estado de Turismo, la Asociaci\u00f3n Ecoturismo en Espa\u00f1a y el Organismo Aut\u00f3nomo de Parques Nacionales, este encuentro anual re\u00fane a los gestores de los destinos adheridos a la marca Soy Ecoturista para trabajar en red y avanzar en el impulso del ecoturismo en Espa\u00f1a.&nbsp;<\/p>\n\n\n\n<p>Esta duod\u00e9cima edici\u00f3n cont\u00f3 con la participaci\u00f3n de <strong>95 participantes procedentes de 10 comunidades aut\u00f3nomas<\/strong>, de los cuales 21 han asistido de manera presencial y 74 han podido seguir online varias sesiones. Una buena representaci\u00f3n de la diversidad de actores que intervienen en el impulso del producto Ecoturismo en Espa\u00f1a, entre ellos gestores locales, empresas tur\u00edsticas, etc.&nbsp;<\/p>\n\n\n\n<p>El primer d\u00eda del seminario, la Asociaci\u00f3n Ecoturismo en Espa\u00f1a, ente gestor del club de producto Ecoturismo en Espa\u00f1a, y Misterplan presentaron las principales caracter\u00edsticas y funcionalidades del nuevo portal web <a href=\"http:\/\/www.soyecoturista.com\" target=\"_blank\" rel=\"noreferrer noopener\">www.soyecoturista.com<\/a>, la nueva plataforma de comercializaci\u00f3n de la marca Soy Ecoturista, que cuenta con financiaci\u00f3n Next Generation en el marco del proyecto \u201cSostenibilidad y Digitalizaci\u00f3n de la red de Experiencias de Ecoturismo en Espa\u00f1a&#8221;, que agrupa la oferta de Ecoturismo en Espa\u00f1a y pretende ser el referente para reservar experiencias de aut\u00e9ntico ecoturismo con garant\u00edas en nuestros espacios protegidos, ayudando al mismo tiempo a conservar sus magn\u00edficos valores naturales y culturales.<\/p>\n\n\n\n<p>El jueves 13, por la ma\u00f1ana, el equipo de RUSTICAE, socio tecnol\u00f3gico del proyecto, present\u00f3 el nuevo plan de marketing y comunicaci\u00f3n, que tiene como principal objetivo dar visibilidad a la marca Soy Ecoturista no solo desde el punto de vista del producto y la comercializaci\u00f3n a trav\u00e9s de la nueva plataforma, sino tambi\u00e9n posicionando a la marca como un referente que pone en valor los atributos del ecoturismo, su contribuci\u00f3n a la conservaci\u00f3n de la biodiversidad y al desarrollo local.&nbsp;<\/p>\n\n\n\n<p>Por la tarde, la sesi\u00f3n estuvo centrada en conocer las buenas pr\u00e1cticas, iniciativas y proyectos desarrollados con \u00e9xito que se est\u00e1n aplicando en destinos adheridos a Soy Ecoturista y en otros territorios para impulsar el ecoturismo, algunos de ellos gracias a los Planes de Sostenibilidad de Tur\u00edstica en Destinos de la SETUR, como por ejemplo, el buen hacer de La Gomera trabajando con las empresas adheridas a la Carta Europea de Turismo Sostenible; la organizaci\u00f3n de viajes de prensa y operadores internacionales en la Sierra de Aracena y Picos de Aroche, el Festival de Ecoturismo del Delta del Ebro, el Modelo Destinos Tur\u00edsticos Inteligentes implementado en Guara Somontano, los beneficios del ecoturismo para la salud en el Geoparque Villuercas Ibores Jara, el producto slow-driving en la Comarca Cinco Villas, experiencias de ecoturismo en Mari\u00f1as Coru\u00f1esas, el Club de producto Coci\u00f1a de Ancares Terras de Bur\u00f3n, el proyecto \u201cAbriendo pueblos\u201d del Maestrazgo, o el \u201cI Mercao Natural y Artesano&#8221; del Festival Ecoturismo en Peligro de Extinci\u00f3n en Fuentes del Narcea.&nbsp;<\/p>\n\n\n\n<p>El viernes 14, \u00faltimo d\u00eda del Seminario, se trabajaron los criterios de sostenibilidad definidos por la Asociaci\u00f3n de Ecoturismo en Espa\u00f1a para asegurar que bajo la marca Soy Ecoturista se ofrecen \u00fanicamente experiencias de aut\u00e9ntico ecoturismo, y se presentaron herramientas de gesti\u00f3n y comunicaci\u00f3n del impacto positivo del ecoturismo. La jornada concluy\u00f3 con un \u201cescape room\u201d sobre la Sierra de Guadarrama y una visita guiada por el entorno del CENEAM.<\/p>\n\n\n\n<p>Los principales <strong>resultados y conclusiones<\/strong> del Seminario, as\u00ed como las <strong>presentaciones <\/strong>y <strong>v\u00eddeos <\/strong>de las sesiones, est\u00e1n disponibles en la <a href=\"https:\/\/www.miteco.gob.es\/es\/ceneam\/grupos-de-trabajo-y-seminarios\/club-ecoturismo-en-espana\/xii-club-ecoturismo.html\" target=\"_blank\" rel=\"noreferrer noopener\">p\u00e1gina web del CENEAM<\/a>.<\/p>\n\n\n\n<figure class=\"wp-block-gallery has-nested-images columns-default is-cropped wp-block-gallery-1 is-layout-flex wp-block-gallery-is-layout-flex\">\n<figure class=\"wp-block-image size-large\"><img loading=\"lazy\" decoding=\"async\" width=\"1024\" height=\"576\" data-id=\"44654\" src=\"https:\/\/www.soyecoturista.com\/asociacion\/wp-content\/uploads\/2024\/06\/IMG_E2912-1-1024x576.jpg\" alt=\"\" class=\"wp-image-44654\" srcset=\"https:\/\/www.soyecoturista.com\/asociacion\/wp-content\/uploads\/2024\/06\/IMG_E2912-1-1024x576.jpg 1024w, https:\/\/www.soyecoturista.com\/asociacion\/wp-content\/uploads\/2024\/06\/IMG_E2912-1-300x169.jpg 300w, https:\/\/www.soyecoturista.com\/asociacion\/wp-content\/uploads\/2024\/06\/IMG_E2912-1-768x432.jpg 768w, https:\/\/www.soyecoturista.com\/asociacion\/wp-content\/uploads\/2024\/06\/IMG_E2912-1-1536x864.jpg 1536w, https:\/\/www.soyecoturista.com\/asociacion\/wp-content\/uploads\/2024\/06\/IMG_E2912-1.jpg 2016w\" sizes=\"auto, (max-width: 1024px) 100vw, 1024px\" \/><\/figure>\n\n\n\n<figure class=\"wp-block-image size-large\"><img loading=\"lazy\" decoding=\"async\" width=\"1024\" height=\"576\" data-id=\"44653\" src=\"https:\/\/www.soyecoturista.com\/asociacion\/wp-content\/uploads\/2024\/06\/IMG_E2935-1024x576.jpg\" alt=\"\" class=\"wp-image-44653\" srcset=\"https:\/\/www.soyecoturista.com\/asociacion\/wp-content\/uploads\/2024\/06\/IMG_E2935-1024x576.jpg 1024w, https:\/\/www.soyecoturista.com\/asociacion\/wp-content\/uploads\/2024\/06\/IMG_E2935-300x169.jpg 300w, https:\/\/www.soyecoturista.com\/asociacion\/wp-content\/uploads\/2024\/06\/IMG_E2935-768x432.jpg 768w, https:\/\/www.soyecoturista.com\/asociacion\/wp-content\/uploads\/2024\/06\/IMG_E2935-1536x864.jpg 1536w, https:\/\/www.soyecoturista.com\/asociacion\/wp-content\/uploads\/2024\/06\/IMG_E2935.jpg 2016w\" sizes=\"auto, (max-width: 1024px) 100vw, 1024px\" \/><\/figure>\n\n\n\n<figure class=\"wp-block-image size-large\"><img loading=\"lazy\" decoding=\"async\" width=\"1024\" height=\"576\" data-id=\"44655\" src=\"https:\/\/www.soyecoturista.com\/asociacion\/wp-content\/uploads\/2024\/06\/IMG_E2955-1024x576.jpg\" alt=\"\" class=\"wp-image-44655\" srcset=\"https:\/\/www.soyecoturista.com\/asociacion\/wp-content\/uploads\/2024\/06\/IMG_E2955-1024x576.jpg 1024w, https:\/\/www.soyecoturista.com\/asociacion\/wp-content\/uploads\/2024\/06\/IMG_E2955-300x169.jpg 300w, https:\/\/www.soyecoturista.com\/asociacion\/wp-content\/uploads\/2024\/06\/IMG_E2955-768x432.jpg 768w, https:\/\/www.soyecoturista.com\/asociacion\/wp-content\/uploads\/2024\/06\/IMG_E2955-1536x864.jpg 1536w, https:\/\/www.soyecoturista.com\/asociacion\/wp-content\/uploads\/2024\/06\/IMG_E2955.jpg 2016w\" sizes=\"auto, (max-width: 1024px) 100vw, 1024px\" \/><\/figure>\n\n\n\n<figure class=\"wp-block-image size-large\"><img loading=\"lazy\" decoding=\"async\" width=\"1024\" height=\"576\" data-id=\"44656\" src=\"https:\/\/www.soyecoturista.com\/asociacion\/wp-content\/uploads\/2024\/06\/IMG_E2964-1024x576.jpg\" alt=\"\" class=\"wp-image-44656\" srcset=\"https:\/\/www.soyecoturista.com\/asociacion\/wp-content\/uploads\/2024\/06\/IMG_E2964-1024x576.jpg 1024w, https:\/\/www.soyecoturista.com\/asociacion\/wp-content\/uploads\/2024\/06\/IMG_E2964-300x169.jpg 300w, https:\/\/www.soyecoturista.com\/asociacion\/wp-content\/uploads\/2024\/06\/IMG_E2964-768x432.jpg 768w, https:\/\/www.soyecoturista.com\/asociacion\/wp-content\/uploads\/2024\/06\/IMG_E2964-1536x864.jpg 1536w, https:\/\/www.soyecoturista.com\/asociacion\/wp-content\/uploads\/2024\/06\/IMG_E2964.jpg 2016w\" sizes=\"auto, (max-width: 1024px) 100vw, 1024px\" \/><\/figure>\n\n\n\n<figure class=\"wp-block-image size-large\"><img loading=\"lazy\" decoding=\"async\" width=\"1024\" height=\"576\" data-id=\"44657\" src=\"https:\/\/www.soyecoturista.com\/asociacion\/wp-content\/uploads\/2024\/06\/IMG_E2966-1024x576.jpg\" alt=\"\" class=\"wp-image-44657\" srcset=\"https:\/\/www.soyecoturista.com\/asociacion\/wp-content\/uploads\/2024\/06\/IMG_E2966-1024x576.jpg 1024w, https:\/\/www.soyecoturista.com\/asociacion\/wp-content\/uploads\/2024\/06\/IMG_E2966-300x169.jpg 300w, https:\/\/www.soyecoturista.com\/asociacion\/wp-content\/uploads\/2024\/06\/IMG_E2966-768x432.jpg 768w, https:\/\/www.soyecoturista.com\/asociacion\/wp-content\/uploads\/2024\/06\/IMG_E2966-1536x864.jpg 1536w, https:\/\/www.soyecoturista.com\/asociacion\/wp-content\/uploads\/2024\/06\/IMG_E2966.jpg 2016w\" sizes=\"auto, (max-width: 1024px) 100vw, 1024px\" \/><\/figure>\n\n\n\n<figure class=\"wp-block-image size-large\"><img loading=\"lazy\" decoding=\"async\" width=\"1024\" height=\"576\" data-id=\"44658\" src=\"https:\/\/www.soyecoturista.com\/asociacion\/wp-content\/uploads\/2024\/06\/IMG_E2968-1024x576.jpg\" alt=\"\" class=\"wp-image-44658\" srcset=\"https:\/\/www.soyecoturista.com\/asociacion\/wp-content\/uploads\/2024\/06\/IMG_E2968-1024x576.jpg 1024w, https:\/\/www.soyecoturista.com\/asociacion\/wp-content\/uploads\/2024\/06\/IMG_E2968-300x169.jpg 300w, https:\/\/www.soyecoturista.com\/asociacion\/wp-content\/uploads\/2024\/06\/IMG_E2968-768x432.jpg 768w, https:\/\/www.soyecoturista.com\/asociacion\/wp-content\/uploads\/2024\/06\/IMG_E2968-1536x864.jpg 1536w, https:\/\/www.soyecoturista.com\/asociacion\/wp-content\/uploads\/2024\/06\/IMG_E2968.jpg 2016w\" sizes=\"auto, (max-width: 1024px) 100vw, 1024px\" \/><\/figure>\n<\/figure>\n\n\n\n<div class=\"wp-block-group\"><div class=\"wp-block-group__inner-container is-layout-constrained wp-block-group-is-layout-constrained\">\n<div class=\"wp-block-columns is-layout-flex wp-container-core-columns-is-layout-9d6595d7 wp-block-columns-is-layout-flex\">\n<div class=\"wp-block-column is-layout-flow wp-block-column-is-layout-flow\" style=\"flex-basis:100%\"><\/div>\n<\/div>\n<\/div><\/div>\n\n\n<hr \/>\n<h4>Sobre la Asociaci\u00f3n de Ecoturismo en Espa\u00f1a<\/h4>\n<p>\n\n\n<\/p>\n<p>La Asociaci\u00f3n de Ecoturismo en Espa\u00f1a (AEE) es una asociaci\u00f3n sin \u00e1nimo de lucro y de car\u00e1cter p\u00fablico-privado creada en 2010 para fomentar el ecoturismo en los espacios protegidos y compuesta principalmente por asociaciones de empresarios de turismo ubicadas en espacios naturales, entidades gestoras de espacios protegidos, administraciones p\u00fablicas implicadas en la gesti\u00f3n tur\u00edstica de \u00e9stos, grupos de desarrollo rural, entidades de conservaci\u00f3n de la naturaleza, universidades y empresas especializadas en turismo.<\/p>\n<p>\n\n\n\n<\/p>\n<p>La AEE es la entidad que gestiona el club de producto Ecoturismo en Espa\u00f1a, con apoyo de la Secretar\u00eda de Estado de Turismo. Es una iniciativa pionera que ofrece experiencias de ecoturismo en espacios naturales protegidos, garantizando al viajero su contribuci\u00f3n al desarrollo local y a la conservaci\u00f3n de la biodiversidad. Actualmente agrupa 42 destinos y cerca de 800 empresas que, bajo la marca\u00a0<a href=\"https:\/\/soyecoturista.com\/es\/\" target=\"_blank\" rel=\"noopener\">Soy Ecoturista<\/a>, asumen su compromiso con el desarrollo sostenible.\n\n\n<\/p>","protected":false},"excerpt":{"rendered":"<p>Los d\u00edas 12, 13 y 14 de junio se celebr\u00f3 en el Centro Nacional de Educaci\u00f3n Ambiental (CENEAM), en Valsa\u00edn, el XII Seminario Permanente de Ecoturismo en Espa\u00f1a. Organizado por [&hellip;]<\/p>\n","protected":false},"author":8,"featured_media":44651,"comment_status":"open","ping_status":"closed","sticky":false,"template":"","format":"standard","meta":{"_acf_changed":false,"footnotes":""},"categories":[4],"tags":[915,11,14,1049,172],"class_list":["post-44650","post","type-post","status-publish","format-standard","has-post-thumbnail","hentry","category-noticias","tag-asociacion-de-ecoturismo","tag-ecoturismo","tag-ecoturismo-en-espana","tag-seminario","tag-soy-ecoturista"],"acf":[],"_links":{"self":[{"href":"https:\/\/www.soyecoturista.com\/asociacion\/wp-json\/wp\/v2\/posts\/44650","targetHints":{"allow":["GET"]}}],"collection":[{"href":"https:\/\/www.soyecoturista.com\/asociacion\/wp-json\/wp\/v2\/posts"}],"about":[{"href":"https:\/\/www.soyecoturista.com\/asociacion\/wp-json\/wp\/v2\/types\/post"}],"author":[{"embeddable":true,"href":"https:\/\/www.soyecoturista.com\/asociacion\/wp-json\/wp\/v2\/users\/8"}],"replies":[{"embeddable":true,"href":"https:\/\/www.soyecoturista.com\/asociacion\/wp-json\/wp\/v2\/comments?post=44650"}],"version-history":[{"count":3,"href":"https:\/\/www.soyecoturista.com\/asociacion\/wp-json\/wp\/v2\/posts\/44650\/revisions"}],"predecessor-version":[{"id":44678,"href":"https:\/\/www.soyecoturista.com\/asociacion\/wp-json\/wp\/v2\/posts\/44650\/revisions\/44678"}],"wp:featuredmedia":[{"embeddable":true,"href":"https:\/\/www.soyecoturista.com\/asociacion\/wp-json\/wp\/v2\/media\/44651"}],"wp:attachment":[{"href":"https:\/\/www.soyecoturista.com\/asociacion\/wp-json\/wp\/v2\/media?parent=44650"}],"wp:term":[{"taxonomy":"category","embeddable":true,"href":"https:\/\/www.soyecoturista.com\/asociacion\/wp-json\/wp\/v2\/categories?post=44650"},{"taxonomy":"post_tag","embeddable":true,"href":"https:\/\/www.soyecoturista.com\/asociacion\/wp-json\/wp\/v2\/tags?post=44650"}],"curies":[{"name":"wp","href":"https:\/\/api.w.org\/{rel}","templated":true}]}}