{"id":44534,"date":"2024-06-03T11:00:36","date_gmt":"2024-06-03T09:00:36","guid":{"rendered":"https:\/\/www.soyecoturista.com\/asociacion\/?p=44534"},"modified":"2024-06-03T19:32:47","modified_gmt":"2024-06-03T17:32:47","slug":"se-duplica-oferta-destinos-experiencias-ecoturismo","status":"publish","type":"post","link":"https:\/\/www.soyecoturista.com\/asociacion\/se-duplica-oferta-destinos-experiencias-ecoturismo\/","title":{"rendered":"Se duplica en tres meses la oferta de destinos y experiencias de ecoturismo en la nueva plataforma de comercializaci\u00f3n de Soy Ecoturista"},"content":{"rendered":"\n<p><\/p>\n\n\n\n<p>La nueva plataforma de comercializaci\u00f3n <a href=\"http:\/\/www.soyecoturista.com\" target=\"_blank\" rel=\"noreferrer noopener\">www.soyecoturista.com<\/a>, lanzada en febrero de este a\u00f1o, ofrece ya una amplia oferta para aquellos que quieren viajar a nuestros espacios protegidos y adem\u00e1s, ayudar a conservarlos. Actualmente, los viajeros pueden encontrar un total de 214 <a href=\"https:\/\/soyecoturista.com\/es\/actividades-ecoturismo\" target=\"_blank\" rel=\"noreferrer noopener\">actividades<\/a> de ecoturismo, 91 <a href=\"https:\/\/soyecoturista.com\/es\/alojamientos-ecoturismo\" target=\"_blank\" rel=\"noreferrer noopener\">alojamientos<\/a> y varios <a href=\"https:\/\/soyecoturista.com\/es\/productos-ecoturismo\">restaurantes, productores y artesanos<\/a>, en 24 <a href=\"https:\/\/soyecoturista.com\/es\/espacios-naturales\" target=\"_blank\" rel=\"noreferrer noopener\">destinos<\/a> de ecoturismo certificado en 11 Comunidades Aut\u00f3nomas. Toda esta oferta puede reservarse directamente con las empresas locales adheridas a Soy Ecoturista y que, por tanto, est\u00e1n comprometidas con la conservaci\u00f3n y el desarrollo local\u2026\u00a1los mejores anfitriones!&nbsp;&nbsp;<\/p>\n\n\n\n<p>La plataforma tambi\u00e9n ofrece ya 250 recursos de inter\u00e9s de dichos destinos y sus espacios protegidos, orientando al viajero sobre los valores m\u00e1s singulares del territorio, lo que no se pueden perder, y ofreciendo propuestas concretas para descubrirlos en cada \u00e9poca del a\u00f1o: fauna y flora, senderismo, patrimonio hist\u00f3rico, tradiciones, productos locales y gastronom\u00eda, momentos y lugares especiales, etc.&nbsp;&nbsp;&nbsp;<\/p>\n\n\n\n<p>En estos tres meses, la plataforma ha ampliado su oferta y funcionalidades, incrementando en un 14% el n\u00famero de destinos y en un 110% los productos disponibles. Este crecimiento continuar\u00e1 a lo largo de este a\u00f1o gracias al <a href=\"https:\/\/www.soyecoturista.com\/asociacion\/proyecto-experiencias-club\/\" target=\"_blank\" rel=\"noreferrer noopener\">proyecto Experiencias de Ecoturismo<\/a> en Espa\u00f1a, financiado con fondos Next Generation a trav\u00e9s de la Convocatoria Experiencias Ecoturismo Espa\u00f1a de la Secretar\u00eda de Estado de Turismo. El trabajo en red de los destinos y empresas adheridos a Soy Ecoturista permite seguir este buen ritmo y se espera un importante impulso hasta final de a\u00f1o.<\/p>\n\n\n\n<p>Adem\u00e1s, tambi\u00e9n gracias a este proyecto, se est\u00e1 llevando a cabo un plan integral de marketing y comunicaci\u00f3n para aumentar la visibilidad de la plataforma y la oferta de la marca Soy Ecoturista y hacerla m\u00e1s accesible a los potenciales ecoturistas, que valoran y disfrutan esta otra forma de viajar a espacios naturales, de forma consciente, enriquecedora y dejando una huella positiva all\u00ed d\u00f3nde viajan.&nbsp;<\/p>\n\n\n\n<p>Adem\u00e1s de la promoci\u00f3n a trav\u00e9s de los medios propios de Soy Ecoturista, tales como su <a href=\"https:\/\/www.soyecoturista.com\/asociacion\/category\/blog\/\" target=\"_blank\" rel=\"noreferrer noopener\">blog<\/a>, newsletter y redes sociales (@SoyEcoturista) cuyo alcance ha aumentado un 600% en el \u00faltimo mes, se ha conseguido en este tiempo que algunos medios de comunicaci\u00f3n como <a href=\"https:\/\/www.cambio16.com\/experiencias-de-ecoturismo-en-espacios-naturales-unicos\/\" target=\"_blank\" rel=\"noreferrer noopener\">Cambio 16<\/a>, <a href=\"https:\/\/www.hosteltur.com\/comunidad\/nota\/033077_nueva-plataforma-de-comercializacion-del-club-ecoturismo-en-espana.html\" target=\"_blank\" rel=\"noreferrer noopener\">Hosteltur<\/a>,\u00a0 <a href=\"https:\/\/forbes.es\/forbestravel\/468081\/seis-espacios-naturales-en-espana-en-los-que-vivir-unas-autenticas-vacaciones-ecoturistas\/\" target=\"_blank\" rel=\"noreferrer noopener\">Forbes Travel<\/a> o <a href=\"https:\/\/www.inoutviajes.com\/noticia\/26260\/turismo-nacional\/descubrir-nuestros-espacios-protegidos-practicando-un-autentico-ecoturismo.html\" target=\"_blank\" rel=\"noreferrer noopener\">Inout Viajes<\/a> se hagan eco de esta propuesta tan singular y garantizada por el club de producto Ecoturismo en Espa\u00f1a.\u00a0<\/p>\n\n\n\n<p>Toda esta oferta reservable de ecoturismo se ofrece bajo la marca Soy Ecoturista y el lema \u201cConservo y protejo\u201d, que es mucho m\u00e1s que un lema, es lo que hace a la marca activa y una puesta en pr\u00e1ctica del prop\u00f3sito por parte no s\u00f3lo de la red de destinos y empresas, sino tambi\u00e9n del usuario. Un prop\u00f3sito que no es otro que mantener y mejorar nuestros magn\u00edficos espacios protegidos y la calidad de vida de sus habitantes, quienes son sus aut\u00e9nticos guardianes.<\/p>\n\n\n\n<figure class=\"wp-block-gallery has-nested-images columns-default is-cropped wp-block-gallery-1 is-layout-flex wp-block-gallery-is-layout-flex\">\n<figure class=\"wp-block-image size-large\"><img loading=\"lazy\" decoding=\"async\" width=\"774\" height=\"516\" data-id=\"44539\" src=\"https:\/\/www.soyecoturista.com\/asociacion\/wp-content\/uploads\/2024\/06\/La-Garrotxa-2.jpg\" alt=\"\" class=\"wp-image-44539\" srcset=\"https:\/\/www.soyecoturista.com\/asociacion\/wp-content\/uploads\/2024\/06\/La-Garrotxa-2.jpg 774w, https:\/\/www.soyecoturista.com\/asociacion\/wp-content\/uploads\/2024\/06\/La-Garrotxa-2-300x200.jpg 300w, https:\/\/www.soyecoturista.com\/asociacion\/wp-content\/uploads\/2024\/06\/La-Garrotxa-2-768x512.jpg 768w\" sizes=\"auto, (max-width: 774px) 100vw, 774px\" \/><\/figure>\n\n\n\n<figure class=\"wp-block-image size-large\"><img loading=\"lazy\" decoding=\"async\" width=\"1024\" height=\"683\" data-id=\"44541\" src=\"https:\/\/www.soyecoturista.com\/asociacion\/wp-content\/uploads\/2024\/06\/La-Garrotxa-1024x683.jpg\" alt=\"\" class=\"wp-image-44541\" srcset=\"https:\/\/www.soyecoturista.com\/asociacion\/wp-content\/uploads\/2024\/06\/La-Garrotxa-1024x683.jpg 1024w, https:\/\/www.soyecoturista.com\/asociacion\/wp-content\/uploads\/2024\/06\/La-Garrotxa-300x200.jpg 300w, https:\/\/www.soyecoturista.com\/asociacion\/wp-content\/uploads\/2024\/06\/La-Garrotxa-768x512.jpg 768w, https:\/\/www.soyecoturista.com\/asociacion\/wp-content\/uploads\/2024\/06\/La-Garrotxa.jpg 1032w\" sizes=\"auto, (max-width: 1024px) 100vw, 1024px\" \/><\/figure>\n\n\n\n<figure class=\"wp-block-image size-large\"><img loading=\"lazy\" decoding=\"async\" width=\"957\" height=\"638\" data-id=\"44538\" src=\"https:\/\/www.soyecoturista.com\/asociacion\/wp-content\/uploads\/2024\/06\/La-Gomera-1.jpg\" alt=\"\" class=\"wp-image-44538\" srcset=\"https:\/\/www.soyecoturista.com\/asociacion\/wp-content\/uploads\/2024\/06\/La-Gomera-1.jpg 957w, https:\/\/www.soyecoturista.com\/asociacion\/wp-content\/uploads\/2024\/06\/La-Gomera-1-300x200.jpg 300w, https:\/\/www.soyecoturista.com\/asociacion\/wp-content\/uploads\/2024\/06\/La-Gomera-1-768x512.jpg 768w\" sizes=\"auto, (max-width: 957px) 100vw, 957px\" \/><\/figure>\n\n\n\n<figure class=\"wp-block-image size-large\"><img loading=\"lazy\" decoding=\"async\" width=\"1024\" height=\"683\" data-id=\"44540\" src=\"https:\/\/www.soyecoturista.com\/asociacion\/wp-content\/uploads\/2024\/06\/La-Gomera-2-1024x683.jpg\" alt=\"\" class=\"wp-image-44540\" srcset=\"https:\/\/www.soyecoturista.com\/asociacion\/wp-content\/uploads\/2024\/06\/La-Gomera-2-1024x683.jpg 1024w, https:\/\/www.soyecoturista.com\/asociacion\/wp-content\/uploads\/2024\/06\/La-Gomera-2-300x200.jpg 300w, https:\/\/www.soyecoturista.com\/asociacion\/wp-content\/uploads\/2024\/06\/La-Gomera-2-768x512.jpg 768w, https:\/\/www.soyecoturista.com\/asociacion\/wp-content\/uploads\/2024\/06\/La-Gomera-2.jpg 1032w\" sizes=\"auto, (max-width: 1024px) 100vw, 1024px\" \/><\/figure>\n\n\n\n<figure class=\"wp-block-image size-large\"><img loading=\"lazy\" decoding=\"async\" width=\"825\" height=\"551\" data-id=\"44556\" src=\"https:\/\/www.soyecoturista.com\/asociacion\/wp-content\/uploads\/2024\/06\/Senderos-Ordesa-SObrarbe.jpg\" alt=\"\" class=\"wp-image-44556\" srcset=\"https:\/\/www.soyecoturista.com\/asociacion\/wp-content\/uploads\/2024\/06\/Senderos-Ordesa-SObrarbe.jpg 825w, https:\/\/www.soyecoturista.com\/asociacion\/wp-content\/uploads\/2024\/06\/Senderos-Ordesa-SObrarbe-300x200.jpg 300w, https:\/\/www.soyecoturista.com\/asociacion\/wp-content\/uploads\/2024\/06\/Senderos-Ordesa-SObrarbe-768x513.jpg 768w\" sizes=\"auto, (max-width: 825px) 100vw, 825px\" \/><\/figure>\n\n\n\n<figure class=\"wp-block-image size-large\"><img loading=\"lazy\" decoding=\"async\" width=\"1024\" height=\"683\" data-id=\"44557\" src=\"https:\/\/www.soyecoturista.com\/asociacion\/wp-content\/uploads\/2024\/06\/Sobrarbe-1024x683.jpg\" alt=\"\" class=\"wp-image-44557\" srcset=\"https:\/\/www.soyecoturista.com\/asociacion\/wp-content\/uploads\/2024\/06\/Sobrarbe-1024x683.jpg 1024w, https:\/\/www.soyecoturista.com\/asociacion\/wp-content\/uploads\/2024\/06\/Sobrarbe-300x200.jpg 300w, https:\/\/www.soyecoturista.com\/asociacion\/wp-content\/uploads\/2024\/06\/Sobrarbe-768x512.jpg 768w, https:\/\/www.soyecoturista.com\/asociacion\/wp-content\/uploads\/2024\/06\/Sobrarbe.jpg 1038w\" sizes=\"auto, (max-width: 1024px) 100vw, 1024px\" \/><\/figure>\n<\/figure>\n\n\n\n<figure class=\"wp-block-image size-full\"><img loading=\"lazy\" decoding=\"async\" width=\"869\" height=\"126\" src=\"https:\/\/www.soyecoturista.com\/asociacion\/wp-content\/uploads\/2024\/06\/Logos_Pie_Documento_PEEE-1.png\" alt=\"\" class=\"wp-image-44542\" srcset=\"https:\/\/www.soyecoturista.com\/asociacion\/wp-content\/uploads\/2024\/06\/Logos_Pie_Documento_PEEE-1.png 869w, https:\/\/www.soyecoturista.com\/asociacion\/wp-content\/uploads\/2024\/06\/Logos_Pie_Documento_PEEE-1-300x43.png 300w, https:\/\/www.soyecoturista.com\/asociacion\/wp-content\/uploads\/2024\/06\/Logos_Pie_Documento_PEEE-1-768x111.png 768w\" sizes=\"auto, (max-width: 869px) 100vw, 869px\" \/><\/figure>\n\n\n<hr \/>\n<h4>Sobre la Asociaci\u00f3n de Ecoturismo en Espa\u00f1a<\/h4>\n<p>La Asociaci\u00f3n de Ecoturismo en Espa\u00f1a (AEE) es una asociaci\u00f3n sin \u00e1nimo de lucro y de car\u00e1cter p\u00fablico-privado creada en 2010 para fomentar el ecoturismo en los espacios protegidos y compuesta principalmente por asociaciones de empresarios de turismo ubicadas en espacios naturales, entidades gestoras de espacios protegidos, administraciones p\u00fablicas implicadas en la gesti\u00f3n tur\u00edstica de \u00e9stos, grupos de desarrollo rural, entidades de conservaci\u00f3n de la naturaleza, universidades y empresas especializadas en turismo.<\/p>\n<p>La AEE es la entidad que gestiona el club de producto Ecoturismo en Espa\u00f1a, con apoyo de la Secretar\u00eda de Estado de Turismo. Es una iniciativa pionera que ofrece experiencias de ecoturismo en espacios naturales protegidos, garantizando al viajero su contribuci\u00f3n al desarrollo local y a la conservaci\u00f3n de la biodiversidad. Actualmente agrupa 42 destinos y cerca de 800 empresas que, bajo la marca <a href=\"https:\/\/soyecoturista.com\/es\/\" target=\"_blank\" rel=\"noopener\">Soy Ecoturista<\/a>, asumen su compromiso con el desarrollo sostenible.<\/p>","protected":false},"excerpt":{"rendered":"<p>La nueva plataforma de comercializaci\u00f3n www.soyecoturista.com, lanzada en febrero de este a\u00f1o, ofrece ya una amplia oferta para aquellos que quieren viajar a nuestros espacios protegidos y adem\u00e1s, ayudar a [&hellip;]<\/p>\n","protected":false},"author":8,"featured_media":44536,"comment_status":"open","ping_status":"closed","sticky":false,"template":"","format":"standard","meta":{"_acf_changed":false,"footnotes":""},"categories":[4],"tags":[915,11,14,33,1006,994,172],"class_list":["post-44534","post","type-post","status-publish","format-standard","has-post-thumbnail","hentry","category-noticias","tag-asociacion-de-ecoturismo","tag-ecoturismo","tag-ecoturismo-en-espana","tag-espacios-protegidos","tag-oferta-ecoturismo","tag-picos-europa","tag-soy-ecoturista"],"acf":[],"_links":{"self":[{"href":"https:\/\/www.soyecoturista.com\/asociacion\/wp-json\/wp\/v2\/posts\/44534","targetHints":{"allow":["GET"]}}],"collection":[{"href":"https:\/\/www.soyecoturista.com\/asociacion\/wp-json\/wp\/v2\/posts"}],"about":[{"href":"https:\/\/www.soyecoturista.com\/asociacion\/wp-json\/wp\/v2\/types\/post"}],"author":[{"embeddable":true,"href":"https:\/\/www.soyecoturista.com\/asociacion\/wp-json\/wp\/v2\/users\/8"}],"replies":[{"embeddable":true,"href":"https:\/\/www.soyecoturista.com\/asociacion\/wp-json\/wp\/v2\/comments?post=44534"}],"version-history":[{"count":6,"href":"https:\/\/www.soyecoturista.com\/asociacion\/wp-json\/wp\/v2\/posts\/44534\/revisions"}],"predecessor-version":[{"id":44561,"href":"https:\/\/www.soyecoturista.com\/asociacion\/wp-json\/wp\/v2\/posts\/44534\/revisions\/44561"}],"wp:featuredmedia":[{"embeddable":true,"href":"https:\/\/www.soyecoturista.com\/asociacion\/wp-json\/wp\/v2\/media\/44536"}],"wp:attachment":[{"href":"https:\/\/www.soyecoturista.com\/asociacion\/wp-json\/wp\/v2\/media?parent=44534"}],"wp:term":[{"taxonomy":"category","embeddable":true,"href":"https:\/\/www.soyecoturista.com\/asociacion\/wp-json\/wp\/v2\/categories?post=44534"},{"taxonomy":"post_tag","embeddable":true,"href":"https:\/\/www.soyecoturista.com\/asociacion\/wp-json\/wp\/v2\/tags?post=44534"}],"curies":[{"name":"wp","href":"https:\/\/api.w.org\/{rel}","templated":true}]}}