{"id":44504,"date":"2024-05-24T09:18:00","date_gmt":"2024-05-24T07:18:00","guid":{"rendered":"https:\/\/www.soyecoturista.com\/asociacion\/?p=44504"},"modified":"2024-05-31T12:53:49","modified_gmt":"2024-05-31T10:53:49","slug":"certificado-acreditacion-soyecoturista-empresas-onis","status":"publish","type":"post","link":"https:\/\/www.soyecoturista.com\/asociacion\/certificado-acreditacion-soyecoturista-empresas-onis\/","title":{"rendered":"Seis empresas de On\u00eds reciben su certificado de adhesi\u00f3n al club de producto Ecoturismo en Espa\u00f1a"},"content":{"rendered":"\n<p><\/p>\n\n\n\n<p>El d\u00eda 23 de mayo, seis empresas tur\u00edsticas del Concejo de On\u00eds, incluyendo alojamientos, una queser\u00eda y gu\u00edas de ecoturismo, recibieron el certificado de adhesi\u00f3n al club de producto Ecoturismo en Espa\u00f1a y su marca \u2018Soy Ecoturista\u2019. Las empresas que se acreditan este a\u00f1o son: <a href=\"http:\/\/www.hotelesenonis.com\/\" target=\"_blank\" rel=\"noopener\">Hotel Pe\u00f1asanta<\/a>, <a href=\"https:\/\/soyecoturista.com\/es\/alojamiento\/apartamentos-el-pedrayu\/ecoturismo-picos-de-europa\">Queser\u00eda Vega de Ario<\/a>, <a href=\"https:\/\/guialostraviesos.com\/\" target=\"_blank\" rel=\"noopener\">Gu\u00eda Los Traviesos,<\/a> <a href=\"https:\/\/soyecoturista.com\/es\/alojamiento\/apartamentos-el-pedrayu\/ecoturismo-picos-de-europa\">Apartamentos el Pedrayu<\/a>, <a href=\"https:\/\/soyecoturista.com\/es\/alojamiento\/hotel-rural-el-rexacu\/ecoturismo-picos-de-europa\">Hotel El Rexacu<\/a> y el <a href=\"https:\/\/www.refugiovegadeario.es\/\" target=\"_blank\" rel=\"noopener\">Refugio Vega de Ario<\/a>.<\/p>\n\n\n\n<p>Todas estas empresas han participado en un proceso de formaci\u00f3n y asesoramiento para cumplir con una serie de requisitos que garantizan su compromiso con la conservaci\u00f3n del patrimonio natural y cultural y el apoyo al desarrollo local del Parque Nacional de los Picos de Europa, y que ahora les permite aprovechar las herramientas de la marca Soy Ecoturista para promocionar sus singulares alojamientos, productos locales de alta calidad y aut\u00e9nticas experiencias de ecoturismo en la plataforma<a href=\"http:\/\/www.soyecoturista.com\"> www.soyecoturista.com<\/a>, que busca atraer a viajeros, tanto nacionales como internacionales, que valoran una forma de viajar con sentido y prop\u00f3sito, contribuyendo a la conservaci\u00f3n de los espacios que visitan y mejorando la calidad de vida de sus habitantes.<\/p>\n\n\n\n<p>El acto de entrega tuvo lugar en el Centro Municipal Polivalente Hnos. \u00c1lvarez Marcos, en Benia de On\u00eds, y cont\u00f3 con la presencia de la Viceconsejera de Turismo del Principado de Asturias, Lara Mart\u00ednez; el Alcalde de On\u00eds, Jos\u00e9 Manuel Abeledo; el Presidente de la Asociaci\u00f3n Ecopicos, Pablo Martino; y la Presidenta de la Asociaci\u00f3n del Ecoturismo en Espa\u00f1a, Ana Llano. Tambi\u00e9n estuvieron presentes las tres empresas de On\u00eds que se adhirieron a Soy Ecoturista en 2022 gracias al apoyo del Principado de Asturias y la colaboraci\u00f3n del Parque Nacional: Pronatura, Casa de la Monta\u00f1a y la Fundaci\u00f3n para la Conservaci\u00f3n del Quebrantahuesos.<\/p>\n\n\n\n<p>Esta acci\u00f3n de mejora de la sostenibilidad de las empresas tur\u00edsticas del Concejo, se enmarca dentro del Plan de Sostenibilidad Tur\u00edstica del Destino On\u00eds \u201cEcoturismo en Picos de Europa\u201d, que cuenta con la cofinanciaci\u00f3n de la Secretar\u00eda de Estado de Turismo y la Consejer\u00eda de Cultura, Pol\u00edtica Ling\u00fc\u00edstica y Turismo del Principado de Asturias y el Ayuntamiento de On\u00eds.<\/p>\n\n\n\n<p><strong>Ecoturismo en Picos de Europa<\/strong><\/p>\n\n\n\n<p>Con estas nuevas incorporaciones, crece la red de empresas que ofrecen servicios y experiencias de aut\u00e9ntico ecoturismo en Picos de Europa, y que trabajan de manera conjunta en la Asociaci\u00f3n Ecopicos. Ya son 17 empresas comprometidas con la puesta en valor y conservaci\u00f3n del Parque Nacional de Picos de Europa, uno de los destinos m\u00e1s emblem\u00e1ticos del club de producto Ecoturismo en Espa\u00f1a y el \u00fanico hasta el momento que tienen el reto de agrupar empresas con esta misma filosof\u00eda de las tres comunidades aut\u00f3nomas que aportan territorio al Parque Nacional.<\/p>\n\n\n\n<figure class=\"wp-block-gallery has-nested-images columns-default is-cropped wp-block-gallery-1 is-layout-flex wp-block-gallery-is-layout-flex\">\n<figure class=\"wp-block-image size-large\"><img loading=\"lazy\" decoding=\"async\" width=\"1024\" height=\"683\" data-id=\"44491\" src=\"https:\/\/www.soyecoturista.com\/asociacion\/wp-content\/uploads\/2024\/05\/WhatsApp-Image-2024-05-23-at-16.28.02-1024x683.jpeg\" alt=\"\" class=\"wp-image-44491\" srcset=\"https:\/\/www.soyecoturista.com\/asociacion\/wp-content\/uploads\/2024\/05\/WhatsApp-Image-2024-05-23-at-16.28.02-1024x683.jpeg 1024w, https:\/\/www.soyecoturista.com\/asociacion\/wp-content\/uploads\/2024\/05\/WhatsApp-Image-2024-05-23-at-16.28.02-300x200.jpeg 300w, https:\/\/www.soyecoturista.com\/asociacion\/wp-content\/uploads\/2024\/05\/WhatsApp-Image-2024-05-23-at-16.28.02-768x512.jpeg 768w, https:\/\/www.soyecoturista.com\/asociacion\/wp-content\/uploads\/2024\/05\/WhatsApp-Image-2024-05-23-at-16.28.02-1536x1024.jpeg 1536w, https:\/\/www.soyecoturista.com\/asociacion\/wp-content\/uploads\/2024\/05\/WhatsApp-Image-2024-05-23-at-16.28.02.jpeg 1599w\" sizes=\"auto, (max-width: 1024px) 100vw, 1024px\" \/><\/figure>\n\n\n\n<figure class=\"wp-block-image size-large\"><img loading=\"lazy\" decoding=\"async\" width=\"1024\" height=\"682\" data-id=\"44497\" src=\"https:\/\/www.soyecoturista.com\/asociacion\/wp-content\/uploads\/2024\/05\/WhatsApp-Image-2024-05-23-at-14.07.04-1024x682.jpeg\" alt=\"\" class=\"wp-image-44497\" srcset=\"https:\/\/www.soyecoturista.com\/asociacion\/wp-content\/uploads\/2024\/05\/WhatsApp-Image-2024-05-23-at-14.07.04-1024x682.jpeg 1024w, https:\/\/www.soyecoturista.com\/asociacion\/wp-content\/uploads\/2024\/05\/WhatsApp-Image-2024-05-23-at-14.07.04-300x200.jpeg 300w, https:\/\/www.soyecoturista.com\/asociacion\/wp-content\/uploads\/2024\/05\/WhatsApp-Image-2024-05-23-at-14.07.04-768x512.jpeg 768w, https:\/\/www.soyecoturista.com\/asociacion\/wp-content\/uploads\/2024\/05\/WhatsApp-Image-2024-05-23-at-14.07.04-1536x1024.jpeg 1536w, https:\/\/www.soyecoturista.com\/asociacion\/wp-content\/uploads\/2024\/05\/WhatsApp-Image-2024-05-23-at-14.07.04.jpeg 1580w\" sizes=\"auto, (max-width: 1024px) 100vw, 1024px\" \/><\/figure>\n\n\n\n<figure class=\"wp-block-image size-large\"><img loading=\"lazy\" decoding=\"async\" width=\"1024\" height=\"682\" data-id=\"44494\" src=\"https:\/\/www.soyecoturista.com\/asociacion\/wp-content\/uploads\/2024\/05\/WhatsApp-Image-2024-05-23-at-16.28.12-1-1024x682.jpeg\" alt=\"\" class=\"wp-image-44494\" srcset=\"https:\/\/www.soyecoturista.com\/asociacion\/wp-content\/uploads\/2024\/05\/WhatsApp-Image-2024-05-23-at-16.28.12-1-1024x682.jpeg 1024w, https:\/\/www.soyecoturista.com\/asociacion\/wp-content\/uploads\/2024\/05\/WhatsApp-Image-2024-05-23-at-16.28.12-1-300x200.jpeg 300w, https:\/\/www.soyecoturista.com\/asociacion\/wp-content\/uploads\/2024\/05\/WhatsApp-Image-2024-05-23-at-16.28.12-1-768x512.jpeg 768w, https:\/\/www.soyecoturista.com\/asociacion\/wp-content\/uploads\/2024\/05\/WhatsApp-Image-2024-05-23-at-16.28.12-1-1536x1024.jpeg 1536w, https:\/\/www.soyecoturista.com\/asociacion\/wp-content\/uploads\/2024\/05\/WhatsApp-Image-2024-05-23-at-16.28.12-1.jpeg 1583w\" sizes=\"auto, (max-width: 1024px) 100vw, 1024px\" \/><\/figure>\n\n\n\n<figure class=\"wp-block-image size-large\"><img loading=\"lazy\" decoding=\"async\" width=\"1024\" height=\"683\" data-id=\"44495\" src=\"https:\/\/www.soyecoturista.com\/asociacion\/wp-content\/uploads\/2024\/05\/WhatsApp-Image-2024-05-23-at-16.28.21-1024x683.jpeg\" alt=\"\" class=\"wp-image-44495\" srcset=\"https:\/\/www.soyecoturista.com\/asociacion\/wp-content\/uploads\/2024\/05\/WhatsApp-Image-2024-05-23-at-16.28.21-1024x683.jpeg 1024w, https:\/\/www.soyecoturista.com\/asociacion\/wp-content\/uploads\/2024\/05\/WhatsApp-Image-2024-05-23-at-16.28.21-300x200.jpeg 300w, https:\/\/www.soyecoturista.com\/asociacion\/wp-content\/uploads\/2024\/05\/WhatsApp-Image-2024-05-23-at-16.28.21-768x512.jpeg 768w, https:\/\/www.soyecoturista.com\/asociacion\/wp-content\/uploads\/2024\/05\/WhatsApp-Image-2024-05-23-at-16.28.21-1536x1024.jpeg 1536w, https:\/\/www.soyecoturista.com\/asociacion\/wp-content\/uploads\/2024\/05\/WhatsApp-Image-2024-05-23-at-16.28.21.jpeg 1555w\" sizes=\"auto, (max-width: 1024px) 100vw, 1024px\" \/><\/figure>\n\n\n\n<figure class=\"wp-block-image size-large\"><img loading=\"lazy\" decoding=\"async\" width=\"1024\" height=\"683\" data-id=\"44496\" src=\"https:\/\/www.soyecoturista.com\/asociacion\/wp-content\/uploads\/2024\/05\/WhatsApp-Image-2024-05-23-at-16.28.05-1024x683.jpeg\" alt=\"\" class=\"wp-image-44496\" srcset=\"https:\/\/www.soyecoturista.com\/asociacion\/wp-content\/uploads\/2024\/05\/WhatsApp-Image-2024-05-23-at-16.28.05-1024x683.jpeg 1024w, https:\/\/www.soyecoturista.com\/asociacion\/wp-content\/uploads\/2024\/05\/WhatsApp-Image-2024-05-23-at-16.28.05-300x200.jpeg 300w, https:\/\/www.soyecoturista.com\/asociacion\/wp-content\/uploads\/2024\/05\/WhatsApp-Image-2024-05-23-at-16.28.05-768x512.jpeg 768w, https:\/\/www.soyecoturista.com\/asociacion\/wp-content\/uploads\/2024\/05\/WhatsApp-Image-2024-05-23-at-16.28.05-1536x1024.jpeg 1536w, https:\/\/www.soyecoturista.com\/asociacion\/wp-content\/uploads\/2024\/05\/WhatsApp-Image-2024-05-23-at-16.28.05.jpeg 1563w\" sizes=\"auto, (max-width: 1024px) 100vw, 1024px\" \/><\/figure>\n<\/figure>\n\n\n<hr \/>\n<h4>Sobre la Asociaci\u00f3n de Ecoturismo en Espa\u00f1a<\/h4>\n<p>La Asociaci\u00f3n de Ecoturismo en Espa\u00f1a (AEE) es una asociaci\u00f3n sin \u00e1nimo de lucro y de car\u00e1cter p\u00fablico-privado creada en 2010 para fomentar el ecoturismo en los espacios protegidos y compuesta principalmente por asociaciones de empresarios de turismo ubicadas en espacios naturales, entidades gestoras de espacios protegidos, administraciones p\u00fablicas implicadas en la gesti\u00f3n tur\u00edstica de \u00e9stos, grupos de desarrollo rural, entidades de conservaci\u00f3n de la naturaleza, universidades y empresas especializadas en turismo.<\/p>\n<p>La AEE es la entidad que gestiona el club de producto Ecoturismo en Espa\u00f1a, con apoyo de la Secretar\u00eda de Estado de Turismo. Es una iniciativa pionera que ofrece experiencias de ecoturismo en espacios naturales protegidos, garantizando al viajero su contribuci\u00f3n al desarrollo local y a la conservaci\u00f3n de la biodiversidad. Actualmente agrupa 42 destinos y cerca de 800 empresas que, bajo la marca <a href=\"https:\/\/soyecoturista.com\/es\/\" target=\"_blank\" rel=\"noopener\">Soy Ecoturista<\/a>, asumen su compromiso con el desarrollo sostenible.<\/p>","protected":false},"excerpt":{"rendered":"<p>El d\u00eda 23 de mayo, seis empresas tur\u00edsticas del Concejo de On\u00eds, incluyendo alojamientos, una queser\u00eda y gu\u00edas de ecoturismo, recibieron el certificado de adhesi\u00f3n al club de producto Ecoturismo [&hellip;]<\/p>\n","protected":false},"author":8,"featured_media":44489,"comment_status":"open","ping_status":"closed","sticky":false,"template":"","format":"standard","meta":{"_acf_changed":false,"footnotes":""},"categories":[4],"tags":[915,11,14,33,992,48,994],"class_list":["post-44504","post","type-post","status-publish","format-standard","has-post-thumbnail","hentry","category-noticias","tag-asociacion-de-ecoturismo","tag-ecoturismo","tag-ecoturismo-en-espana","tag-espacios-protegidos","tag-onis-2","tag-parque-nacional","tag-picos-europa"],"acf":[],"_links":{"self":[{"href":"https:\/\/www.soyecoturista.com\/asociacion\/wp-json\/wp\/v2\/posts\/44504","targetHints":{"allow":["GET"]}}],"collection":[{"href":"https:\/\/www.soyecoturista.com\/asociacion\/wp-json\/wp\/v2\/posts"}],"about":[{"href":"https:\/\/www.soyecoturista.com\/asociacion\/wp-json\/wp\/v2\/types\/post"}],"author":[{"embeddable":true,"href":"https:\/\/www.soyecoturista.com\/asociacion\/wp-json\/wp\/v2\/users\/8"}],"replies":[{"embeddable":true,"href":"https:\/\/www.soyecoturista.com\/asociacion\/wp-json\/wp\/v2\/comments?post=44504"}],"version-history":[{"count":2,"href":"https:\/\/www.soyecoturista.com\/asociacion\/wp-json\/wp\/v2\/posts\/44504\/revisions"}],"predecessor-version":[{"id":44508,"href":"https:\/\/www.soyecoturista.com\/asociacion\/wp-json\/wp\/v2\/posts\/44504\/revisions\/44508"}],"wp:featuredmedia":[{"embeddable":true,"href":"https:\/\/www.soyecoturista.com\/asociacion\/wp-json\/wp\/v2\/media\/44489"}],"wp:attachment":[{"href":"https:\/\/www.soyecoturista.com\/asociacion\/wp-json\/wp\/v2\/media?parent=44504"}],"wp:term":[{"taxonomy":"category","embeddable":true,"href":"https:\/\/www.soyecoturista.com\/asociacion\/wp-json\/wp\/v2\/categories?post=44504"},{"taxonomy":"post_tag","embeddable":true,"href":"https:\/\/www.soyecoturista.com\/asociacion\/wp-json\/wp\/v2\/tags?post=44504"}],"curies":[{"name":"wp","href":"https:\/\/api.w.org\/{rel}","templated":true}]}}