{"id":44352,"date":"2024-05-14T14:52:42","date_gmt":"2024-05-14T12:52:42","guid":{"rendered":"https:\/\/www.soyecoturista.com\/asociacion\/?p=44352"},"modified":"2024-05-14T14:52:45","modified_gmt":"2024-05-14T12:52:45","slug":"would-you-like-to-join-us","status":"publish","type":"post","link":"https:\/\/www.soyecoturista.com\/asociacion\/en\/would-you-like-to-join-us\/","title":{"rendered":"Would you like to join us?"},"content":{"rendered":"\n<p>\u00a1\u00danete a la Asociaci\u00f3n #SoyEcoturista y s\u00e9 parte del cambio positivo!<\/p>\n\n\n\n<p>Estamos construyendo un movimiento dedicado a promover un ecoturismo responsable, sostenible y significativo. Te invitamos a formar parte de nuestra comunidad comprometida, donde tu pasi\u00f3n por la naturaleza y la aventura puede contribuir al bienestar de nuestro planeta y las comunidades locales.<\/p>\n\n\n\n<h3 class=\"wp-block-heading\">Razones para unirte:<\/h3>\n\n\n\n<ol class=\"wp-block-list\">\n<li><strong>Red de Profesionales:<\/strong> Conecta con otros apasionados del ecoturismo, desde gu\u00edas y empresarios hasta expertos en conservaci\u00f3n. Comparte conocimientos, experiencias y colabora en proyectos que marcan la diferencia.<\/li>\n\n\n\n<li><strong>Recursos Exclusivos:<\/strong> Accede a recursos valiosos, y mantente actualizado\/a sobre las \u00faltimas tendencias y oportunidades en la industria.<\/li>\n\n\n\n<li><strong>Capacitaci\u00f3n y Desarrollo:<\/strong> Participa en programas de capacitaci\u00f3n dise\u00f1ados para mejorar tus habilidades y conocimientos en ecoturismo. Estamos comprometidos a brindar oportunidades educativas que beneficien tanto a profesionales como a comunidades locales.<\/li>\n\n\n\n<li><strong>Promoci\u00f3n y Visibilidad:<\/strong> Destaca tu negocio o proyecto a trav\u00e9s de nuestra plataforma. Promocionamos a nuestros miembros, ayud\u00e1ndote a llegar a una audiencia comprometida y consciente.<\/li>\n\n\n\n<li><strong>Impacto Global:<\/strong> \u00danete a un esfuerzo colectivo para crear un impacto positivo en el medio ambiente y las comunidades. Participa en proyectos de conservaci\u00f3n y desarrollo sostenible que marcan la diferencia a nivel local y global.<\/li>\n<\/ol>\n\n\n\n<h3 class=\"wp-block-heading\">C\u00f3mo unirse:<\/h3>\n\n\n\n<ul class=\"wp-block-list\">\n<li>Visita nuestra p\u00e1gina web y contacta con nosotros por los medios que se indican en la secci\u00f3n de contacto.<\/li>\n\n\n\n<li>\u00danete a nosotros en esta emocionante traves\u00eda hacia un ecoturismo m\u00e1s \u00e9tico, sostenible y enriquecedor.<\/li>\n<\/ul>\n\n\n\n<p>En #SoyEcoturista creemos en el poder de la colaboraci\u00f3n y en el cambio positivo que puede surgir cuando nos unimos. \u00a1Hazte miembro hoy y contribuye a la construcci\u00f3n de un futuro donde el ecoturismo sea una fuerza transformadora para nuestro planeta y sus habitantes!<\/p>\n","protected":false},"excerpt":{"rendered":"<p>\u00a1\u00danete a la Asociaci\u00f3n #SoyEcoturista y s\u00e9 parte del cambio positivo! Estamos construyendo un movimiento dedicado a promover un ecoturismo responsable, sostenible y significativo. Te invitamos a formar parte de [&hellip;]<\/p>\n","protected":false},"author":2,"featured_media":42556,"comment_status":"closed","ping_status":"open","sticky":false,"template":"","format":"standard","meta":{"_acf_changed":false,"footnotes":""},"categories":[702],"tags":[],"class_list":["post-44352","post","type-post","status-publish","format-standard","has-post-thumbnail","hentry","category-sin-categoria-en"],"acf":[],"_links":{"self":[{"href":"https:\/\/www.soyecoturista.com\/asociacion\/wp-json\/wp\/v2\/posts\/44352","targetHints":{"allow":["GET"]}}],"collection":[{"href":"https:\/\/www.soyecoturista.com\/asociacion\/wp-json\/wp\/v2\/posts"}],"about":[{"href":"https:\/\/www.soyecoturista.com\/asociacion\/wp-json\/wp\/v2\/types\/post"}],"author":[{"embeddable":true,"href":"https:\/\/www.soyecoturista.com\/asociacion\/wp-json\/wp\/v2\/users\/2"}],"replies":[{"embeddable":true,"href":"https:\/\/www.soyecoturista.com\/asociacion\/wp-json\/wp\/v2\/comments?post=44352"}],"version-history":[{"count":1,"href":"https:\/\/www.soyecoturista.com\/asociacion\/wp-json\/wp\/v2\/posts\/44352\/revisions"}],"predecessor-version":[{"id":44353,"href":"https:\/\/www.soyecoturista.com\/asociacion\/wp-json\/wp\/v2\/posts\/44352\/revisions\/44353"}],"wp:featuredmedia":[{"embeddable":true,"href":"https:\/\/www.soyecoturista.com\/asociacion\/wp-json\/wp\/v2\/media\/42556"}],"wp:attachment":[{"href":"https:\/\/www.soyecoturista.com\/asociacion\/wp-json\/wp\/v2\/media?parent=44352"}],"wp:term":[{"taxonomy":"category","embeddable":true,"href":"https:\/\/www.soyecoturista.com\/asociacion\/wp-json\/wp\/v2\/categories?post=44352"},{"taxonomy":"post_tag","embeddable":true,"href":"https:\/\/www.soyecoturista.com\/asociacion\/wp-json\/wp\/v2\/tags?post=44352"}],"curies":[{"name":"wp","href":"https:\/\/api.w.org\/{rel}","templated":true}]}}